{"id":1039,"date":"2018-03-22T13:20:12","date_gmt":"2018-03-22T13:20:12","guid":{"rendered":"https:\/\/www.serbis.es\/serbis\/blog\/?p=1039"},"modified":"2018-03-22T13:20:12","modified_gmt":"2018-03-22T13:20:12","slug":"beber-aguas-residuales-recicladas","status":"publish","type":"post","link":"https:\/\/www.serbis.es\/serbis\/blog\/beber-aguas-residuales-recicladas\/","title":{"rendered":"El mundo abre el grifo de las aguas residuales"},"content":{"rendered":"<p>La \u00faltima semana ha estado marcada por las siguientes noticias en el mundo de los poceros, el alcantarillado y el saneamiento de aguas residuales:<\/p>\n<p class=\"western\"><strong>1) <\/strong><strong>El reto de beber aguas residuales recicladas.<\/strong> La reutilizaci\u00f3n de las aguas residuales sigue cobrando fuerza como una de las v\u00edas a las que habr\u00e1 que recurrir en el futuro para combatir las continuas sequ\u00edas provocadas por el cambio clim\u00e1tico, que seg\u00fan la ONU har\u00e1n que <strong>la mitad de la poblaci\u00f3n mundial sufra escasez de agua en 2030<\/strong>. De hecho, hay algunos pa\u00edses que ya <a href=\"https:\/\/politica.elpais.com\/politica\/2018\/03\/21\/actualidad\/1521653474_529672.html\">han avanzado mucho en la reutilizaci\u00f3n de sus aguas negras<\/a>, con algunos ejemplos en los que la poblaci\u00f3n incluso ya se bebe estas aguas.<\/p>\n<p>Espa\u00f1a es uno de los pa\u00edses que m\u00e1s se ha implicado en esta materia, con una reutilizaci\u00f3n de entre el 11 y el 17% de sus aguas residuales, que se destinan fundamentalmente a <strong>la limpieza urbana y los usos agr\u00edcolas<\/strong>. En lo relativo al consumo humano, en nuestro pa\u00eds encontramos un \u00fanico ejemplo: el del municipio catal\u00e1n de <strong>Port de la Salva (Gerona)<\/strong>, donde las aguas residuales reutilizadas ya suponen el 15% de las que consumen sus vecinos.<\/p>\n<p>Pero la cifra es mucho m\u00e1s elevada en pa\u00edses como <strong>Israel, Singapur, Namibia y EEUU<\/strong> (California y Texas), donde se est\u00e1n llevando a cabo importantes proyectos para purificar las aguas negras. Seguir su estela es uno de los objetivos de la <strong>Estrategia de Econom\u00eda Circular<\/strong> dise\u00f1ada por el Gobierno espa\u00f1ol, que destinar\u00e1 cerca de 500 millones de euros a avanzar en la depuraci\u00f3n de las aguas residuales y a estudiar su reutilizaci\u00f3n para consumo humano.<\/p>\n<p><img decoding=\"async\" loading=\"lazy\" class=\"aligncenter size-full wp-image-1046\" src=\"https:\/\/www.serbis.es\/serbis\/blog\/wp-content\/uploads\/beber-aguas-residuales-reutilizadas.jpg\" alt=\"\" width=\"600\" height=\"300\" srcset=\"https:\/\/www.serbis.es\/serbis\/blog\/wp-content\/uploads\/beber-aguas-residuales-reutilizadas.jpg 600w, https:\/\/www.serbis.es\/serbis\/blog\/wp-content\/uploads\/beber-aguas-residuales-reutilizadas-300x150.jpg 300w, https:\/\/www.serbis.es\/serbis\/blog\/wp-content\/uploads\/beber-aguas-residuales-reutilizadas-370x185.jpg 370w\" sizes=\"(max-width: 600px) 100vw, 600px\" \/><\/p>\n<p class=\"western\"><strong>2) Tecnolog\u00edas inteligentes y saneamiento de aguas residuales:<\/strong> Brasilia, la capital de Brasil, acoge del 18 al 23 de marzo el <strong>8\u00ba Foro Mundial del Agua<\/strong> (WWF, por sus siglas en ingl\u00e9s). Durante esta edici\u00f3n se estudiar\u00e1 <a href=\"https:\/\/goo.gl\/cTC1Gq\">c\u00f3mo emplear las nuevas tecnolog\u00edas digitales<\/a>, como<strong> la inteligencia artificial o los sensores y software inteligentes<\/strong>, en los \u00e1mbitos de la distribuci\u00f3n de agua y el alcantarillado.<\/p>\n<p>En concreto, se analizar\u00e1 c\u00f3mo mejorar la labor que realizan <strong>las empresas de saneamiento de aguas residuales<\/strong> en los pa\u00edses en v\u00edas de desarrollo. Al fin y al cabo, las nuevas t\u00e9cnicas del sector ser\u00e1n claves para cumplir con los Objetivos de Desarrollo Sostenible en saneamiento, ya que con las tecnolog\u00edas existentes hoy en d\u00eda <strong>habr\u00eda que invertir 45.000 millones de d\u00f3lares al a\u00f1o<\/strong> para cumplir dichos objetivos, una cantidad cinco veces mayor al gasto actual. Por eso, es esencial adoptar nuevas tecnolog\u00edas que reduzcan los costes y mejoren la eficiencia del sector.<\/p>\n<p><img decoding=\"async\" loading=\"lazy\" class=\"aligncenter size-full wp-image-1040\" src=\"https:\/\/www.serbis.es\/serbis\/blog\/wp-content\/uploads\/WWF-agua-tecnologia-saneamiento.jpg\" alt=\"\" width=\"600\" height=\"300\" srcset=\"https:\/\/www.serbis.es\/serbis\/blog\/wp-content\/uploads\/WWF-agua-tecnologia-saneamiento.jpg 600w, https:\/\/www.serbis.es\/serbis\/blog\/wp-content\/uploads\/WWF-agua-tecnologia-saneamiento-300x150.jpg 300w, https:\/\/www.serbis.es\/serbis\/blog\/wp-content\/uploads\/WWF-agua-tecnologia-saneamiento-370x185.jpg 370w\" sizes=\"(max-width: 600px) 100vw, 600px\" \/><\/p>\n<p>&nbsp;<\/p>\n<p class=\"western\"><strong>3) Los 20 peligros de las alcantarillas: <\/strong>Un experto en alcantarillado <a href=\"https:\/\/www.lavozdelafrontera.com.mx\/local\/hay-20-riesgos-bajo-las-alcantarillas-1123163.html\">ha identificado<\/a> hasta 20 riesgos diferentes a los que nos enfrentamos quienes realizamos nuestro trabajo bajo tierra: <strong>nueve son qu\u00edmicos, seis son f\u00edsicos y cinco son biol\u00f3gicos<\/strong>. Estas amenazas son el resultado de la combinaci\u00f3n de la <strong>falta de ox\u00edgeno<\/strong> (que produce desvanecimientos) y la <strong>presencia de gases t\u00f3xicos<\/strong>, cuya inhalaci\u00f3n puede resultar mortal.<\/p>\n<p>Entre las sustancias m\u00e1s nocivas para los trabajadores de las redes de saneamiento de aguas residuales aparecen el \u00e1cido sulfh\u00eddrico, cloro, di\u00f3xido de azufre, di\u00f3xido de carbono, etano, hidr\u00f3geno, metano mon\u00f3xido de carbono y nitr\u00f3geno. Por eso es tan importante que los poceros y restantes profesionales del subsuelo utilicemos <strong>equipos de protecci\u00f3n y respiraci\u00f3n<\/strong>, ya que es nuestra vida lo que est\u00e1 en juego.<\/p>\n<p><img decoding=\"async\" loading=\"lazy\" class=\"aligncenter size-full wp-image-1042\" src=\"https:\/\/www.serbis.es\/serbis\/blog\/wp-content\/uploads\/riesgos-alcantarillas-poceros.jpg\" alt=\"\" width=\"600\" height=\"300\" srcset=\"https:\/\/www.serbis.es\/serbis\/blog\/wp-content\/uploads\/riesgos-alcantarillas-poceros.jpg 600w, https:\/\/www.serbis.es\/serbis\/blog\/wp-content\/uploads\/riesgos-alcantarillas-poceros-300x150.jpg 300w, https:\/\/www.serbis.es\/serbis\/blog\/wp-content\/uploads\/riesgos-alcantarillas-poceros-370x185.jpg 370w\" sizes=\"(max-width: 600px) 100vw, 600px\" \/><\/p>\n<p class=\"western\"><strong>4) Las aguas residuales amenazan la flora marina balear:<\/strong> <a href=\"http:\/\/www.diariodemallorca.es\/mallorca\/2018\/03\/21\/estudio-asegura-fondeos-afectan-0\/1297590.html\">Un informe<\/a> ha atribuido a los vertidos de aguas residuales el mayor impacto sobre <strong>la posidonia oce\u00e1nica<\/strong>, una planta t\u00edpicamente mediterr\u00e1nea que ocupa 930 kil\u00f3metros cuadrados del fondo marino balear. Seg\u00fan el citado estudio, de las 104 canalizaciones de vertido al mar que hay registradas en el archipi\u00e9lago, casi la mitad (47) <strong>expulsa sus aguas residuales sobre esta especie<\/strong> protegida por el Patrimonio Natural y de la Biodiversidad.<\/p>\n<p>Los mayores problemas se concentran <a href=\"https:\/\/www.serbis.es\/serbis\/blog\/playas-aguas-residuales\/\">durante los meses de verano<\/a>, un periodo en el que Baleares <strong>supera los 200 millones de litros<\/strong> de aguas residuales generadas cada d\u00eda por la afluencia de turistas. Seg\u00fan alertan en el mencionado estudio, la mayor parte de estas aguas sucias son vertidas directamente al mar <strong>sin ning\u00fan tipo de tratamiento<\/strong> (y en muchas ocasiones, de forma ilegal), al sobrepasarse con creces la capacidad de las estaciones depuradoras instaladas en las islas.<\/p>\n<p><img decoding=\"async\" loading=\"lazy\" class=\"aligncenter size-full wp-image-1044\" src=\"https:\/\/www.serbis.es\/serbis\/blog\/wp-content\/uploads\/vertidos-aguas-residuales-posidonia-baleares.jpg\" alt=\"\" width=\"600\" height=\"300\" srcset=\"https:\/\/www.serbis.es\/serbis\/blog\/wp-content\/uploads\/vertidos-aguas-residuales-posidonia-baleares.jpg 600w, https:\/\/www.serbis.es\/serbis\/blog\/wp-content\/uploads\/vertidos-aguas-residuales-posidonia-baleares-300x150.jpg 300w, https:\/\/www.serbis.es\/serbis\/blog\/wp-content\/uploads\/vertidos-aguas-residuales-posidonia-baleares-370x185.jpg 370w\" sizes=\"(max-width: 600px) 100vw, 600px\" \/><\/p>\n<p>&nbsp;<\/p>\n<p class=\"western\">Si quieres contarnos algo puedes llamarnos al <strong>n\u00famero de tel\u00e9fono <\/strong><strong>91 610 62 53<\/strong> y si te gusta estar informado de las noticias nacionales e internacionales m\u00e1s interesantes de las industrias de la pocer\u00eda, el alcantarillado y el saneamiento de aguas fecales, visita <a href=\"https:\/\/www.serbis.es\/\" target=\"_blank\" rel=\"noopener\"><strong>Serbis.es<\/strong><\/a> y <strong>s\u00edguenos en las redes sociales<\/strong>:<\/p>\n<p><a href=\"https:\/\/www.facebook.com\/SerbisPoceria\/\" rel=\"attachment wp-att-691\" class=\"broken_link\"><img decoding=\"async\" loading=\"lazy\" class=\"size-full wp-image-691\" src=\"https:\/\/www.serbis.es\/serbis\/blog\/wp-content\/uploads\/facebook.jpg\" alt=\"facebook\" width=\"113\" height=\"111\" \/><\/a><\/p>\n<p>&nbsp;<\/p>\n<p><a href=\"https:\/\/twitter.com\/serbis_poceria\" rel=\"attachment wp-att-692\"><img decoding=\"async\" loading=\"lazy\" class=\"size-full wp-image-692\" src=\"https:\/\/www.serbis.es\/serbis\/blog\/wp-content\/uploads\/twitter.jpg\" alt=\"twitter\" width=\"113\" height=\"111\" \/><\/a><\/p>\n<p>&nbsp;<\/p>\n<p><a href=\"https:\/\/es.linkedin.com\/company\/poceria-serbis\" rel=\"attachment wp-att-693\"><img decoding=\"async\" loading=\"lazy\" class=\"size-full wp-image-693 alignleft\" src=\"https:\/\/www.serbis.es\/serbis\/blog\/wp-content\/uploads\/linkedin.jpg\" alt=\"linkedin\" width=\"113\" height=\"111\" \/><\/a><\/p>\n<p>&nbsp;<\/p>\n<p>&nbsp;<\/p>\n<p>&nbsp;<\/p>\n<p>&nbsp;<\/p>\n<p><a href=\"https:\/\/www.youtube.com\/channel\/UCSIAPGXKlWyOmHRZo9YCpBQ\" rel=\"attachment wp-att-694\"><img decoding=\"async\" loading=\"lazy\" class=\"size-full wp-image-694 alignleft\" src=\"https:\/\/www.serbis.es\/serbis\/blog\/wp-content\/uploads\/youtube.jpg\" alt=\"youtube\" width=\"113\" height=\"111\" \/><\/a><\/p>\n<p>&nbsp;<\/p>\n<p>&nbsp;<\/p>\n<p>&nbsp;<\/p>\n<p>&nbsp;<\/p>\n<p><a href=\"https:\/\/vimeo.com\/user9248661\" rel=\"attachment wp-att-696\"><img decoding=\"async\" loading=\"lazy\" class=\"size-full wp-image-696 alignleft\" src=\"https:\/\/www.serbis.es\/serbis\/blog\/wp-content\/uploads\/vimeo.jpg\" alt=\"vimeo\" width=\"113\" height=\"111\" \/><\/a><\/p>\n<p>&nbsp;<\/p>\n<p>&nbsp;<\/p>\n<p>&nbsp;<\/p>\n<p>&nbsp;<\/p>\n<p><a href=\"https:\/\/www.flickr.com\/photos\/155074596@N06\/\" rel=\"attachment wp-att-698\"><img decoding=\"async\" loading=\"lazy\" class=\"size-full wp-image-698 alignleft\" src=\"https:\/\/www.serbis.es\/serbis\/blog\/wp-content\/uploads\/flickr.jpg\" alt=\"flickr\" width=\"113\" height=\"111\" \/><\/a><\/p>\n<p>&nbsp;<\/p>\n<p>&nbsp;<\/p>\n<p>&nbsp;<\/p>\n<p>&nbsp;<\/p>\n<p><a href=\"https:\/\/www.pinterest.es\/pin\/133348838938250902\/\" rel=\"attachment wp-att-697\"><img decoding=\"async\" loading=\"lazy\" class=\"size-full wp-image-697 alignleft\" src=\"https:\/\/www.serbis.es\/serbis\/blog\/wp-content\/uploads\/pinterest.jpg\" alt=\"pinterest\" width=\"113\" height=\"111\" \/><\/a><\/p>\n<p>&nbsp;<\/p>\n","protected":false},"excerpt":{"rendered":"<p>La \u00faltima semana ha estado marcada por las siguientes noticias en el mundo de los poceros, el alcantarillado y el saneamiento de aguas residuales: 1) El reto de beber aguas residuales recicladas. La reutilizaci\u00f3n de las aguas residuales sigue cobrando fuerza como una de las v\u00edas a las que habr\u00e1 que recurrir en el futuro [&hellip;]<\/p>\n","protected":false},"author":3,"featured_media":1046,"comment_status":"open","ping_status":"open","sticky":false,"template":"","format":"standard","meta":{"_mi_skip_tracking":false,"_monsterinsights_sitenote_active":false,"_monsterinsights_sitenote_note":"","_monsterinsights_sitenote_category":0},"categories":[17,2,32],"tags":[111,58,75,22,61,59,108,234,109],"yoast_head":"<!-- This site is optimized with the Yoast SEO plugin v20.10 - https:\/\/yoast.com\/wordpress\/plugins\/seo\/ -->\n<title>El mundo abre el grifo de las aguas residuales - Blog de Serbis<\/title>\n<meta name=\"robots\" content=\"index, follow, max-snippet:-1, max-image-preview:large, max-video-preview:-1\" \/>\n<link rel=\"canonical\" href=\"https:\/\/www.serbis.es\/serbis\/blog\/beber-aguas-residuales-recicladas\/\" \/>\n<meta property=\"og:locale\" content=\"es_ES\" \/>\n<meta property=\"og:type\" content=\"article\" \/>\n<meta property=\"og:title\" content=\"El mundo abre el grifo de las aguas residuales - Blog de Serbis\" \/>\n<meta property=\"og:description\" content=\"La \u00faltima semana ha estado marcada por las siguientes noticias en el mundo de los poceros, el alcantarillado y el saneamiento de aguas residuales: 1) El reto de beber aguas residuales recicladas. La reutilizaci\u00f3n de las aguas residuales sigue cobrando fuerza como una de las v\u00edas a las que habr\u00e1 que recurrir en el futuro [&hellip;]\" \/>\n<meta property=\"og:url\" content=\"https:\/\/www.serbis.es\/serbis\/blog\/beber-aguas-residuales-recicladas\/\" \/>\n<meta property=\"og:site_name\" content=\"Blog de Serbis\" \/>\n<meta property=\"article:author\" content=\"https:\/\/www.facebook.com\/SerbisPoceria\/\" \/>\n<meta property=\"article:published_time\" content=\"2018-03-22T13:20:12+00:00\" \/>\n<meta property=\"og:image\" content=\"https:\/\/www.serbis.es\/serbis\/blog\/wp-content\/uploads\/beber-aguas-residuales-reutilizadas.jpg\" \/>\n\t<meta property=\"og:image:width\" content=\"600\" \/>\n\t<meta property=\"og:image:height\" content=\"300\" \/>\n\t<meta property=\"og:image:type\" content=\"image\/jpeg\" \/>\n<meta name=\"author\" content=\"Serbis Pocer\u00eda\" \/>\n<meta name=\"twitter:label1\" content=\"Escrito por\" \/>\n\t<meta name=\"twitter:data1\" content=\"Serbis Pocer\u00eda\" \/>\n\t<meta name=\"twitter:label2\" content=\"Tiempo de lectura\" \/>\n\t<meta name=\"twitter:data2\" content=\"4 minutos\" \/>\n<script type=\"application\/ld+json\" class=\"yoast-schema-graph\">{\"@context\":\"https:\/\/schema.org\",\"@graph\":[{\"@type\":\"WebPage\",\"@id\":\"https:\/\/www.serbis.es\/serbis\/blog\/beber-aguas-residuales-recicladas\/\",\"url\":\"https:\/\/www.serbis.es\/serbis\/blog\/beber-aguas-residuales-recicladas\/\",\"name\":\"El mundo abre el grifo de las aguas residuales - Blog de Serbis\",\"isPartOf\":{\"@id\":\"https:\/\/www.serbis.es\/serbis\/blog\/#website\"},\"datePublished\":\"2018-03-22T13:20:12+00:00\",\"dateModified\":\"2018-03-22T13:20:12+00:00\",\"author\":{\"@id\":\"https:\/\/www.serbis.es\/serbis\/blog\/#\/schema\/person\/449002ed602088d1463cc28957dee9ea\"},\"breadcrumb\":{\"@id\":\"https:\/\/www.serbis.es\/serbis\/blog\/beber-aguas-residuales-recicladas\/#breadcrumb\"},\"inLanguage\":\"es\",\"potentialAction\":[{\"@type\":\"ReadAction\",\"target\":[\"https:\/\/www.serbis.es\/serbis\/blog\/beber-aguas-residuales-recicladas\/\"]}]},{\"@type\":\"BreadcrumbList\",\"@id\":\"https:\/\/www.serbis.es\/serbis\/blog\/beber-aguas-residuales-recicladas\/#breadcrumb\",\"itemListElement\":[{\"@type\":\"ListItem\",\"position\":1,\"name\":\"Portada\",\"item\":\"https:\/\/www.serbis.es\/serbis\/blog\/\"},{\"@type\":\"ListItem\",\"position\":2,\"name\":\"El mundo abre el grifo de las aguas residuales\"}]},{\"@type\":\"WebSite\",\"@id\":\"https:\/\/www.serbis.es\/serbis\/blog\/#website\",\"url\":\"https:\/\/www.serbis.es\/serbis\/blog\/\",\"name\":\"Blog de Serbis\",\"description\":\"l\u00edderes en Espa\u00f1a en saneamiento de aguas con servicios de pocer\u00eda tradicional y sin zanjas\",\"potentialAction\":[{\"@type\":\"SearchAction\",\"target\":{\"@type\":\"EntryPoint\",\"urlTemplate\":\"https:\/\/www.serbis.es\/serbis\/blog\/?s={search_term_string}\"},\"query-input\":\"required name=search_term_string\"}],\"inLanguage\":\"es\"},{\"@type\":\"Person\",\"@id\":\"https:\/\/www.serbis.es\/serbis\/blog\/#\/schema\/person\/449002ed602088d1463cc28957dee9ea\",\"name\":\"Serbis Pocer\u00eda\",\"image\":{\"@type\":\"ImageObject\",\"inLanguage\":\"es\",\"@id\":\"https:\/\/www.serbis.es\/serbis\/blog\/#\/schema\/person\/image\/\",\"url\":\"https:\/\/secure.gravatar.com\/avatar\/1b95962073fbda6a54be252a727db96a?s=96&d=mm&r=g\",\"contentUrl\":\"https:\/\/secure.gravatar.com\/avatar\/1b95962073fbda6a54be252a727db96a?s=96&d=mm&r=g\",\"caption\":\"Serbis Pocer\u00eda\"},\"description\":\"Empresa especializada en soluciones de alcantarillado y saneamiento de agua, con gran experiencia en el sector y conocimiento de t\u00e9cnicas tanto de pocer\u00eda tradicional como de rehabilitaci\u00f3n de tuber\u00edas sin zanjas ni necesidad de obra civil\",\"sameAs\":[\"https:\/\/www.linkedin.com\/company\/poceria-serbis\",\"https:\/\/www.facebook.com\/SerbisPoceria\/\",\"https:\/\/twitter.com\/https:\/\/twitter.com\/serbis_poceria\"],\"url\":\"https:\/\/www.serbis.es\/serbis\/blog\/author\/perio_editor\/\"}]}<\/script>\n<!-- \/ Yoast SEO plugin. -->","yoast_head_json":{"title":"El mundo abre el grifo de las aguas residuales - Blog de Serbis","robots":{"index":"index","follow":"follow","max-snippet":"max-snippet:-1","max-image-preview":"max-image-preview:large","max-video-preview":"max-video-preview:-1"},"canonical":"https:\/\/www.serbis.es\/serbis\/blog\/beber-aguas-residuales-recicladas\/","og_locale":"es_ES","og_type":"article","og_title":"El mundo abre el grifo de las aguas residuales - Blog de Serbis","og_description":"La \u00faltima semana ha estado marcada por las siguientes noticias en el mundo de los poceros, el alcantarillado y el saneamiento de aguas residuales: 1) El reto de beber aguas residuales recicladas. La reutilizaci\u00f3n de las aguas residuales sigue cobrando fuerza como una de las v\u00edas a las que habr\u00e1 que recurrir en el futuro [&hellip;]","og_url":"https:\/\/www.serbis.es\/serbis\/blog\/beber-aguas-residuales-recicladas\/","og_site_name":"Blog de Serbis","article_author":"https:\/\/www.facebook.com\/SerbisPoceria\/","article_published_time":"2018-03-22T13:20:12+00:00","og_image":[{"width":600,"height":300,"url":"https:\/\/www.serbis.es\/serbis\/blog\/wp-content\/uploads\/beber-aguas-residuales-reutilizadas.jpg","type":"image\/jpeg"}],"author":"Serbis Pocer\u00eda","twitter_misc":{"Escrito por":"Serbis Pocer\u00eda","Tiempo de lectura":"4 minutos"},"schema":{"@context":"https:\/\/schema.org","@graph":[{"@type":"WebPage","@id":"https:\/\/www.serbis.es\/serbis\/blog\/beber-aguas-residuales-recicladas\/","url":"https:\/\/www.serbis.es\/serbis\/blog\/beber-aguas-residuales-recicladas\/","name":"El mundo abre el grifo de las aguas residuales - Blog de Serbis","isPartOf":{"@id":"https:\/\/www.serbis.es\/serbis\/blog\/#website"},"datePublished":"2018-03-22T13:20:12+00:00","dateModified":"2018-03-22T13:20:12+00:00","author":{"@id":"https:\/\/www.serbis.es\/serbis\/blog\/#\/schema\/person\/449002ed602088d1463cc28957dee9ea"},"breadcrumb":{"@id":"https:\/\/www.serbis.es\/serbis\/blog\/beber-aguas-residuales-recicladas\/#breadcrumb"},"inLanguage":"es","potentialAction":[{"@type":"ReadAction","target":["https:\/\/www.serbis.es\/serbis\/blog\/beber-aguas-residuales-recicladas\/"]}]},{"@type":"BreadcrumbList","@id":"https:\/\/www.serbis.es\/serbis\/blog\/beber-aguas-residuales-recicladas\/#breadcrumb","itemListElement":[{"@type":"ListItem","position":1,"name":"Portada","item":"https:\/\/www.serbis.es\/serbis\/blog\/"},{"@type":"ListItem","position":2,"name":"El mundo abre el grifo de las aguas residuales"}]},{"@type":"WebSite","@id":"https:\/\/www.serbis.es\/serbis\/blog\/#website","url":"https:\/\/www.serbis.es\/serbis\/blog\/","name":"Blog de Serbis","description":"l\u00edderes en Espa\u00f1a en saneamiento de aguas con servicios de pocer\u00eda tradicional y sin zanjas","potentialAction":[{"@type":"SearchAction","target":{"@type":"EntryPoint","urlTemplate":"https:\/\/www.serbis.es\/serbis\/blog\/?s={search_term_string}"},"query-input":"required name=search_term_string"}],"inLanguage":"es"},{"@type":"Person","@id":"https:\/\/www.serbis.es\/serbis\/blog\/#\/schema\/person\/449002ed602088d1463cc28957dee9ea","name":"Serbis Pocer\u00eda","image":{"@type":"ImageObject","inLanguage":"es","@id":"https:\/\/www.serbis.es\/serbis\/blog\/#\/schema\/person\/image\/","url":"https:\/\/secure.gravatar.com\/avatar\/1b95962073fbda6a54be252a727db96a?s=96&d=mm&r=g","contentUrl":"https:\/\/secure.gravatar.com\/avatar\/1b95962073fbda6a54be252a727db96a?s=96&d=mm&r=g","caption":"Serbis Pocer\u00eda"},"description":"Empresa especializada en soluciones de alcantarillado y saneamiento de agua, con gran experiencia en el sector y conocimiento de t\u00e9cnicas tanto de pocer\u00eda tradicional como de rehabilitaci\u00f3n de tuber\u00edas sin zanjas ni necesidad de obra civil","sameAs":["https:\/\/www.linkedin.com\/company\/poceria-serbis","https:\/\/www.facebook.com\/SerbisPoceria\/","https:\/\/twitter.com\/https:\/\/twitter.com\/serbis_poceria"],"url":"https:\/\/www.serbis.es\/serbis\/blog\/author\/perio_editor\/"}]}},"_links":{"self":[{"href":"https:\/\/www.serbis.es\/serbis\/blog\/wp-json\/wp\/v2\/posts\/1039"}],"collection":[{"href":"https:\/\/www.serbis.es\/serbis\/blog\/wp-json\/wp\/v2\/posts"}],"about":[{"href":"https:\/\/www.serbis.es\/serbis\/blog\/wp-json\/wp\/v2\/types\/post"}],"author":[{"embeddable":true,"href":"https:\/\/www.serbis.es\/serbis\/blog\/wp-json\/wp\/v2\/users\/3"}],"replies":[{"embeddable":true,"href":"https:\/\/www.serbis.es\/serbis\/blog\/wp-json\/wp\/v2\/comments?post=1039"}],"version-history":[{"count":4,"href":"https:\/\/www.serbis.es\/serbis\/blog\/wp-json\/wp\/v2\/posts\/1039\/revisions"}],"predecessor-version":[{"id":1047,"href":"https:\/\/www.serbis.es\/serbis\/blog\/wp-json\/wp\/v2\/posts\/1039\/revisions\/1047"}],"wp:featuredmedia":[{"embeddable":true,"href":"https:\/\/www.serbis.es\/serbis\/blog\/wp-json\/wp\/v2\/media\/1046"}],"wp:attachment":[{"href":"https:\/\/www.serbis.es\/serbis\/blog\/wp-json\/wp\/v2\/media?parent=1039"}],"wp:term":[{"taxonomy":"category","embeddable":true,"href":"https:\/\/www.serbis.es\/serbis\/blog\/wp-json\/wp\/v2\/categories?post=1039"},{"taxonomy":"post_tag","embeddable":true,"href":"https:\/\/www.serbis.es\/serbis\/blog\/wp-json\/wp\/v2\/tags?post=1039"}],"curies":[{"name":"wp","href":"https:\/\/api.w.org\/{rel}","templated":true}]}}