{"id":1048,"date":"2018-03-28T06:25:18","date_gmt":"2018-03-28T06:25:18","guid":{"rendered":"https:\/\/www.serbis.es\/serbis\/blog\/?p=1048"},"modified":"2018-03-28T06:27:53","modified_gmt":"2018-03-28T06:27:53","slug":"pacto-nacional-agua","status":"publish","type":"post","link":"https:\/\/www.serbis.es\/serbis\/blog\/pacto-nacional-agua\/","title":{"rendered":"Por un pacto nacional que modernice las infraestructuras del agua"},"content":{"rendered":"<p>La \u00faltima semana ha estado marcada por las siguientes noticias en el mundo del agua, los poceros, el alcantarillado y el saneamiento de aguas residuales:<\/p>\n<p class=\"western\"><strong>1<\/strong><strong>) Urge un Pacto Nacional del Agua:<\/strong> El <a href=\"http:\/\/forodelaeconomiadelagua.org\/\">Foro de la Econom\u00eda del Agua<\/a> ha reclamado un <a href=\"http:\/\/www.lavanguardia.com\/vida\/20180326\/441970443340\/expertos-avisan-de-la-caida-de-inversion-con-redes-obsoletas-de-alcantarillado-y-piden-un-pacto-nacional-urgente.html\">Pacto Nacional del Agua<\/a> tras constatar que las inversiones p\u00fablicas han ca\u00eddo <strong>un 80% en tecnolog\u00eda de saneamiento y un 60% en infraestructuras de alcantarillado<\/strong> desde 2011. Seg\u00fan su an\u00e1lisis, pese a la creciente escasez de agua a nivel global por efecto del cambio clim\u00e1tico, la recuperaci\u00f3n econ\u00f3mica espa\u00f1ola no se ha traducido en un aumento de las inversiones en materia de agua, sino todo lo contrario.<\/p>\n<p>Los expertos del Foro han recordado que, a pesar de la falta de sensibilidad gubernamental frente a este importante problema, Espa\u00f1a todav\u00eda es un referente mundial en gesti\u00f3n del agua. Para seguir si\u00e9ndolo, <strong>solicitan un aumento del gasto<\/strong> en tecnolog\u00eda e infraestructuras de saneamiento de aguas residuales, que situar\u00eda al pa\u00eds a la cabeza en fomento de la<strong> econom\u00eda circular<\/strong> y generar\u00eda miles de puestos de <strong>empleo de calidad<\/strong>. Entre otras propuestas, indican <a href=\"https:\/\/www.serbis.es\/serbis\/blog\/beber-aguas-residuales-recicladas\/\">la necesidad de avanzar<\/a> en la <strong>reutilizaci\u00f3n de aguas residuales<\/strong>.<\/p>\n<p><img decoding=\"async\" loading=\"lazy\" class=\"aligncenter wp-image-1054 size-full\" src=\"https:\/\/www.serbis.es\/serbis\/blog\/wp-content\/uploads\/aguas-residuales-pacto-nacional-agua.jpg\" alt=\"pacto-nacional-agua\" width=\"600\" height=\"300\" srcset=\"https:\/\/www.serbis.es\/serbis\/blog\/wp-content\/uploads\/aguas-residuales-pacto-nacional-agua.jpg 600w, https:\/\/www.serbis.es\/serbis\/blog\/wp-content\/uploads\/aguas-residuales-pacto-nacional-agua-300x150.jpg 300w, https:\/\/www.serbis.es\/serbis\/blog\/wp-content\/uploads\/aguas-residuales-pacto-nacional-agua-370x185.jpg 370w\" sizes=\"(max-width: 600px) 100vw, 600px\" \/><\/p>\n<p class=\"western\"><strong>2) <\/strong><strong>Los baches rodean a las alcantarillas de Salamanca.<\/strong> Salamanca pretende convertir su <strong>Paseo de Canalejas<\/strong> en un gran bulevar a partir de 2019. Pero hasta entonces, conductores y viandantes deber\u00e1n seguir conviviendo con una calle cada vez m\u00e1s deteriorada, con tramos en los que <strong>los registros y las tapas del alcantarillado<\/strong> permanecen sin enrasar y rodeados de agujeros, lo que supone un problema no solo est\u00e9tico, sino tambi\u00e9n pr\u00e1ctico (sobre todo, para los coches que circulan sobre ellos y que de vez en cuando sufren un revent\u00f3n).<\/p>\n<p>Tal como explican en <a href=\"https:\/\/www.tribunasalamanca.com\/noticias\/canalejas-la-zona-cero-de-los-baches-en-salamanca-que-no-puede-esperar-a-una-gran-reforma\" class=\"broken_link\">este art\u00edculo<\/a>, los vecinos de Salamanca ya llevan a\u00f1os soportando estos y <strong>otros importantes desperfectos<\/strong> en este barrio de la ciudad, como asfalto roto, parches, grietas, carriles hundidos, pasos de peatones con la pintura totalmente desgastada e incluso alg\u00fan que otro socav\u00f3n. En el caso del alcantarillado, mantener las zonas con tapas y registros en mal estado no s\u00f3lo supone un inconveniente para el tr\u00e1fico, sino que <strong>puede afectar al correcto funcionamiento<\/strong> de estos elementos de la red de saneamiento de aguas residuales, esenciales en periodos de fuertes lluvias como los que \u00faltimamente vive Espa\u00f1a.<\/p>\n<p><img decoding=\"async\" loading=\"lazy\" class=\"aligncenter wp-image-1050 size-full\" src=\"https:\/\/www.serbis.es\/serbis\/blog\/wp-content\/uploads\/salamanca-alcantarillas-baches.jpg\" alt=\"alcantarillas-salamanca-agua\" width=\"600\" height=\"300\" srcset=\"https:\/\/www.serbis.es\/serbis\/blog\/wp-content\/uploads\/salamanca-alcantarillas-baches.jpg 600w, https:\/\/www.serbis.es\/serbis\/blog\/wp-content\/uploads\/salamanca-alcantarillas-baches-300x150.jpg 300w, https:\/\/www.serbis.es\/serbis\/blog\/wp-content\/uploads\/salamanca-alcantarillas-baches-370x185.jpg 370w\" sizes=\"(max-width: 600px) 100vw, 600px\" \/><\/p>\n<p><strong>3)<\/strong> <strong>\u00a1Feliz Semana Santa! <\/strong>Os deseamos unas muy felices vacaciones de Semana Santa y que disfrut\u00e9is de las torrijas, las procesiones\u00a0 e incluso los charcos\u2026. Eso s\u00ed, siempre fuera de casa, as\u00ed que acordaos de nuestro<strong> servicio de urgencias<\/strong> (24 horas al d\u00eda y 365 d\u00edas al a\u00f1o) si sufr\u00eds cualquier problema de <strong>inundaciones<\/strong>.<\/p>\n<p>En <a href=\"https:\/\/www.serbis.es\/\">Serbis Pocer\u00eda<\/a> somos expertos en este tipo de trabajos, as\u00ed como en <strong>desatrancos y desatascos<\/strong>, para lo que disponemos del mejor equipamiento del sector del saneamiento de aguas residuales y el alcantarillado. Nuestra moderna flota incluye camiones de \u00faltima generaci\u00f3n que nos permiten solucionar este tipo de incidencias de una forma <strong>r\u00e1pida, econ\u00f3mica y definitiva<\/strong>.<\/p>\n<p><img decoding=\"async\" loading=\"lazy\" class=\"aligncenter wp-image-1056 size-full\" src=\"https:\/\/www.serbis.es\/serbis\/blog\/wp-content\/uploads\/SERBIS-CHARCOS-inundaciones.jpg\" alt=\"charcos-agua-inundaciones\" width=\"600\" height=\"301\" srcset=\"https:\/\/www.serbis.es\/serbis\/blog\/wp-content\/uploads\/SERBIS-CHARCOS-inundaciones.jpg 600w, https:\/\/www.serbis.es\/serbis\/blog\/wp-content\/uploads\/SERBIS-CHARCOS-inundaciones-300x151.jpg 300w, https:\/\/www.serbis.es\/serbis\/blog\/wp-content\/uploads\/SERBIS-CHARCOS-inundaciones-370x186.jpg 370w\" sizes=\"(max-width: 600px) 100vw, 600px\" \/><\/p>\n<p class=\"western\">Si quieres contarnos algo puedes llamarnos al <strong>n\u00famero de tel\u00e9fono <\/strong><strong>91 610 62 53<\/strong> y si te gusta estar informado de las noticias nacionales e internacionales m\u00e1s interesantes de las industrias de la pocer\u00eda, el alcantarillado y el saneamiento de aguas fecales, visita <a href=\"https:\/\/www.serbis.es\/\" target=\"_blank\" rel=\"noopener\"><strong>Serbis.es<\/strong><\/a> y <strong>s\u00edguenos en las redes sociales<\/strong>:<\/p>\n<p><a href=\"https:\/\/www.facebook.com\/SerbisPoceria\/\" rel=\"attachment wp-att-691\" class=\"broken_link\"><img decoding=\"async\" loading=\"lazy\" class=\"size-full wp-image-691\" src=\"https:\/\/www.serbis.es\/serbis\/blog\/wp-content\/uploads\/facebook.jpg\" alt=\"facebook\" width=\"113\" height=\"111\" \/><\/a><\/p>\n<p>&nbsp;<\/p>\n<p><a href=\"https:\/\/twitter.com\/serbis_poceria\" rel=\"attachment wp-att-692\"><img decoding=\"async\" loading=\"lazy\" class=\"size-full wp-image-692\" src=\"https:\/\/www.serbis.es\/serbis\/blog\/wp-content\/uploads\/twitter.jpg\" alt=\"twitter\" width=\"113\" height=\"111\" \/><\/a><\/p>\n<p>&nbsp;<\/p>\n<p><a href=\"https:\/\/es.linkedin.com\/company\/poceria-serbis\" rel=\"attachment wp-att-693\"><img decoding=\"async\" loading=\"lazy\" class=\"size-full wp-image-693 alignleft\" src=\"https:\/\/www.serbis.es\/serbis\/blog\/wp-content\/uploads\/linkedin.jpg\" alt=\"linkedin\" width=\"113\" height=\"111\" \/><\/a><\/p>\n<p>&nbsp;<\/p>\n<p>&nbsp;<\/p>\n<p>&nbsp;<\/p>\n<p>&nbsp;<\/p>\n<p><a href=\"https:\/\/www.youtube.com\/channel\/UCSIAPGXKlWyOmHRZo9YCpBQ\" rel=\"attachment wp-att-694\"><img decoding=\"async\" loading=\"lazy\" class=\"size-full wp-image-694 alignleft\" src=\"https:\/\/www.serbis.es\/serbis\/blog\/wp-content\/uploads\/youtube.jpg\" alt=\"youtube\" width=\"113\" height=\"111\" \/><\/a><\/p>\n<p>&nbsp;<\/p>\n<p>&nbsp;<\/p>\n<p>&nbsp;<\/p>\n<p>&nbsp;<\/p>\n<p><a href=\"https:\/\/vimeo.com\/user9248661\" rel=\"attachment wp-att-696\"><img decoding=\"async\" loading=\"lazy\" class=\"size-full wp-image-696 alignleft\" src=\"https:\/\/www.serbis.es\/serbis\/blog\/wp-content\/uploads\/vimeo.jpg\" alt=\"vimeo\" width=\"113\" height=\"111\" \/><\/a><\/p>\n<p>&nbsp;<\/p>\n<p>&nbsp;<\/p>\n<p>&nbsp;<\/p>\n<p>&nbsp;<\/p>\n<p><a href=\"https:\/\/www.flickr.com\/photos\/155074596@N06\/\" rel=\"attachment wp-att-698\"><img decoding=\"async\" loading=\"lazy\" class=\"size-full wp-image-698 alignleft\" src=\"https:\/\/www.serbis.es\/serbis\/blog\/wp-content\/uploads\/flickr.jpg\" alt=\"flickr\" width=\"113\" height=\"111\" \/><\/a><\/p>\n<p>&nbsp;<\/p>\n<p>&nbsp;<\/p>\n<p>&nbsp;<\/p>\n<p>&nbsp;<\/p>\n<p><a href=\"https:\/\/www.pinterest.es\/pin\/133348838938250902\/\" rel=\"attachment wp-att-697\"><img decoding=\"async\" loading=\"lazy\" class=\"size-full wp-image-697 alignleft\" src=\"https:\/\/www.serbis.es\/serbis\/blog\/wp-content\/uploads\/pinterest.jpg\" alt=\"pinterest\" width=\"113\" height=\"111\" \/><\/a><\/p>\n<p>&nbsp;<\/p>\n","protected":false},"excerpt":{"rendered":"<p>La \u00faltima semana ha estado marcada por las siguientes noticias en el mundo del agua, los poceros, el alcantarillado y el saneamiento de aguas residuales: 1) Urge un Pacto Nacional del Agua: El Foro de la Econom\u00eda del Agua ha reclamado un Pacto Nacional del Agua tras constatar que las inversiones p\u00fablicas han ca\u00eddo un [&hellip;]<\/p>\n","protected":false},"author":3,"featured_media":1058,"comment_status":"open","ping_status":"open","sticky":false,"template":"","format":"standard","meta":{"_mi_skip_tracking":false,"_monsterinsights_sitenote_active":false,"_monsterinsights_sitenote_note":"","_monsterinsights_sitenote_category":0},"categories":[29,4,5,2,32],"tags":[28,75,22,61,244,243,233,242,246,245],"yoast_head":"<!-- This site is optimized with the Yoast SEO plugin v20.10 - https:\/\/yoast.com\/wordpress\/plugins\/seo\/ -->\n<title>Por un pacto nacional que modernice las infraestructuras del agua - Blog de Serbis<\/title>\n<meta name=\"robots\" content=\"index, follow, max-snippet:-1, max-image-preview:large, max-video-preview:-1\" \/>\n<link rel=\"canonical\" href=\"https:\/\/www.serbis.es\/serbis\/blog\/pacto-nacional-agua\/\" \/>\n<meta property=\"og:locale\" content=\"es_ES\" \/>\n<meta property=\"og:type\" content=\"article\" \/>\n<meta property=\"og:title\" content=\"Por un pacto nacional que modernice las infraestructuras del agua - Blog de Serbis\" \/>\n<meta property=\"og:description\" content=\"La \u00faltima semana ha estado marcada por las siguientes noticias en el mundo del agua, los poceros, el alcantarillado y el saneamiento de aguas residuales: 1) Urge un Pacto Nacional del Agua: El Foro de la Econom\u00eda del Agua ha reclamado un Pacto Nacional del Agua tras constatar que las inversiones p\u00fablicas han ca\u00eddo un [&hellip;]\" \/>\n<meta property=\"og:url\" content=\"https:\/\/www.serbis.es\/serbis\/blog\/pacto-nacional-agua\/\" \/>\n<meta property=\"og:site_name\" content=\"Blog de Serbis\" \/>\n<meta property=\"article:author\" content=\"https:\/\/www.facebook.com\/SerbisPoceria\/\" \/>\n<meta property=\"article:published_time\" content=\"2018-03-28T06:25:18+00:00\" \/>\n<meta property=\"article:modified_time\" content=\"2018-03-28T06:27:53+00:00\" \/>\n<meta property=\"og:image\" content=\"https:\/\/www.serbis.es\/serbis\/blog\/wp-content\/uploads\/serbis-alcantarillas.jpg\" \/>\n\t<meta property=\"og:image:width\" content=\"510\" \/>\n\t<meta property=\"og:image:height\" content=\"301\" \/>\n\t<meta property=\"og:image:type\" content=\"image\/jpeg\" \/>\n<meta name=\"author\" content=\"Serbis Pocer\u00eda\" \/>\n<meta name=\"twitter:label1\" content=\"Escrito por\" \/>\n\t<meta name=\"twitter:data1\" content=\"Serbis Pocer\u00eda\" \/>\n\t<meta name=\"twitter:label2\" content=\"Tiempo de lectura\" \/>\n\t<meta name=\"twitter:data2\" content=\"3 minutos\" \/>\n<script type=\"application\/ld+json\" class=\"yoast-schema-graph\">{\"@context\":\"https:\/\/schema.org\",\"@graph\":[{\"@type\":\"WebPage\",\"@id\":\"https:\/\/www.serbis.es\/serbis\/blog\/pacto-nacional-agua\/\",\"url\":\"https:\/\/www.serbis.es\/serbis\/blog\/pacto-nacional-agua\/\",\"name\":\"Por un pacto nacional que modernice las infraestructuras del agua - Blog de Serbis\",\"isPartOf\":{\"@id\":\"https:\/\/www.serbis.es\/serbis\/blog\/#website\"},\"datePublished\":\"2018-03-28T06:25:18+00:00\",\"dateModified\":\"2018-03-28T06:27:53+00:00\",\"author\":{\"@id\":\"https:\/\/www.serbis.es\/serbis\/blog\/#\/schema\/person\/449002ed602088d1463cc28957dee9ea\"},\"breadcrumb\":{\"@id\":\"https:\/\/www.serbis.es\/serbis\/blog\/pacto-nacional-agua\/#breadcrumb\"},\"inLanguage\":\"es\",\"potentialAction\":[{\"@type\":\"ReadAction\",\"target\":[\"https:\/\/www.serbis.es\/serbis\/blog\/pacto-nacional-agua\/\"]}]},{\"@type\":\"BreadcrumbList\",\"@id\":\"https:\/\/www.serbis.es\/serbis\/blog\/pacto-nacional-agua\/#breadcrumb\",\"itemListElement\":[{\"@type\":\"ListItem\",\"position\":1,\"name\":\"Portada\",\"item\":\"https:\/\/www.serbis.es\/serbis\/blog\/\"},{\"@type\":\"ListItem\",\"position\":2,\"name\":\"Por un pacto nacional que modernice las infraestructuras del agua\"}]},{\"@type\":\"WebSite\",\"@id\":\"https:\/\/www.serbis.es\/serbis\/blog\/#website\",\"url\":\"https:\/\/www.serbis.es\/serbis\/blog\/\",\"name\":\"Blog de Serbis\",\"description\":\"l\u00edderes en Espa\u00f1a en saneamiento de aguas con servicios de pocer\u00eda tradicional y sin zanjas\",\"potentialAction\":[{\"@type\":\"SearchAction\",\"target\":{\"@type\":\"EntryPoint\",\"urlTemplate\":\"https:\/\/www.serbis.es\/serbis\/blog\/?s={search_term_string}\"},\"query-input\":\"required name=search_term_string\"}],\"inLanguage\":\"es\"},{\"@type\":\"Person\",\"@id\":\"https:\/\/www.serbis.es\/serbis\/blog\/#\/schema\/person\/449002ed602088d1463cc28957dee9ea\",\"name\":\"Serbis Pocer\u00eda\",\"image\":{\"@type\":\"ImageObject\",\"inLanguage\":\"es\",\"@id\":\"https:\/\/www.serbis.es\/serbis\/blog\/#\/schema\/person\/image\/\",\"url\":\"https:\/\/secure.gravatar.com\/avatar\/1b95962073fbda6a54be252a727db96a?s=96&d=mm&r=g\",\"contentUrl\":\"https:\/\/secure.gravatar.com\/avatar\/1b95962073fbda6a54be252a727db96a?s=96&d=mm&r=g\",\"caption\":\"Serbis Pocer\u00eda\"},\"description\":\"Empresa especializada en soluciones de alcantarillado y saneamiento de agua, con gran experiencia en el sector y conocimiento de t\u00e9cnicas tanto de pocer\u00eda tradicional como de rehabilitaci\u00f3n de tuber\u00edas sin zanjas ni necesidad de obra civil\",\"sameAs\":[\"https:\/\/www.linkedin.com\/company\/poceria-serbis\",\"https:\/\/www.facebook.com\/SerbisPoceria\/\",\"https:\/\/twitter.com\/https:\/\/twitter.com\/serbis_poceria\"],\"url\":\"https:\/\/www.serbis.es\/serbis\/blog\/author\/perio_editor\/\"}]}<\/script>\n<!-- \/ Yoast SEO plugin. -->","yoast_head_json":{"title":"Por un pacto nacional que modernice las infraestructuras del agua - Blog de Serbis","robots":{"index":"index","follow":"follow","max-snippet":"max-snippet:-1","max-image-preview":"max-image-preview:large","max-video-preview":"max-video-preview:-1"},"canonical":"https:\/\/www.serbis.es\/serbis\/blog\/pacto-nacional-agua\/","og_locale":"es_ES","og_type":"article","og_title":"Por un pacto nacional que modernice las infraestructuras del agua - Blog de Serbis","og_description":"La \u00faltima semana ha estado marcada por las siguientes noticias en el mundo del agua, los poceros, el alcantarillado y el saneamiento de aguas residuales: 1) Urge un Pacto Nacional del Agua: El Foro de la Econom\u00eda del Agua ha reclamado un Pacto Nacional del Agua tras constatar que las inversiones p\u00fablicas han ca\u00eddo un [&hellip;]","og_url":"https:\/\/www.serbis.es\/serbis\/blog\/pacto-nacional-agua\/","og_site_name":"Blog de Serbis","article_author":"https:\/\/www.facebook.com\/SerbisPoceria\/","article_published_time":"2018-03-28T06:25:18+00:00","article_modified_time":"2018-03-28T06:27:53+00:00","og_image":[{"width":510,"height":301,"url":"https:\/\/www.serbis.es\/serbis\/blog\/wp-content\/uploads\/serbis-alcantarillas.jpg","type":"image\/jpeg"}],"author":"Serbis Pocer\u00eda","twitter_misc":{"Escrito por":"Serbis Pocer\u00eda","Tiempo de lectura":"3 minutos"},"schema":{"@context":"https:\/\/schema.org","@graph":[{"@type":"WebPage","@id":"https:\/\/www.serbis.es\/serbis\/blog\/pacto-nacional-agua\/","url":"https:\/\/www.serbis.es\/serbis\/blog\/pacto-nacional-agua\/","name":"Por un pacto nacional que modernice las infraestructuras del agua - Blog de Serbis","isPartOf":{"@id":"https:\/\/www.serbis.es\/serbis\/blog\/#website"},"datePublished":"2018-03-28T06:25:18+00:00","dateModified":"2018-03-28T06:27:53+00:00","author":{"@id":"https:\/\/www.serbis.es\/serbis\/blog\/#\/schema\/person\/449002ed602088d1463cc28957dee9ea"},"breadcrumb":{"@id":"https:\/\/www.serbis.es\/serbis\/blog\/pacto-nacional-agua\/#breadcrumb"},"inLanguage":"es","potentialAction":[{"@type":"ReadAction","target":["https:\/\/www.serbis.es\/serbis\/blog\/pacto-nacional-agua\/"]}]},{"@type":"BreadcrumbList","@id":"https:\/\/www.serbis.es\/serbis\/blog\/pacto-nacional-agua\/#breadcrumb","itemListElement":[{"@type":"ListItem","position":1,"name":"Portada","item":"https:\/\/www.serbis.es\/serbis\/blog\/"},{"@type":"ListItem","position":2,"name":"Por un pacto nacional que modernice las infraestructuras del agua"}]},{"@type":"WebSite","@id":"https:\/\/www.serbis.es\/serbis\/blog\/#website","url":"https:\/\/www.serbis.es\/serbis\/blog\/","name":"Blog de Serbis","description":"l\u00edderes en Espa\u00f1a en saneamiento de aguas con servicios de pocer\u00eda tradicional y sin zanjas","potentialAction":[{"@type":"SearchAction","target":{"@type":"EntryPoint","urlTemplate":"https:\/\/www.serbis.es\/serbis\/blog\/?s={search_term_string}"},"query-input":"required name=search_term_string"}],"inLanguage":"es"},{"@type":"Person","@id":"https:\/\/www.serbis.es\/serbis\/blog\/#\/schema\/person\/449002ed602088d1463cc28957dee9ea","name":"Serbis Pocer\u00eda","image":{"@type":"ImageObject","inLanguage":"es","@id":"https:\/\/www.serbis.es\/serbis\/blog\/#\/schema\/person\/image\/","url":"https:\/\/secure.gravatar.com\/avatar\/1b95962073fbda6a54be252a727db96a?s=96&d=mm&r=g","contentUrl":"https:\/\/secure.gravatar.com\/avatar\/1b95962073fbda6a54be252a727db96a?s=96&d=mm&r=g","caption":"Serbis Pocer\u00eda"},"description":"Empresa especializada en soluciones de alcantarillado y saneamiento de agua, con gran experiencia en el sector y conocimiento de t\u00e9cnicas tanto de pocer\u00eda tradicional como de rehabilitaci\u00f3n de tuber\u00edas sin zanjas ni necesidad de obra civil","sameAs":["https:\/\/www.linkedin.com\/company\/poceria-serbis","https:\/\/www.facebook.com\/SerbisPoceria\/","https:\/\/twitter.com\/https:\/\/twitter.com\/serbis_poceria"],"url":"https:\/\/www.serbis.es\/serbis\/blog\/author\/perio_editor\/"}]}},"_links":{"self":[{"href":"https:\/\/www.serbis.es\/serbis\/blog\/wp-json\/wp\/v2\/posts\/1048"}],"collection":[{"href":"https:\/\/www.serbis.es\/serbis\/blog\/wp-json\/wp\/v2\/posts"}],"about":[{"href":"https:\/\/www.serbis.es\/serbis\/blog\/wp-json\/wp\/v2\/types\/post"}],"author":[{"embeddable":true,"href":"https:\/\/www.serbis.es\/serbis\/blog\/wp-json\/wp\/v2\/users\/3"}],"replies":[{"embeddable":true,"href":"https:\/\/www.serbis.es\/serbis\/blog\/wp-json\/wp\/v2\/comments?post=1048"}],"version-history":[{"count":4,"href":"https:\/\/www.serbis.es\/serbis\/blog\/wp-json\/wp\/v2\/posts\/1048\/revisions"}],"predecessor-version":[{"id":1057,"href":"https:\/\/www.serbis.es\/serbis\/blog\/wp-json\/wp\/v2\/posts\/1048\/revisions\/1057"}],"wp:featuredmedia":[{"embeddable":true,"href":"https:\/\/www.serbis.es\/serbis\/blog\/wp-json\/wp\/v2\/media\/1058"}],"wp:attachment":[{"href":"https:\/\/www.serbis.es\/serbis\/blog\/wp-json\/wp\/v2\/media?parent=1048"}],"wp:term":[{"taxonomy":"category","embeddable":true,"href":"https:\/\/www.serbis.es\/serbis\/blog\/wp-json\/wp\/v2\/categories?post=1048"},{"taxonomy":"post_tag","embeddable":true,"href":"https:\/\/www.serbis.es\/serbis\/blog\/wp-json\/wp\/v2\/tags?post=1048"}],"curies":[{"name":"wp","href":"https:\/\/api.w.org\/{rel}","templated":true}]}}