{"id":1075,"date":"2018-04-13T08:29:29","date_gmt":"2018-04-13T08:29:29","guid":{"rendered":"https:\/\/www.serbis.es\/serbis\/blog\/?p=1075"},"modified":"2018-04-13T08:29:29","modified_gmt":"2018-04-13T08:29:29","slug":"tapa-alcantarilla-leganes-galicia","status":"publish","type":"post","link":"https:\/\/www.serbis.es\/serbis\/blog\/tapa-alcantarilla-leganes-galicia\/","title":{"rendered":"Una tapa de alcantarilla de Legan\u00e9s vive en Galicia"},"content":{"rendered":"<p>La \u00faltima semana ha estado marcada por las siguientes noticias en el mundo del agua, los poceros, el alcantarillado y el saneamiento de aguas residuales:<\/p>\n<p><strong>1) Encuentran en Galicia una tapa de alcantarilla de Legan\u00e9s:<\/strong> Se podr\u00eda catalogar como un aut\u00e9ntico misterio sin resolver. Nadie sabe c\u00f3mo, pero una de las tapas de registro del alcantarillado de <strong>Nigr\u00e1n<\/strong> (en la comarca de Vigo) luce el emblema del Ayuntamiento de Legan\u00e9s. Y al parecer, <strong>ha pasado ah\u00ed los \u00faltimos 10 a\u00f1os<\/strong> sin que nadie se haya percatado (o al menos, sin que nadie lo haya hecho p\u00fablico a trav\u00e9s de Internet).<\/p>\n<p><a href=\"https:\/\/goo.gl\/BevRHv\">Preguntado al respecto<\/a>, el alcalde de la localidad gallega no ha sabido explicar el motivo de que esa tapa de alcantarilla est\u00e9 ah\u00ed,<strong> a m\u00e1s de 500 kil\u00f3metros del lugar en el que deber\u00eda estar<\/strong>. \u201cSe le pudo <em>traspapelar<\/em> a la compa\u00f1\u00eda que se encarg\u00f3 de su fundici\u00f3n\u201d, ha dicho. Lo que tambi\u00e9n ha dejado claro es que no se va a mover,<strong> porque cumple perfectamente su funci\u00f3n<\/strong> aunque haga referencia a una ciudad de Madrid que muchos vecinos de Nigr\u00e1n s\u00f3lo conocer\u00e1n por su equipo de f\u00fatbol&#8230;<\/p>\n<p><img decoding=\"async\" loading=\"lazy\" class=\"aligncenter size-full wp-image-1086\" src=\"https:\/\/www.serbis.es\/serbis\/blog\/wp-content\/uploads\/tapa-registro-alcantarilla-leganes.jpg\" alt=\"\" width=\"600\" height=\"300\" srcset=\"https:\/\/www.serbis.es\/serbis\/blog\/wp-content\/uploads\/tapa-registro-alcantarilla-leganes.jpg 600w, https:\/\/www.serbis.es\/serbis\/blog\/wp-content\/uploads\/tapa-registro-alcantarilla-leganes-300x150.jpg 300w, https:\/\/www.serbis.es\/serbis\/blog\/wp-content\/uploads\/tapa-registro-alcantarilla-leganes-370x185.jpg 370w\" sizes=\"(max-width: 600px) 100vw, 600px\" \/><\/p>\n<p class=\"western\"><strong>2)<\/strong> <strong>IFAT Munich mostrar\u00e1 lo \u00faltimo en saneamiento de aguas residuales. <\/strong>El pr\u00f3ximo mes de mayo (entre los d\u00edas 14 y 18) se celebrar\u00e1 en una nueva edici\u00f3n de IFAT Munich, <strong>el sal\u00f3n m\u00e1s importante del mundo<\/strong> en el \u00e1mbito del saneamiento de aguas residuales, la depuraci\u00f3n y el alcantarillado. Como viene sucediendo en los \u00faltimos a\u00f1os,<strong> los nuevos desarrollos tecnol\u00f3gicos<\/strong> monopolizar\u00e1n el grueso de las soluciones y herramientas que las compa\u00f1\u00edas internacionales m\u00e1s prestigiosas del sector presentar\u00e1n en la feria.<\/p>\n<p><img decoding=\"async\" loading=\"lazy\" class=\"aligncenter wp-image-1077 size-full\" src=\"https:\/\/www.serbis.es\/serbis\/blog\/wp-content\/uploads\/ifat-munich-2018-1.jpg\" alt=\"ifat-munich-saneamiento-alcantarilla\" width=\"600\" height=\"300\" srcset=\"https:\/\/www.serbis.es\/serbis\/blog\/wp-content\/uploads\/ifat-munich-2018-1.jpg 600w, https:\/\/www.serbis.es\/serbis\/blog\/wp-content\/uploads\/ifat-munich-2018-1-300x150.jpg 300w, https:\/\/www.serbis.es\/serbis\/blog\/wp-content\/uploads\/ifat-munich-2018-1-370x185.jpg 370w\" sizes=\"(max-width: 600px) 100vw, 600px\" \/><\/p>\n<p>Por ejemplo, IFAT 2018 abordar\u00e1 desde diferentes perspectivas las nuevas posibilidades que abren <strong>la digitalizaci\u00f3n y la automatizaci\u00f3n en los procesos de pocer\u00eda<\/strong>, lo que abarca desde sistemas m\u00f3viles de gesti\u00f3n de operaciones, hasta herramientas tecnol\u00f3gicas que permiten detectar la presencia de agentes contaminantes en el agua. Tambi\u00e9n habr\u00e1 espacio para lo \u00faltimo en tanques s\u00e9pticos, robots que limpian alcantarillas o sistemas de deshidrataci\u00f3n de lodos y de generaci\u00f3n de abonos respetuosos con el medio ambiente.<\/p>\n<p>En <a href=\"https:\/\/goo.gl\/NymqDN\">este enlace<\/a> ten\u00e9is toda la informaci\u00f3n sobre esta nueva edici\u00f3n del sal\u00f3n, y tambi\u00e9n os dejamos el v\u00eddeo que hicimos <strong>tras nuestra visita a la edici\u00f3n de 2016<\/strong>, por si quer\u00e9is haceros una idea de todo lo que se cuece en IFAT Munich.<\/p>\n<p><iframe loading=\"lazy\" src=\"https:\/\/www.youtube.com\/embed\/jD0-UUuf9d8\" width=\"640\" height=\"360\" frameborder=\"0\" allowfullscreen=\"allowfullscreen\"><span style=\"display: inline-block; width: 0px; overflow: hidden; line-height: 0;\" data-mce-type=\"bookmark\" class=\"mce_SELRES_start\">\ufeff<\/span><\/iframe><\/p>\n<p><strong>3) Un adolescente permanece 13 horas atrapado en una alcantarilla:<\/strong> <a href=\"https:\/\/goo.gl\/fxPLZ2\">La \u00faltima noticia<\/a> relacionada con las alcantarillas ha tenido lugar en la ciudad estadounidense de <strong>Los \u00c1ngeles<\/strong>. Aunque puede parecer un hecho puramente anecd\u00f3tico, seguro que para el protagonista, <strong>Jesse Hern\u00e1ndez<\/strong>, no habr\u00e1 tenido ninguna gracia. Porque este joven de 13 a\u00f1os acaba de pasar <strong>m\u00e1s de 12 horas atrapado en las alcantarillas<\/strong> \u201crezando a Dios para no morir\u201d, tal como \u00e9l mismo ha reconocido.<\/p>\n<p>Al parecer, el joven Jesse se encontraba jugando con unos amigos cuando <strong>pis\u00f3 una tabla que se parti\u00f3,<\/strong> cayendo al interior de la red de alcantarillado de Los \u00c1ngeles, cuyas tuber\u00edas tienen unos <strong>60 cent\u00edmetros de profundidad y apenas 120 de di\u00e1metro<\/strong>. Tras un largo cautiverio a oscuras y sin tel\u00e9fono m\u00f3vil, los equipos de emergencias de la ciudad finalmente pudieron rescatar al adolescente, que dentro de unos a\u00f1os ya tendr\u00e1 una buena an\u00e9cdota para contarles a sus nietos.<\/p>\n<p><img decoding=\"async\" loading=\"lazy\" class=\"aligncenter wp-image-1079 size-full\" src=\"https:\/\/www.serbis.es\/serbis\/blog\/wp-content\/uploads\/atrapado-alcantarillas-joven-los-angeles.jpg\" alt=\"ni\u00f1o-atrapado-alcantarilla\" width=\"600\" height=\"300\" srcset=\"https:\/\/www.serbis.es\/serbis\/blog\/wp-content\/uploads\/atrapado-alcantarillas-joven-los-angeles.jpg 600w, https:\/\/www.serbis.es\/serbis\/blog\/wp-content\/uploads\/atrapado-alcantarillas-joven-los-angeles-300x150.jpg 300w, https:\/\/www.serbis.es\/serbis\/blog\/wp-content\/uploads\/atrapado-alcantarillas-joven-los-angeles-370x185.jpg 370w\" sizes=\"(max-width: 600px) 100vw, 600px\" \/><\/p>\n<p class=\"western\"><strong>4) El mal estado de las tuber\u00edas causa humedades e inundaciones en Parla:<\/strong> En muchas ocasiones os hemos hablado ya de las desagradables consecuencias que pueden derivarse de la ausencia de un mantenimiento adecuado de la red de saneamiento de aguas residuales. El \u00faltimo ejemplo lo hemos encontrado en <strong>Parla<\/strong>, donde los vecinos de varias calles del municipio madrile\u00f1o llevan varios d\u00edas sufriendo los malos olores y las inundaciones.<\/p>\n<p>Seg\u00fan explican en <a href=\"https:\/\/goo.gl\/BkS6Ko\">esta noticia<\/a>, la peor parte se la est\u00e1n llevando<strong> los propietarios de los locales comerciales<\/strong> de la zona, donde el mal estado de las tuber\u00edas se ha traducido en inundaciones de aguas fecales que les est\u00e1n obligando a restaurar sus negocios. En algunos establecimientos incluso est\u00e1n apareciendo<strong> lombrices y otros insectos<\/strong>, lo que ha derivado en juicios, enfrentamientos con la empresa que administra estos edificios y alguna que otra denuncia en Sanidad.<\/p>\n<p><img decoding=\"async\" loading=\"lazy\" class=\"aligncenter wp-image-1082 size-full\" src=\"https:\/\/www.serbis.es\/serbis\/blog\/wp-content\/uploads\/humedades-inundaciones-aguas-fecales-parla.jpg\" alt=\"inundaciones-humedades-alcantarilla\" width=\"600\" height=\"300\" srcset=\"https:\/\/www.serbis.es\/serbis\/blog\/wp-content\/uploads\/humedades-inundaciones-aguas-fecales-parla.jpg 600w, https:\/\/www.serbis.es\/serbis\/blog\/wp-content\/uploads\/humedades-inundaciones-aguas-fecales-parla-300x150.jpg 300w, https:\/\/www.serbis.es\/serbis\/blog\/wp-content\/uploads\/humedades-inundaciones-aguas-fecales-parla-370x185.jpg 370w\" sizes=\"(max-width: 600px) 100vw, 600px\" \/><\/p>\n<p>&nbsp;<\/p>\n<p class=\"western\">Si quieres contarnos algo puedes llamarnos al <strong>n\u00famero de tel\u00e9fono <\/strong><strong>91 610 62 53<\/strong> y si te gusta estar informado de las noticias nacionales e internacionales m\u00e1s interesantes de las industrias de la pocer\u00eda, el alcantarillado y el saneamiento de aguas fecales, visita <a href=\"https:\/\/www.serbis.es\/\" target=\"_blank\" rel=\"noopener\"><strong>Serbis.es<\/strong><\/a> y <strong>s\u00edguenos en las redes sociales<\/strong>:<\/p>\n<p><a href=\"https:\/\/www.facebook.com\/SerbisPoceria\/\" rel=\"attachment wp-att-691\" class=\"broken_link\"><img decoding=\"async\" loading=\"lazy\" class=\"size-full wp-image-691\" src=\"https:\/\/www.serbis.es\/serbis\/blog\/wp-content\/uploads\/facebook.jpg\" alt=\"facebook\" width=\"113\" height=\"111\" \/><\/a><\/p>\n<p>&nbsp;<\/p>\n<p><a href=\"https:\/\/twitter.com\/serbis_poceria\" rel=\"attachment wp-att-692\"><img decoding=\"async\" loading=\"lazy\" class=\"size-full wp-image-692\" src=\"https:\/\/www.serbis.es\/serbis\/blog\/wp-content\/uploads\/twitter.jpg\" alt=\"twitter\" width=\"113\" height=\"111\" \/><\/a><\/p>\n<p>&nbsp;<\/p>\n<p><a href=\"https:\/\/es.linkedin.com\/company\/poceria-serbis\" rel=\"attachment wp-att-693\"><img decoding=\"async\" loading=\"lazy\" class=\"size-full wp-image-693 alignleft\" src=\"https:\/\/www.serbis.es\/serbis\/blog\/wp-content\/uploads\/linkedin.jpg\" alt=\"linkedin\" width=\"113\" height=\"111\" \/><\/a><\/p>\n<p>&nbsp;<\/p>\n<p>&nbsp;<\/p>\n<p>&nbsp;<\/p>\n<p>&nbsp;<\/p>\n<p><a href=\"https:\/\/www.youtube.com\/channel\/UCSIAPGXKlWyOmHRZo9YCpBQ\" rel=\"attachment wp-att-694\"><img decoding=\"async\" loading=\"lazy\" class=\"size-full wp-image-694 alignleft\" src=\"https:\/\/www.serbis.es\/serbis\/blog\/wp-content\/uploads\/youtube.jpg\" alt=\"youtube\" width=\"113\" height=\"111\" \/><\/a><\/p>\n<p>&nbsp;<\/p>\n<p>&nbsp;<\/p>\n<p>&nbsp;<\/p>\n<p>&nbsp;<\/p>\n<p><a href=\"https:\/\/vimeo.com\/user9248661\" rel=\"attachment wp-att-696\"><img decoding=\"async\" loading=\"lazy\" class=\"size-full wp-image-696 alignleft\" src=\"https:\/\/www.serbis.es\/serbis\/blog\/wp-content\/uploads\/vimeo.jpg\" alt=\"vimeo\" width=\"113\" height=\"111\" \/><\/a><\/p>\n<p>&nbsp;<\/p>\n<p>&nbsp;<\/p>\n<p>&nbsp;<\/p>\n<p>&nbsp;<\/p>\n<p><a href=\"https:\/\/www.flickr.com\/photos\/155074596@N06\/\" rel=\"attachment wp-att-698\"><img decoding=\"async\" loading=\"lazy\" class=\"size-full wp-image-698 alignleft\" src=\"https:\/\/www.serbis.es\/serbis\/blog\/wp-content\/uploads\/flickr.jpg\" alt=\"flickr\" width=\"113\" height=\"111\" \/><\/a><\/p>\n<p>&nbsp;<\/p>\n<p>&nbsp;<\/p>\n<p>&nbsp;<\/p>\n<p>&nbsp;<\/p>\n<p><a href=\"https:\/\/www.pinterest.es\/pin\/133348838938250902\/\" rel=\"attachment wp-att-697\"><img decoding=\"async\" loading=\"lazy\" class=\"size-full wp-image-697 alignleft\" src=\"https:\/\/www.serbis.es\/serbis\/blog\/wp-content\/uploads\/pinterest.jpg\" alt=\"pinterest\" width=\"113\" height=\"111\" \/><\/a><\/p>\n","protected":false},"excerpt":{"rendered":"<p>La \u00faltima semana ha estado marcada por las siguientes noticias en el mundo del agua, los poceros, el alcantarillado y el saneamiento de aguas residuales: 1) Encuentran en Galicia una tapa de alcantarilla de Legan\u00e9s: Se podr\u00eda catalogar como un aut\u00e9ntico misterio sin resolver. Nadie sabe c\u00f3mo, pero una de las tapas de registro del [&hellip;]<\/p>\n","protected":false},"author":3,"featured_media":1086,"comment_status":"open","ping_status":"open","sticky":false,"template":"","format":"standard","meta":{"_mi_skip_tracking":false,"_monsterinsights_sitenote_active":false,"_monsterinsights_sitenote_note":"","_monsterinsights_sitenote_category":0},"categories":[2,26,32],"tags":[111,75,173,22,254,253,33,252,251],"yoast_head":"<!-- This site is optimized with the Yoast SEO plugin v20.10 - https:\/\/yoast.com\/wordpress\/plugins\/seo\/ -->\n<title>Una tapa de alcantarilla de Legan\u00e9s vive en Galicia - Blog de Serbis<\/title>\n<meta name=\"robots\" content=\"index, follow, max-snippet:-1, max-image-preview:large, max-video-preview:-1\" \/>\n<link rel=\"canonical\" href=\"https:\/\/www.serbis.es\/serbis\/blog\/tapa-alcantarilla-leganes-galicia\/\" \/>\n<meta property=\"og:locale\" content=\"es_ES\" \/>\n<meta property=\"og:type\" content=\"article\" \/>\n<meta property=\"og:title\" content=\"Una tapa de alcantarilla de Legan\u00e9s vive en Galicia - Blog de Serbis\" \/>\n<meta property=\"og:description\" content=\"La \u00faltima semana ha estado marcada por las siguientes noticias en el mundo del agua, los poceros, el alcantarillado y el saneamiento de aguas residuales: 1) Encuentran en Galicia una tapa de alcantarilla de Legan\u00e9s: Se podr\u00eda catalogar como un aut\u00e9ntico misterio sin resolver. Nadie sabe c\u00f3mo, pero una de las tapas de registro del [&hellip;]\" \/>\n<meta property=\"og:url\" content=\"https:\/\/www.serbis.es\/serbis\/blog\/tapa-alcantarilla-leganes-galicia\/\" \/>\n<meta property=\"og:site_name\" content=\"Blog de Serbis\" \/>\n<meta property=\"article:author\" content=\"https:\/\/www.facebook.com\/SerbisPoceria\/\" \/>\n<meta property=\"article:published_time\" content=\"2018-04-13T08:29:29+00:00\" \/>\n<meta property=\"og:image\" content=\"https:\/\/www.serbis.es\/serbis\/blog\/wp-content\/uploads\/tapa-registro-alcantarilla-leganes.jpg\" \/>\n\t<meta property=\"og:image:width\" content=\"600\" \/>\n\t<meta property=\"og:image:height\" content=\"300\" \/>\n\t<meta property=\"og:image:type\" content=\"image\/jpeg\" \/>\n<meta name=\"author\" content=\"Serbis Pocer\u00eda\" \/>\n<meta name=\"twitter:label1\" content=\"Escrito por\" \/>\n\t<meta name=\"twitter:data1\" content=\"Serbis Pocer\u00eda\" \/>\n\t<meta name=\"twitter:label2\" content=\"Tiempo de lectura\" \/>\n\t<meta name=\"twitter:data2\" content=\"4 minutos\" \/>\n<script type=\"application\/ld+json\" class=\"yoast-schema-graph\">{\"@context\":\"https:\/\/schema.org\",\"@graph\":[{\"@type\":\"WebPage\",\"@id\":\"https:\/\/www.serbis.es\/serbis\/blog\/tapa-alcantarilla-leganes-galicia\/\",\"url\":\"https:\/\/www.serbis.es\/serbis\/blog\/tapa-alcantarilla-leganes-galicia\/\",\"name\":\"Una tapa de alcantarilla de Legan\u00e9s vive en Galicia - Blog de Serbis\",\"isPartOf\":{\"@id\":\"https:\/\/www.serbis.es\/serbis\/blog\/#website\"},\"datePublished\":\"2018-04-13T08:29:29+00:00\",\"dateModified\":\"2018-04-13T08:29:29+00:00\",\"author\":{\"@id\":\"https:\/\/www.serbis.es\/serbis\/blog\/#\/schema\/person\/449002ed602088d1463cc28957dee9ea\"},\"breadcrumb\":{\"@id\":\"https:\/\/www.serbis.es\/serbis\/blog\/tapa-alcantarilla-leganes-galicia\/#breadcrumb\"},\"inLanguage\":\"es\",\"potentialAction\":[{\"@type\":\"ReadAction\",\"target\":[\"https:\/\/www.serbis.es\/serbis\/blog\/tapa-alcantarilla-leganes-galicia\/\"]}]},{\"@type\":\"BreadcrumbList\",\"@id\":\"https:\/\/www.serbis.es\/serbis\/blog\/tapa-alcantarilla-leganes-galicia\/#breadcrumb\",\"itemListElement\":[{\"@type\":\"ListItem\",\"position\":1,\"name\":\"Portada\",\"item\":\"https:\/\/www.serbis.es\/serbis\/blog\/\"},{\"@type\":\"ListItem\",\"position\":2,\"name\":\"Una tapa de alcantarilla de Legan\u00e9s vive en Galicia\"}]},{\"@type\":\"WebSite\",\"@id\":\"https:\/\/www.serbis.es\/serbis\/blog\/#website\",\"url\":\"https:\/\/www.serbis.es\/serbis\/blog\/\",\"name\":\"Blog de Serbis\",\"description\":\"l\u00edderes en Espa\u00f1a en saneamiento de aguas con servicios de pocer\u00eda tradicional y sin zanjas\",\"potentialAction\":[{\"@type\":\"SearchAction\",\"target\":{\"@type\":\"EntryPoint\",\"urlTemplate\":\"https:\/\/www.serbis.es\/serbis\/blog\/?s={search_term_string}\"},\"query-input\":\"required name=search_term_string\"}],\"inLanguage\":\"es\"},{\"@type\":\"Person\",\"@id\":\"https:\/\/www.serbis.es\/serbis\/blog\/#\/schema\/person\/449002ed602088d1463cc28957dee9ea\",\"name\":\"Serbis Pocer\u00eda\",\"image\":{\"@type\":\"ImageObject\",\"inLanguage\":\"es\",\"@id\":\"https:\/\/www.serbis.es\/serbis\/blog\/#\/schema\/person\/image\/\",\"url\":\"https:\/\/secure.gravatar.com\/avatar\/1b95962073fbda6a54be252a727db96a?s=96&d=mm&r=g\",\"contentUrl\":\"https:\/\/secure.gravatar.com\/avatar\/1b95962073fbda6a54be252a727db96a?s=96&d=mm&r=g\",\"caption\":\"Serbis Pocer\u00eda\"},\"description\":\"Empresa especializada en soluciones de alcantarillado y saneamiento de agua, con gran experiencia en el sector y conocimiento de t\u00e9cnicas tanto de pocer\u00eda tradicional como de rehabilitaci\u00f3n de tuber\u00edas sin zanjas ni necesidad de obra civil\",\"sameAs\":[\"https:\/\/www.linkedin.com\/company\/poceria-serbis\",\"https:\/\/www.facebook.com\/SerbisPoceria\/\",\"https:\/\/twitter.com\/https:\/\/twitter.com\/serbis_poceria\"],\"url\":\"https:\/\/www.serbis.es\/serbis\/blog\/author\/perio_editor\/\"}]}<\/script>\n<!-- \/ Yoast SEO plugin. -->","yoast_head_json":{"title":"Una tapa de alcantarilla de Legan\u00e9s vive en Galicia - Blog de Serbis","robots":{"index":"index","follow":"follow","max-snippet":"max-snippet:-1","max-image-preview":"max-image-preview:large","max-video-preview":"max-video-preview:-1"},"canonical":"https:\/\/www.serbis.es\/serbis\/blog\/tapa-alcantarilla-leganes-galicia\/","og_locale":"es_ES","og_type":"article","og_title":"Una tapa de alcantarilla de Legan\u00e9s vive en Galicia - Blog de Serbis","og_description":"La \u00faltima semana ha estado marcada por las siguientes noticias en el mundo del agua, los poceros, el alcantarillado y el saneamiento de aguas residuales: 1) Encuentran en Galicia una tapa de alcantarilla de Legan\u00e9s: Se podr\u00eda catalogar como un aut\u00e9ntico misterio sin resolver. Nadie sabe c\u00f3mo, pero una de las tapas de registro del [&hellip;]","og_url":"https:\/\/www.serbis.es\/serbis\/blog\/tapa-alcantarilla-leganes-galicia\/","og_site_name":"Blog de Serbis","article_author":"https:\/\/www.facebook.com\/SerbisPoceria\/","article_published_time":"2018-04-13T08:29:29+00:00","og_image":[{"width":600,"height":300,"url":"https:\/\/www.serbis.es\/serbis\/blog\/wp-content\/uploads\/tapa-registro-alcantarilla-leganes.jpg","type":"image\/jpeg"}],"author":"Serbis Pocer\u00eda","twitter_misc":{"Escrito por":"Serbis Pocer\u00eda","Tiempo de lectura":"4 minutos"},"schema":{"@context":"https:\/\/schema.org","@graph":[{"@type":"WebPage","@id":"https:\/\/www.serbis.es\/serbis\/blog\/tapa-alcantarilla-leganes-galicia\/","url":"https:\/\/www.serbis.es\/serbis\/blog\/tapa-alcantarilla-leganes-galicia\/","name":"Una tapa de alcantarilla de Legan\u00e9s vive en Galicia - Blog de Serbis","isPartOf":{"@id":"https:\/\/www.serbis.es\/serbis\/blog\/#website"},"datePublished":"2018-04-13T08:29:29+00:00","dateModified":"2018-04-13T08:29:29+00:00","author":{"@id":"https:\/\/www.serbis.es\/serbis\/blog\/#\/schema\/person\/449002ed602088d1463cc28957dee9ea"},"breadcrumb":{"@id":"https:\/\/www.serbis.es\/serbis\/blog\/tapa-alcantarilla-leganes-galicia\/#breadcrumb"},"inLanguage":"es","potentialAction":[{"@type":"ReadAction","target":["https:\/\/www.serbis.es\/serbis\/blog\/tapa-alcantarilla-leganes-galicia\/"]}]},{"@type":"BreadcrumbList","@id":"https:\/\/www.serbis.es\/serbis\/blog\/tapa-alcantarilla-leganes-galicia\/#breadcrumb","itemListElement":[{"@type":"ListItem","position":1,"name":"Portada","item":"https:\/\/www.serbis.es\/serbis\/blog\/"},{"@type":"ListItem","position":2,"name":"Una tapa de alcantarilla de Legan\u00e9s vive en Galicia"}]},{"@type":"WebSite","@id":"https:\/\/www.serbis.es\/serbis\/blog\/#website","url":"https:\/\/www.serbis.es\/serbis\/blog\/","name":"Blog de Serbis","description":"l\u00edderes en Espa\u00f1a en saneamiento de aguas con servicios de pocer\u00eda tradicional y sin zanjas","potentialAction":[{"@type":"SearchAction","target":{"@type":"EntryPoint","urlTemplate":"https:\/\/www.serbis.es\/serbis\/blog\/?s={search_term_string}"},"query-input":"required name=search_term_string"}],"inLanguage":"es"},{"@type":"Person","@id":"https:\/\/www.serbis.es\/serbis\/blog\/#\/schema\/person\/449002ed602088d1463cc28957dee9ea","name":"Serbis Pocer\u00eda","image":{"@type":"ImageObject","inLanguage":"es","@id":"https:\/\/www.serbis.es\/serbis\/blog\/#\/schema\/person\/image\/","url":"https:\/\/secure.gravatar.com\/avatar\/1b95962073fbda6a54be252a727db96a?s=96&d=mm&r=g","contentUrl":"https:\/\/secure.gravatar.com\/avatar\/1b95962073fbda6a54be252a727db96a?s=96&d=mm&r=g","caption":"Serbis Pocer\u00eda"},"description":"Empresa especializada en soluciones de alcantarillado y saneamiento de agua, con gran experiencia en el sector y conocimiento de t\u00e9cnicas tanto de pocer\u00eda tradicional como de rehabilitaci\u00f3n de tuber\u00edas sin zanjas ni necesidad de obra civil","sameAs":["https:\/\/www.linkedin.com\/company\/poceria-serbis","https:\/\/www.facebook.com\/SerbisPoceria\/","https:\/\/twitter.com\/https:\/\/twitter.com\/serbis_poceria"],"url":"https:\/\/www.serbis.es\/serbis\/blog\/author\/perio_editor\/"}]}},"_links":{"self":[{"href":"https:\/\/www.serbis.es\/serbis\/blog\/wp-json\/wp\/v2\/posts\/1075"}],"collection":[{"href":"https:\/\/www.serbis.es\/serbis\/blog\/wp-json\/wp\/v2\/posts"}],"about":[{"href":"https:\/\/www.serbis.es\/serbis\/blog\/wp-json\/wp\/v2\/types\/post"}],"author":[{"embeddable":true,"href":"https:\/\/www.serbis.es\/serbis\/blog\/wp-json\/wp\/v2\/users\/3"}],"replies":[{"embeddable":true,"href":"https:\/\/www.serbis.es\/serbis\/blog\/wp-json\/wp\/v2\/comments?post=1075"}],"version-history":[{"count":6,"href":"https:\/\/www.serbis.es\/serbis\/blog\/wp-json\/wp\/v2\/posts\/1075\/revisions"}],"predecessor-version":[{"id":1088,"href":"https:\/\/www.serbis.es\/serbis\/blog\/wp-json\/wp\/v2\/posts\/1075\/revisions\/1088"}],"wp:featuredmedia":[{"embeddable":true,"href":"https:\/\/www.serbis.es\/serbis\/blog\/wp-json\/wp\/v2\/media\/1086"}],"wp:attachment":[{"href":"https:\/\/www.serbis.es\/serbis\/blog\/wp-json\/wp\/v2\/media?parent=1075"}],"wp:term":[{"taxonomy":"category","embeddable":true,"href":"https:\/\/www.serbis.es\/serbis\/blog\/wp-json\/wp\/v2\/categories?post=1075"},{"taxonomy":"post_tag","embeddable":true,"href":"https:\/\/www.serbis.es\/serbis\/blog\/wp-json\/wp\/v2\/tags?post=1075"}],"curies":[{"name":"wp","href":"https:\/\/api.w.org\/{rel}","templated":true}]}}