{"id":1182,"date":"2018-06-14T07:51:49","date_gmt":"2018-06-14T07:51:49","guid":{"rendered":"https:\/\/www.serbis.es\/serbis\/blog\/?p=1182"},"modified":"2018-06-14T07:51:49","modified_gmt":"2018-06-14T07:51:49","slug":"verano-saneamiento-aguas-residuales","status":"publish","type":"post","link":"https:\/\/www.serbis.es\/serbis\/blog\/verano-saneamiento-aguas-residuales\/","title":{"rendered":"El verano pone a prueba el estado del saneamiento en Espa\u00f1a"},"content":{"rendered":"<p>La \u00faltima semana ha estado marcada por las siguientes noticias en el \u00e1mbito del saneamiento de aguas residuales, la pocer\u00eda, las alcantarillas, los desatascos y los desatrancos:<\/p>\n<p><strong>1) La depuraci\u00f3n de aguas residuales en Espa\u00f1a se estanca:\u00a0<\/strong>Espa\u00f1a tendr\u00e1 que aumentar sus inversiones en estaciones depuradoras de aguas residuales (EDAR) durante los pr\u00f3ximos a\u00f1os para cumplir los objetivos de reutilizaci\u00f3n establecidos por las directivas europeas sobre <strong>Econom\u00eda Circular<\/strong> y hacer frente al crecimiento que ha experimentado <a href=\"https:\/\/www.serbis.es\/serbis\/blog\/playas-aguas-residuales\/\">el sector tur\u00edstico<\/a> en los \u00faltimos a\u00f1os.<\/p>\n<p>As\u00ed se desprende del \u00faltimo <a href=\"https:\/\/www.dbk.es\/es\/estudios\/16118\" class=\"broken_link\">Observatorio Sectorial DBK de Informa<\/a>, que se\u00f1ala que las plantas depuradoras del pa\u00eds <a href=\"https:\/\/www.retema.es\/noticia\/el-negocio-de-la-depuracion-de-aguas-crecio-un-25-en-2017-p1ZhF\" class=\"broken_link\">trataron el a\u00f1o pasado<\/a> <strong>4.975 hect\u00f3metros c\u00fabicos de aguas residuales<\/strong>, pr\u00e1cticamente lo mismo que en 2016 (apenas un 0,7% m\u00e1s).<\/p>\n<p>En t\u00e9rminos econ\u00f3micos el crecimiento fue algo m\u00e1s pronunciado, al ingresar las instalaciones de saneamiento un total de <strong>1.230 millones de euros<\/strong>, un 2,5% m\u00e1s que el a\u00f1o anterior (aunque una cantidad id\u00e9ntica a la registrada en 2015). Pese a todo, el pron\u00f3stico de Informa es que la facturaci\u00f3n del sector <strong>seguir\u00e1 creciendo alrededor del 2,5%<\/strong> tanto en 2018 como en 2019.<\/p>\n<p>Seg\u00fan concluye el informe, las comunidades aut\u00f3nomas de <strong>Andaluc\u00eda, Catalu\u00f1a y Madrid<\/strong> concentran la mayor parte de las EDAR que hay en Espa\u00f1a (cerca de un 40%). Y tambi\u00e9n destaca <strong>un cierto repunte en las inversiones<\/strong> en saneamiento, tanto para construir nuevas instalaciones como para mejorar las que ya existen.<\/p>\n<p><img decoding=\"async\" loading=\"lazy\" class=\"aligncenter wp-image-1183 size-full\" src=\"https:\/\/www.serbis.es\/serbis\/blog\/wp-content\/uploads\/estacion-depuradora-aguas-residuales.jpg\" alt=\"saneamiento-depuracion-tratamiento-aguas-residuales\" width=\"600\" height=\"300\" srcset=\"https:\/\/www.serbis.es\/serbis\/blog\/wp-content\/uploads\/estacion-depuradora-aguas-residuales.jpg 600w, https:\/\/www.serbis.es\/serbis\/blog\/wp-content\/uploads\/estacion-depuradora-aguas-residuales-300x150.jpg 300w, https:\/\/www.serbis.es\/serbis\/blog\/wp-content\/uploads\/estacion-depuradora-aguas-residuales-370x185.jpg 370w\" sizes=\"(max-width: 600px) 100vw, 600px\" \/><\/p>\n<p><strong>2) Caca en la playa de San Lorenzo de Gij\u00f3n: <\/strong>Los vecinos de Gij\u00f3n andan entre enfadados y asustados. La raz\u00f3n es la aparici\u00f3n de excrementos en su famosa playa de San Lorenzo, tal como han detectado los an\u00e1lisis que las autoridades realizan de forma peri\u00f3dica para garantizar la salubridad del mar. Y es que, en las \u00faltimas muestras que han tomado, <strong>la presencia de la bacteria fecal E.coli duplicaba a la permitida por la ley<\/strong>.<\/p>\n<p>Tal como explican en <a href=\"https:\/\/www.lavozdeasturias.es\/noticia\/gijon\/2018\/06\/08\/aparece-caca-aguas-playa-san-lorenzo\/00031528489223680438940.htm\">este art\u00edculo<\/a>, estos picos de contaminaci\u00f3n han coincidido con las fuertes tormentas que se han producido en las \u00faltimas semanas y que han hecho que <strong>las aguas residuales se vertiesen directamente al mar<\/strong> sin ning\u00fan tipo de tratamiento. Al parecer, el problema no es nuevo en Gij\u00f3n y tiene su origen en una red de saneamiento de aguas fecales totalmente anticuada, por la que <strong>circulan indistintamente las aguas de lluvia y las residuales<\/strong>. Por eso, cuando llueve mucho las aguas de las alcantarillas se desv\u00edan hacia el mar sin depurar.<\/p>\n<p><img decoding=\"async\" loading=\"lazy\" class=\"aligncenter wp-image-1185 size-full\" src=\"https:\/\/www.serbis.es\/serbis\/blog\/wp-content\/uploads\/caca-playa-sanlorenzo-gijon.jpg\" alt=\"saneamiento-gijon-playa-caca\" width=\"600\" height=\"300\" srcset=\"https:\/\/www.serbis.es\/serbis\/blog\/wp-content\/uploads\/caca-playa-sanlorenzo-gijon.jpg 600w, https:\/\/www.serbis.es\/serbis\/blog\/wp-content\/uploads\/caca-playa-sanlorenzo-gijon-300x150.jpg 300w, https:\/\/www.serbis.es\/serbis\/blog\/wp-content\/uploads\/caca-playa-sanlorenzo-gijon-370x185.jpg 370w\" sizes=\"(max-width: 600px) 100vw, 600px\" \/><\/p>\n<p><strong>3) Pintan las alcantarillas para prevenir las plagas de cucarachas:<\/strong> Este verano se prev\u00e9 una avalancha de cucarachas en la mayor\u00eda de ciudades espa\u00f1olas, como consecuencia de<strong> la humedad<\/strong> que han generado las continuas lluvias que han ca\u00eddo en los \u00faltimos meses. Esa humedad, unida al <strong>aumento del calor<\/strong> en los meses de verano, har\u00e1 que estos insectos salgan de sus escondites para buscar lugares m\u00e1s frescos en los que cobijarse.<\/p>\n<p>As\u00ed lo ha adelantado la Asociaci\u00f3n Nacional de Empresas de Sanidad Ambiental (Anecpla), que ha recordado que las cucarachas no s\u00f3lo producen bastante asco en la mayor\u00eda de las personas, sino que tambi\u00e9n <strong>transmiten numerosas enfermedades<\/strong>. Por ejemplo, son responsables de las alergias por \u00e1caros de polvo y tambi\u00e9n contaminan los alimentos, lo que puede producir salmonelosis o disenter\u00eda.<\/p>\n<p>Para anticiparse a todos esos problemas, los ayuntamientos de M\u00e1laga o Valencia <a href=\"http:\/\/www.cope.es\/noticias\/mediodia-cope\/los-expertos-avisan-ante-plaga-cucarachas-este-verano-que-hacer_225780\" class=\"broken_link\">han empezado a pintar las alcantarillas<\/a> con <strong>un compuesto especial que es capaz de acabar con las cucarachas<\/strong>. Al parecer, esta pintura especial ya est\u00e1 dando muy buenos resultados en otras ciudades del mundo, como Abu Dabi, donde llevan tres a\u00f1os sin rastro de cucarachas.<\/p>\n<p><img decoding=\"async\" loading=\"lazy\" class=\"aligncenter wp-image-1187 size-full\" src=\"https:\/\/www.serbis.es\/serbis\/blog\/wp-content\/uploads\/cucarachas-alcantarillas.jpg\" alt=\"saneamiento-plagas-cucarachas\" width=\"600\" height=\"300\" srcset=\"https:\/\/www.serbis.es\/serbis\/blog\/wp-content\/uploads\/cucarachas-alcantarillas.jpg 600w, https:\/\/www.serbis.es\/serbis\/blog\/wp-content\/uploads\/cucarachas-alcantarillas-300x150.jpg 300w, https:\/\/www.serbis.es\/serbis\/blog\/wp-content\/uploads\/cucarachas-alcantarillas-370x185.jpg 370w\" sizes=\"(max-width: 600px) 100vw, 600px\" \/><\/p>\n<p><strong>4) Pillan a un tipo en Asturias con una tapa de alcantarilla en la maleta:<\/strong> El robo de las tapas del alcantarillado es una pr\u00e1ctica relativamente habitual en muchos pa\u00edses en v\u00edas de desarrollo. Pero <strong>en Espa\u00f1a es mucho menos com\u00fan<\/strong>, como tambi\u00e9n es muy poco frecuente que quienes se dedican a sustraer las tapas de registro despu\u00e9s las transporten en una maleta.<\/p>\n<p>Pero, tal como se explica en <a href=\"http:\/\/www.elcomercio.es\/aviles\/sorprendido-diez-tapas-20180612001417-ntvo.html\">esta noticia<\/a>, eso es precisamente lo que ha sucedido en Avil\u00e9s (Asturias), donde la polic\u00eda local ha pillado <em>in fraganti<\/em> a un tipo de 42 a\u00f1os que <strong>llevaba hasta 10 tapas diferentes dentro de su maleta<\/strong>: una del alcantarillado p\u00fablico, seis del alumbrado, dos de agua y otra de gas. Los agentes tambi\u00e9n se incautaron de un cortafr\u00edo, que el ladr\u00f3n utilizaba para retirar las tapas.<\/p>\n<p><img decoding=\"async\" loading=\"lazy\" class=\"aligncenter wp-image-1189 size-full\" src=\"https:\/\/www.serbis.es\/serbis\/blog\/wp-content\/uploads\/tapas-alcantarillas.jpg\" alt=\"saneamiento-tapas-alcantarillas\" width=\"600\" height=\"300\" srcset=\"https:\/\/www.serbis.es\/serbis\/blog\/wp-content\/uploads\/tapas-alcantarillas.jpg 600w, https:\/\/www.serbis.es\/serbis\/blog\/wp-content\/uploads\/tapas-alcantarillas-300x150.jpg 300w, https:\/\/www.serbis.es\/serbis\/blog\/wp-content\/uploads\/tapas-alcantarillas-370x185.jpg 370w\" sizes=\"(max-width: 600px) 100vw, 600px\" \/><\/p>\n<p class=\"western\">Si quieres contarnos algo puedes llamarnos al <strong>n\u00famero de tel\u00e9fono <\/strong><strong>91 610 62 53<\/strong> y si te gusta estar informado de las noticias nacionales e internacionales m\u00e1s interesantes de las industrias de la pocer\u00eda, el alcantarillado y el saneamiento de aguas fecales, visita <a href=\"https:\/\/www.serbis.es\/\" target=\"_blank\" rel=\"noopener\"><strong>Serbis.es<\/strong><\/a> y <strong>s\u00edguenos en las redes sociales<\/strong>:<\/p>\n<p><a href=\"https:\/\/www.facebook.com\/SerbisPoceria\/\" rel=\"attachment wp-att-691\" class=\"broken_link\"><img decoding=\"async\" loading=\"lazy\" class=\"size-full wp-image-691\" src=\"https:\/\/www.serbis.es\/serbis\/blog\/wp-content\/uploads\/facebook.jpg\" alt=\"facebook\" width=\"113\" height=\"111\" \/><\/a><\/p>\n<p>&nbsp;<\/p>\n<p><a href=\"https:\/\/twitter.com\/serbis_poceria\" rel=\"attachment wp-att-692\"><img decoding=\"async\" loading=\"lazy\" class=\"size-full wp-image-692\" src=\"https:\/\/www.serbis.es\/serbis\/blog\/wp-content\/uploads\/twitter.jpg\" alt=\"twitter\" width=\"113\" height=\"111\" \/><\/a><\/p>\n<p>&nbsp;<\/p>\n<p><a href=\"https:\/\/es.linkedin.com\/company\/poceria-serbis\" rel=\"attachment wp-att-693\"><img decoding=\"async\" loading=\"lazy\" class=\"size-full wp-image-693 alignleft\" src=\"https:\/\/www.serbis.es\/serbis\/blog\/wp-content\/uploads\/linkedin.jpg\" alt=\"linkedin\" width=\"113\" height=\"111\" \/><\/a><\/p>\n<p>&nbsp;<\/p>\n<p>&nbsp;<\/p>\n<p>&nbsp;<\/p>\n<p>&nbsp;<\/p>\n<p><a href=\"https:\/\/www.youtube.com\/channel\/UCSIAPGXKlWyOmHRZo9YCpBQ\" rel=\"attachment wp-att-694\"><img decoding=\"async\" loading=\"lazy\" class=\"size-full wp-image-694 alignleft\" src=\"https:\/\/www.serbis.es\/serbis\/blog\/wp-content\/uploads\/youtube.jpg\" alt=\"youtube\" width=\"113\" height=\"111\" \/><\/a><\/p>\n<p>&nbsp;<\/p>\n<p>&nbsp;<\/p>\n<p>&nbsp;<\/p>\n<p>&nbsp;<\/p>\n<p><a href=\"https:\/\/vimeo.com\/user9248661\" rel=\"attachment wp-att-696\"><img decoding=\"async\" loading=\"lazy\" class=\"size-full wp-image-696 alignleft\" src=\"https:\/\/www.serbis.es\/serbis\/blog\/wp-content\/uploads\/vimeo.jpg\" alt=\"vimeo\" width=\"113\" height=\"111\" \/><\/a><\/p>\n<p>&nbsp;<\/p>\n<p>&nbsp;<\/p>\n<p>&nbsp;<\/p>\n<p>&nbsp;<\/p>\n<p><a href=\"https:\/\/www.flickr.com\/photos\/155074596@N06\/\" rel=\"attachment wp-att-698\"><img decoding=\"async\" loading=\"lazy\" class=\"size-full wp-image-698 alignleft\" src=\"https:\/\/www.serbis.es\/serbis\/blog\/wp-content\/uploads\/flickr.jpg\" alt=\"flickr\" width=\"113\" height=\"111\" \/><\/a><\/p>\n<p>&nbsp;<\/p>\n<p>&nbsp;<\/p>\n<p>&nbsp;<\/p>\n<p>&nbsp;<\/p>\n<p><a href=\"https:\/\/www.pinterest.es\/pin\/133348838938250902\/\" rel=\"attachment wp-att-697\"><img decoding=\"async\" loading=\"lazy\" class=\"size-full wp-image-697 alignleft\" src=\"https:\/\/www.serbis.es\/serbis\/blog\/wp-content\/uploads\/pinterest.jpg\" alt=\"pinterest\" width=\"113\" height=\"111\" \/><\/a><\/p>\n","protected":false},"excerpt":{"rendered":"<p>La \u00faltima semana ha estado marcada por las siguientes noticias en el \u00e1mbito del saneamiento de aguas residuales, la pocer\u00eda, las alcantarillas, los desatascos y los desatrancos: 1) La depuraci\u00f3n de aguas residuales en Espa\u00f1a se estanca:\u00a0Espa\u00f1a tendr\u00e1 que aumentar sus inversiones en estaciones depuradoras de aguas residuales (EDAR) durante los pr\u00f3ximos a\u00f1os para cumplir [&hellip;]<\/p>\n","protected":false},"author":3,"featured_media":1189,"comment_status":"open","ping_status":"open","sticky":false,"template":"","format":"standard","meta":{"_mi_skip_tracking":false,"_monsterinsights_sitenote_active":false,"_monsterinsights_sitenote_note":"","_monsterinsights_sitenote_category":0},"categories":[17,5,2,25,32,19],"tags":[75,22,61,275,59,60,252,40,245,109],"yoast_head":"<!-- This site is optimized with the Yoast SEO plugin v20.10 - https:\/\/yoast.com\/wordpress\/plugins\/seo\/ -->\n<title>El verano pone a prueba el estado del saneamiento en Espa\u00f1a - Blog de Serbis<\/title>\n<meta name=\"robots\" content=\"index, follow, max-snippet:-1, max-image-preview:large, max-video-preview:-1\" \/>\n<link rel=\"canonical\" href=\"https:\/\/www.serbis.es\/serbis\/blog\/verano-saneamiento-aguas-residuales\/\" \/>\n<meta property=\"og:locale\" content=\"es_ES\" \/>\n<meta property=\"og:type\" content=\"article\" \/>\n<meta property=\"og:title\" content=\"El verano pone a prueba el estado del saneamiento en Espa\u00f1a - Blog de Serbis\" \/>\n<meta property=\"og:description\" content=\"La \u00faltima semana ha estado marcada por las siguientes noticias en el \u00e1mbito del saneamiento de aguas residuales, la pocer\u00eda, las alcantarillas, los desatascos y los desatrancos: 1) La depuraci\u00f3n de aguas residuales en Espa\u00f1a se estanca:\u00a0Espa\u00f1a tendr\u00e1 que aumentar sus inversiones en estaciones depuradoras de aguas residuales (EDAR) durante los pr\u00f3ximos a\u00f1os para cumplir [&hellip;]\" \/>\n<meta property=\"og:url\" content=\"https:\/\/www.serbis.es\/serbis\/blog\/verano-saneamiento-aguas-residuales\/\" \/>\n<meta property=\"og:site_name\" content=\"Blog de Serbis\" \/>\n<meta property=\"article:author\" content=\"https:\/\/www.facebook.com\/SerbisPoceria\/\" \/>\n<meta property=\"article:published_time\" content=\"2018-06-14T07:51:49+00:00\" \/>\n<meta property=\"og:image\" content=\"https:\/\/www.serbis.es\/serbis\/blog\/wp-content\/uploads\/tapas-alcantarillas.jpg\" \/>\n\t<meta property=\"og:image:width\" content=\"600\" \/>\n\t<meta property=\"og:image:height\" content=\"300\" \/>\n\t<meta property=\"og:image:type\" content=\"image\/jpeg\" \/>\n<meta name=\"author\" content=\"Serbis Pocer\u00eda\" \/>\n<meta name=\"twitter:label1\" content=\"Escrito por\" \/>\n\t<meta name=\"twitter:data1\" content=\"Serbis Pocer\u00eda\" \/>\n\t<meta name=\"twitter:label2\" content=\"Tiempo de lectura\" \/>\n\t<meta name=\"twitter:data2\" content=\"4 minutos\" \/>\n<script type=\"application\/ld+json\" class=\"yoast-schema-graph\">{\"@context\":\"https:\/\/schema.org\",\"@graph\":[{\"@type\":\"WebPage\",\"@id\":\"https:\/\/www.serbis.es\/serbis\/blog\/verano-saneamiento-aguas-residuales\/\",\"url\":\"https:\/\/www.serbis.es\/serbis\/blog\/verano-saneamiento-aguas-residuales\/\",\"name\":\"El verano pone a prueba el estado del saneamiento en Espa\u00f1a - Blog de Serbis\",\"isPartOf\":{\"@id\":\"https:\/\/www.serbis.es\/serbis\/blog\/#website\"},\"datePublished\":\"2018-06-14T07:51:49+00:00\",\"dateModified\":\"2018-06-14T07:51:49+00:00\",\"author\":{\"@id\":\"https:\/\/www.serbis.es\/serbis\/blog\/#\/schema\/person\/449002ed602088d1463cc28957dee9ea\"},\"breadcrumb\":{\"@id\":\"https:\/\/www.serbis.es\/serbis\/blog\/verano-saneamiento-aguas-residuales\/#breadcrumb\"},\"inLanguage\":\"es\",\"potentialAction\":[{\"@type\":\"ReadAction\",\"target\":[\"https:\/\/www.serbis.es\/serbis\/blog\/verano-saneamiento-aguas-residuales\/\"]}]},{\"@type\":\"BreadcrumbList\",\"@id\":\"https:\/\/www.serbis.es\/serbis\/blog\/verano-saneamiento-aguas-residuales\/#breadcrumb\",\"itemListElement\":[{\"@type\":\"ListItem\",\"position\":1,\"name\":\"Portada\",\"item\":\"https:\/\/www.serbis.es\/serbis\/blog\/\"},{\"@type\":\"ListItem\",\"position\":2,\"name\":\"El verano pone a prueba el estado del saneamiento en Espa\u00f1a\"}]},{\"@type\":\"WebSite\",\"@id\":\"https:\/\/www.serbis.es\/serbis\/blog\/#website\",\"url\":\"https:\/\/www.serbis.es\/serbis\/blog\/\",\"name\":\"Blog de Serbis\",\"description\":\"l\u00edderes en Espa\u00f1a en saneamiento de aguas con servicios de pocer\u00eda tradicional y sin zanjas\",\"potentialAction\":[{\"@type\":\"SearchAction\",\"target\":{\"@type\":\"EntryPoint\",\"urlTemplate\":\"https:\/\/www.serbis.es\/serbis\/blog\/?s={search_term_string}\"},\"query-input\":\"required name=search_term_string\"}],\"inLanguage\":\"es\"},{\"@type\":\"Person\",\"@id\":\"https:\/\/www.serbis.es\/serbis\/blog\/#\/schema\/person\/449002ed602088d1463cc28957dee9ea\",\"name\":\"Serbis Pocer\u00eda\",\"image\":{\"@type\":\"ImageObject\",\"inLanguage\":\"es\",\"@id\":\"https:\/\/www.serbis.es\/serbis\/blog\/#\/schema\/person\/image\/\",\"url\":\"https:\/\/secure.gravatar.com\/avatar\/1b95962073fbda6a54be252a727db96a?s=96&d=mm&r=g\",\"contentUrl\":\"https:\/\/secure.gravatar.com\/avatar\/1b95962073fbda6a54be252a727db96a?s=96&d=mm&r=g\",\"caption\":\"Serbis Pocer\u00eda\"},\"description\":\"Empresa especializada en soluciones de alcantarillado y saneamiento de agua, con gran experiencia en el sector y conocimiento de t\u00e9cnicas tanto de pocer\u00eda tradicional como de rehabilitaci\u00f3n de tuber\u00edas sin zanjas ni necesidad de obra civil\",\"sameAs\":[\"https:\/\/www.linkedin.com\/company\/poceria-serbis\",\"https:\/\/www.facebook.com\/SerbisPoceria\/\",\"https:\/\/twitter.com\/https:\/\/twitter.com\/serbis_poceria\"],\"url\":\"https:\/\/www.serbis.es\/serbis\/blog\/author\/perio_editor\/\"}]}<\/script>\n<!-- \/ Yoast SEO plugin. -->","yoast_head_json":{"title":"El verano pone a prueba el estado del saneamiento en Espa\u00f1a - Blog de Serbis","robots":{"index":"index","follow":"follow","max-snippet":"max-snippet:-1","max-image-preview":"max-image-preview:large","max-video-preview":"max-video-preview:-1"},"canonical":"https:\/\/www.serbis.es\/serbis\/blog\/verano-saneamiento-aguas-residuales\/","og_locale":"es_ES","og_type":"article","og_title":"El verano pone a prueba el estado del saneamiento en Espa\u00f1a - Blog de Serbis","og_description":"La \u00faltima semana ha estado marcada por las siguientes noticias en el \u00e1mbito del saneamiento de aguas residuales, la pocer\u00eda, las alcantarillas, los desatascos y los desatrancos: 1) La depuraci\u00f3n de aguas residuales en Espa\u00f1a se estanca:\u00a0Espa\u00f1a tendr\u00e1 que aumentar sus inversiones en estaciones depuradoras de aguas residuales (EDAR) durante los pr\u00f3ximos a\u00f1os para cumplir [&hellip;]","og_url":"https:\/\/www.serbis.es\/serbis\/blog\/verano-saneamiento-aguas-residuales\/","og_site_name":"Blog de Serbis","article_author":"https:\/\/www.facebook.com\/SerbisPoceria\/","article_published_time":"2018-06-14T07:51:49+00:00","og_image":[{"width":600,"height":300,"url":"https:\/\/www.serbis.es\/serbis\/blog\/wp-content\/uploads\/tapas-alcantarillas.jpg","type":"image\/jpeg"}],"author":"Serbis Pocer\u00eda","twitter_misc":{"Escrito por":"Serbis Pocer\u00eda","Tiempo de lectura":"4 minutos"},"schema":{"@context":"https:\/\/schema.org","@graph":[{"@type":"WebPage","@id":"https:\/\/www.serbis.es\/serbis\/blog\/verano-saneamiento-aguas-residuales\/","url":"https:\/\/www.serbis.es\/serbis\/blog\/verano-saneamiento-aguas-residuales\/","name":"El verano pone a prueba el estado del saneamiento en Espa\u00f1a - Blog de Serbis","isPartOf":{"@id":"https:\/\/www.serbis.es\/serbis\/blog\/#website"},"datePublished":"2018-06-14T07:51:49+00:00","dateModified":"2018-06-14T07:51:49+00:00","author":{"@id":"https:\/\/www.serbis.es\/serbis\/blog\/#\/schema\/person\/449002ed602088d1463cc28957dee9ea"},"breadcrumb":{"@id":"https:\/\/www.serbis.es\/serbis\/blog\/verano-saneamiento-aguas-residuales\/#breadcrumb"},"inLanguage":"es","potentialAction":[{"@type":"ReadAction","target":["https:\/\/www.serbis.es\/serbis\/blog\/verano-saneamiento-aguas-residuales\/"]}]},{"@type":"BreadcrumbList","@id":"https:\/\/www.serbis.es\/serbis\/blog\/verano-saneamiento-aguas-residuales\/#breadcrumb","itemListElement":[{"@type":"ListItem","position":1,"name":"Portada","item":"https:\/\/www.serbis.es\/serbis\/blog\/"},{"@type":"ListItem","position":2,"name":"El verano pone a prueba el estado del saneamiento en Espa\u00f1a"}]},{"@type":"WebSite","@id":"https:\/\/www.serbis.es\/serbis\/blog\/#website","url":"https:\/\/www.serbis.es\/serbis\/blog\/","name":"Blog de Serbis","description":"l\u00edderes en Espa\u00f1a en saneamiento de aguas con servicios de pocer\u00eda tradicional y sin zanjas","potentialAction":[{"@type":"SearchAction","target":{"@type":"EntryPoint","urlTemplate":"https:\/\/www.serbis.es\/serbis\/blog\/?s={search_term_string}"},"query-input":"required name=search_term_string"}],"inLanguage":"es"},{"@type":"Person","@id":"https:\/\/www.serbis.es\/serbis\/blog\/#\/schema\/person\/449002ed602088d1463cc28957dee9ea","name":"Serbis Pocer\u00eda","image":{"@type":"ImageObject","inLanguage":"es","@id":"https:\/\/www.serbis.es\/serbis\/blog\/#\/schema\/person\/image\/","url":"https:\/\/secure.gravatar.com\/avatar\/1b95962073fbda6a54be252a727db96a?s=96&d=mm&r=g","contentUrl":"https:\/\/secure.gravatar.com\/avatar\/1b95962073fbda6a54be252a727db96a?s=96&d=mm&r=g","caption":"Serbis Pocer\u00eda"},"description":"Empresa especializada en soluciones de alcantarillado y saneamiento de agua, con gran experiencia en el sector y conocimiento de t\u00e9cnicas tanto de pocer\u00eda tradicional como de rehabilitaci\u00f3n de tuber\u00edas sin zanjas ni necesidad de obra civil","sameAs":["https:\/\/www.linkedin.com\/company\/poceria-serbis","https:\/\/www.facebook.com\/SerbisPoceria\/","https:\/\/twitter.com\/https:\/\/twitter.com\/serbis_poceria"],"url":"https:\/\/www.serbis.es\/serbis\/blog\/author\/perio_editor\/"}]}},"_links":{"self":[{"href":"https:\/\/www.serbis.es\/serbis\/blog\/wp-json\/wp\/v2\/posts\/1182"}],"collection":[{"href":"https:\/\/www.serbis.es\/serbis\/blog\/wp-json\/wp\/v2\/posts"}],"about":[{"href":"https:\/\/www.serbis.es\/serbis\/blog\/wp-json\/wp\/v2\/types\/post"}],"author":[{"embeddable":true,"href":"https:\/\/www.serbis.es\/serbis\/blog\/wp-json\/wp\/v2\/users\/3"}],"replies":[{"embeddable":true,"href":"https:\/\/www.serbis.es\/serbis\/blog\/wp-json\/wp\/v2\/comments?post=1182"}],"version-history":[{"count":5,"href":"https:\/\/www.serbis.es\/serbis\/blog\/wp-json\/wp\/v2\/posts\/1182\/revisions"}],"predecessor-version":[{"id":1191,"href":"https:\/\/www.serbis.es\/serbis\/blog\/wp-json\/wp\/v2\/posts\/1182\/revisions\/1191"}],"wp:featuredmedia":[{"embeddable":true,"href":"https:\/\/www.serbis.es\/serbis\/blog\/wp-json\/wp\/v2\/media\/1189"}],"wp:attachment":[{"href":"https:\/\/www.serbis.es\/serbis\/blog\/wp-json\/wp\/v2\/media?parent=1182"}],"wp:term":[{"taxonomy":"category","embeddable":true,"href":"https:\/\/www.serbis.es\/serbis\/blog\/wp-json\/wp\/v2\/categories?post=1182"},{"taxonomy":"post_tag","embeddable":true,"href":"https:\/\/www.serbis.es\/serbis\/blog\/wp-json\/wp\/v2\/tags?post=1182"}],"curies":[{"name":"wp","href":"https:\/\/api.w.org\/{rel}","templated":true}]}}