{"id":1223,"date":"2018-07-05T12:30:35","date_gmt":"2018-07-05T12:30:35","guid":{"rendered":"https:\/\/www.serbis.es\/serbis\/blog\/?p=1223"},"modified":"2018-07-05T12:30:35","modified_gmt":"2018-07-05T12:30:35","slug":"saneamiento-marca-espana","status":"publish","type":"post","link":"https:\/\/www.serbis.es\/serbis\/blog\/saneamiento-marca-espana\/","title":{"rendered":"Exportar saneamiento tambi\u00e9n es Marca Espa\u00f1a"},"content":{"rendered":"<p>La \u00faltima semana ha estado marcada por las siguientes noticias en el \u00e1mbito del saneamiento de aguas residuales, la pocer\u00eda, las alcantarillas, los desatascos y los desatrancos:<\/p>\n<p><strong>1) Espa\u00f1a facilita el saneamiento a 3.700 salvadore\u00f1os:\u00a0<\/strong>El Fondo de Cooperaci\u00f3n para Agua y Saneamiento, financiado por Espa\u00f1a, tiene entre sus objetivos democratizar el acceso al abastecimiento de agua potable y al saneamiento de aguas residuales en <strong>las zonas m\u00e1s olvidadas de Latinoam\u00e9rica<\/strong>.<\/p>\n<p>El \u00faltimo ejemplo lo hemos encontrado en El Salvador, donde la cooperaci\u00f3n espa\u00f1ola va a destinar 1,6 millones de euros a la construcci\u00f3n de <strong>45 kil\u00f3metros de tuber\u00edas, 944 m\u00f3dulos sanitarios y una planta de tratamiento de aguas residuales<\/strong>. Todo ello mejorar\u00e1 las vidas de m\u00e1s de 3.700 personas, tal como explican en <a href=\"https:\/\/www.aguasresiduales.info\/revista\/noticias\/cooperacion-espanola-facilita-agua-potable-y-saneamiento-a-mas-de-3700-personas-en-el-yGvIr\">este art\u00edculo<\/a>.<\/p>\n<p><img decoding=\"async\" loading=\"lazy\" class=\"aligncenter size-full wp-image-1224\" src=\"https:\/\/www.serbis.es\/serbis\/blog\/wp-content\/uploads\/saneamiento-aguas-residuales-cooperacion.jpg\" alt=\"\" width=\"600\" height=\"300\" srcset=\"https:\/\/www.serbis.es\/serbis\/blog\/wp-content\/uploads\/saneamiento-aguas-residuales-cooperacion.jpg 600w, https:\/\/www.serbis.es\/serbis\/blog\/wp-content\/uploads\/saneamiento-aguas-residuales-cooperacion-300x150.jpg 300w, https:\/\/www.serbis.es\/serbis\/blog\/wp-content\/uploads\/saneamiento-aguas-residuales-cooperacion-370x185.jpg 370w\" sizes=\"(max-width: 600px) 100vw, 600px\" \/><\/p>\n<p><strong>2) Evitar atascos y atrancos en las tuber\u00edas: <\/strong>Son muchos los factores que derivan en la formaci\u00f3n de atascos y atrancos en las tuber\u00edas que integran la <strong>red de saneamiento de aguas residuales y alcantarillado<\/strong>. La mejor opci\u00f3n para prevenirlos es contratar los <a href=\"https:\/\/www.serbis.es\/servicio-mantenimientos-limpiezas.php\" class=\"broken_link\">servicios de mantenimiento de Serbis Pocer\u00eda<\/a>, que incluyen un estudio en profundidad del estado de las ca\u00f1er\u00edas y, en caso de ser necesario, la <strong>limpieza a presi\u00f3n<\/strong> de las mismas por parte de nuestros poceros profesionales y sus modernas herramientas tecnol\u00f3gicas.<\/p>\n<p>Tal como explican en <a href=\"https:\/\/www.vanguardia.com.mx\/articulo\/como-prevenir-atascos-en-las-tuberias\">este art\u00edculo<\/a>, muchos de los atascos y atrancos que se producen son consecuencia de <strong>errores en las instalaciones<\/strong>, ya sea porque las tuber\u00edas se han colocado sin la pendiente suficiente, porque los desag\u00fces tienen poca secci\u00f3n o porque hay derivaciones desde la llave de paso. Adem\u00e1s, el <strong>paso del tiempo<\/strong> puede provocar la aparici\u00f3n de adherencias, altos \u00edndices de cal en el agua y formaci\u00f3n de ra\u00edces, sin olvidar tampoco el <strong>mal uso<\/strong> que muchas personas hacen de los sistemas de saneamiento, a los que arrojan toallitas h\u00famedas y todo tipo de basura, detergentes, pelos o l\u00edquidos no apropiados.<\/p>\n<p><img decoding=\"async\" loading=\"lazy\" class=\"aligncenter size-full wp-image-1227\" src=\"https:\/\/www.serbis.es\/serbis\/blog\/wp-content\/uploads\/evitar-atascos-atrancos.jpg\" alt=\"\" width=\"600\" height=\"300\" srcset=\"https:\/\/www.serbis.es\/serbis\/blog\/wp-content\/uploads\/evitar-atascos-atrancos.jpg 600w, https:\/\/www.serbis.es\/serbis\/blog\/wp-content\/uploads\/evitar-atascos-atrancos-300x150.jpg 300w, https:\/\/www.serbis.es\/serbis\/blog\/wp-content\/uploads\/evitar-atascos-atrancos-370x185.jpg 370w\" sizes=\"(max-width: 600px) 100vw, 600px\" \/><\/p>\n<p><strong>3) Una alcantarilla vierte aguas fecales junto a una potabilizadora de Orense:<\/strong> Al parecer, <strong>una acometida privada com\u00fan de desag\u00fce<\/strong> es la responsable de que una alcantarilla est\u00e9 vertiendo aguas fecales junto a una planta potabilizadora y un parque infantil de Orense. As\u00ed lo han determinado los t\u00e9cnicos de la empresa que gestiona la red de saneamiento de la ciudad, que consideran que la rotura de esta toma es la causa de que <strong>se est\u00e9 colando tierra en el sistema<\/strong>, que ha terminado por atascarse.<\/p>\n<p>Tal como explican en <a href=\"http:\/\/cadenaser.com\/emisora\/2018\/07\/04\/radio_ourense\/1530723855_154519.html\">este art\u00edculo<\/a>, la ley determina que son <strong>los propietarios de las viviendas<\/strong> situadas en el \u00e1rea afectada los que tendr\u00e1n que costear la soluci\u00f3n del problema a la mayor celeridad posible, por tratarse de <strong>un tema de salud p\u00fablica<\/strong>. Pese a ello, la fuga tambi\u00e9n ha derivado en un enfrentamiento en el Ayuntamiento de Orense, entre el partido que actualmente ostenta el gobierno municipal y los grupos de la oposici\u00f3n.<\/p>\n<p><img decoding=\"async\" loading=\"lazy\" class=\"aligncenter size-full wp-image-1229\" src=\"https:\/\/www.serbis.es\/serbis\/blog\/wp-content\/uploads\/fuga-aguas-fecales-alcantarilla-orense.jpg\" alt=\"\" width=\"600\" height=\"300\" srcset=\"https:\/\/www.serbis.es\/serbis\/blog\/wp-content\/uploads\/fuga-aguas-fecales-alcantarilla-orense.jpg 600w, https:\/\/www.serbis.es\/serbis\/blog\/wp-content\/uploads\/fuga-aguas-fecales-alcantarilla-orense-300x150.jpg 300w, https:\/\/www.serbis.es\/serbis\/blog\/wp-content\/uploads\/fuga-aguas-fecales-alcantarilla-orense-370x185.jpg 370w\" sizes=\"(max-width: 600px) 100vw, 600px\" \/><\/p>\n<p class=\"western\">Si quieres contarnos algo puedes llamarnos al <strong>n\u00famero de tel\u00e9fono <\/strong><strong>91 610 62 53<\/strong> y si te gusta estar informado de las noticias nacionales e internacionales m\u00e1s interesantes de las industrias de la pocer\u00eda, el alcantarillado y el saneamiento de aguas fecales, visita <a href=\"https:\/\/www.serbis.es\/\" target=\"_blank\" rel=\"noopener\"><strong>Serbis.es<\/strong><\/a> y <strong>s\u00edguenos en las redes sociales<\/strong>:<\/p>\n<p><a href=\"https:\/\/www.facebook.com\/SerbisPoceria\/\" rel=\"attachment wp-att-691\" class=\"broken_link\"><img decoding=\"async\" loading=\"lazy\" class=\"size-full wp-image-691\" src=\"https:\/\/www.serbis.es\/serbis\/blog\/wp-content\/uploads\/facebook.jpg\" alt=\"facebook\" width=\"113\" height=\"111\" \/><\/a><\/p>\n<p>&nbsp;<\/p>\n<p><a href=\"https:\/\/twitter.com\/serbis_poceria\" rel=\"attachment wp-att-692\"><img decoding=\"async\" loading=\"lazy\" class=\"size-full wp-image-692\" src=\"https:\/\/www.serbis.es\/serbis\/blog\/wp-content\/uploads\/twitter.jpg\" alt=\"twitter\" width=\"113\" height=\"111\" \/><\/a><\/p>\n<p>&nbsp;<\/p>\n<p><a href=\"https:\/\/es.linkedin.com\/company\/poceria-serbis\" rel=\"attachment wp-att-693\"><img decoding=\"async\" loading=\"lazy\" class=\"size-full wp-image-693 alignleft\" src=\"https:\/\/www.serbis.es\/serbis\/blog\/wp-content\/uploads\/linkedin.jpg\" alt=\"linkedin\" width=\"113\" height=\"111\" \/><\/a><\/p>\n<p>&nbsp;<\/p>\n<p>&nbsp;<\/p>\n<p>&nbsp;<\/p>\n<p>&nbsp;<\/p>\n<p><a href=\"https:\/\/www.youtube.com\/channel\/UCSIAPGXKlWyOmHRZo9YCpBQ\" rel=\"attachment wp-att-694\"><img decoding=\"async\" loading=\"lazy\" class=\"size-full wp-image-694 alignleft\" src=\"https:\/\/www.serbis.es\/serbis\/blog\/wp-content\/uploads\/youtube.jpg\" alt=\"youtube\" width=\"113\" height=\"111\" \/><\/a><\/p>\n<p>&nbsp;<\/p>\n<p>&nbsp;<\/p>\n<p>&nbsp;<\/p>\n<p>&nbsp;<\/p>\n<p><a href=\"https:\/\/vimeo.com\/user9248661\" rel=\"attachment wp-att-696\"><img decoding=\"async\" loading=\"lazy\" class=\"size-full wp-image-696 alignleft\" src=\"https:\/\/www.serbis.es\/serbis\/blog\/wp-content\/uploads\/vimeo.jpg\" alt=\"vimeo\" width=\"113\" height=\"111\" \/><\/a><\/p>\n<p>&nbsp;<\/p>\n<p>&nbsp;<\/p>\n<p>&nbsp;<\/p>\n<p>&nbsp;<\/p>\n<p><a href=\"https:\/\/www.flickr.com\/photos\/155074596@N06\/\" rel=\"attachment wp-att-698\"><img decoding=\"async\" loading=\"lazy\" class=\"size-full wp-image-698 alignleft\" src=\"https:\/\/www.serbis.es\/serbis\/blog\/wp-content\/uploads\/flickr.jpg\" alt=\"flickr\" width=\"113\" height=\"111\" \/><\/a><\/p>\n<p>&nbsp;<\/p>\n<p>&nbsp;<\/p>\n<p>&nbsp;<\/p>\n<p>&nbsp;<\/p>\n<p><a href=\"https:\/\/www.pinterest.es\/pin\/133348838938250902\/\" rel=\"attachment wp-att-697\"><img decoding=\"async\" loading=\"lazy\" class=\"size-full wp-image-697 alignleft\" src=\"https:\/\/www.serbis.es\/serbis\/blog\/wp-content\/uploads\/pinterest.jpg\" alt=\"pinterest\" width=\"113\" height=\"111\" \/><\/a><\/p>\n","protected":false},"excerpt":{"rendered":"<p>La \u00faltima semana ha estado marcada por las siguientes noticias en el \u00e1mbito del saneamiento de aguas residuales, la pocer\u00eda, las alcantarillas, los desatascos y los desatrancos: 1) Espa\u00f1a facilita el saneamiento a 3.700 salvadore\u00f1os:\u00a0El Fondo de Cooperaci\u00f3n para Agua y Saneamiento, financiado por Espa\u00f1a, tiene entre sus objetivos democratizar el acceso al abastecimiento de [&hellip;]<\/p>\n","protected":false},"author":3,"featured_media":1231,"comment_status":"open","ping_status":"open","sticky":false,"template":"","format":"standard","meta":{"_mi_skip_tracking":false,"_monsterinsights_sitenote_active":false,"_monsterinsights_sitenote_note":"","_monsterinsights_sitenote_category":0},"categories":[29,4,17,5,2,32],"tags":[111,75,22,61,175,176,44,40],"yoast_head":"<!-- This site is optimized with the Yoast SEO plugin v20.10 - https:\/\/yoast.com\/wordpress\/plugins\/seo\/ -->\n<title>Exportar saneamiento tambi\u00e9n es Marca Espa\u00f1a - Blog de Serbis<\/title>\n<meta name=\"robots\" content=\"index, follow, max-snippet:-1, max-image-preview:large, max-video-preview:-1\" \/>\n<link rel=\"canonical\" href=\"https:\/\/www.serbis.es\/serbis\/blog\/saneamiento-marca-espana\/\" \/>\n<meta property=\"og:locale\" content=\"es_ES\" \/>\n<meta property=\"og:type\" content=\"article\" \/>\n<meta property=\"og:title\" content=\"Exportar saneamiento tambi\u00e9n es Marca Espa\u00f1a - Blog de Serbis\" \/>\n<meta property=\"og:description\" content=\"La \u00faltima semana ha estado marcada por las siguientes noticias en el \u00e1mbito del saneamiento de aguas residuales, la pocer\u00eda, las alcantarillas, los desatascos y los desatrancos: 1) Espa\u00f1a facilita el saneamiento a 3.700 salvadore\u00f1os:\u00a0El Fondo de Cooperaci\u00f3n para Agua y Saneamiento, financiado por Espa\u00f1a, tiene entre sus objetivos democratizar el acceso al abastecimiento de [&hellip;]\" \/>\n<meta property=\"og:url\" content=\"https:\/\/www.serbis.es\/serbis\/blog\/saneamiento-marca-espana\/\" \/>\n<meta property=\"og:site_name\" content=\"Blog de Serbis\" \/>\n<meta property=\"article:author\" content=\"https:\/\/www.facebook.com\/SerbisPoceria\/\" \/>\n<meta property=\"article:published_time\" content=\"2018-07-05T12:30:35+00:00\" \/>\n<meta property=\"og:image\" content=\"https:\/\/www.serbis.es\/serbis\/blog\/wp-content\/uploads\/saneamiento-espaa.jpg\" \/>\n\t<meta property=\"og:image:width\" content=\"600\" \/>\n\t<meta property=\"og:image:height\" content=\"300\" \/>\n\t<meta property=\"og:image:type\" content=\"image\/jpeg\" \/>\n<meta name=\"author\" content=\"Serbis Pocer\u00eda\" \/>\n<meta name=\"twitter:label1\" content=\"Escrito por\" \/>\n\t<meta name=\"twitter:data1\" content=\"Serbis Pocer\u00eda\" \/>\n\t<meta name=\"twitter:label2\" content=\"Tiempo de lectura\" \/>\n\t<meta name=\"twitter:data2\" content=\"3 minutos\" \/>\n<script type=\"application\/ld+json\" class=\"yoast-schema-graph\">{\"@context\":\"https:\/\/schema.org\",\"@graph\":[{\"@type\":\"WebPage\",\"@id\":\"https:\/\/www.serbis.es\/serbis\/blog\/saneamiento-marca-espana\/\",\"url\":\"https:\/\/www.serbis.es\/serbis\/blog\/saneamiento-marca-espana\/\",\"name\":\"Exportar saneamiento tambi\u00e9n es Marca Espa\u00f1a - Blog de Serbis\",\"isPartOf\":{\"@id\":\"https:\/\/www.serbis.es\/serbis\/blog\/#website\"},\"datePublished\":\"2018-07-05T12:30:35+00:00\",\"dateModified\":\"2018-07-05T12:30:35+00:00\",\"author\":{\"@id\":\"https:\/\/www.serbis.es\/serbis\/blog\/#\/schema\/person\/449002ed602088d1463cc28957dee9ea\"},\"breadcrumb\":{\"@id\":\"https:\/\/www.serbis.es\/serbis\/blog\/saneamiento-marca-espana\/#breadcrumb\"},\"inLanguage\":\"es\",\"potentialAction\":[{\"@type\":\"ReadAction\",\"target\":[\"https:\/\/www.serbis.es\/serbis\/blog\/saneamiento-marca-espana\/\"]}]},{\"@type\":\"BreadcrumbList\",\"@id\":\"https:\/\/www.serbis.es\/serbis\/blog\/saneamiento-marca-espana\/#breadcrumb\",\"itemListElement\":[{\"@type\":\"ListItem\",\"position\":1,\"name\":\"Portada\",\"item\":\"https:\/\/www.serbis.es\/serbis\/blog\/\"},{\"@type\":\"ListItem\",\"position\":2,\"name\":\"Exportar saneamiento tambi\u00e9n es Marca Espa\u00f1a\"}]},{\"@type\":\"WebSite\",\"@id\":\"https:\/\/www.serbis.es\/serbis\/blog\/#website\",\"url\":\"https:\/\/www.serbis.es\/serbis\/blog\/\",\"name\":\"Blog de Serbis\",\"description\":\"l\u00edderes en Espa\u00f1a en saneamiento de aguas con servicios de pocer\u00eda tradicional y sin zanjas\",\"potentialAction\":[{\"@type\":\"SearchAction\",\"target\":{\"@type\":\"EntryPoint\",\"urlTemplate\":\"https:\/\/www.serbis.es\/serbis\/blog\/?s={search_term_string}\"},\"query-input\":\"required name=search_term_string\"}],\"inLanguage\":\"es\"},{\"@type\":\"Person\",\"@id\":\"https:\/\/www.serbis.es\/serbis\/blog\/#\/schema\/person\/449002ed602088d1463cc28957dee9ea\",\"name\":\"Serbis Pocer\u00eda\",\"image\":{\"@type\":\"ImageObject\",\"inLanguage\":\"es\",\"@id\":\"https:\/\/www.serbis.es\/serbis\/blog\/#\/schema\/person\/image\/\",\"url\":\"https:\/\/secure.gravatar.com\/avatar\/1b95962073fbda6a54be252a727db96a?s=96&d=mm&r=g\",\"contentUrl\":\"https:\/\/secure.gravatar.com\/avatar\/1b95962073fbda6a54be252a727db96a?s=96&d=mm&r=g\",\"caption\":\"Serbis Pocer\u00eda\"},\"description\":\"Empresa especializada en soluciones de alcantarillado y saneamiento de agua, con gran experiencia en el sector y conocimiento de t\u00e9cnicas tanto de pocer\u00eda tradicional como de rehabilitaci\u00f3n de tuber\u00edas sin zanjas ni necesidad de obra civil\",\"sameAs\":[\"https:\/\/www.linkedin.com\/company\/poceria-serbis\",\"https:\/\/www.facebook.com\/SerbisPoceria\/\",\"https:\/\/twitter.com\/https:\/\/twitter.com\/serbis_poceria\"],\"url\":\"https:\/\/www.serbis.es\/serbis\/blog\/author\/perio_editor\/\"}]}<\/script>\n<!-- \/ Yoast SEO plugin. -->","yoast_head_json":{"title":"Exportar saneamiento tambi\u00e9n es Marca Espa\u00f1a - Blog de Serbis","robots":{"index":"index","follow":"follow","max-snippet":"max-snippet:-1","max-image-preview":"max-image-preview:large","max-video-preview":"max-video-preview:-1"},"canonical":"https:\/\/www.serbis.es\/serbis\/blog\/saneamiento-marca-espana\/","og_locale":"es_ES","og_type":"article","og_title":"Exportar saneamiento tambi\u00e9n es Marca Espa\u00f1a - Blog de Serbis","og_description":"La \u00faltima semana ha estado marcada por las siguientes noticias en el \u00e1mbito del saneamiento de aguas residuales, la pocer\u00eda, las alcantarillas, los desatascos y los desatrancos: 1) Espa\u00f1a facilita el saneamiento a 3.700 salvadore\u00f1os:\u00a0El Fondo de Cooperaci\u00f3n para Agua y Saneamiento, financiado por Espa\u00f1a, tiene entre sus objetivos democratizar el acceso al abastecimiento de [&hellip;]","og_url":"https:\/\/www.serbis.es\/serbis\/blog\/saneamiento-marca-espana\/","og_site_name":"Blog de Serbis","article_author":"https:\/\/www.facebook.com\/SerbisPoceria\/","article_published_time":"2018-07-05T12:30:35+00:00","og_image":[{"width":600,"height":300,"url":"https:\/\/www.serbis.es\/serbis\/blog\/wp-content\/uploads\/saneamiento-espaa.jpg","type":"image\/jpeg"}],"author":"Serbis Pocer\u00eda","twitter_misc":{"Escrito por":"Serbis Pocer\u00eda","Tiempo de lectura":"3 minutos"},"schema":{"@context":"https:\/\/schema.org","@graph":[{"@type":"WebPage","@id":"https:\/\/www.serbis.es\/serbis\/blog\/saneamiento-marca-espana\/","url":"https:\/\/www.serbis.es\/serbis\/blog\/saneamiento-marca-espana\/","name":"Exportar saneamiento tambi\u00e9n es Marca Espa\u00f1a - Blog de Serbis","isPartOf":{"@id":"https:\/\/www.serbis.es\/serbis\/blog\/#website"},"datePublished":"2018-07-05T12:30:35+00:00","dateModified":"2018-07-05T12:30:35+00:00","author":{"@id":"https:\/\/www.serbis.es\/serbis\/blog\/#\/schema\/person\/449002ed602088d1463cc28957dee9ea"},"breadcrumb":{"@id":"https:\/\/www.serbis.es\/serbis\/blog\/saneamiento-marca-espana\/#breadcrumb"},"inLanguage":"es","potentialAction":[{"@type":"ReadAction","target":["https:\/\/www.serbis.es\/serbis\/blog\/saneamiento-marca-espana\/"]}]},{"@type":"BreadcrumbList","@id":"https:\/\/www.serbis.es\/serbis\/blog\/saneamiento-marca-espana\/#breadcrumb","itemListElement":[{"@type":"ListItem","position":1,"name":"Portada","item":"https:\/\/www.serbis.es\/serbis\/blog\/"},{"@type":"ListItem","position":2,"name":"Exportar saneamiento tambi\u00e9n es Marca Espa\u00f1a"}]},{"@type":"WebSite","@id":"https:\/\/www.serbis.es\/serbis\/blog\/#website","url":"https:\/\/www.serbis.es\/serbis\/blog\/","name":"Blog de Serbis","description":"l\u00edderes en Espa\u00f1a en saneamiento de aguas con servicios de pocer\u00eda tradicional y sin zanjas","potentialAction":[{"@type":"SearchAction","target":{"@type":"EntryPoint","urlTemplate":"https:\/\/www.serbis.es\/serbis\/blog\/?s={search_term_string}"},"query-input":"required name=search_term_string"}],"inLanguage":"es"},{"@type":"Person","@id":"https:\/\/www.serbis.es\/serbis\/blog\/#\/schema\/person\/449002ed602088d1463cc28957dee9ea","name":"Serbis Pocer\u00eda","image":{"@type":"ImageObject","inLanguage":"es","@id":"https:\/\/www.serbis.es\/serbis\/blog\/#\/schema\/person\/image\/","url":"https:\/\/secure.gravatar.com\/avatar\/1b95962073fbda6a54be252a727db96a?s=96&d=mm&r=g","contentUrl":"https:\/\/secure.gravatar.com\/avatar\/1b95962073fbda6a54be252a727db96a?s=96&d=mm&r=g","caption":"Serbis Pocer\u00eda"},"description":"Empresa especializada en soluciones de alcantarillado y saneamiento de agua, con gran experiencia en el sector y conocimiento de t\u00e9cnicas tanto de pocer\u00eda tradicional como de rehabilitaci\u00f3n de tuber\u00edas sin zanjas ni necesidad de obra civil","sameAs":["https:\/\/www.linkedin.com\/company\/poceria-serbis","https:\/\/www.facebook.com\/SerbisPoceria\/","https:\/\/twitter.com\/https:\/\/twitter.com\/serbis_poceria"],"url":"https:\/\/www.serbis.es\/serbis\/blog\/author\/perio_editor\/"}]}},"_links":{"self":[{"href":"https:\/\/www.serbis.es\/serbis\/blog\/wp-json\/wp\/v2\/posts\/1223"}],"collection":[{"href":"https:\/\/www.serbis.es\/serbis\/blog\/wp-json\/wp\/v2\/posts"}],"about":[{"href":"https:\/\/www.serbis.es\/serbis\/blog\/wp-json\/wp\/v2\/types\/post"}],"author":[{"embeddable":true,"href":"https:\/\/www.serbis.es\/serbis\/blog\/wp-json\/wp\/v2\/users\/3"}],"replies":[{"embeddable":true,"href":"https:\/\/www.serbis.es\/serbis\/blog\/wp-json\/wp\/v2\/comments?post=1223"}],"version-history":[{"count":4,"href":"https:\/\/www.serbis.es\/serbis\/blog\/wp-json\/wp\/v2\/posts\/1223\/revisions"}],"predecessor-version":[{"id":1232,"href":"https:\/\/www.serbis.es\/serbis\/blog\/wp-json\/wp\/v2\/posts\/1223\/revisions\/1232"}],"wp:featuredmedia":[{"embeddable":true,"href":"https:\/\/www.serbis.es\/serbis\/blog\/wp-json\/wp\/v2\/media\/1231"}],"wp:attachment":[{"href":"https:\/\/www.serbis.es\/serbis\/blog\/wp-json\/wp\/v2\/media?parent=1223"}],"wp:term":[{"taxonomy":"category","embeddable":true,"href":"https:\/\/www.serbis.es\/serbis\/blog\/wp-json\/wp\/v2\/categories?post=1223"},{"taxonomy":"post_tag","embeddable":true,"href":"https:\/\/www.serbis.es\/serbis\/blog\/wp-json\/wp\/v2\/tags?post=1223"}],"curies":[{"name":"wp","href":"https:\/\/api.w.org\/{rel}","templated":true}]}}