{"id":1251,"date":"2018-07-26T09:02:44","date_gmt":"2018-07-26T09:02:44","guid":{"rendered":"https:\/\/www.serbis.es\/serbis\/blog\/?p=1251"},"modified":"2018-07-26T09:03:23","modified_gmt":"2018-07-26T09:03:23","slug":"europa-multa-aguas-residuales","status":"publish","type":"post","link":"https:\/\/www.serbis.es\/serbis\/blog\/europa-multa-aguas-residuales\/","title":{"rendered":"Europa nos multa por las aguas residuales"},"content":{"rendered":"<p>La \u00faltima semana ha estado marcada por las siguientes noticias en el \u00e1mbito del saneamiento de aguas residuales, la pocer\u00eda, las alcantarillas, los desatascos y los desatrancos:<\/p>\n<p><strong>1) Multazo a Espa\u00f1a por no tratar correctamente sus aguas residuales:<\/strong> La justicia europea ha impuesto a Espa\u00f1a una multa de <strong>12 millones<\/strong> de euros <a href=\"https:\/\/www.abc.es\/sociedad\/abci-justicia-europea-punto-condenar-espana-no-tratar-aguas-residuales-201807250824_noticia.html\">por no tratar adecuadamente sus aguas residuales urbanas<\/a>. A esta importante cantidad de dinero habr\u00e1 que a\u00f1adir una sanci\u00f3n de<strong> 11 millones de euros adicionales <\/strong>por cada semestre que nuestro pa\u00eds siga sin cumplir la legilsaci\u00f3n europea, lo que puede elevar la cifra final de un modo muy considerable.<\/p>\n<p>En concreto, las autoridades europeas detectaron en 2011 que una treintena larga de municipios espa\u00f1oles de m\u00e1s de 15.000 habitantes vert\u00eda\u00a0 sus aguas residuales al medio natural sin ser correctamente tratadas, lo que representaba un riesgo tanto <strong>para la salud p\u00fablica<\/strong> (por la presencia de bacterias y virus) como <strong>para el medio marino<\/strong> (por la proliferaci\u00f3n de algas). Ahora el problema persiste, aunque solo <strong>afecta a 17 localidades<\/strong>. Pero no ser\u00e1n los ayuntamientos responsables los que tendr\u00e1n que hacer frente a la sanci\u00f3n, sino el conjunto del Estado espa\u00f1ol.<\/p>\n<p><img decoding=\"async\" loading=\"lazy\" class=\"aligncenter size-full wp-image-1256\" src=\"https:\/\/www.serbis.es\/serbis\/blog\/wp-content\/uploads\/multa-europa-tratamiento-aguas-residuales.jpg\" alt=\"\" width=\"600\" height=\"300\" srcset=\"https:\/\/www.serbis.es\/serbis\/blog\/wp-content\/uploads\/multa-europa-tratamiento-aguas-residuales.jpg 600w, https:\/\/www.serbis.es\/serbis\/blog\/wp-content\/uploads\/multa-europa-tratamiento-aguas-residuales-300x150.jpg 300w, https:\/\/www.serbis.es\/serbis\/blog\/wp-content\/uploads\/multa-europa-tratamiento-aguas-residuales-370x185.jpg 370w\" sizes=\"(max-width: 600px) 100vw, 600px\" \/><\/p>\n<p><strong>2<\/strong><strong>) El Canal de Isabel II crear\u00e1 300 puestos de trabajo:\u00a0<\/strong>El Canal de Isabel II ha anunciado <a href=\"https:\/\/www.portalparados.es\/oposiciones\/el-canal-de-isabel-ii-convocara-700-plazas-de-empleo-publico-entre-2018-y-19\/\">la creaci\u00f3n de 300 nuevos puestos de trabajo en 2019<\/a>. A esa cifra hay que sumar otras 400 vacantes que este a\u00f1o se cubrir\u00e1n con trabajadores que actualmente son temporales y que pasar\u00e1n a convertirse en fijos. Por tanto, el Canal de Isabel II crear\u00e1 <strong>700 puestos de empleo p\u00fablico estables<\/strong> entre lo que resta de 2018 y 2019.<\/p>\n<p>Se trata de la mayor oferta laboral de la historia del Canal, que tiene m\u00e1s de 2.500 empleados y cuya temporalidad se reducir\u00e1 del 41% al 12%. <strong>Muchos de los puestos de trabajo que se crear\u00e1n estar\u00e1n relacionados con el sector del saneamiento<\/strong>, ya que el Canal de Isabel II es responsable de 14.018 kil\u00f3metros de alcantarillado, 512 kil\u00f3metros de red de agua regenerada, 157 estaciones depuradoras de aguas residuales (EDAR) y 131 estaciones de bombeo de aguas residuales.<\/p>\n<p><img decoding=\"async\" loading=\"lazy\" class=\"aligncenter size-full wp-image-1252\" src=\"https:\/\/www.serbis.es\/serbis\/blog\/wp-content\/uploads\/canal-isabel-ii-empleo.jpg\" alt=\"\" width=\"600\" height=\"300\" srcset=\"https:\/\/www.serbis.es\/serbis\/blog\/wp-content\/uploads\/canal-isabel-ii-empleo.jpg 600w, https:\/\/www.serbis.es\/serbis\/blog\/wp-content\/uploads\/canal-isabel-ii-empleo-300x150.jpg 300w, https:\/\/www.serbis.es\/serbis\/blog\/wp-content\/uploads\/canal-isabel-ii-empleo-370x185.jpg 370w\" sizes=\"(max-width: 600px) 100vw, 600px\" \/><\/p>\n<p><strong>3) Escorpi\u00f3n amarillo, el nuevo terror de las alcantarillas: <\/strong>La deforestaci\u00f3n est\u00e1 trasladando a las ciudades muchos animales que hasta hace poco tiempo viv\u00edan en el campo, sin mantener apenas contacto con las personas. Eso es precisamente lo que est\u00e1 pasando en Brasil con el escorpi\u00f3n amarillo, una especie muy peligrosa, que antes habitaba en la selva y que ahora <strong>sobrevive en las alcantarillas, los desag\u00fces y los vertederos<\/strong>, lugares en los que abundan uno de sus alimentos preferidos: las cucarachas.<\/p>\n<p>Tal como explican en <a href=\"https:\/\/nmas1.org\/news\/2018\/07\/17\/escorpiones-brasil-ciencia-tecno\">esta noticia<\/a>, la llegada de estos peligrosos animales a las ciudades brasile\u00f1as <strong>ha duplicado el n\u00famero de muertes por picadura de escorpi\u00f3n<\/strong> durante los \u00faltimos cuatro a\u00f1os. Lo m\u00e1s preocupante es que la poblaci\u00f3n infantil es la m\u00e1s vulnerable a la picadura de estos insectos y que la cantidad de vacunas disponible en los hospitales de Brasil es muy limitada, lo que est\u00e1 generando una gran alarma en el pa\u00eds sudamericano.<\/p>\n<p>Lo peor de todo es que se espera que el problema siga creciendo durante los pr\u00f3ximos a\u00f1os, ya que la poblaci\u00f3n del escorpi\u00f3n amarillo tiende a aumentar r\u00e1pidamente por tratarse de<strong> una especie dominante, colonizadora y muy adaptable<\/strong>. Para colmo, las hembras son capaces de autorreproducirse sin necesidad de un macho.<\/p>\n<p><img decoding=\"async\" loading=\"lazy\" class=\"aligncenter size-full wp-image-1254\" src=\"https:\/\/www.serbis.es\/serbis\/blog\/wp-content\/uploads\/escorpion-amarillo.jpg\" alt=\"\" width=\"600\" height=\"300\" srcset=\"https:\/\/www.serbis.es\/serbis\/blog\/wp-content\/uploads\/escorpion-amarillo.jpg 600w, https:\/\/www.serbis.es\/serbis\/blog\/wp-content\/uploads\/escorpion-amarillo-300x150.jpg 300w, https:\/\/www.serbis.es\/serbis\/blog\/wp-content\/uploads\/escorpion-amarillo-370x185.jpg 370w\" sizes=\"(max-width: 600px) 100vw, 600px\" \/><\/p>\n<p class=\"western\">Si quieres contarnos algo puedes llamarnos al <strong>n\u00famero de tel\u00e9fono <\/strong><strong>91 610 62 53<\/strong> y si te gusta estar informado de las noticias nacionales e internacionales m\u00e1s interesantes de las industrias de la pocer\u00eda, el alcantarillado y el saneamiento de aguas fecales, visita <a href=\"https:\/\/www.serbis.es\/\" target=\"_blank\" rel=\"noopener\"><strong>Serbis.es<\/strong><\/a> y <strong>s\u00edguenos en las redes sociales<\/strong>:<\/p>\n<p><a href=\"https:\/\/www.facebook.com\/SerbisPoceria\/\" rel=\"attachment wp-att-691\" class=\"broken_link\"><img decoding=\"async\" loading=\"lazy\" class=\"size-full wp-image-691\" src=\"https:\/\/www.serbis.es\/serbis\/blog\/wp-content\/uploads\/facebook.jpg\" alt=\"facebook\" width=\"113\" height=\"111\" \/><\/a><\/p>\n<p>&nbsp;<\/p>\n<p><a href=\"https:\/\/twitter.com\/serbis_poceria\" rel=\"attachment wp-att-692\"><img decoding=\"async\" loading=\"lazy\" class=\"size-full wp-image-692\" src=\"https:\/\/www.serbis.es\/serbis\/blog\/wp-content\/uploads\/twitter.jpg\" alt=\"twitter\" width=\"113\" height=\"111\" \/><\/a><\/p>\n<p>&nbsp;<\/p>\n<p><a href=\"https:\/\/es.linkedin.com\/company\/poceria-serbis\" rel=\"attachment wp-att-693\"><img decoding=\"async\" loading=\"lazy\" class=\"size-full wp-image-693 alignleft\" src=\"https:\/\/www.serbis.es\/serbis\/blog\/wp-content\/uploads\/linkedin.jpg\" alt=\"linkedin\" width=\"113\" height=\"111\" \/><\/a><\/p>\n<p>&nbsp;<\/p>\n<p>&nbsp;<\/p>\n<p>&nbsp;<\/p>\n<p>&nbsp;<\/p>\n<p><a href=\"https:\/\/www.youtube.com\/channel\/UCSIAPGXKlWyOmHRZo9YCpBQ\" rel=\"attachment wp-att-694\"><img decoding=\"async\" loading=\"lazy\" class=\"size-full wp-image-694 alignleft\" src=\"https:\/\/www.serbis.es\/serbis\/blog\/wp-content\/uploads\/youtube.jpg\" alt=\"youtube\" width=\"113\" height=\"111\" \/><\/a><\/p>\n<p>&nbsp;<\/p>\n<p>&nbsp;<\/p>\n<p>&nbsp;<\/p>\n<p>&nbsp;<\/p>\n<p><a href=\"https:\/\/vimeo.com\/user9248661\" rel=\"attachment wp-att-696\"><img decoding=\"async\" loading=\"lazy\" class=\"size-full wp-image-696 alignleft\" src=\"https:\/\/www.serbis.es\/serbis\/blog\/wp-content\/uploads\/vimeo.jpg\" alt=\"vimeo\" width=\"113\" height=\"111\" \/><\/a><\/p>\n<p>&nbsp;<\/p>\n<p>&nbsp;<\/p>\n<p>&nbsp;<\/p>\n<p>&nbsp;<\/p>\n<p><a href=\"https:\/\/www.flickr.com\/photos\/155074596@N06\/\" rel=\"attachment wp-att-698\"><img decoding=\"async\" loading=\"lazy\" class=\"size-full wp-image-698 alignleft\" src=\"https:\/\/www.serbis.es\/serbis\/blog\/wp-content\/uploads\/flickr.jpg\" alt=\"flickr\" width=\"113\" height=\"111\" \/><\/a><\/p>\n<p>&nbsp;<\/p>\n<p>&nbsp;<\/p>\n<p>&nbsp;<\/p>\n<p>&nbsp;<\/p>\n<p><a href=\"https:\/\/www.pinterest.es\/pin\/133348838938250902\/\" rel=\"attachment wp-att-697\"><img decoding=\"async\" loading=\"lazy\" class=\"size-full wp-image-697 alignleft\" src=\"https:\/\/www.serbis.es\/serbis\/blog\/wp-content\/uploads\/pinterest.jpg\" alt=\"pinterest\" width=\"113\" height=\"111\" \/><\/a><\/p>\n","protected":false},"excerpt":{"rendered":"<p>La \u00faltima semana ha estado marcada por las siguientes noticias en el \u00e1mbito del saneamiento de aguas residuales, la pocer\u00eda, las alcantarillas, los desatascos y los desatrancos: 1) Multazo a Espa\u00f1a por no tratar correctamente sus aguas residuales: La justicia europea ha impuesto a Espa\u00f1a una multa de 12 millones de euros por no tratar [&hellip;]<\/p>\n","protected":false},"author":3,"featured_media":1260,"comment_status":"open","ping_status":"open","sticky":false,"template":"","format":"standard","meta":{"_mi_skip_tracking":false,"_monsterinsights_sitenote_active":false,"_monsterinsights_sitenote_note":"","_monsterinsights_sitenote_category":0},"categories":[32,19],"tags":[75,22,56,59,281,282,40,109],"yoast_head":"<!-- This site is optimized with the Yoast SEO plugin v20.10 - https:\/\/yoast.com\/wordpress\/plugins\/seo\/ -->\n<title>Europa nos multa por las aguas residuales - Blog de Serbis<\/title>\n<meta name=\"robots\" content=\"index, follow, max-snippet:-1, max-image-preview:large, max-video-preview:-1\" \/>\n<link rel=\"canonical\" href=\"https:\/\/www.serbis.es\/serbis\/blog\/europa-multa-aguas-residuales\/\" \/>\n<meta property=\"og:locale\" content=\"es_ES\" \/>\n<meta property=\"og:type\" content=\"article\" \/>\n<meta property=\"og:title\" content=\"Europa nos multa por las aguas residuales - Blog de Serbis\" \/>\n<meta property=\"og:description\" content=\"La \u00faltima semana ha estado marcada por las siguientes noticias en el \u00e1mbito del saneamiento de aguas residuales, la pocer\u00eda, las alcantarillas, los desatascos y los desatrancos: 1) Multazo a Espa\u00f1a por no tratar correctamente sus aguas residuales: La justicia europea ha impuesto a Espa\u00f1a una multa de 12 millones de euros por no tratar [&hellip;]\" \/>\n<meta property=\"og:url\" content=\"https:\/\/www.serbis.es\/serbis\/blog\/europa-multa-aguas-residuales\/\" \/>\n<meta property=\"og:site_name\" content=\"Blog de Serbis\" \/>\n<meta property=\"article:author\" content=\"https:\/\/www.facebook.com\/SerbisPoceria\/\" \/>\n<meta property=\"article:published_time\" content=\"2018-07-26T09:02:44+00:00\" \/>\n<meta property=\"article:modified_time\" content=\"2018-07-26T09:03:23+00:00\" \/>\n<meta property=\"og:image\" content=\"https:\/\/www.serbis.es\/serbis\/blog\/wp-content\/uploads\/multa-aguas-residuales-europa.jpg\" \/>\n\t<meta property=\"og:image:width\" content=\"600\" \/>\n\t<meta property=\"og:image:height\" content=\"300\" \/>\n\t<meta property=\"og:image:type\" content=\"image\/jpeg\" \/>\n<meta name=\"author\" content=\"Serbis Pocer\u00eda\" \/>\n<meta name=\"twitter:label1\" content=\"Escrito por\" \/>\n\t<meta name=\"twitter:data1\" content=\"Serbis Pocer\u00eda\" \/>\n\t<meta name=\"twitter:label2\" content=\"Tiempo de lectura\" \/>\n\t<meta name=\"twitter:data2\" content=\"3 minutos\" \/>\n<script type=\"application\/ld+json\" class=\"yoast-schema-graph\">{\"@context\":\"https:\/\/schema.org\",\"@graph\":[{\"@type\":\"WebPage\",\"@id\":\"https:\/\/www.serbis.es\/serbis\/blog\/europa-multa-aguas-residuales\/\",\"url\":\"https:\/\/www.serbis.es\/serbis\/blog\/europa-multa-aguas-residuales\/\",\"name\":\"Europa nos multa por las aguas residuales - Blog de Serbis\",\"isPartOf\":{\"@id\":\"https:\/\/www.serbis.es\/serbis\/blog\/#website\"},\"datePublished\":\"2018-07-26T09:02:44+00:00\",\"dateModified\":\"2018-07-26T09:03:23+00:00\",\"author\":{\"@id\":\"https:\/\/www.serbis.es\/serbis\/blog\/#\/schema\/person\/449002ed602088d1463cc28957dee9ea\"},\"breadcrumb\":{\"@id\":\"https:\/\/www.serbis.es\/serbis\/blog\/europa-multa-aguas-residuales\/#breadcrumb\"},\"inLanguage\":\"es\",\"potentialAction\":[{\"@type\":\"ReadAction\",\"target\":[\"https:\/\/www.serbis.es\/serbis\/blog\/europa-multa-aguas-residuales\/\"]}]},{\"@type\":\"BreadcrumbList\",\"@id\":\"https:\/\/www.serbis.es\/serbis\/blog\/europa-multa-aguas-residuales\/#breadcrumb\",\"itemListElement\":[{\"@type\":\"ListItem\",\"position\":1,\"name\":\"Portada\",\"item\":\"https:\/\/www.serbis.es\/serbis\/blog\/\"},{\"@type\":\"ListItem\",\"position\":2,\"name\":\"Europa nos multa por las aguas residuales\"}]},{\"@type\":\"WebSite\",\"@id\":\"https:\/\/www.serbis.es\/serbis\/blog\/#website\",\"url\":\"https:\/\/www.serbis.es\/serbis\/blog\/\",\"name\":\"Blog de Serbis\",\"description\":\"l\u00edderes en Espa\u00f1a en saneamiento de aguas con servicios de pocer\u00eda tradicional y sin zanjas\",\"potentialAction\":[{\"@type\":\"SearchAction\",\"target\":{\"@type\":\"EntryPoint\",\"urlTemplate\":\"https:\/\/www.serbis.es\/serbis\/blog\/?s={search_term_string}\"},\"query-input\":\"required name=search_term_string\"}],\"inLanguage\":\"es\"},{\"@type\":\"Person\",\"@id\":\"https:\/\/www.serbis.es\/serbis\/blog\/#\/schema\/person\/449002ed602088d1463cc28957dee9ea\",\"name\":\"Serbis Pocer\u00eda\",\"image\":{\"@type\":\"ImageObject\",\"inLanguage\":\"es\",\"@id\":\"https:\/\/www.serbis.es\/serbis\/blog\/#\/schema\/person\/image\/\",\"url\":\"https:\/\/secure.gravatar.com\/avatar\/1b95962073fbda6a54be252a727db96a?s=96&d=mm&r=g\",\"contentUrl\":\"https:\/\/secure.gravatar.com\/avatar\/1b95962073fbda6a54be252a727db96a?s=96&d=mm&r=g\",\"caption\":\"Serbis Pocer\u00eda\"},\"description\":\"Empresa especializada en soluciones de alcantarillado y saneamiento de agua, con gran experiencia en el sector y conocimiento de t\u00e9cnicas tanto de pocer\u00eda tradicional como de rehabilitaci\u00f3n de tuber\u00edas sin zanjas ni necesidad de obra civil\",\"sameAs\":[\"https:\/\/www.linkedin.com\/company\/poceria-serbis\",\"https:\/\/www.facebook.com\/SerbisPoceria\/\",\"https:\/\/twitter.com\/https:\/\/twitter.com\/serbis_poceria\"],\"url\":\"https:\/\/www.serbis.es\/serbis\/blog\/author\/perio_editor\/\"}]}<\/script>\n<!-- \/ Yoast SEO plugin. -->","yoast_head_json":{"title":"Europa nos multa por las aguas residuales - Blog de Serbis","robots":{"index":"index","follow":"follow","max-snippet":"max-snippet:-1","max-image-preview":"max-image-preview:large","max-video-preview":"max-video-preview:-1"},"canonical":"https:\/\/www.serbis.es\/serbis\/blog\/europa-multa-aguas-residuales\/","og_locale":"es_ES","og_type":"article","og_title":"Europa nos multa por las aguas residuales - Blog de Serbis","og_description":"La \u00faltima semana ha estado marcada por las siguientes noticias en el \u00e1mbito del saneamiento de aguas residuales, la pocer\u00eda, las alcantarillas, los desatascos y los desatrancos: 1) Multazo a Espa\u00f1a por no tratar correctamente sus aguas residuales: La justicia europea ha impuesto a Espa\u00f1a una multa de 12 millones de euros por no tratar [&hellip;]","og_url":"https:\/\/www.serbis.es\/serbis\/blog\/europa-multa-aguas-residuales\/","og_site_name":"Blog de Serbis","article_author":"https:\/\/www.facebook.com\/SerbisPoceria\/","article_published_time":"2018-07-26T09:02:44+00:00","article_modified_time":"2018-07-26T09:03:23+00:00","og_image":[{"width":600,"height":300,"url":"https:\/\/www.serbis.es\/serbis\/blog\/wp-content\/uploads\/multa-aguas-residuales-europa.jpg","type":"image\/jpeg"}],"author":"Serbis Pocer\u00eda","twitter_misc":{"Escrito por":"Serbis Pocer\u00eda","Tiempo de lectura":"3 minutos"},"schema":{"@context":"https:\/\/schema.org","@graph":[{"@type":"WebPage","@id":"https:\/\/www.serbis.es\/serbis\/blog\/europa-multa-aguas-residuales\/","url":"https:\/\/www.serbis.es\/serbis\/blog\/europa-multa-aguas-residuales\/","name":"Europa nos multa por las aguas residuales - Blog de Serbis","isPartOf":{"@id":"https:\/\/www.serbis.es\/serbis\/blog\/#website"},"datePublished":"2018-07-26T09:02:44+00:00","dateModified":"2018-07-26T09:03:23+00:00","author":{"@id":"https:\/\/www.serbis.es\/serbis\/blog\/#\/schema\/person\/449002ed602088d1463cc28957dee9ea"},"breadcrumb":{"@id":"https:\/\/www.serbis.es\/serbis\/blog\/europa-multa-aguas-residuales\/#breadcrumb"},"inLanguage":"es","potentialAction":[{"@type":"ReadAction","target":["https:\/\/www.serbis.es\/serbis\/blog\/europa-multa-aguas-residuales\/"]}]},{"@type":"BreadcrumbList","@id":"https:\/\/www.serbis.es\/serbis\/blog\/europa-multa-aguas-residuales\/#breadcrumb","itemListElement":[{"@type":"ListItem","position":1,"name":"Portada","item":"https:\/\/www.serbis.es\/serbis\/blog\/"},{"@type":"ListItem","position":2,"name":"Europa nos multa por las aguas residuales"}]},{"@type":"WebSite","@id":"https:\/\/www.serbis.es\/serbis\/blog\/#website","url":"https:\/\/www.serbis.es\/serbis\/blog\/","name":"Blog de Serbis","description":"l\u00edderes en Espa\u00f1a en saneamiento de aguas con servicios de pocer\u00eda tradicional y sin zanjas","potentialAction":[{"@type":"SearchAction","target":{"@type":"EntryPoint","urlTemplate":"https:\/\/www.serbis.es\/serbis\/blog\/?s={search_term_string}"},"query-input":"required name=search_term_string"}],"inLanguage":"es"},{"@type":"Person","@id":"https:\/\/www.serbis.es\/serbis\/blog\/#\/schema\/person\/449002ed602088d1463cc28957dee9ea","name":"Serbis Pocer\u00eda","image":{"@type":"ImageObject","inLanguage":"es","@id":"https:\/\/www.serbis.es\/serbis\/blog\/#\/schema\/person\/image\/","url":"https:\/\/secure.gravatar.com\/avatar\/1b95962073fbda6a54be252a727db96a?s=96&d=mm&r=g","contentUrl":"https:\/\/secure.gravatar.com\/avatar\/1b95962073fbda6a54be252a727db96a?s=96&d=mm&r=g","caption":"Serbis Pocer\u00eda"},"description":"Empresa especializada en soluciones de alcantarillado y saneamiento de agua, con gran experiencia en el sector y conocimiento de t\u00e9cnicas tanto de pocer\u00eda tradicional como de rehabilitaci\u00f3n de tuber\u00edas sin zanjas ni necesidad de obra civil","sameAs":["https:\/\/www.linkedin.com\/company\/poceria-serbis","https:\/\/www.facebook.com\/SerbisPoceria\/","https:\/\/twitter.com\/https:\/\/twitter.com\/serbis_poceria"],"url":"https:\/\/www.serbis.es\/serbis\/blog\/author\/perio_editor\/"}]}},"_links":{"self":[{"href":"https:\/\/www.serbis.es\/serbis\/blog\/wp-json\/wp\/v2\/posts\/1251"}],"collection":[{"href":"https:\/\/www.serbis.es\/serbis\/blog\/wp-json\/wp\/v2\/posts"}],"about":[{"href":"https:\/\/www.serbis.es\/serbis\/blog\/wp-json\/wp\/v2\/types\/post"}],"author":[{"embeddable":true,"href":"https:\/\/www.serbis.es\/serbis\/blog\/wp-json\/wp\/v2\/users\/3"}],"replies":[{"embeddable":true,"href":"https:\/\/www.serbis.es\/serbis\/blog\/wp-json\/wp\/v2\/comments?post=1251"}],"version-history":[{"count":7,"href":"https:\/\/www.serbis.es\/serbis\/blog\/wp-json\/wp\/v2\/posts\/1251\/revisions"}],"predecessor-version":[{"id":1262,"href":"https:\/\/www.serbis.es\/serbis\/blog\/wp-json\/wp\/v2\/posts\/1251\/revisions\/1262"}],"wp:featuredmedia":[{"embeddable":true,"href":"https:\/\/www.serbis.es\/serbis\/blog\/wp-json\/wp\/v2\/media\/1260"}],"wp:attachment":[{"href":"https:\/\/www.serbis.es\/serbis\/blog\/wp-json\/wp\/v2\/media?parent=1251"}],"wp:term":[{"taxonomy":"category","embeddable":true,"href":"https:\/\/www.serbis.es\/serbis\/blog\/wp-json\/wp\/v2\/categories?post=1251"},{"taxonomy":"post_tag","embeddable":true,"href":"https:\/\/www.serbis.es\/serbis\/blog\/wp-json\/wp\/v2\/tags?post=1251"}],"curies":[{"name":"wp","href":"https:\/\/api.w.org\/{rel}","templated":true}]}}