{"id":1350,"date":"2018-10-04T07:53:34","date_gmt":"2018-10-04T07:53:34","guid":{"rendered":"https:\/\/www.serbis.es\/serbis\/blog\/?p=1350"},"modified":"2018-10-08T09:32:30","modified_gmt":"2018-10-08T09:32:30","slug":"buenos-malos-usos-redes-saneamiento","status":"publish","type":"post","link":"https:\/\/www.serbis.es\/serbis\/blog\/buenos-malos-usos-redes-saneamiento\/","title":{"rendered":"Buenos y malos usos de las redes de saneamiento"},"content":{"rendered":"<p>En los \u00faltimos d\u00edas hemos conocido un par de noticias que ponen de manifiesto que los diferentes elementos de las redes de saneamiento de aguas residuales <strong>no siempre se utilizan como deber\u00edan<\/strong>&#8230;<\/p>\n<p><strong>\u00b7 Un emisario que contamina las playas de Tenerife: <\/strong>Mucha gente ha compartido estos d\u00edas en Facebook, Twitter y WhatsApp <a href=\"https:\/\/www.laopinion.es\/sucesos\/2018\/09\/25\/video-viral-alerta-nuevos-vertidos\/913261.html\">varios v\u00eddeos<\/a> que denunciaban el vertido de aguas residuales en las playas de Santa Cruz de Tenerife, concretamente, en la zona de La Hondura. Los autores del v\u00eddeo lamentaban la cantidad de <strong>porquer\u00eda que un emisario estaba expulsando directamente al mar<\/strong>, de lo que culpaba a los pol\u00edticos de Canarias.<\/p>\n<p>El incidente ya se ha solucionado, <a href=\"https:\/\/www.laopinion.es\/santa-cruz-de-tenerife\/2018\/09\/26\/averia-causa-vertido-agua-depurada\/913375.html\">seg\u00fan ha se\u00f1alado<\/a> la empresa Emmasa, responsable de la gesti\u00f3n del saneamiento de las aguas residuales de la capital tinerfe\u00f1a. La compa\u00f1\u00eda tambi\u00e9n ha asegurado que el agua que termin\u00f3 en las playas <strong>hab\u00eda sido previamente sometida a un proceso de depuraci\u00f3n<\/strong>, aunque lo cierto es que en los v\u00eddeos se observaba un sospechoso color marr\u00f3n que contamin\u00f3 una parte importante de la costa de Tenerife.<\/p>\n<p><iframe loading=\"lazy\" src=\"https:\/\/www.youtube.com\/embed\/1eLm-Qz8FLU\" width=\"600\" height=\"337\" frameborder=\"0\" allowfullscreen=\"allowfullscreen\"><span style=\"display: inline-block; width: 0px; overflow: hidden; line-height: 0;\" data-mce-type=\"bookmark\" class=\"mce_SELRES_start\">\ufeff<\/span><\/iframe><\/p>\n<p><strong>\u00b7 Unas cloacas que hablan en Olot (Gerona): <\/strong>La localidad gerundense de Olot amaneci\u00f3 el pasado 1 de octubre con voces en sus alcantarillas. Concretamente, con fragmentos de discursos del <strong>Rey Felipe VI<\/strong> y del ex presidente del Gobierno, <strong>Mariano Rajoy<\/strong>, y tambi\u00e9n con los gritos de <strong>\u201c\u00a1A por ellos, o\u00e9\u00a1\u201d<\/strong> con los que en Huelva se despidi\u00f3 hace un a\u00f1o a los Guardias Civiles desplazados a Catalu\u00f1a.<\/p>\n<p><iframe loading=\"lazy\" src=\"https:\/\/www.facebook.com\/plugins\/video.php?href=https%3A%2F%2Fwww.facebook.com%2FSerbisPoceria%2Fvideos%2F952645568266756%2F&amp;show_text=0&amp;width=600\" width=\"600\" height=\"330\" frameborder=\"0\" scrolling=\"no\" allowfullscreen=\"allowfullscreen\" data-mce-fragment=\"1\"><span data-mce-type=\"bookmark\" class=\"mce_SELRES_start\">\ufeff<\/span><\/iframe><\/p>\n<p>Esta fue la manera en la que el grupo denominado Asamblea de Artistas de La Garrotxa quiso celebrar <a href=\"https:\/\/www.elconfidencial.com\/espana\/cataluna\/2018-10-03\/alcantarilla-olot-video-discurso-rey-rajou_1624691\/\">el aniversario del referendum ilegal del 1-O<\/a>. Bautizada como \u2018voces de cloaca\u2019, la iniciativa consisti\u00f3 en colocar grabaciones con <strong>mensajes contrarios a la independencia de Catalu\u00f1a<\/strong> en una decena de alcantarillas. Desde Serbis Pocer\u00eda nos gustar\u00eda recordar que el objetivo de las redes de alcantarillado es <strong>sanear el ambiente, no contaminarlo todav\u00eda m\u00e1s<\/strong>.<\/p>\n<p><iframe loading=\"lazy\" src=\"https:\/\/www.youtube.com\/embed\/tS2eqhqR01I\" width=\"600\" height=\"337\" frameborder=\"0\" allowfullscreen=\"allowfullscreen\" data-mce-fragment=\"1\"><span data-mce-type=\"bookmark\" class=\"mce_SELRES_start\">\ufeff<\/span><\/iframe><\/p>\n<p>En el otro extremo encontramos estos dos interesantes ejemplos de<strong> lo beneficiosas y \u00fatiles que han sido y son <\/strong>las redes de saneamiento de las aguas residuales para el progreso de la humanidad&#8230;<\/p>\n<p><strong>\u00b7 Los retretes de la Edad Media:<\/strong> En <a href=\"https:\/\/www.iagua.es\/blogs\/xavi-duran-ramirez\/como-se-iba-al-lavabo-armadura-retretes-edad-media\" class=\"broken_link\">este art\u00edculo<\/a> hacen un interesante repaso a los distintos tipos de retretes que exist\u00edan en Europa durante la Edad Media. Salvo las grandes ciudades como Par\u00eds o Roma, donde se mantuvieron las redes de saneamiento inventadas e implantadas por los romanos, el resto de ciudadanos tuvo que conformarse con <strong>sistemas menos sofisticados y m\u00e1s insalubres<\/strong>.<\/p>\n<p>La gente m\u00e1s humilde ten\u00eda dos formas de aliviarse: <strong>junto al r\u00edo o en unos pozos ciegos<\/strong> que se convirtieron en fuentes de pandemias y enfermedades. Por su parte, los se\u00f1ores feudales contaban en sus castillos con unos retretes mucho m\u00e1s parecidos a los actuales, que vert\u00edan las aguas residuales <strong>a fosas s\u00e9pticas o a los r\u00edos que pasaban por debajo<\/strong>. Para limpiarlos utilizaban un cubo de agua y para evitar los malos olores esparc\u00edan hierbas arom\u00e1ticas y flores a su alrededor.<\/p>\n<p><img decoding=\"async\" loading=\"lazy\" class=\"aligncenter wp-image-1352 size-full\" src=\"https:\/\/www.serbis.es\/serbis\/blog\/wp-content\/uploads\/retretes-castillos-edad-media.jpg\" alt=\"saneamiento-retretes-castillos\" width=\"600\" height=\"300\" srcset=\"https:\/\/www.serbis.es\/serbis\/blog\/wp-content\/uploads\/retretes-castillos-edad-media.jpg 600w, https:\/\/www.serbis.es\/serbis\/blog\/wp-content\/uploads\/retretes-castillos-edad-media-300x150.jpg 300w, https:\/\/www.serbis.es\/serbis\/blog\/wp-content\/uploads\/retretes-castillos-edad-media-370x185.jpg 370w\" sizes=\"(max-width: 600px) 100vw, 600px\" \/><\/p>\n<p><strong>\u00b7 GEAS, el cuerpo de \u00e9lite que bucea entre aguas residuales: <\/strong>El otro d\u00eda publicaron en <a href=\"https:\/\/www.xlsemanal.com\/actualidad\/20180928\/geas-buzos-guardia-civil.html#ns_campaign=rrss&amp;ns_mchannel=xlsemanal&amp;ns_source=fb&amp;ns_fee=0&amp;ns_linkname=sem39-actualidad-submarina\">esta p\u00e1gina web<\/a> un interesante reportaje sobre los <strong>Grupos Especiales de Actividades Subacu\u00e1ticas (GEAS)<\/strong>, un cuerpo de \u00e9lite de la Guardia Civil especializado en bucear en r\u00edos, mares&#8230; fango y aguas fecales. Porque entre las tareas de estos agentes figuran la b\u00fasqueda de veh\u00edculos, armamento, piezas arqueol\u00f3gicas e incluso cad\u00e1veres en lugares tan complejos como <strong>los pozos o las estaciones depuradoras de aguas residuales<\/strong>.<\/p>\n<p>El cuerpo, creado hace ahora 37 a\u00f1os, est\u00e1 formado por 213 agentes que el a\u00f1o pasado <strong>rescataron a 600 personas<\/strong> (entre ellas, a buceadores que se hab\u00edan quedado atrapados en cuevas submarinas). Estos guardias civiles tambi\u00e9n recuperaron <strong>m\u00e1s de 90 cad\u00e1veres<\/strong>, participando en operaciones tan complejas como la b\u00fasqueda del cuerpo de la joven <strong>Diana Quer<\/strong> en un pozo o del peque\u00f1o <strong>Gabriel Cruz<\/strong> en una depuradora de aguas residuales.<\/p>\n<p><img decoding=\"async\" loading=\"lazy\" class=\"aligncenter wp-image-1356 size-full\" src=\"https:\/\/www.serbis.es\/serbis\/blog\/wp-content\/uploads\/GEAS-GUARDIA-CIVIL-AGUAS-RESIDUALES.jpg\" alt=\"geas-guardias-civiles-saneamiento-aguas-residuales\" width=\"600\" height=\"300\" srcset=\"https:\/\/www.serbis.es\/serbis\/blog\/wp-content\/uploads\/GEAS-GUARDIA-CIVIL-AGUAS-RESIDUALES.jpg 600w, https:\/\/www.serbis.es\/serbis\/blog\/wp-content\/uploads\/GEAS-GUARDIA-CIVIL-AGUAS-RESIDUALES-300x150.jpg 300w, https:\/\/www.serbis.es\/serbis\/blog\/wp-content\/uploads\/GEAS-GUARDIA-CIVIL-AGUAS-RESIDUALES-370x185.jpg 370w\" sizes=\"(max-width: 600px) 100vw, 600px\" \/><\/p>\n<p>Si quieres contarnos algo puedes llamarnos al <strong>n\u00famero de tel\u00e9fono <\/strong><strong>91 610 62 53<\/strong> y si te gusta estar informado de las noticias nacionales e internacionales m\u00e1s interesantes de las industrias de la pocer\u00eda, el alcantarillado y el saneamiento de aguas fecales, visita <a href=\"https:\/\/www.serbis.es\/\" target=\"_blank\" rel=\"noopener\"><strong>Serbis.es<\/strong><\/a> y <strong>s\u00edguenos en las redes sociales<\/strong>:<\/p>\n<p><a href=\"https:\/\/www.facebook.com\/SerbisPoceria\/\" rel=\"attachment wp-att-691\" class=\"broken_link\"><img decoding=\"async\" loading=\"lazy\" class=\"size-full wp-image-691\" src=\"https:\/\/www.serbis.es\/serbis\/blog\/wp-content\/uploads\/facebook.jpg\" alt=\"facebook\" width=\"113\" height=\"111\" \/><\/a><\/p>\n<p>&nbsp;<\/p>\n<p><a href=\"https:\/\/twitter.com\/serbis_poceria\" rel=\"attachment wp-att-692\"><img decoding=\"async\" loading=\"lazy\" class=\"size-full wp-image-692\" src=\"https:\/\/www.serbis.es\/serbis\/blog\/wp-content\/uploads\/twitter.jpg\" alt=\"twitter\" width=\"113\" height=\"111\" \/><\/a><\/p>\n<p>&nbsp;<\/p>\n<p><a href=\"https:\/\/es.linkedin.com\/company\/poceria-serbis\" rel=\"attachment wp-att-693\"><img decoding=\"async\" loading=\"lazy\" class=\"size-full wp-image-693 alignleft\" src=\"https:\/\/www.serbis.es\/serbis\/blog\/wp-content\/uploads\/linkedin.jpg\" alt=\"linkedin\" width=\"113\" height=\"111\" \/><\/a><\/p>\n<p>&nbsp;<\/p>\n<p>&nbsp;<\/p>\n<p>&nbsp;<\/p>\n<p>&nbsp;<\/p>\n<p><a href=\"https:\/\/www.youtube.com\/channel\/UCSIAPGXKlWyOmHRZo9YCpBQ\" rel=\"attachment wp-att-694\"><img decoding=\"async\" loading=\"lazy\" class=\"size-full wp-image-694 alignleft\" src=\"https:\/\/www.serbis.es\/serbis\/blog\/wp-content\/uploads\/youtube.jpg\" alt=\"youtube\" width=\"113\" height=\"111\" \/><\/a><\/p>\n<p>&nbsp;<\/p>\n<p>&nbsp;<\/p>\n<p>&nbsp;<\/p>\n<p>&nbsp;<\/p>\n<p><a href=\"https:\/\/vimeo.com\/user9248661\" rel=\"attachment wp-att-696\"><img decoding=\"async\" loading=\"lazy\" class=\"size-full wp-image-696 alignleft\" src=\"https:\/\/www.serbis.es\/serbis\/blog\/wp-content\/uploads\/vimeo.jpg\" alt=\"vimeo\" width=\"113\" height=\"111\" \/><\/a><\/p>\n<p>&nbsp;<\/p>\n<p>&nbsp;<\/p>\n<p>&nbsp;<\/p>\n<p>&nbsp;<\/p>\n<p><a href=\"https:\/\/www.flickr.com\/photos\/155074596@N06\/\" rel=\"attachment wp-att-698\"><img decoding=\"async\" loading=\"lazy\" class=\"size-full wp-image-698 alignleft\" src=\"https:\/\/www.serbis.es\/serbis\/blog\/wp-content\/uploads\/flickr.jpg\" alt=\"flickr\" width=\"113\" height=\"111\" \/><\/a><\/p>\n<p>&nbsp;<\/p>\n<p>&nbsp;<\/p>\n<p>&nbsp;<\/p>\n<p>&nbsp;<\/p>\n<p><a href=\"https:\/\/www.pinterest.es\/pin\/133348838938250902\/\" rel=\"attachment wp-att-697\"><img decoding=\"async\" loading=\"lazy\" class=\"size-full wp-image-697 alignleft\" src=\"https:\/\/www.serbis.es\/serbis\/blog\/wp-content\/uploads\/pinterest.jpg\" alt=\"pinterest\" width=\"113\" height=\"111\" \/><\/a><\/p>\n","protected":false},"excerpt":{"rendered":"<p>En los \u00faltimos d\u00edas hemos conocido un par de noticias que ponen de manifiesto que los diferentes elementos de las redes de saneamiento de aguas residuales no siempre se utilizan como deber\u00edan&#8230; \u00b7 Un emisario que contamina las playas de Tenerife: Mucha gente ha compartido estos d\u00edas en Facebook, Twitter y WhatsApp varios v\u00eddeos que [&hellip;]<\/p>\n","protected":false},"author":3,"featured_media":1356,"comment_status":"open","ping_status":"open","sticky":false,"template":"","format":"standard","meta":{"_mi_skip_tracking":false,"_monsterinsights_sitenote_active":false,"_monsterinsights_sitenote_note":"","_monsterinsights_sitenote_category":0},"categories":[2],"tags":[111,75,22,60,40],"yoast_head":"<!-- This site is optimized with the Yoast SEO plugin v20.10 - https:\/\/yoast.com\/wordpress\/plugins\/seo\/ -->\n<title>Buenos y malos usos de las redes de saneamiento - Blog de Serbis<\/title>\n<meta name=\"robots\" content=\"index, follow, max-snippet:-1, max-image-preview:large, max-video-preview:-1\" \/>\n<link rel=\"canonical\" href=\"https:\/\/www.serbis.es\/serbis\/blog\/buenos-malos-usos-redes-saneamiento\/\" \/>\n<meta property=\"og:locale\" content=\"es_ES\" \/>\n<meta property=\"og:type\" content=\"article\" \/>\n<meta property=\"og:title\" content=\"Buenos y malos usos de las redes de saneamiento - Blog de Serbis\" \/>\n<meta property=\"og:description\" content=\"En los \u00faltimos d\u00edas hemos conocido un par de noticias que ponen de manifiesto que los diferentes elementos de las redes de saneamiento de aguas residuales no siempre se utilizan como deber\u00edan&#8230; \u00b7 Un emisario que contamina las playas de Tenerife: Mucha gente ha compartido estos d\u00edas en Facebook, Twitter y WhatsApp varios v\u00eddeos que [&hellip;]\" \/>\n<meta property=\"og:url\" content=\"https:\/\/www.serbis.es\/serbis\/blog\/buenos-malos-usos-redes-saneamiento\/\" \/>\n<meta property=\"og:site_name\" content=\"Blog de Serbis\" \/>\n<meta property=\"article:author\" content=\"https:\/\/www.facebook.com\/SerbisPoceria\/\" \/>\n<meta property=\"article:published_time\" content=\"2018-10-04T07:53:34+00:00\" \/>\n<meta property=\"article:modified_time\" content=\"2018-10-08T09:32:30+00:00\" \/>\n<meta property=\"og:image\" content=\"https:\/\/www.serbis.es\/serbis\/blog\/wp-content\/uploads\/GEAS-GUARDIA-CIVIL-AGUAS-RESIDUALES.jpg\" \/>\n\t<meta property=\"og:image:width\" content=\"600\" \/>\n\t<meta property=\"og:image:height\" content=\"300\" \/>\n\t<meta property=\"og:image:type\" content=\"image\/jpeg\" \/>\n<meta name=\"author\" content=\"Serbis Pocer\u00eda\" \/>\n<meta name=\"twitter:label1\" content=\"Escrito por\" \/>\n\t<meta name=\"twitter:data1\" content=\"Serbis Pocer\u00eda\" \/>\n\t<meta name=\"twitter:label2\" content=\"Tiempo de lectura\" \/>\n\t<meta name=\"twitter:data2\" content=\"4 minutos\" \/>\n<script type=\"application\/ld+json\" class=\"yoast-schema-graph\">{\"@context\":\"https:\/\/schema.org\",\"@graph\":[{\"@type\":\"WebPage\",\"@id\":\"https:\/\/www.serbis.es\/serbis\/blog\/buenos-malos-usos-redes-saneamiento\/\",\"url\":\"https:\/\/www.serbis.es\/serbis\/blog\/buenos-malos-usos-redes-saneamiento\/\",\"name\":\"Buenos y malos usos de las redes de saneamiento - Blog de Serbis\",\"isPartOf\":{\"@id\":\"https:\/\/www.serbis.es\/serbis\/blog\/#website\"},\"datePublished\":\"2018-10-04T07:53:34+00:00\",\"dateModified\":\"2018-10-08T09:32:30+00:00\",\"author\":{\"@id\":\"https:\/\/www.serbis.es\/serbis\/blog\/#\/schema\/person\/449002ed602088d1463cc28957dee9ea\"},\"breadcrumb\":{\"@id\":\"https:\/\/www.serbis.es\/serbis\/blog\/buenos-malos-usos-redes-saneamiento\/#breadcrumb\"},\"inLanguage\":\"es\",\"potentialAction\":[{\"@type\":\"ReadAction\",\"target\":[\"https:\/\/www.serbis.es\/serbis\/blog\/buenos-malos-usos-redes-saneamiento\/\"]}]},{\"@type\":\"BreadcrumbList\",\"@id\":\"https:\/\/www.serbis.es\/serbis\/blog\/buenos-malos-usos-redes-saneamiento\/#breadcrumb\",\"itemListElement\":[{\"@type\":\"ListItem\",\"position\":1,\"name\":\"Portada\",\"item\":\"https:\/\/www.serbis.es\/serbis\/blog\/\"},{\"@type\":\"ListItem\",\"position\":2,\"name\":\"Buenos y malos usos de las redes de saneamiento\"}]},{\"@type\":\"WebSite\",\"@id\":\"https:\/\/www.serbis.es\/serbis\/blog\/#website\",\"url\":\"https:\/\/www.serbis.es\/serbis\/blog\/\",\"name\":\"Blog de Serbis\",\"description\":\"l\u00edderes en Espa\u00f1a en saneamiento de aguas con servicios de pocer\u00eda tradicional y sin zanjas\",\"potentialAction\":[{\"@type\":\"SearchAction\",\"target\":{\"@type\":\"EntryPoint\",\"urlTemplate\":\"https:\/\/www.serbis.es\/serbis\/blog\/?s={search_term_string}\"},\"query-input\":\"required name=search_term_string\"}],\"inLanguage\":\"es\"},{\"@type\":\"Person\",\"@id\":\"https:\/\/www.serbis.es\/serbis\/blog\/#\/schema\/person\/449002ed602088d1463cc28957dee9ea\",\"name\":\"Serbis Pocer\u00eda\",\"image\":{\"@type\":\"ImageObject\",\"inLanguage\":\"es\",\"@id\":\"https:\/\/www.serbis.es\/serbis\/blog\/#\/schema\/person\/image\/\",\"url\":\"https:\/\/secure.gravatar.com\/avatar\/1b95962073fbda6a54be252a727db96a?s=96&d=mm&r=g\",\"contentUrl\":\"https:\/\/secure.gravatar.com\/avatar\/1b95962073fbda6a54be252a727db96a?s=96&d=mm&r=g\",\"caption\":\"Serbis Pocer\u00eda\"},\"description\":\"Empresa especializada en soluciones de alcantarillado y saneamiento de agua, con gran experiencia en el sector y conocimiento de t\u00e9cnicas tanto de pocer\u00eda tradicional como de rehabilitaci\u00f3n de tuber\u00edas sin zanjas ni necesidad de obra civil\",\"sameAs\":[\"https:\/\/www.linkedin.com\/company\/poceria-serbis\",\"https:\/\/www.facebook.com\/SerbisPoceria\/\",\"https:\/\/twitter.com\/https:\/\/twitter.com\/serbis_poceria\"],\"url\":\"https:\/\/www.serbis.es\/serbis\/blog\/author\/perio_editor\/\"}]}<\/script>\n<!-- \/ Yoast SEO plugin. -->","yoast_head_json":{"title":"Buenos y malos usos de las redes de saneamiento - Blog de Serbis","robots":{"index":"index","follow":"follow","max-snippet":"max-snippet:-1","max-image-preview":"max-image-preview:large","max-video-preview":"max-video-preview:-1"},"canonical":"https:\/\/www.serbis.es\/serbis\/blog\/buenos-malos-usos-redes-saneamiento\/","og_locale":"es_ES","og_type":"article","og_title":"Buenos y malos usos de las redes de saneamiento - Blog de Serbis","og_description":"En los \u00faltimos d\u00edas hemos conocido un par de noticias que ponen de manifiesto que los diferentes elementos de las redes de saneamiento de aguas residuales no siempre se utilizan como deber\u00edan&#8230; \u00b7 Un emisario que contamina las playas de Tenerife: Mucha gente ha compartido estos d\u00edas en Facebook, Twitter y WhatsApp varios v\u00eddeos que [&hellip;]","og_url":"https:\/\/www.serbis.es\/serbis\/blog\/buenos-malos-usos-redes-saneamiento\/","og_site_name":"Blog de Serbis","article_author":"https:\/\/www.facebook.com\/SerbisPoceria\/","article_published_time":"2018-10-04T07:53:34+00:00","article_modified_time":"2018-10-08T09:32:30+00:00","og_image":[{"width":600,"height":300,"url":"https:\/\/www.serbis.es\/serbis\/blog\/wp-content\/uploads\/GEAS-GUARDIA-CIVIL-AGUAS-RESIDUALES.jpg","type":"image\/jpeg"}],"author":"Serbis Pocer\u00eda","twitter_misc":{"Escrito por":"Serbis Pocer\u00eda","Tiempo de lectura":"4 minutos"},"schema":{"@context":"https:\/\/schema.org","@graph":[{"@type":"WebPage","@id":"https:\/\/www.serbis.es\/serbis\/blog\/buenos-malos-usos-redes-saneamiento\/","url":"https:\/\/www.serbis.es\/serbis\/blog\/buenos-malos-usos-redes-saneamiento\/","name":"Buenos y malos usos de las redes de saneamiento - Blog de Serbis","isPartOf":{"@id":"https:\/\/www.serbis.es\/serbis\/blog\/#website"},"datePublished":"2018-10-04T07:53:34+00:00","dateModified":"2018-10-08T09:32:30+00:00","author":{"@id":"https:\/\/www.serbis.es\/serbis\/blog\/#\/schema\/person\/449002ed602088d1463cc28957dee9ea"},"breadcrumb":{"@id":"https:\/\/www.serbis.es\/serbis\/blog\/buenos-malos-usos-redes-saneamiento\/#breadcrumb"},"inLanguage":"es","potentialAction":[{"@type":"ReadAction","target":["https:\/\/www.serbis.es\/serbis\/blog\/buenos-malos-usos-redes-saneamiento\/"]}]},{"@type":"BreadcrumbList","@id":"https:\/\/www.serbis.es\/serbis\/blog\/buenos-malos-usos-redes-saneamiento\/#breadcrumb","itemListElement":[{"@type":"ListItem","position":1,"name":"Portada","item":"https:\/\/www.serbis.es\/serbis\/blog\/"},{"@type":"ListItem","position":2,"name":"Buenos y malos usos de las redes de saneamiento"}]},{"@type":"WebSite","@id":"https:\/\/www.serbis.es\/serbis\/blog\/#website","url":"https:\/\/www.serbis.es\/serbis\/blog\/","name":"Blog de Serbis","description":"l\u00edderes en Espa\u00f1a en saneamiento de aguas con servicios de pocer\u00eda tradicional y sin zanjas","potentialAction":[{"@type":"SearchAction","target":{"@type":"EntryPoint","urlTemplate":"https:\/\/www.serbis.es\/serbis\/blog\/?s={search_term_string}"},"query-input":"required name=search_term_string"}],"inLanguage":"es"},{"@type":"Person","@id":"https:\/\/www.serbis.es\/serbis\/blog\/#\/schema\/person\/449002ed602088d1463cc28957dee9ea","name":"Serbis Pocer\u00eda","image":{"@type":"ImageObject","inLanguage":"es","@id":"https:\/\/www.serbis.es\/serbis\/blog\/#\/schema\/person\/image\/","url":"https:\/\/secure.gravatar.com\/avatar\/1b95962073fbda6a54be252a727db96a?s=96&d=mm&r=g","contentUrl":"https:\/\/secure.gravatar.com\/avatar\/1b95962073fbda6a54be252a727db96a?s=96&d=mm&r=g","caption":"Serbis Pocer\u00eda"},"description":"Empresa especializada en soluciones de alcantarillado y saneamiento de agua, con gran experiencia en el sector y conocimiento de t\u00e9cnicas tanto de pocer\u00eda tradicional como de rehabilitaci\u00f3n de tuber\u00edas sin zanjas ni necesidad de obra civil","sameAs":["https:\/\/www.linkedin.com\/company\/poceria-serbis","https:\/\/www.facebook.com\/SerbisPoceria\/","https:\/\/twitter.com\/https:\/\/twitter.com\/serbis_poceria"],"url":"https:\/\/www.serbis.es\/serbis\/blog\/author\/perio_editor\/"}]}},"_links":{"self":[{"href":"https:\/\/www.serbis.es\/serbis\/blog\/wp-json\/wp\/v2\/posts\/1350"}],"collection":[{"href":"https:\/\/www.serbis.es\/serbis\/blog\/wp-json\/wp\/v2\/posts"}],"about":[{"href":"https:\/\/www.serbis.es\/serbis\/blog\/wp-json\/wp\/v2\/types\/post"}],"author":[{"embeddable":true,"href":"https:\/\/www.serbis.es\/serbis\/blog\/wp-json\/wp\/v2\/users\/3"}],"replies":[{"embeddable":true,"href":"https:\/\/www.serbis.es\/serbis\/blog\/wp-json\/wp\/v2\/comments?post=1350"}],"version-history":[{"count":6,"href":"https:\/\/www.serbis.es\/serbis\/blog\/wp-json\/wp\/v2\/posts\/1350\/revisions"}],"predecessor-version":[{"id":1360,"href":"https:\/\/www.serbis.es\/serbis\/blog\/wp-json\/wp\/v2\/posts\/1350\/revisions\/1360"}],"wp:featuredmedia":[{"embeddable":true,"href":"https:\/\/www.serbis.es\/serbis\/blog\/wp-json\/wp\/v2\/media\/1356"}],"wp:attachment":[{"href":"https:\/\/www.serbis.es\/serbis\/blog\/wp-json\/wp\/v2\/media?parent=1350"}],"wp:term":[{"taxonomy":"category","embeddable":true,"href":"https:\/\/www.serbis.es\/serbis\/blog\/wp-json\/wp\/v2\/categories?post=1350"},{"taxonomy":"post_tag","embeddable":true,"href":"https:\/\/www.serbis.es\/serbis\/blog\/wp-json\/wp\/v2\/tags?post=1350"}],"curies":[{"name":"wp","href":"https:\/\/api.w.org\/{rel}","templated":true}]}}