{"id":1359,"date":"2018-10-09T09:52:42","date_gmt":"2018-10-09T09:52:42","guid":{"rendered":"https:\/\/www.serbis.es\/serbis\/blog\/?p=1359"},"modified":"2018-10-09T09:53:05","modified_gmt":"2018-10-09T09:53:05","slug":"alcantarillado-sol-madrid-pocera-zaragoza","status":"publish","type":"post","link":"https:\/\/www.serbis.es\/serbis\/blog\/alcantarillado-sol-madrid-pocera-zaragoza\/","title":{"rendered":"Renovamos el alcantarillado de Sol y recibimos a la primera pocera"},"content":{"rendered":"<p>Estos d\u00edas se han producido dos importantes noticias en el \u00e1mbito del alcantarillado de las que nos gustar\u00eda hacernos eco. La primera est\u00e1 directamente relacionada con Serbis Pocer\u00eda y la segunda, con todo el sector del saneamiento de aguas residuales de Espa\u00f1a&#8230;<\/p>\n<p><strong>\u00b7 Sol inicia su puesta a punto para las Campanadas de Nochevieja:\u00a0<\/strong>Cuando solo faltan poco m\u00e1s de dos meses para despedir el a\u00f1o y dar la bienvenida al 2019, la madrile\u00f1a Puerta del Sol ha empezado a prepararse para que todo funcione perfectamente la medianoche del 31 de diciembre, cuando Espa\u00f1a entera estar\u00e1 mirando al reloj m\u00e1s famoso del pa\u00eds. Pero, a diferencia de a\u00f1os anteriores, <strong>esa preparaci\u00f3n no solo est\u00e1 afectando al hist\u00f3rico reloj<\/strong>, sino tambi\u00e9n a la red de saneamiento de aguas residuales de la antigua casa de Correos.<\/p>\n<p><img decoding=\"async\" loading=\"lazy\" class=\"aligncenter wp-image-1362 size-full\" src=\"https:\/\/www.serbis.es\/serbis\/blog\/wp-content\/uploads\/serbis-poceria-casa-correos-sol.jpg\" alt=\"serbis-alcantarillado-madrid\" width=\"600\" height=\"300\" srcset=\"https:\/\/www.serbis.es\/serbis\/blog\/wp-content\/uploads\/serbis-poceria-casa-correos-sol.jpg 600w, https:\/\/www.serbis.es\/serbis\/blog\/wp-content\/uploads\/serbis-poceria-casa-correos-sol-300x150.jpg 300w, https:\/\/www.serbis.es\/serbis\/blog\/wp-content\/uploads\/serbis-poceria-casa-correos-sol-370x185.jpg 370w\" sizes=\"(max-width: 600px) 100vw, 600px\" \/><\/p>\n<p>Y es que los profesionales de <strong>Serbis Pocer\u00eda estamos trabajando en la red de alcantarillado del edificio<\/strong>, que actualmente acoge la sede del Gobierno de la Comunidad de Madrid. Para nosotros supone un aut\u00e9ntico honor encargarnos de la puesta a punto de las ca\u00f1er\u00edas de un inmueble que ya forma parte de la vida de todos los espa\u00f1oles, pues sus Campanadas de fin de a\u00f1o se han retransmitido por televisi\u00f3n para todo el pa\u00eds <strong>durante los \u00faltimos 56 a\u00f1os.<\/strong><\/p>\n<p>En esta Nochevieja habr\u00e1 una importante novedad y es que <a href=\"https:\/\/elpais.com\/ccaa\/2018\/10\/05\/madrid\/1538729827_044928.html\">se celebrar\u00e1n dos Campanadas<\/a>: las primeras, a las 12 de la noche de la hora peninsular, y las segundas una hora m\u00e1s tarde, <strong>cuando las Islas Canarias despidan el a\u00f1o 2018<\/strong>. Ser\u00e1 la primera vez en la historia que los canarios podr\u00e1n comerse sus uvas como el resto de los espa\u00f1oles, es decir, siguiendo las Campanadas del famoso reloj de la Puerta del Sol. Un reloj que, por cierto, <strong>se inaugur\u00f3 el 19 de noviembre de 186<\/strong>6, con motivo del cumplea\u00f1os de la reina Isabel II.<\/p>\n<p><img decoding=\"async\" loading=\"lazy\" class=\"aligncenter wp-image-1361 size-full\" src=\"https:\/\/www.serbis.es\/serbis\/blog\/wp-content\/uploads\/reloj-puerta-sol-madrid.jpg\" alt=\"alcantarillado-puerta-sol-madrid\" width=\"600\" height=\"300\" srcset=\"https:\/\/www.serbis.es\/serbis\/blog\/wp-content\/uploads\/reloj-puerta-sol-madrid.jpg 600w, https:\/\/www.serbis.es\/serbis\/blog\/wp-content\/uploads\/reloj-puerta-sol-madrid-300x150.jpg 300w, https:\/\/www.serbis.es\/serbis\/blog\/wp-content\/uploads\/reloj-puerta-sol-madrid-370x185.jpg 370w\" sizes=\"(max-width: 600px) 100vw, 600px\" \/><\/p>\n<p><strong>\u00b7 La pocer\u00eda tambi\u00e9n es un trabajo de mujeres: <\/strong>En Serbis Pocer\u00eda estamos encantados de compartir <a href=\"https:\/\/www.elperiodicodearagon.com\/noticias\/aragon\/servicio-alcantarillado-fcc-incorpora-primera-mujer-plantilla_1314826.html\">esta noticia<\/a>, que explica que el equipo encargado del mantenimiento de la red de alcantarillado de <strong>Zaragoza<\/strong> ya no est\u00e1 formado exclusivamente por hombres. Desde hace cuatro meses hay una mujer en la plantilla que limpia las alcantarillas zaragozanas,<strong> su nombre es Gheorghita Petre y es rumana<\/strong>.<\/p>\n<p>Tal como explica la joven pocera de 35 a\u00f1os de edad, pionera en un sector copado tradicionalmente por los hombres, \u201csoy la primera en algo y eso me gusta\u201d. Tambi\u00e9n destaca que <strong>la fuerza f\u00edsica no es un handicap para hacer este trabajo<\/strong> y que introducirse en las cloacas tampoco le preocupa, porque \u201ctenemos el equipamiento necesario y vamos muy seguros\u201d.<\/p>\n<p>Nuestra m\u00e1s sincera felicitaci\u00f3n para esta compa\u00f1era y para FCC, que es la empresa que la ha contratado. <strong>Ojal\u00e1 que solo sea la primera de una larga lista de mujeres<\/strong> que poco a poco se ir\u00e1n incorporando al oficio de la pocer\u00eda. En Serbis estaremos encantados de darles la bienvenida.<\/p>\n<p><img decoding=\"async\" loading=\"lazy\" class=\"aligncenter wp-image-1365 size-full\" src=\"https:\/\/www.serbis.es\/serbis\/blog\/wp-content\/uploads\/pocera-zaragoza.jpg\" alt=\"mujer-pocera-alcantarillado-zaragoza\" width=\"600\" height=\"300\" srcset=\"https:\/\/www.serbis.es\/serbis\/blog\/wp-content\/uploads\/pocera-zaragoza.jpg 600w, https:\/\/www.serbis.es\/serbis\/blog\/wp-content\/uploads\/pocera-zaragoza-300x150.jpg 300w, https:\/\/www.serbis.es\/serbis\/blog\/wp-content\/uploads\/pocera-zaragoza-370x185.jpg 370w\" sizes=\"(max-width: 600px) 100vw, 600px\" \/><\/p>\n<p>Si quieres contarnos algo puedes llamarnos al <strong>n\u00famero de tel\u00e9fono <\/strong><strong>91 610 62 53<\/strong> y si te gusta estar informado de las noticias nacionales e internacionales m\u00e1s interesantes de las industrias de la pocer\u00eda, el alcantarillado y el saneamiento de aguas fecales, visita <a href=\"https:\/\/www.serbis.es\/\" target=\"_blank\" rel=\"noopener\"><strong>Serbis.es<\/strong><\/a> y <strong>s\u00edguenos en las redes sociales<\/strong>:<\/p>\n<p><a href=\"https:\/\/www.facebook.com\/SerbisPoceria\/\" rel=\"attachment wp-att-691\" class=\"broken_link\"><img decoding=\"async\" loading=\"lazy\" class=\"size-full wp-image-691\" src=\"https:\/\/www.serbis.es\/serbis\/blog\/wp-content\/uploads\/facebook.jpg\" alt=\"facebook\" width=\"113\" height=\"111\" \/><\/a><\/p>\n<p>&nbsp;<\/p>\n<p><a href=\"https:\/\/twitter.com\/serbis_poceria\" rel=\"attachment wp-att-692\"><img decoding=\"async\" loading=\"lazy\" class=\"size-full wp-image-692\" src=\"https:\/\/www.serbis.es\/serbis\/blog\/wp-content\/uploads\/twitter.jpg\" alt=\"twitter\" width=\"113\" height=\"111\" \/><\/a><\/p>\n<p>&nbsp;<\/p>\n<p><a href=\"https:\/\/es.linkedin.com\/company\/poceria-serbis\" rel=\"attachment wp-att-693\"><img decoding=\"async\" loading=\"lazy\" class=\"size-full wp-image-693 alignleft\" src=\"https:\/\/www.serbis.es\/serbis\/blog\/wp-content\/uploads\/linkedin.jpg\" alt=\"linkedin\" width=\"113\" height=\"111\" \/><\/a><\/p>\n<p>&nbsp;<\/p>\n<p>&nbsp;<\/p>\n<p>&nbsp;<\/p>\n<p>&nbsp;<\/p>\n<p><a href=\"https:\/\/www.youtube.com\/channel\/UCSIAPGXKlWyOmHRZo9YCpBQ\" rel=\"attachment wp-att-694\"><img decoding=\"async\" loading=\"lazy\" class=\"size-full wp-image-694 alignleft\" src=\"https:\/\/www.serbis.es\/serbis\/blog\/wp-content\/uploads\/youtube.jpg\" alt=\"youtube\" width=\"113\" height=\"111\" \/><\/a><\/p>\n<p>&nbsp;<\/p>\n<p>&nbsp;<\/p>\n<p>&nbsp;<\/p>\n<p>&nbsp;<\/p>\n<p><a href=\"https:\/\/vimeo.com\/user9248661\" rel=\"attachment wp-att-696\"><img decoding=\"async\" loading=\"lazy\" class=\"size-full wp-image-696 alignleft\" src=\"https:\/\/www.serbis.es\/serbis\/blog\/wp-content\/uploads\/vimeo.jpg\" alt=\"vimeo\" width=\"113\" height=\"111\" \/><\/a><\/p>\n<p>&nbsp;<\/p>\n<p>&nbsp;<\/p>\n<p>&nbsp;<\/p>\n<p>&nbsp;<\/p>\n<p><a href=\"https:\/\/www.flickr.com\/photos\/155074596@N06\/\" rel=\"attachment wp-att-698\"><img decoding=\"async\" loading=\"lazy\" class=\"size-full wp-image-698 alignleft\" src=\"https:\/\/www.serbis.es\/serbis\/blog\/wp-content\/uploads\/flickr.jpg\" alt=\"flickr\" width=\"113\" height=\"111\" \/><\/a><\/p>\n<p>&nbsp;<\/p>\n<p>&nbsp;<\/p>\n<p>&nbsp;<\/p>\n<p>&nbsp;<\/p>\n<p><a href=\"https:\/\/www.pinterest.es\/pin\/133348838938250902\/\" rel=\"attachment wp-att-697\"><img decoding=\"async\" loading=\"lazy\" class=\"size-full wp-image-697 alignleft\" src=\"https:\/\/www.serbis.es\/serbis\/blog\/wp-content\/uploads\/pinterest.jpg\" alt=\"pinterest\" width=\"113\" height=\"111\" \/><\/a><\/p>\n","protected":false},"excerpt":{"rendered":"<p>Estos d\u00edas se han producido dos importantes noticias en el \u00e1mbito del alcantarillado de las que nos gustar\u00eda hacernos eco. La primera est\u00e1 directamente relacionada con Serbis Pocer\u00eda y la segunda, con todo el sector del saneamiento de aguas residuales de Espa\u00f1a&#8230; \u00b7 Sol inicia su puesta a punto para las Campanadas de Nochevieja:\u00a0Cuando solo [&hellip;]<\/p>\n","protected":false},"author":3,"featured_media":1365,"comment_status":"open","ping_status":"open","sticky":false,"template":"","format":"standard","meta":{"_mi_skip_tracking":false,"_monsterinsights_sitenote_active":false,"_monsterinsights_sitenote_note":"","_monsterinsights_sitenote_category":0},"categories":[5,2,25,26,32],"tags":[111,75,292,36,44,291,40,229],"yoast_head":"<!-- This site is optimized with the Yoast SEO plugin v20.10 - https:\/\/yoast.com\/wordpress\/plugins\/seo\/ -->\n<title>Renovamos el alcantarillado de Sol y recibimos a la primera pocera - Blog de Serbis<\/title>\n<meta name=\"robots\" content=\"index, follow, max-snippet:-1, max-image-preview:large, max-video-preview:-1\" \/>\n<link rel=\"canonical\" href=\"https:\/\/www.serbis.es\/serbis\/blog\/alcantarillado-sol-madrid-pocera-zaragoza\/\" \/>\n<meta property=\"og:locale\" content=\"es_ES\" \/>\n<meta property=\"og:type\" content=\"article\" \/>\n<meta property=\"og:title\" content=\"Renovamos el alcantarillado de Sol y recibimos a la primera pocera - Blog de Serbis\" \/>\n<meta property=\"og:description\" content=\"Estos d\u00edas se han producido dos importantes noticias en el \u00e1mbito del alcantarillado de las que nos gustar\u00eda hacernos eco. La primera est\u00e1 directamente relacionada con Serbis Pocer\u00eda y la segunda, con todo el sector del saneamiento de aguas residuales de Espa\u00f1a&#8230; \u00b7 Sol inicia su puesta a punto para las Campanadas de Nochevieja:\u00a0Cuando solo [&hellip;]\" \/>\n<meta property=\"og:url\" content=\"https:\/\/www.serbis.es\/serbis\/blog\/alcantarillado-sol-madrid-pocera-zaragoza\/\" \/>\n<meta property=\"og:site_name\" content=\"Blog de Serbis\" \/>\n<meta property=\"article:author\" content=\"https:\/\/www.facebook.com\/SerbisPoceria\/\" \/>\n<meta property=\"article:published_time\" content=\"2018-10-09T09:52:42+00:00\" \/>\n<meta property=\"article:modified_time\" content=\"2018-10-09T09:53:05+00:00\" \/>\n<meta property=\"og:image\" content=\"https:\/\/www.serbis.es\/serbis\/blog\/wp-content\/uploads\/pocera-zaragoza.jpg\" \/>\n\t<meta property=\"og:image:width\" content=\"600\" \/>\n\t<meta property=\"og:image:height\" content=\"300\" \/>\n\t<meta property=\"og:image:type\" content=\"image\/jpeg\" \/>\n<meta name=\"author\" content=\"Serbis Pocer\u00eda\" \/>\n<meta name=\"twitter:label1\" content=\"Escrito por\" \/>\n\t<meta name=\"twitter:data1\" content=\"Serbis Pocer\u00eda\" \/>\n\t<meta name=\"twitter:label2\" content=\"Tiempo de lectura\" \/>\n\t<meta name=\"twitter:data2\" content=\"3 minutos\" \/>\n<script type=\"application\/ld+json\" class=\"yoast-schema-graph\">{\"@context\":\"https:\/\/schema.org\",\"@graph\":[{\"@type\":\"WebPage\",\"@id\":\"https:\/\/www.serbis.es\/serbis\/blog\/alcantarillado-sol-madrid-pocera-zaragoza\/\",\"url\":\"https:\/\/www.serbis.es\/serbis\/blog\/alcantarillado-sol-madrid-pocera-zaragoza\/\",\"name\":\"Renovamos el alcantarillado de Sol y recibimos a la primera pocera - Blog de Serbis\",\"isPartOf\":{\"@id\":\"https:\/\/www.serbis.es\/serbis\/blog\/#website\"},\"datePublished\":\"2018-10-09T09:52:42+00:00\",\"dateModified\":\"2018-10-09T09:53:05+00:00\",\"author\":{\"@id\":\"https:\/\/www.serbis.es\/serbis\/blog\/#\/schema\/person\/449002ed602088d1463cc28957dee9ea\"},\"breadcrumb\":{\"@id\":\"https:\/\/www.serbis.es\/serbis\/blog\/alcantarillado-sol-madrid-pocera-zaragoza\/#breadcrumb\"},\"inLanguage\":\"es\",\"potentialAction\":[{\"@type\":\"ReadAction\",\"target\":[\"https:\/\/www.serbis.es\/serbis\/blog\/alcantarillado-sol-madrid-pocera-zaragoza\/\"]}]},{\"@type\":\"BreadcrumbList\",\"@id\":\"https:\/\/www.serbis.es\/serbis\/blog\/alcantarillado-sol-madrid-pocera-zaragoza\/#breadcrumb\",\"itemListElement\":[{\"@type\":\"ListItem\",\"position\":1,\"name\":\"Portada\",\"item\":\"https:\/\/www.serbis.es\/serbis\/blog\/\"},{\"@type\":\"ListItem\",\"position\":2,\"name\":\"Renovamos el alcantarillado de Sol y recibimos a la primera pocera\"}]},{\"@type\":\"WebSite\",\"@id\":\"https:\/\/www.serbis.es\/serbis\/blog\/#website\",\"url\":\"https:\/\/www.serbis.es\/serbis\/blog\/\",\"name\":\"Blog de Serbis\",\"description\":\"l\u00edderes en Espa\u00f1a en saneamiento de aguas con servicios de pocer\u00eda tradicional y sin zanjas\",\"potentialAction\":[{\"@type\":\"SearchAction\",\"target\":{\"@type\":\"EntryPoint\",\"urlTemplate\":\"https:\/\/www.serbis.es\/serbis\/blog\/?s={search_term_string}\"},\"query-input\":\"required name=search_term_string\"}],\"inLanguage\":\"es\"},{\"@type\":\"Person\",\"@id\":\"https:\/\/www.serbis.es\/serbis\/blog\/#\/schema\/person\/449002ed602088d1463cc28957dee9ea\",\"name\":\"Serbis Pocer\u00eda\",\"image\":{\"@type\":\"ImageObject\",\"inLanguage\":\"es\",\"@id\":\"https:\/\/www.serbis.es\/serbis\/blog\/#\/schema\/person\/image\/\",\"url\":\"https:\/\/secure.gravatar.com\/avatar\/1b95962073fbda6a54be252a727db96a?s=96&d=mm&r=g\",\"contentUrl\":\"https:\/\/secure.gravatar.com\/avatar\/1b95962073fbda6a54be252a727db96a?s=96&d=mm&r=g\",\"caption\":\"Serbis Pocer\u00eda\"},\"description\":\"Empresa especializada en soluciones de alcantarillado y saneamiento de agua, con gran experiencia en el sector y conocimiento de t\u00e9cnicas tanto de pocer\u00eda tradicional como de rehabilitaci\u00f3n de tuber\u00edas sin zanjas ni necesidad de obra civil\",\"sameAs\":[\"https:\/\/www.linkedin.com\/company\/poceria-serbis\",\"https:\/\/www.facebook.com\/SerbisPoceria\/\",\"https:\/\/twitter.com\/https:\/\/twitter.com\/serbis_poceria\"],\"url\":\"https:\/\/www.serbis.es\/serbis\/blog\/author\/perio_editor\/\"}]}<\/script>\n<!-- \/ Yoast SEO plugin. -->","yoast_head_json":{"title":"Renovamos el alcantarillado de Sol y recibimos a la primera pocera - Blog de Serbis","robots":{"index":"index","follow":"follow","max-snippet":"max-snippet:-1","max-image-preview":"max-image-preview:large","max-video-preview":"max-video-preview:-1"},"canonical":"https:\/\/www.serbis.es\/serbis\/blog\/alcantarillado-sol-madrid-pocera-zaragoza\/","og_locale":"es_ES","og_type":"article","og_title":"Renovamos el alcantarillado de Sol y recibimos a la primera pocera - Blog de Serbis","og_description":"Estos d\u00edas se han producido dos importantes noticias en el \u00e1mbito del alcantarillado de las que nos gustar\u00eda hacernos eco. La primera est\u00e1 directamente relacionada con Serbis Pocer\u00eda y la segunda, con todo el sector del saneamiento de aguas residuales de Espa\u00f1a&#8230; \u00b7 Sol inicia su puesta a punto para las Campanadas de Nochevieja:\u00a0Cuando solo [&hellip;]","og_url":"https:\/\/www.serbis.es\/serbis\/blog\/alcantarillado-sol-madrid-pocera-zaragoza\/","og_site_name":"Blog de Serbis","article_author":"https:\/\/www.facebook.com\/SerbisPoceria\/","article_published_time":"2018-10-09T09:52:42+00:00","article_modified_time":"2018-10-09T09:53:05+00:00","og_image":[{"width":600,"height":300,"url":"https:\/\/www.serbis.es\/serbis\/blog\/wp-content\/uploads\/pocera-zaragoza.jpg","type":"image\/jpeg"}],"author":"Serbis Pocer\u00eda","twitter_misc":{"Escrito por":"Serbis Pocer\u00eda","Tiempo de lectura":"3 minutos"},"schema":{"@context":"https:\/\/schema.org","@graph":[{"@type":"WebPage","@id":"https:\/\/www.serbis.es\/serbis\/blog\/alcantarillado-sol-madrid-pocera-zaragoza\/","url":"https:\/\/www.serbis.es\/serbis\/blog\/alcantarillado-sol-madrid-pocera-zaragoza\/","name":"Renovamos el alcantarillado de Sol y recibimos a la primera pocera - Blog de Serbis","isPartOf":{"@id":"https:\/\/www.serbis.es\/serbis\/blog\/#website"},"datePublished":"2018-10-09T09:52:42+00:00","dateModified":"2018-10-09T09:53:05+00:00","author":{"@id":"https:\/\/www.serbis.es\/serbis\/blog\/#\/schema\/person\/449002ed602088d1463cc28957dee9ea"},"breadcrumb":{"@id":"https:\/\/www.serbis.es\/serbis\/blog\/alcantarillado-sol-madrid-pocera-zaragoza\/#breadcrumb"},"inLanguage":"es","potentialAction":[{"@type":"ReadAction","target":["https:\/\/www.serbis.es\/serbis\/blog\/alcantarillado-sol-madrid-pocera-zaragoza\/"]}]},{"@type":"BreadcrumbList","@id":"https:\/\/www.serbis.es\/serbis\/blog\/alcantarillado-sol-madrid-pocera-zaragoza\/#breadcrumb","itemListElement":[{"@type":"ListItem","position":1,"name":"Portada","item":"https:\/\/www.serbis.es\/serbis\/blog\/"},{"@type":"ListItem","position":2,"name":"Renovamos el alcantarillado de Sol y recibimos a la primera pocera"}]},{"@type":"WebSite","@id":"https:\/\/www.serbis.es\/serbis\/blog\/#website","url":"https:\/\/www.serbis.es\/serbis\/blog\/","name":"Blog de Serbis","description":"l\u00edderes en Espa\u00f1a en saneamiento de aguas con servicios de pocer\u00eda tradicional y sin zanjas","potentialAction":[{"@type":"SearchAction","target":{"@type":"EntryPoint","urlTemplate":"https:\/\/www.serbis.es\/serbis\/blog\/?s={search_term_string}"},"query-input":"required name=search_term_string"}],"inLanguage":"es"},{"@type":"Person","@id":"https:\/\/www.serbis.es\/serbis\/blog\/#\/schema\/person\/449002ed602088d1463cc28957dee9ea","name":"Serbis Pocer\u00eda","image":{"@type":"ImageObject","inLanguage":"es","@id":"https:\/\/www.serbis.es\/serbis\/blog\/#\/schema\/person\/image\/","url":"https:\/\/secure.gravatar.com\/avatar\/1b95962073fbda6a54be252a727db96a?s=96&d=mm&r=g","contentUrl":"https:\/\/secure.gravatar.com\/avatar\/1b95962073fbda6a54be252a727db96a?s=96&d=mm&r=g","caption":"Serbis Pocer\u00eda"},"description":"Empresa especializada en soluciones de alcantarillado y saneamiento de agua, con gran experiencia en el sector y conocimiento de t\u00e9cnicas tanto de pocer\u00eda tradicional como de rehabilitaci\u00f3n de tuber\u00edas sin zanjas ni necesidad de obra civil","sameAs":["https:\/\/www.linkedin.com\/company\/poceria-serbis","https:\/\/www.facebook.com\/SerbisPoceria\/","https:\/\/twitter.com\/https:\/\/twitter.com\/serbis_poceria"],"url":"https:\/\/www.serbis.es\/serbis\/blog\/author\/perio_editor\/"}]}},"_links":{"self":[{"href":"https:\/\/www.serbis.es\/serbis\/blog\/wp-json\/wp\/v2\/posts\/1359"}],"collection":[{"href":"https:\/\/www.serbis.es\/serbis\/blog\/wp-json\/wp\/v2\/posts"}],"about":[{"href":"https:\/\/www.serbis.es\/serbis\/blog\/wp-json\/wp\/v2\/types\/post"}],"author":[{"embeddable":true,"href":"https:\/\/www.serbis.es\/serbis\/blog\/wp-json\/wp\/v2\/users\/3"}],"replies":[{"embeddable":true,"href":"https:\/\/www.serbis.es\/serbis\/blog\/wp-json\/wp\/v2\/comments?post=1359"}],"version-history":[{"count":3,"href":"https:\/\/www.serbis.es\/serbis\/blog\/wp-json\/wp\/v2\/posts\/1359\/revisions"}],"predecessor-version":[{"id":1366,"href":"https:\/\/www.serbis.es\/serbis\/blog\/wp-json\/wp\/v2\/posts\/1359\/revisions\/1366"}],"wp:featuredmedia":[{"embeddable":true,"href":"https:\/\/www.serbis.es\/serbis\/blog\/wp-json\/wp\/v2\/media\/1365"}],"wp:attachment":[{"href":"https:\/\/www.serbis.es\/serbis\/blog\/wp-json\/wp\/v2\/media?parent=1359"}],"wp:term":[{"taxonomy":"category","embeddable":true,"href":"https:\/\/www.serbis.es\/serbis\/blog\/wp-json\/wp\/v2\/categories?post=1359"},{"taxonomy":"post_tag","embeddable":true,"href":"https:\/\/www.serbis.es\/serbis\/blog\/wp-json\/wp\/v2\/tags?post=1359"}],"curies":[{"name":"wp","href":"https:\/\/api.w.org\/{rel}","templated":true}]}}