{"id":1367,"date":"2018-10-11T07:54:22","date_gmt":"2018-10-11T07:54:22","guid":{"rendered":"https:\/\/www.serbis.es\/serbis\/blog\/?p=1367"},"modified":"2018-10-11T07:55:32","modified_gmt":"2018-10-11T07:55:32","slug":"tragedias-subterraneas","status":"publish","type":"post","link":"https:\/\/www.serbis.es\/serbis\/blog\/tragedias-subterraneas\/","title":{"rendered":"Tragedias subterr\u00e1neas"},"content":{"rendered":"<p>En los \u00faltimos d\u00edas se han producido un par de tr\u00e1gicas noticias en el \u00e1mbito del alcantarillado, el saneamiento de aguas residuales y las galer\u00edas subterr\u00e1neas de las que nos gustar\u00eda hacernos eco&#8230;<\/p>\n<p><strong>\u00b7 Vivir sin alcantarillado en pleno siglo XXI: <\/strong>Aunque a veces cuesta creerlo, en muchas ocasiones os hemos hablado ya de que una parte muy importante de la poblaci\u00f3n mundial todav\u00eda subsiste sin canalizaciones subterr\u00e1neas de aguas residuales y, mucho menos, sin los modernos sistemas de depuraci\u00f3n y saneamiento que hoy tenemos. Y un buen ejemplo de ello, como explican en <a href=\"https:\/\/elpais.com\/elpais\/2018\/10\/04\/planeta_futuro\/1538659593_460411.html\">este reportaje<\/a>, es <strong>la regi\u00f3n de El Choc\u00f3, en Colombia<\/strong>, donde la mitad de la poblaci\u00f3n carece de acceso a alcantarillado.<\/p>\n<p>Una de las ciudades m\u00e1s importantes de esta zona es <strong>Quibd\u00f3<\/strong>,<strong> donde las alcantarillas solo existen para el 15% de sus 126.000 habitantes<\/strong>. El resto vierte sus aguas residuales en los arroyos, con los problemas de insalubridad y malos olores que ello conlleva. Un plan del gobierno prev\u00e9 aumentar en cuatro a\u00f1os esa cobertura del alcantarillado hasta el 51% de la poblaci\u00f3n. A partir de entonces las aguas residuales de Quibd\u00f3 ir\u00e1n a parar al r\u00edo Atrato, <strong>donde llegar\u00e1n sin ser tratadas previamente<\/strong>, pues para eso habr\u00e1 que esperar al menos una d\u00e9cada.<\/p>\n<figure id=\"attachment_1370\" aria-describedby=\"caption-attachment-1370\" style=\"width: 600px\" class=\"wp-caption aligncenter\"><img decoding=\"async\" loading=\"lazy\" class=\"wp-image-1370 size-full\" src=\"https:\/\/www.serbis.es\/serbis\/blog\/wp-content\/uploads\/alcantarillado-colombia-choco.jpg\" alt=\"aguas-subterraneas-colombia\" width=\"600\" height=\"300\" srcset=\"https:\/\/www.serbis.es\/serbis\/blog\/wp-content\/uploads\/alcantarillado-colombia-choco.jpg 600w, https:\/\/www.serbis.es\/serbis\/blog\/wp-content\/uploads\/alcantarillado-colombia-choco-300x150.jpg 300w, https:\/\/www.serbis.es\/serbis\/blog\/wp-content\/uploads\/alcantarillado-colombia-choco-370x185.jpg 370w\" sizes=\"(max-width: 600px) 100vw, 600px\" \/><figcaption id=\"caption-attachment-1370\" class=\"wp-caption-text\">CHOColombia<\/figcaption><\/figure>\n<p><strong>\u00b7 Un vecino de Legan\u00e9s fallece en las alcantarillas: <\/strong>Ocurri\u00f3 el pasado fin de semana y todav\u00eda no se sabe con exactitud qu\u00e9 pudo ocurrir (la autopsia lo desvelar\u00e1 dentro de un mes). Lo que s\u00ed sabemos, por <a href=\"https:\/\/elpais.com\/ccaa\/2018\/10\/06\/madrid\/1538820179_411579.html\">este art\u00edculo<\/a>, es que el fallecido viv\u00eda en Legan\u00e9s (Madrid), se llamaba <strong>Carlos Perry<\/strong>, era peruano, ten\u00eda 54 a\u00f1os y fue encontrado por la Polic\u00eda porque <strong>sus piernas sobresal\u00edan por una de las alcantarillas<\/strong> encargadas de filtrar el agua de la lluvi a las canalizaciones subterr\u00e1neas.<\/p>\n<p>Una de las opciones m\u00e1s probables es que el hombre levantara la tapa de registro de la alcantarilla <strong>para recuperar las llaves de su coche<\/strong> (que fueron encontradas en el fondo) y cayera de cabeza d\u00e1ndose un golpe mortal. Otras alternativas que se barajan es que sufriera un paro card\u00edaco o, mucho m\u00e1s improbable, que inhalase gases t\u00f3xicos. Lo que resulta evidente, como apunta el titular de la noticia, es que<strong> ninguna muerte es absurda<\/strong>&#8230; y \u00e9sta tampoco lo fue.<\/p>\n<p><strong>Descanse En Paz<\/strong> el fallecido y nuestro m\u00e1s sentido p\u00e9same para su familia.<\/p>\n<p><img decoding=\"async\" loading=\"lazy\" class=\"aligncenter wp-image-1368 size-full\" src=\"https:\/\/www.serbis.es\/serbis\/blog\/wp-content\/uploads\/alcantarilla-leganes.jpg\" alt=\"alcantarillas-subterraneas-leganes\" width=\"600\" height=\"300\" srcset=\"https:\/\/www.serbis.es\/serbis\/blog\/wp-content\/uploads\/alcantarilla-leganes.jpg 600w, https:\/\/www.serbis.es\/serbis\/blog\/wp-content\/uploads\/alcantarilla-leganes-300x150.jpg 300w, https:\/\/www.serbis.es\/serbis\/blog\/wp-content\/uploads\/alcantarilla-leganes-370x185.jpg 370w\" sizes=\"(max-width: 600px) 100vw, 600px\" \/><\/p>\n<p>Si quieres contarnos algo puedes llamarnos al <strong>n\u00famero de tel\u00e9fono <\/strong><strong>91 610 62 53<\/strong> y si te gusta estar informado de las noticias nacionales e internacionales m\u00e1s interesantes de las industrias de la pocer\u00eda, el alcantarillado y el saneamiento de aguas fecales, visita <a href=\"https:\/\/www.serbis.es\/\" target=\"_blank\" rel=\"noopener\"><strong>Serbis.es<\/strong><\/a> y <strong>s\u00edguenos en las redes sociales<\/strong>:<\/p>\n<p><a href=\"https:\/\/www.facebook.com\/SerbisPoceria\/\" rel=\"attachment wp-att-691\" class=\"broken_link\"><img decoding=\"async\" loading=\"lazy\" class=\"size-full wp-image-691\" src=\"https:\/\/www.serbis.es\/serbis\/blog\/wp-content\/uploads\/facebook.jpg\" alt=\"facebook\" width=\"113\" height=\"111\" \/><\/a><\/p>\n<p>&nbsp;<\/p>\n<p><a href=\"https:\/\/twitter.com\/serbis_poceria\" rel=\"attachment wp-att-692\"><img decoding=\"async\" loading=\"lazy\" class=\"size-full wp-image-692\" src=\"https:\/\/www.serbis.es\/serbis\/blog\/wp-content\/uploads\/twitter.jpg\" alt=\"twitter\" width=\"113\" height=\"111\" \/><\/a><\/p>\n<p>&nbsp;<\/p>\n<p><a href=\"https:\/\/es.linkedin.com\/company\/poceria-serbis\" rel=\"attachment wp-att-693\"><img decoding=\"async\" loading=\"lazy\" class=\"size-full wp-image-693 alignleft\" src=\"https:\/\/www.serbis.es\/serbis\/blog\/wp-content\/uploads\/linkedin.jpg\" alt=\"linkedin\" width=\"113\" height=\"111\" \/><\/a><\/p>\n<p>&nbsp;<\/p>\n<p>&nbsp;<\/p>\n<p>&nbsp;<\/p>\n<p>&nbsp;<\/p>\n<p><a href=\"https:\/\/www.youtube.com\/channel\/UCSIAPGXKlWyOmHRZo9YCpBQ\" rel=\"attachment wp-att-694\"><img decoding=\"async\" loading=\"lazy\" class=\"size-full wp-image-694 alignleft\" src=\"https:\/\/www.serbis.es\/serbis\/blog\/wp-content\/uploads\/youtube.jpg\" alt=\"youtube\" width=\"113\" height=\"111\" \/><\/a><\/p>\n<p>&nbsp;<\/p>\n<p>&nbsp;<\/p>\n<p>&nbsp;<\/p>\n<p>&nbsp;<\/p>\n<p><a href=\"https:\/\/vimeo.com\/user9248661\" rel=\"attachment wp-att-696\"><img decoding=\"async\" loading=\"lazy\" class=\"size-full wp-image-696 alignleft\" src=\"https:\/\/www.serbis.es\/serbis\/blog\/wp-content\/uploads\/vimeo.jpg\" alt=\"vimeo\" width=\"113\" height=\"111\" \/><\/a><\/p>\n<p>&nbsp;<\/p>\n<p>&nbsp;<\/p>\n<p>&nbsp;<\/p>\n<p>&nbsp;<\/p>\n<p><a href=\"https:\/\/www.flickr.com\/photos\/155074596@N06\/\" rel=\"attachment wp-att-698\"><img decoding=\"async\" loading=\"lazy\" class=\"size-full wp-image-698 alignleft\" src=\"https:\/\/www.serbis.es\/serbis\/blog\/wp-content\/uploads\/flickr.jpg\" alt=\"flickr\" width=\"113\" height=\"111\" \/><\/a><\/p>\n<p>&nbsp;<\/p>\n<p>&nbsp;<\/p>\n<p>&nbsp;<\/p>\n<p>&nbsp;<\/p>\n<p><a href=\"https:\/\/www.pinterest.es\/pin\/133348838938250902\/\" rel=\"attachment wp-att-697\"><img decoding=\"async\" loading=\"lazy\" class=\"size-full wp-image-697 alignleft\" src=\"https:\/\/www.serbis.es\/serbis\/blog\/wp-content\/uploads\/pinterest.jpg\" alt=\"pinterest\" width=\"113\" height=\"111\" \/><\/a><\/p>\n","protected":false},"excerpt":{"rendered":"<p>En los \u00faltimos d\u00edas se han producido un par de tr\u00e1gicas noticias en el \u00e1mbito del alcantarillado, el saneamiento de aguas residuales y las galer\u00edas subterr\u00e1neas de las que nos gustar\u00eda hacernos eco&#8230; \u00b7 Vivir sin alcantarillado en pleno siglo XXI: Aunque a veces cuesta creerlo, en muchas ocasiones os hemos hablado ya de que [&hellip;]<\/p>\n","protected":false},"author":3,"featured_media":1368,"comment_status":"open","ping_status":"open","sticky":false,"template":"","format":"standard","meta":{"_mi_skip_tracking":false,"_monsterinsights_sitenote_active":false,"_monsterinsights_sitenote_note":"","_monsterinsights_sitenote_category":0},"categories":[2,25,32,19],"tags":[75,22,61,259,294,40,293],"yoast_head":"<!-- This site is optimized with the Yoast SEO plugin v20.10 - https:\/\/yoast.com\/wordpress\/plugins\/seo\/ -->\n<title>Tragedias subterr\u00e1neas - Blog de Serbis<\/title>\n<meta name=\"robots\" content=\"index, follow, max-snippet:-1, max-image-preview:large, max-video-preview:-1\" \/>\n<link rel=\"canonical\" href=\"https:\/\/www.serbis.es\/serbis\/blog\/tragedias-subterraneas\/\" \/>\n<meta property=\"og:locale\" content=\"es_ES\" \/>\n<meta property=\"og:type\" content=\"article\" \/>\n<meta property=\"og:title\" content=\"Tragedias subterr\u00e1neas - Blog de Serbis\" \/>\n<meta property=\"og:description\" content=\"En los \u00faltimos d\u00edas se han producido un par de tr\u00e1gicas noticias en el \u00e1mbito del alcantarillado, el saneamiento de aguas residuales y las galer\u00edas subterr\u00e1neas de las que nos gustar\u00eda hacernos eco&#8230; \u00b7 Vivir sin alcantarillado en pleno siglo XXI: Aunque a veces cuesta creerlo, en muchas ocasiones os hemos hablado ya de que [&hellip;]\" \/>\n<meta property=\"og:url\" content=\"https:\/\/www.serbis.es\/serbis\/blog\/tragedias-subterraneas\/\" \/>\n<meta property=\"og:site_name\" content=\"Blog de Serbis\" \/>\n<meta property=\"article:author\" content=\"https:\/\/www.facebook.com\/SerbisPoceria\/\" \/>\n<meta property=\"article:published_time\" content=\"2018-10-11T07:54:22+00:00\" \/>\n<meta property=\"article:modified_time\" content=\"2018-10-11T07:55:32+00:00\" \/>\n<meta property=\"og:image\" content=\"https:\/\/www.serbis.es\/serbis\/blog\/wp-content\/uploads\/alcantarilla-leganes.jpg\" \/>\n\t<meta property=\"og:image:width\" content=\"600\" \/>\n\t<meta property=\"og:image:height\" content=\"300\" \/>\n\t<meta property=\"og:image:type\" content=\"image\/jpeg\" \/>\n<meta name=\"author\" content=\"Serbis Pocer\u00eda\" \/>\n<meta name=\"twitter:label1\" content=\"Escrito por\" \/>\n\t<meta name=\"twitter:data1\" content=\"Serbis Pocer\u00eda\" \/>\n\t<meta name=\"twitter:label2\" content=\"Tiempo de lectura\" \/>\n\t<meta name=\"twitter:data2\" content=\"2 minutos\" \/>\n<script type=\"application\/ld+json\" class=\"yoast-schema-graph\">{\"@context\":\"https:\/\/schema.org\",\"@graph\":[{\"@type\":\"WebPage\",\"@id\":\"https:\/\/www.serbis.es\/serbis\/blog\/tragedias-subterraneas\/\",\"url\":\"https:\/\/www.serbis.es\/serbis\/blog\/tragedias-subterraneas\/\",\"name\":\"Tragedias subterr\u00e1neas - Blog de Serbis\",\"isPartOf\":{\"@id\":\"https:\/\/www.serbis.es\/serbis\/blog\/#website\"},\"datePublished\":\"2018-10-11T07:54:22+00:00\",\"dateModified\":\"2018-10-11T07:55:32+00:00\",\"author\":{\"@id\":\"https:\/\/www.serbis.es\/serbis\/blog\/#\/schema\/person\/449002ed602088d1463cc28957dee9ea\"},\"breadcrumb\":{\"@id\":\"https:\/\/www.serbis.es\/serbis\/blog\/tragedias-subterraneas\/#breadcrumb\"},\"inLanguage\":\"es\",\"potentialAction\":[{\"@type\":\"ReadAction\",\"target\":[\"https:\/\/www.serbis.es\/serbis\/blog\/tragedias-subterraneas\/\"]}]},{\"@type\":\"BreadcrumbList\",\"@id\":\"https:\/\/www.serbis.es\/serbis\/blog\/tragedias-subterraneas\/#breadcrumb\",\"itemListElement\":[{\"@type\":\"ListItem\",\"position\":1,\"name\":\"Portada\",\"item\":\"https:\/\/www.serbis.es\/serbis\/blog\/\"},{\"@type\":\"ListItem\",\"position\":2,\"name\":\"Tragedias subterr\u00e1neas\"}]},{\"@type\":\"WebSite\",\"@id\":\"https:\/\/www.serbis.es\/serbis\/blog\/#website\",\"url\":\"https:\/\/www.serbis.es\/serbis\/blog\/\",\"name\":\"Blog de Serbis\",\"description\":\"l\u00edderes en Espa\u00f1a en saneamiento de aguas con servicios de pocer\u00eda tradicional y sin zanjas\",\"potentialAction\":[{\"@type\":\"SearchAction\",\"target\":{\"@type\":\"EntryPoint\",\"urlTemplate\":\"https:\/\/www.serbis.es\/serbis\/blog\/?s={search_term_string}\"},\"query-input\":\"required name=search_term_string\"}],\"inLanguage\":\"es\"},{\"@type\":\"Person\",\"@id\":\"https:\/\/www.serbis.es\/serbis\/blog\/#\/schema\/person\/449002ed602088d1463cc28957dee9ea\",\"name\":\"Serbis Pocer\u00eda\",\"image\":{\"@type\":\"ImageObject\",\"inLanguage\":\"es\",\"@id\":\"https:\/\/www.serbis.es\/serbis\/blog\/#\/schema\/person\/image\/\",\"url\":\"https:\/\/secure.gravatar.com\/avatar\/1b95962073fbda6a54be252a727db96a?s=96&d=mm&r=g\",\"contentUrl\":\"https:\/\/secure.gravatar.com\/avatar\/1b95962073fbda6a54be252a727db96a?s=96&d=mm&r=g\",\"caption\":\"Serbis Pocer\u00eda\"},\"description\":\"Empresa especializada en soluciones de alcantarillado y saneamiento de agua, con gran experiencia en el sector y conocimiento de t\u00e9cnicas tanto de pocer\u00eda tradicional como de rehabilitaci\u00f3n de tuber\u00edas sin zanjas ni necesidad de obra civil\",\"sameAs\":[\"https:\/\/www.linkedin.com\/company\/poceria-serbis\",\"https:\/\/www.facebook.com\/SerbisPoceria\/\",\"https:\/\/twitter.com\/https:\/\/twitter.com\/serbis_poceria\"],\"url\":\"https:\/\/www.serbis.es\/serbis\/blog\/author\/perio_editor\/\"}]}<\/script>\n<!-- \/ Yoast SEO plugin. -->","yoast_head_json":{"title":"Tragedias subterr\u00e1neas - Blog de Serbis","robots":{"index":"index","follow":"follow","max-snippet":"max-snippet:-1","max-image-preview":"max-image-preview:large","max-video-preview":"max-video-preview:-1"},"canonical":"https:\/\/www.serbis.es\/serbis\/blog\/tragedias-subterraneas\/","og_locale":"es_ES","og_type":"article","og_title":"Tragedias subterr\u00e1neas - Blog de Serbis","og_description":"En los \u00faltimos d\u00edas se han producido un par de tr\u00e1gicas noticias en el \u00e1mbito del alcantarillado, el saneamiento de aguas residuales y las galer\u00edas subterr\u00e1neas de las que nos gustar\u00eda hacernos eco&#8230; \u00b7 Vivir sin alcantarillado en pleno siglo XXI: Aunque a veces cuesta creerlo, en muchas ocasiones os hemos hablado ya de que [&hellip;]","og_url":"https:\/\/www.serbis.es\/serbis\/blog\/tragedias-subterraneas\/","og_site_name":"Blog de Serbis","article_author":"https:\/\/www.facebook.com\/SerbisPoceria\/","article_published_time":"2018-10-11T07:54:22+00:00","article_modified_time":"2018-10-11T07:55:32+00:00","og_image":[{"width":600,"height":300,"url":"https:\/\/www.serbis.es\/serbis\/blog\/wp-content\/uploads\/alcantarilla-leganes.jpg","type":"image\/jpeg"}],"author":"Serbis Pocer\u00eda","twitter_misc":{"Escrito por":"Serbis Pocer\u00eda","Tiempo de lectura":"2 minutos"},"schema":{"@context":"https:\/\/schema.org","@graph":[{"@type":"WebPage","@id":"https:\/\/www.serbis.es\/serbis\/blog\/tragedias-subterraneas\/","url":"https:\/\/www.serbis.es\/serbis\/blog\/tragedias-subterraneas\/","name":"Tragedias subterr\u00e1neas - Blog de Serbis","isPartOf":{"@id":"https:\/\/www.serbis.es\/serbis\/blog\/#website"},"datePublished":"2018-10-11T07:54:22+00:00","dateModified":"2018-10-11T07:55:32+00:00","author":{"@id":"https:\/\/www.serbis.es\/serbis\/blog\/#\/schema\/person\/449002ed602088d1463cc28957dee9ea"},"breadcrumb":{"@id":"https:\/\/www.serbis.es\/serbis\/blog\/tragedias-subterraneas\/#breadcrumb"},"inLanguage":"es","potentialAction":[{"@type":"ReadAction","target":["https:\/\/www.serbis.es\/serbis\/blog\/tragedias-subterraneas\/"]}]},{"@type":"BreadcrumbList","@id":"https:\/\/www.serbis.es\/serbis\/blog\/tragedias-subterraneas\/#breadcrumb","itemListElement":[{"@type":"ListItem","position":1,"name":"Portada","item":"https:\/\/www.serbis.es\/serbis\/blog\/"},{"@type":"ListItem","position":2,"name":"Tragedias subterr\u00e1neas"}]},{"@type":"WebSite","@id":"https:\/\/www.serbis.es\/serbis\/blog\/#website","url":"https:\/\/www.serbis.es\/serbis\/blog\/","name":"Blog de Serbis","description":"l\u00edderes en Espa\u00f1a en saneamiento de aguas con servicios de pocer\u00eda tradicional y sin zanjas","potentialAction":[{"@type":"SearchAction","target":{"@type":"EntryPoint","urlTemplate":"https:\/\/www.serbis.es\/serbis\/blog\/?s={search_term_string}"},"query-input":"required name=search_term_string"}],"inLanguage":"es"},{"@type":"Person","@id":"https:\/\/www.serbis.es\/serbis\/blog\/#\/schema\/person\/449002ed602088d1463cc28957dee9ea","name":"Serbis Pocer\u00eda","image":{"@type":"ImageObject","inLanguage":"es","@id":"https:\/\/www.serbis.es\/serbis\/blog\/#\/schema\/person\/image\/","url":"https:\/\/secure.gravatar.com\/avatar\/1b95962073fbda6a54be252a727db96a?s=96&d=mm&r=g","contentUrl":"https:\/\/secure.gravatar.com\/avatar\/1b95962073fbda6a54be252a727db96a?s=96&d=mm&r=g","caption":"Serbis Pocer\u00eda"},"description":"Empresa especializada en soluciones de alcantarillado y saneamiento de agua, con gran experiencia en el sector y conocimiento de t\u00e9cnicas tanto de pocer\u00eda tradicional como de rehabilitaci\u00f3n de tuber\u00edas sin zanjas ni necesidad de obra civil","sameAs":["https:\/\/www.linkedin.com\/company\/poceria-serbis","https:\/\/www.facebook.com\/SerbisPoceria\/","https:\/\/twitter.com\/https:\/\/twitter.com\/serbis_poceria"],"url":"https:\/\/www.serbis.es\/serbis\/blog\/author\/perio_editor\/"}]}},"_links":{"self":[{"href":"https:\/\/www.serbis.es\/serbis\/blog\/wp-json\/wp\/v2\/posts\/1367"}],"collection":[{"href":"https:\/\/www.serbis.es\/serbis\/blog\/wp-json\/wp\/v2\/posts"}],"about":[{"href":"https:\/\/www.serbis.es\/serbis\/blog\/wp-json\/wp\/v2\/types\/post"}],"author":[{"embeddable":true,"href":"https:\/\/www.serbis.es\/serbis\/blog\/wp-json\/wp\/v2\/users\/3"}],"replies":[{"embeddable":true,"href":"https:\/\/www.serbis.es\/serbis\/blog\/wp-json\/wp\/v2\/comments?post=1367"}],"version-history":[{"count":4,"href":"https:\/\/www.serbis.es\/serbis\/blog\/wp-json\/wp\/v2\/posts\/1367\/revisions"}],"predecessor-version":[{"id":1373,"href":"https:\/\/www.serbis.es\/serbis\/blog\/wp-json\/wp\/v2\/posts\/1367\/revisions\/1373"}],"wp:featuredmedia":[{"embeddable":true,"href":"https:\/\/www.serbis.es\/serbis\/blog\/wp-json\/wp\/v2\/media\/1368"}],"wp:attachment":[{"href":"https:\/\/www.serbis.es\/serbis\/blog\/wp-json\/wp\/v2\/media?parent=1367"}],"wp:term":[{"taxonomy":"category","embeddable":true,"href":"https:\/\/www.serbis.es\/serbis\/blog\/wp-json\/wp\/v2\/categories?post=1367"},{"taxonomy":"post_tag","embeddable":true,"href":"https:\/\/www.serbis.es\/serbis\/blog\/wp-json\/wp\/v2\/tags?post=1367"}],"curies":[{"name":"wp","href":"https:\/\/api.w.org\/{rel}","templated":true}]}}