{"id":1375,"date":"2018-10-15T10:11:09","date_gmt":"2018-10-15T10:11:09","guid":{"rendered":"https:\/\/www.serbis.es\/serbis\/blog\/?p=1375"},"modified":"2018-10-15T10:16:33","modified_gmt":"2018-10-15T10:16:33","slug":"carrera-alcobendas-trata-mujeres","status":"publish","type":"post","link":"https:\/\/www.serbis.es\/serbis\/blog\/carrera-alcobendas-trata-mujeres\/","title":{"rendered":"Serbis Pocer\u00eda, contra la trata de mujeres y ni\u00f1as"},"content":{"rendered":"<p>El pasado 6 de octubre se celebr\u00f3 en Alcobendas la <a href=\"https:\/\/fundacionmaryward.org\/\"><strong>VII Edici\u00f3n de la Carrera Solidaria Fundaci\u00f3n Mary Ward<\/strong><\/a>, cuyo objetivo es recaudar fondos para luchar contra la trata de mujeres y ni\u00f1as. Para Serbis Pocer\u00eda fue un aut\u00e9ntico honor <strong>colaborar por primera vez con esta iniciativa<\/strong>, pasando a formar parte de la larga lista de instituciones que, de manera desinteresada, colaboran cada a\u00f1o para que esta carrera sea un <strong>\u00e9xito de participaci\u00f3n y sensibilizaci\u00f3n<\/strong>.<\/p>\n<p><img decoding=\"async\" loading=\"lazy\" class=\"size-full wp-image-1377 alignnone\" src=\"https:\/\/www.serbis.es\/serbis\/blog\/wp-content\/uploads\/logo-serbis-carrera.jpg\" alt=\"\" width=\"600\" height=\"300\" srcset=\"https:\/\/www.serbis.es\/serbis\/blog\/wp-content\/uploads\/logo-serbis-carrera.jpg 600w, https:\/\/www.serbis.es\/serbis\/blog\/wp-content\/uploads\/logo-serbis-carrera-300x150.jpg 300w, https:\/\/www.serbis.es\/serbis\/blog\/wp-content\/uploads\/logo-serbis-carrera-370x185.jpg 370w\" sizes=\"(max-width: 600px) 100vw, 600px\" \/><\/p>\n<p>Y es que la recaudaci\u00f3n de esta carrera se destina \u00edntegramente a proyectos contra el tr\u00e1fico de personas, un fen\u00f3meno del que generalmente no se habla mucho a pesar de que afecta a millones de personas en todo el mundo. En concreto, la Fundaci\u00f3n Mary Ward desarrolla <strong>campa\u00f1as de sensibilizaci\u00f3n y prevenci\u00f3n en India<\/strong>, para que las mujeres y ni\u00f1as m\u00e1s vulnerables no se dejen enga\u00f1ar por falsas ofertas de trabajo que en realidad esconden una vida de esclavitud, y tambi\u00e9n promueve <strong>iniciativas de generaci\u00f3n de oportunidades<\/strong> entre las j\u00f3venes indias, ofreciendo formaci\u00f3n, facilitando su acceso a un empleo digno y, en definitiva, alej\u00e1ndolas de las garras de la trata.<\/p>\n<p><img decoding=\"async\" loading=\"lazy\" class=\"wp-image-1378 alignnone\" src=\"https:\/\/www.serbis.es\/serbis\/blog\/wp-content\/uploads\/carrera-fundacion-mary-ward.jpg\" alt=\"\" width=\"600\" height=\"300\" srcset=\"https:\/\/www.serbis.es\/serbis\/blog\/wp-content\/uploads\/carrera-fundacion-mary-ward.jpg 1200w, https:\/\/www.serbis.es\/serbis\/blog\/wp-content\/uploads\/carrera-fundacion-mary-ward-300x150.jpg 300w, https:\/\/www.serbis.es\/serbis\/blog\/wp-content\/uploads\/carrera-fundacion-mary-ward-1024x512.jpg 1024w, https:\/\/www.serbis.es\/serbis\/blog\/wp-content\/uploads\/carrera-fundacion-mary-ward-768x384.jpg 768w, https:\/\/www.serbis.es\/serbis\/blog\/wp-content\/uploads\/carrera-fundacion-mary-ward-370x185.jpg 370w\" sizes=\"(max-width: 600px) 100vw, 600px\" \/><\/p>\n<p>Como ha sucedido cada inicio del curso escolar desde su primera edici\u00f3n, celebrada en el a\u00f1o 2012, la carrera popular empez\u00f3 y termin\u00f3 en las instalaciones del <a href=\"http:\/\/www.irlandesaselsoto.net\/es\"><strong>Colegio BVM Irlandesas<\/strong><\/a>, transcurriendo el grueso del recorrido por las calles aleda\u00f1as a este centro educativo situado en <strong>El Soto de La Moraleja<\/strong>. Los participantes pudieron elegir entre ir <strong>corriendo o andando<\/strong> (ya que tambi\u00e9n existe la opci\u00f3n de hacer una marcha solidaria) y entre dar una sola vuelta al circuito, de <strong>3,5 kil\u00f3metros<\/strong> de longitud, o completarlo en dos ocasiones y correr un total de<strong> 7 kil\u00f3metros<\/strong>.<\/p>\n<p>Una vez finalizada la carrera popular lleg\u00f3 el turno de los m\u00e1s peque\u00f1os. Al fin y al cabo, uno de los principales atractivos de esta iniciativa solidaria es concienciar a los ni\u00f1os sobre el fen\u00f3meno de la trata, para lo que se organizan <strong>carreras en el interior del colegio para los inscritos menores de 12 a\u00f1os<\/strong>. Los chavales no solo se ganaron por derecho propio su correspondiente medalla, sino que tambi\u00e9n pudieron disfrutar de todo tipo de actividades l\u00fadicas, como juegos, castillos hinchables o pintacaras.<\/p>\n<p><img decoding=\"async\" loading=\"lazy\" class=\"size-full wp-image-1379 alignnone\" src=\"https:\/\/www.serbis.es\/serbis\/blog\/wp-content\/uploads\/fotos-carrera-alcobendas.jpg\" alt=\"\" width=\"600\" height=\"300\" srcset=\"https:\/\/www.serbis.es\/serbis\/blog\/wp-content\/uploads\/fotos-carrera-alcobendas.jpg 600w, https:\/\/www.serbis.es\/serbis\/blog\/wp-content\/uploads\/fotos-carrera-alcobendas-300x150.jpg 300w, https:\/\/www.serbis.es\/serbis\/blog\/wp-content\/uploads\/fotos-carrera-alcobendas-370x185.jpg 370w\" sizes=\"(max-width: 600px) 100vw, 600px\" \/><\/p>\n<p>Y para completar una jornada tan festiva como reivindicativa, la Fundaci\u00f3n Mary Ward organiz\u00f3, como ya es tradici\u00f3n, un<strong> men\u00fa solidario<\/strong> que permiti\u00f3 a peque\u00f1os y mayores reponer toda la energ\u00eda consumida a lo largo de la ma\u00f1ana. Anteriormente hab\u00eda tenido lugar <strong>la entrega de premios y trofeos<\/strong>, que este a\u00f1o ten\u00eda como platos fuertes el sorteo entre todos los inscritos de una bicicleta de monta\u00f1a y de un bal\u00f3n firmado por los jugadores del Atl\u00e9tico de Madrid.<\/p>\n<p>Si quer\u00e9is ver m\u00e1s im\u00e1genes de la carrera pod\u00e9is visitar el \u00e1lbum que la Fundaci\u00f3n Mary Ward ha publicado en <a href=\"https:\/\/www.flickr.com\/photos\/137004933@N02\/albums\/72157698995217492\/page1\">su cuenta de Flickr<\/a>. Tambi\u00e9n ten\u00e9is un mont\u00f3n de fotograf\u00edas en <a href=\"https:\/\/www.flickr.com\/photos\/imagenenaccion\/albums\/72157672072690967\/with\/30220432597\/\">esta otra cuenta<\/a>, perteneciente a la ONG <a href=\"http:\/\/imagenenaccion.org\/\" class=\"broken_link\"><strong>Imagen en acci\u00f3n<\/strong><\/a>, que otorga cobertura informativa a los eventos de aquellos colectivos que trabajan por la sensibilizaci\u00f3n, la acci\u00f3n social y la cooperaci\u00f3n internacional.<\/p>\n<p><strong>\u00a1Nos vemos en la octava edici\u00f3n!<\/strong><\/p>\n<p>Si quieres contarnos algo puedes llamarnos al <strong>n\u00famero de tel\u00e9fono <\/strong><strong>91 610 62 53<\/strong> y si te gusta estar informado de las noticias nacionales e internacionales m\u00e1s interesantes de las industrias de la pocer\u00eda, el alcantarillado y el saneamiento de aguas fecales, visita <a href=\"https:\/\/www.serbis.es\/\" target=\"_blank\" rel=\"noopener\"><strong>Serbis.es<\/strong><\/a> y <strong>s\u00edguenos en las redes sociales<\/strong>:<\/p>\n<p><a href=\"https:\/\/www.facebook.com\/SerbisPoceria\/\" rel=\"attachment wp-att-691\" class=\"broken_link\"><img decoding=\"async\" loading=\"lazy\" class=\"size-full wp-image-691\" src=\"https:\/\/www.serbis.es\/serbis\/blog\/wp-content\/uploads\/facebook.jpg\" alt=\"facebook\" width=\"113\" height=\"111\" \/><\/a><\/p>\n<p>&nbsp;<\/p>\n<p><a href=\"https:\/\/twitter.com\/serbis_poceria\" rel=\"attachment wp-att-692\"><img decoding=\"async\" loading=\"lazy\" class=\"size-full wp-image-692\" src=\"https:\/\/www.serbis.es\/serbis\/blog\/wp-content\/uploads\/twitter.jpg\" alt=\"twitter\" width=\"113\" height=\"111\" \/><\/a><\/p>\n<p>&nbsp;<\/p>\n<p><a href=\"https:\/\/es.linkedin.com\/company\/poceria-serbis\" rel=\"attachment wp-att-693\"><img decoding=\"async\" loading=\"lazy\" class=\"size-full wp-image-693 alignleft\" src=\"https:\/\/www.serbis.es\/serbis\/blog\/wp-content\/uploads\/linkedin.jpg\" alt=\"linkedin\" width=\"113\" height=\"111\" \/><\/a><\/p>\n<p>&nbsp;<\/p>\n<p>&nbsp;<\/p>\n<p>&nbsp;<\/p>\n<p>&nbsp;<\/p>\n<p><a href=\"https:\/\/www.youtube.com\/channel\/UCSIAPGXKlWyOmHRZo9YCpBQ\" rel=\"attachment wp-att-694\"><img decoding=\"async\" loading=\"lazy\" class=\"size-full wp-image-694 alignleft\" src=\"https:\/\/www.serbis.es\/serbis\/blog\/wp-content\/uploads\/youtube.jpg\" alt=\"youtube\" width=\"113\" height=\"111\" \/><\/a><\/p>\n<p>&nbsp;<\/p>\n<p>&nbsp;<\/p>\n<p>&nbsp;<\/p>\n<p>&nbsp;<\/p>\n<p><a href=\"https:\/\/vimeo.com\/user9248661\" rel=\"attachment wp-att-696\"><img decoding=\"async\" loading=\"lazy\" class=\"size-full wp-image-696 alignleft\" src=\"https:\/\/www.serbis.es\/serbis\/blog\/wp-content\/uploads\/vimeo.jpg\" alt=\"vimeo\" width=\"113\" height=\"111\" \/><\/a><\/p>\n<p>&nbsp;<\/p>\n<p>&nbsp;<\/p>\n<p>&nbsp;<\/p>\n<p>&nbsp;<\/p>\n<p><a href=\"https:\/\/www.flickr.com\/photos\/155074596@N06\/\" rel=\"attachment wp-att-698\"><img decoding=\"async\" loading=\"lazy\" class=\"size-full wp-image-698 alignleft\" src=\"https:\/\/www.serbis.es\/serbis\/blog\/wp-content\/uploads\/flickr.jpg\" alt=\"flickr\" width=\"113\" height=\"111\" \/><\/a><\/p>\n<p>&nbsp;<\/p>\n<p>&nbsp;<\/p>\n<p>&nbsp;<\/p>\n<p>&nbsp;<\/p>\n<p><a href=\"https:\/\/www.pinterest.es\/pin\/133348838938250902\/\" rel=\"attachment wp-att-697\"><img decoding=\"async\" loading=\"lazy\" class=\"size-full wp-image-697 alignleft\" src=\"https:\/\/www.serbis.es\/serbis\/blog\/wp-content\/uploads\/pinterest.jpg\" alt=\"pinterest\" width=\"113\" height=\"111\" \/><\/a><\/p>\n","protected":false},"excerpt":{"rendered":"<p>El pasado 6 de octubre se celebr\u00f3 en Alcobendas la VII Edici\u00f3n de la Carrera Solidaria Fundaci\u00f3n Mary Ward, cuyo objetivo es recaudar fondos para luchar contra la trata de mujeres y ni\u00f1as. Para Serbis Pocer\u00eda fue un aut\u00e9ntico honor colaborar por primera vez con esta iniciativa, pasando a formar parte de la larga lista [&hellip;]<\/p>\n","protected":false},"author":3,"featured_media":1376,"comment_status":"open","ping_status":"open","sticky":false,"template":"","format":"standard","meta":{"_mi_skip_tracking":false,"_monsterinsights_sitenote_active":false,"_monsterinsights_sitenote_note":"","_monsterinsights_sitenote_category":0},"categories":[26],"tags":[299,297,298,300,295,296],"yoast_head":"<!-- This site is optimized with the Yoast SEO plugin v20.10 - https:\/\/yoast.com\/wordpress\/plugins\/seo\/ -->\n<title>Serbis Pocer\u00eda, contra la trata de mujeres y ni\u00f1as - Blog de Serbis<\/title>\n<meta name=\"robots\" content=\"index, follow, max-snippet:-1, max-image-preview:large, max-video-preview:-1\" \/>\n<link rel=\"canonical\" href=\"https:\/\/www.serbis.es\/serbis\/blog\/carrera-alcobendas-trata-mujeres\/\" \/>\n<meta property=\"og:locale\" content=\"es_ES\" \/>\n<meta property=\"og:type\" content=\"article\" \/>\n<meta property=\"og:title\" content=\"Serbis Pocer\u00eda, contra la trata de mujeres y ni\u00f1as - Blog de Serbis\" \/>\n<meta property=\"og:description\" content=\"El pasado 6 de octubre se celebr\u00f3 en Alcobendas la VII Edici\u00f3n de la Carrera Solidaria Fundaci\u00f3n Mary Ward, cuyo objetivo es recaudar fondos para luchar contra la trata de mujeres y ni\u00f1as. Para Serbis Pocer\u00eda fue un aut\u00e9ntico honor colaborar por primera vez con esta iniciativa, pasando a formar parte de la larga lista [&hellip;]\" \/>\n<meta property=\"og:url\" content=\"https:\/\/www.serbis.es\/serbis\/blog\/carrera-alcobendas-trata-mujeres\/\" \/>\n<meta property=\"og:site_name\" content=\"Blog de Serbis\" \/>\n<meta property=\"article:author\" content=\"https:\/\/www.facebook.com\/SerbisPoceria\/\" \/>\n<meta property=\"article:published_time\" content=\"2018-10-15T10:11:09+00:00\" \/>\n<meta property=\"article:modified_time\" content=\"2018-10-15T10:16:33+00:00\" \/>\n<meta property=\"og:image\" content=\"https:\/\/www.serbis.es\/serbis\/blog\/wp-content\/uploads\/foto-apertura-carrera.jpg\" \/>\n\t<meta property=\"og:image:width\" content=\"600\" \/>\n\t<meta property=\"og:image:height\" content=\"300\" \/>\n\t<meta property=\"og:image:type\" content=\"image\/jpeg\" \/>\n<meta name=\"author\" content=\"Serbis Pocer\u00eda\" \/>\n<meta name=\"twitter:label1\" content=\"Escrito por\" \/>\n\t<meta name=\"twitter:data1\" content=\"Serbis Pocer\u00eda\" \/>\n\t<meta name=\"twitter:label2\" content=\"Tiempo de lectura\" \/>\n\t<meta name=\"twitter:data2\" content=\"3 minutos\" \/>\n<script type=\"application\/ld+json\" class=\"yoast-schema-graph\">{\"@context\":\"https:\/\/schema.org\",\"@graph\":[{\"@type\":\"WebPage\",\"@id\":\"https:\/\/www.serbis.es\/serbis\/blog\/carrera-alcobendas-trata-mujeres\/\",\"url\":\"https:\/\/www.serbis.es\/serbis\/blog\/carrera-alcobendas-trata-mujeres\/\",\"name\":\"Serbis Pocer\u00eda, contra la trata de mujeres y ni\u00f1as - Blog de Serbis\",\"isPartOf\":{\"@id\":\"https:\/\/www.serbis.es\/serbis\/blog\/#website\"},\"datePublished\":\"2018-10-15T10:11:09+00:00\",\"dateModified\":\"2018-10-15T10:16:33+00:00\",\"author\":{\"@id\":\"https:\/\/www.serbis.es\/serbis\/blog\/#\/schema\/person\/449002ed602088d1463cc28957dee9ea\"},\"breadcrumb\":{\"@id\":\"https:\/\/www.serbis.es\/serbis\/blog\/carrera-alcobendas-trata-mujeres\/#breadcrumb\"},\"inLanguage\":\"es\",\"potentialAction\":[{\"@type\":\"ReadAction\",\"target\":[\"https:\/\/www.serbis.es\/serbis\/blog\/carrera-alcobendas-trata-mujeres\/\"]}]},{\"@type\":\"BreadcrumbList\",\"@id\":\"https:\/\/www.serbis.es\/serbis\/blog\/carrera-alcobendas-trata-mujeres\/#breadcrumb\",\"itemListElement\":[{\"@type\":\"ListItem\",\"position\":1,\"name\":\"Portada\",\"item\":\"https:\/\/www.serbis.es\/serbis\/blog\/\"},{\"@type\":\"ListItem\",\"position\":2,\"name\":\"Serbis Pocer\u00eda, contra la trata de mujeres y ni\u00f1as\"}]},{\"@type\":\"WebSite\",\"@id\":\"https:\/\/www.serbis.es\/serbis\/blog\/#website\",\"url\":\"https:\/\/www.serbis.es\/serbis\/blog\/\",\"name\":\"Blog de Serbis\",\"description\":\"l\u00edderes en Espa\u00f1a en saneamiento de aguas con servicios de pocer\u00eda tradicional y sin zanjas\",\"potentialAction\":[{\"@type\":\"SearchAction\",\"target\":{\"@type\":\"EntryPoint\",\"urlTemplate\":\"https:\/\/www.serbis.es\/serbis\/blog\/?s={search_term_string}\"},\"query-input\":\"required name=search_term_string\"}],\"inLanguage\":\"es\"},{\"@type\":\"Person\",\"@id\":\"https:\/\/www.serbis.es\/serbis\/blog\/#\/schema\/person\/449002ed602088d1463cc28957dee9ea\",\"name\":\"Serbis Pocer\u00eda\",\"image\":{\"@type\":\"ImageObject\",\"inLanguage\":\"es\",\"@id\":\"https:\/\/www.serbis.es\/serbis\/blog\/#\/schema\/person\/image\/\",\"url\":\"https:\/\/secure.gravatar.com\/avatar\/1b95962073fbda6a54be252a727db96a?s=96&d=mm&r=g\",\"contentUrl\":\"https:\/\/secure.gravatar.com\/avatar\/1b95962073fbda6a54be252a727db96a?s=96&d=mm&r=g\",\"caption\":\"Serbis Pocer\u00eda\"},\"description\":\"Empresa especializada en soluciones de alcantarillado y saneamiento de agua, con gran experiencia en el sector y conocimiento de t\u00e9cnicas tanto de pocer\u00eda tradicional como de rehabilitaci\u00f3n de tuber\u00edas sin zanjas ni necesidad de obra civil\",\"sameAs\":[\"https:\/\/www.linkedin.com\/company\/poceria-serbis\",\"https:\/\/www.facebook.com\/SerbisPoceria\/\",\"https:\/\/twitter.com\/https:\/\/twitter.com\/serbis_poceria\"],\"url\":\"https:\/\/www.serbis.es\/serbis\/blog\/author\/perio_editor\/\"}]}<\/script>\n<!-- \/ Yoast SEO plugin. -->","yoast_head_json":{"title":"Serbis Pocer\u00eda, contra la trata de mujeres y ni\u00f1as - Blog de Serbis","robots":{"index":"index","follow":"follow","max-snippet":"max-snippet:-1","max-image-preview":"max-image-preview:large","max-video-preview":"max-video-preview:-1"},"canonical":"https:\/\/www.serbis.es\/serbis\/blog\/carrera-alcobendas-trata-mujeres\/","og_locale":"es_ES","og_type":"article","og_title":"Serbis Pocer\u00eda, contra la trata de mujeres y ni\u00f1as - Blog de Serbis","og_description":"El pasado 6 de octubre se celebr\u00f3 en Alcobendas la VII Edici\u00f3n de la Carrera Solidaria Fundaci\u00f3n Mary Ward, cuyo objetivo es recaudar fondos para luchar contra la trata de mujeres y ni\u00f1as. Para Serbis Pocer\u00eda fue un aut\u00e9ntico honor colaborar por primera vez con esta iniciativa, pasando a formar parte de la larga lista [&hellip;]","og_url":"https:\/\/www.serbis.es\/serbis\/blog\/carrera-alcobendas-trata-mujeres\/","og_site_name":"Blog de Serbis","article_author":"https:\/\/www.facebook.com\/SerbisPoceria\/","article_published_time":"2018-10-15T10:11:09+00:00","article_modified_time":"2018-10-15T10:16:33+00:00","og_image":[{"width":600,"height":300,"url":"https:\/\/www.serbis.es\/serbis\/blog\/wp-content\/uploads\/foto-apertura-carrera.jpg","type":"image\/jpeg"}],"author":"Serbis Pocer\u00eda","twitter_misc":{"Escrito por":"Serbis Pocer\u00eda","Tiempo de lectura":"3 minutos"},"schema":{"@context":"https:\/\/schema.org","@graph":[{"@type":"WebPage","@id":"https:\/\/www.serbis.es\/serbis\/blog\/carrera-alcobendas-trata-mujeres\/","url":"https:\/\/www.serbis.es\/serbis\/blog\/carrera-alcobendas-trata-mujeres\/","name":"Serbis Pocer\u00eda, contra la trata de mujeres y ni\u00f1as - Blog de Serbis","isPartOf":{"@id":"https:\/\/www.serbis.es\/serbis\/blog\/#website"},"datePublished":"2018-10-15T10:11:09+00:00","dateModified":"2018-10-15T10:16:33+00:00","author":{"@id":"https:\/\/www.serbis.es\/serbis\/blog\/#\/schema\/person\/449002ed602088d1463cc28957dee9ea"},"breadcrumb":{"@id":"https:\/\/www.serbis.es\/serbis\/blog\/carrera-alcobendas-trata-mujeres\/#breadcrumb"},"inLanguage":"es","potentialAction":[{"@type":"ReadAction","target":["https:\/\/www.serbis.es\/serbis\/blog\/carrera-alcobendas-trata-mujeres\/"]}]},{"@type":"BreadcrumbList","@id":"https:\/\/www.serbis.es\/serbis\/blog\/carrera-alcobendas-trata-mujeres\/#breadcrumb","itemListElement":[{"@type":"ListItem","position":1,"name":"Portada","item":"https:\/\/www.serbis.es\/serbis\/blog\/"},{"@type":"ListItem","position":2,"name":"Serbis Pocer\u00eda, contra la trata de mujeres y ni\u00f1as"}]},{"@type":"WebSite","@id":"https:\/\/www.serbis.es\/serbis\/blog\/#website","url":"https:\/\/www.serbis.es\/serbis\/blog\/","name":"Blog de Serbis","description":"l\u00edderes en Espa\u00f1a en saneamiento de aguas con servicios de pocer\u00eda tradicional y sin zanjas","potentialAction":[{"@type":"SearchAction","target":{"@type":"EntryPoint","urlTemplate":"https:\/\/www.serbis.es\/serbis\/blog\/?s={search_term_string}"},"query-input":"required name=search_term_string"}],"inLanguage":"es"},{"@type":"Person","@id":"https:\/\/www.serbis.es\/serbis\/blog\/#\/schema\/person\/449002ed602088d1463cc28957dee9ea","name":"Serbis Pocer\u00eda","image":{"@type":"ImageObject","inLanguage":"es","@id":"https:\/\/www.serbis.es\/serbis\/blog\/#\/schema\/person\/image\/","url":"https:\/\/secure.gravatar.com\/avatar\/1b95962073fbda6a54be252a727db96a?s=96&d=mm&r=g","contentUrl":"https:\/\/secure.gravatar.com\/avatar\/1b95962073fbda6a54be252a727db96a?s=96&d=mm&r=g","caption":"Serbis Pocer\u00eda"},"description":"Empresa especializada en soluciones de alcantarillado y saneamiento de agua, con gran experiencia en el sector y conocimiento de t\u00e9cnicas tanto de pocer\u00eda tradicional como de rehabilitaci\u00f3n de tuber\u00edas sin zanjas ni necesidad de obra civil","sameAs":["https:\/\/www.linkedin.com\/company\/poceria-serbis","https:\/\/www.facebook.com\/SerbisPoceria\/","https:\/\/twitter.com\/https:\/\/twitter.com\/serbis_poceria"],"url":"https:\/\/www.serbis.es\/serbis\/blog\/author\/perio_editor\/"}]}},"_links":{"self":[{"href":"https:\/\/www.serbis.es\/serbis\/blog\/wp-json\/wp\/v2\/posts\/1375"}],"collection":[{"href":"https:\/\/www.serbis.es\/serbis\/blog\/wp-json\/wp\/v2\/posts"}],"about":[{"href":"https:\/\/www.serbis.es\/serbis\/blog\/wp-json\/wp\/v2\/types\/post"}],"author":[{"embeddable":true,"href":"https:\/\/www.serbis.es\/serbis\/blog\/wp-json\/wp\/v2\/users\/3"}],"replies":[{"embeddable":true,"href":"https:\/\/www.serbis.es\/serbis\/blog\/wp-json\/wp\/v2\/comments?post=1375"}],"version-history":[{"count":7,"href":"https:\/\/www.serbis.es\/serbis\/blog\/wp-json\/wp\/v2\/posts\/1375\/revisions"}],"predecessor-version":[{"id":1386,"href":"https:\/\/www.serbis.es\/serbis\/blog\/wp-json\/wp\/v2\/posts\/1375\/revisions\/1386"}],"wp:featuredmedia":[{"embeddable":true,"href":"https:\/\/www.serbis.es\/serbis\/blog\/wp-json\/wp\/v2\/media\/1376"}],"wp:attachment":[{"href":"https:\/\/www.serbis.es\/serbis\/blog\/wp-json\/wp\/v2\/media?parent=1375"}],"wp:term":[{"taxonomy":"category","embeddable":true,"href":"https:\/\/www.serbis.es\/serbis\/blog\/wp-json\/wp\/v2\/categories?post=1375"},{"taxonomy":"post_tag","embeddable":true,"href":"https:\/\/www.serbis.es\/serbis\/blog\/wp-json\/wp\/v2\/tags?post=1375"}],"curies":[{"name":"wp","href":"https:\/\/api.w.org\/{rel}","templated":true}]}}