{"id":1399,"date":"2018-10-26T09:03:27","date_gmt":"2018-10-26T09:03:27","guid":{"rendered":"https:\/\/www.serbis.es\/serbis\/blog\/?p=1399"},"modified":"2018-10-26T09:03:27","modified_gmt":"2018-10-26T09:03:27","slug":"depuracion-aguas-residuales-fuente-vida","status":"publish","type":"post","link":"https:\/\/www.serbis.es\/serbis\/blog\/depuracion-aguas-residuales-fuente-vida\/","title":{"rendered":"La depuraci\u00f3n de aguas residuales genera vida y su ausencia, contaminaci\u00f3n"},"content":{"rendered":"<p>Estos d\u00edas se han producido varias e importantes noticias en el \u00e1mbito del alcantarillado, la depuraci\u00f3n, el tratamiento y el saneamiento de aguas residuales de las que nos gustar\u00eda hacernos eco&#8230;<\/p>\n<p><strong>\u00b7 La depuraci\u00f3n de las aguas residuales llena de vida la cuenca del Bes\u00f2s: <\/strong>Estos d\u00edas se ha publicado un <a href=\"https:\/\/goo.gl\/zgvLgJ\">estudio biol\u00f3gico<\/a> sobre la calidad de las aguas de los r\u00edos y arroyos de la cuenca del Bes\u00f2s que arroja unos resultados sorprendentes. Entre otras cosas, porque demuestra que<strong> la implantaci\u00f3n de estaciones depuradoras de aguas residuales (EDAR)<\/strong> llevada a cabo en los \u00faltimos a\u00f1os ha derivado en un aut\u00e9ntico estallido de vida en toda esta zona de Barcelona.<\/p>\n<p>Por ejemplo, la depuraci\u00f3n de las aguas residuales ha permitido que reaparezcan algunas <strong>especies animales que ya se hab\u00edan dado por desaparecidas<\/strong>, como la nutria o el alci\u00f3n. Y la mejora de los procesos de tratamiento de las aguas fecales tambi\u00e9n ha mejorado la presenciade <strong>peces <\/strong>o de<strong> vegetaci\u00f3n de ribera<\/strong>, adem\u00e1s de incrementar la de <strong>aves, lib\u00e9lulas e incluso reptiles<\/strong>.<\/p>\n<p><img decoding=\"async\" loading=\"lazy\" class=\"aligncenter size-full wp-image-1407\" src=\"https:\/\/www.serbis.es\/serbis\/blog\/wp-content\/uploads\/estudio-cuenca-besos-aguas-residuales.jpg\" alt=\"\" width=\"600\" height=\"300\" srcset=\"https:\/\/www.serbis.es\/serbis\/blog\/wp-content\/uploads\/estudio-cuenca-besos-aguas-residuales.jpg 600w, https:\/\/www.serbis.es\/serbis\/blog\/wp-content\/uploads\/estudio-cuenca-besos-aguas-residuales-300x150.jpg 300w, https:\/\/www.serbis.es\/serbis\/blog\/wp-content\/uploads\/estudio-cuenca-besos-aguas-residuales-370x185.jpg 370w\" sizes=\"(max-width: 600px) 100vw, 600px\" \/><\/p>\n<p><strong>\u00b7 <\/strong><strong>Los vecinos de Villaviciosa entregan botellas de aguas fecales al presidente de Madrid: <\/strong>Esta semana <a href=\"https:\/\/www.elboletin.com\/noticia\/168608\/nacional\/un-pestilente-regalo-a-garrido:-botellas-de-aguas-fecales-como-las-que-se-vierte-al-guadarrama.html\" class=\"broken_link\">se celebr\u00f3 en la Puerta del Sol de Madrid<\/a> una manifestaci\u00f3n a cargo de los colectivos <strong>Vecinos de Villaviciosa de Od\u00f3n y Ecologistas en Acci\u00f3n<\/strong>. La protesta, tal como anunciaron los convocantes, termin\u00f3 con la simb\u00f3lica entrega al presidente de la Comunidad de Madrid, \u00c1ngel Garrido, de unas gigantescas botellas repletas de aguas fecales.<\/p>\n<p>Tanto los vecinos del municipio madrile\u00f1o como el grupo ecologista reclaman una soluci\u00f3n a<strong> los vertidos de aguas residuales que desde hace 18 a\u00f1os ensucian el Arroyo de la Vega y el r\u00edo Guadarrama<\/strong>, que es donde el citado arroyo vierte sus aguas. Un problema que tiene su origen en las obras de desdoble de la carretera de los pantanos (M-501), durante las que se destruy\u00f3 la planta de depuraci\u00f3n de aguas residuales que daba servicio al municipio de Villaviciosa de Od\u00f3n.<\/p>\n<p>Al contrario de lo que dicta toda l\u00f3gica, aquella depuradora nunca fue sustituida por otra nueva, lo que deriv\u00f3 en la progresiva contaminaci\u00f3n del Arroyo de la Vega, <strong>que recibe cada d\u00eda unos 450 metros c\u00fabicos de aguas fecales<\/strong>. Tanto los vecinos de Villaviciosa como Ecologistas en Acci\u00f3n culpan de esta situaci\u00f3n a <strong>la Comunidad de Madrid, el ayuntamiento, la Confederaci\u00f3n Hidrogr\u00e1fica del Tajo y el Canal de Isabel II<\/strong>, que recaud\u00f3 600.000 euros por las tasas de depuraci\u00f3n y alcantarillado cuando el servicio ya hab\u00eda dejado de prestarse por la rotura de la depuradora.<\/p>\n<p><img decoding=\"async\" loading=\"lazy\" class=\"aligncenter size-full wp-image-1403\" src=\"https:\/\/www.serbis.es\/serbis\/blog\/wp-content\/uploads\/aguas-fecales-guadarrama.jpg\" alt=\"\" width=\"600\" height=\"300\" srcset=\"https:\/\/www.serbis.es\/serbis\/blog\/wp-content\/uploads\/aguas-fecales-guadarrama.jpg 600w, https:\/\/www.serbis.es\/serbis\/blog\/wp-content\/uploads\/aguas-fecales-guadarrama-300x150.jpg 300w, https:\/\/www.serbis.es\/serbis\/blog\/wp-content\/uploads\/aguas-fecales-guadarrama-370x185.jpg 370w\" sizes=\"(max-width: 600px) 100vw, 600px\" \/><\/p>\n<p><strong>\u00b7 <\/strong><strong>Nuevo atranco en Valencia por culpa de las toallitas h\u00famedas:\u00a0<\/strong>Cuando hablamos de los atascos que las toallitas h\u00famedas est\u00e1n causando en las redes de saneamiento de aguas residuales tendemos a pensar \u00fanicamente en grandes n\u00facleos de poblaci\u00f3n, como <a href=\"https:\/\/www.serbis.es\/serbis\/blog\/serbis-repor-24-horas\/\">Londres, San Sebasti\u00e1n o la isla de Ibiza<\/a>. Sin embargo, cada d\u00eda aparecen nuevos casos de los da\u00f1os que estas toallitas est\u00e1n provocando en <strong>sistemas de alcantarillado mucho m\u00e1s peque\u00f1os<\/strong>.<\/p>\n<p>El \u00faltimo ejemplo lo hemos encontrado en <strong>R\u00f3tova<\/strong>, un municipio de la provincia de Valencia situado a apenas 10 kil\u00f3metros de Gand\u00eda. Tal como ha alertado en las redes sociales el ayuntamiento de este pueblo, las toallitas h\u00famedas que los vecinos arrojan por el retrete pese a no ser biodegradables provocan serios <strong>problemas en las alcantarillas y tuber\u00edas de la zona<\/strong> y, en \u00faltima instancia, pueden llegar a causar <strong>inundaciones<\/strong>.<\/p>\n<p><iframe loading=\"lazy\" src=\"https:\/\/www.facebook.com\/plugins\/post.php?href=https%3A%2F%2Fwww.facebook.com%2FAjuntRotova%2Fposts%2F1686052088198509&amp;width=600\" width=\"600\" height=\"850\" frameborder=\"0\" scrolling=\"no\" data-mce-fragment=\"1\"><span data-mce-type=\"bookmark\" class=\"mce_SELRES_start\">\ufeff<\/span><\/iframe><\/p>\n<p>Si quieres contarnos algo puedes llamarnos al <strong>n\u00famero de tel\u00e9fono <\/strong><strong>91 610 62 53<\/strong> y si te gusta estar informado de las noticias nacionales e internacionales m\u00e1s interesantes de las industrias de la pocer\u00eda, el alcantarillado y el saneamiento de aguas fecales, visita <a href=\"https:\/\/www.serbis.es\/\" target=\"_blank\" rel=\"noopener\"><strong>Serbis.es<\/strong><\/a> y <strong>s\u00edguenos en las redes sociales<\/strong>:<\/p>\n<p><a href=\"https:\/\/www.facebook.com\/SerbisPoceria\/\" rel=\"attachment wp-att-691\" class=\"broken_link\"><img decoding=\"async\" loading=\"lazy\" class=\"size-full wp-image-691\" src=\"https:\/\/www.serbis.es\/serbis\/blog\/wp-content\/uploads\/facebook.jpg\" alt=\"facebook\" width=\"113\" height=\"111\" \/><\/a><\/p>\n<p>&nbsp;<\/p>\n<p><a href=\"https:\/\/twitter.com\/serbis_poceria\" rel=\"attachment wp-att-692\"><img decoding=\"async\" loading=\"lazy\" class=\"size-full wp-image-692\" src=\"https:\/\/www.serbis.es\/serbis\/blog\/wp-content\/uploads\/twitter.jpg\" alt=\"twitter\" width=\"113\" height=\"111\" \/><\/a><\/p>\n<p>&nbsp;<\/p>\n<p><a href=\"https:\/\/es.linkedin.com\/company\/poceria-serbis\" rel=\"attachment wp-att-693\"><img decoding=\"async\" loading=\"lazy\" class=\"size-full wp-image-693 alignleft\" src=\"https:\/\/www.serbis.es\/serbis\/blog\/wp-content\/uploads\/linkedin.jpg\" alt=\"linkedin\" width=\"113\" height=\"111\" \/><\/a><\/p>\n<p>&nbsp;<\/p>\n<p>&nbsp;<\/p>\n<p>&nbsp;<\/p>\n<p>&nbsp;<\/p>\n<p><a href=\"https:\/\/www.youtube.com\/channel\/UCSIAPGXKlWyOmHRZo9YCpBQ\" rel=\"attachment wp-att-694\"><img decoding=\"async\" loading=\"lazy\" class=\"size-full wp-image-694 alignleft\" src=\"https:\/\/www.serbis.es\/serbis\/blog\/wp-content\/uploads\/youtube.jpg\" alt=\"youtube\" width=\"113\" height=\"111\" \/><\/a><\/p>\n<p>&nbsp;<\/p>\n<p>&nbsp;<\/p>\n<p>&nbsp;<\/p>\n<p>&nbsp;<\/p>\n<p><a href=\"https:\/\/vimeo.com\/user9248661\" rel=\"attachment wp-att-696\"><img decoding=\"async\" loading=\"lazy\" class=\"size-full wp-image-696 alignleft\" src=\"https:\/\/www.serbis.es\/serbis\/blog\/wp-content\/uploads\/vimeo.jpg\" alt=\"vimeo\" width=\"113\" height=\"111\" \/><\/a><\/p>\n<p>&nbsp;<\/p>\n<p>&nbsp;<\/p>\n<p>&nbsp;<\/p>\n<p>&nbsp;<\/p>\n<p><a href=\"https:\/\/www.flickr.com\/photos\/155074596@N06\/\" rel=\"attachment wp-att-698\"><img decoding=\"async\" loading=\"lazy\" class=\"size-full wp-image-698 alignleft\" src=\"https:\/\/www.serbis.es\/serbis\/blog\/wp-content\/uploads\/flickr.jpg\" alt=\"flickr\" width=\"113\" height=\"111\" \/><\/a><\/p>\n<p>&nbsp;<\/p>\n<p>&nbsp;<\/p>\n<p>&nbsp;<\/p>\n<p>&nbsp;<\/p>\n<p><a href=\"https:\/\/www.pinterest.es\/pin\/133348838938250902\/\" rel=\"attachment wp-att-697\"><img decoding=\"async\" loading=\"lazy\" class=\"size-full wp-image-697 alignleft\" src=\"https:\/\/www.serbis.es\/serbis\/blog\/wp-content\/uploads\/pinterest.jpg\" alt=\"pinterest\" width=\"113\" height=\"111\" \/><\/a><\/p>\n","protected":false},"excerpt":{"rendered":"<p>Estos d\u00edas se han producido varias e importantes noticias en el \u00e1mbito del alcantarillado, la depuraci\u00f3n, el tratamiento y el saneamiento de aguas residuales de las que nos gustar\u00eda hacernos eco&#8230; \u00b7 La depuraci\u00f3n de las aguas residuales llena de vida la cuenca del Bes\u00f2s: Estos d\u00edas se ha publicado un estudio biol\u00f3gico sobre la [&hellip;]<\/p>\n","protected":false},"author":3,"featured_media":1405,"comment_status":"open","ping_status":"open","sticky":false,"template":"","format":"standard","meta":{"_mi_skip_tracking":false,"_monsterinsights_sitenote_active":false,"_monsterinsights_sitenote_note":"","_monsterinsights_sitenote_category":0},"categories":[17,5,2,32,19],"tags":[111,75,59,231,203,109],"yoast_head":"<!-- This site is optimized with the Yoast SEO plugin v20.10 - https:\/\/yoast.com\/wordpress\/plugins\/seo\/ -->\n<title>La depuraci\u00f3n de aguas residuales genera vida y su ausencia, contaminaci\u00f3n - Blog de Serbis<\/title>\n<meta name=\"robots\" content=\"index, follow, max-snippet:-1, max-image-preview:large, max-video-preview:-1\" \/>\n<link rel=\"canonical\" href=\"https:\/\/www.serbis.es\/serbis\/blog\/depuracion-aguas-residuales-fuente-vida\/\" \/>\n<meta property=\"og:locale\" content=\"es_ES\" \/>\n<meta property=\"og:type\" content=\"article\" \/>\n<meta property=\"og:title\" content=\"La depuraci\u00f3n de aguas residuales genera vida y su ausencia, contaminaci\u00f3n - Blog de Serbis\" \/>\n<meta property=\"og:description\" content=\"Estos d\u00edas se han producido varias e importantes noticias en el \u00e1mbito del alcantarillado, la depuraci\u00f3n, el tratamiento y el saneamiento de aguas residuales de las que nos gustar\u00eda hacernos eco&#8230; \u00b7 La depuraci\u00f3n de las aguas residuales llena de vida la cuenca del Bes\u00f2s: Estos d\u00edas se ha publicado un estudio biol\u00f3gico sobre la [&hellip;]\" \/>\n<meta property=\"og:url\" content=\"https:\/\/www.serbis.es\/serbis\/blog\/depuracion-aguas-residuales-fuente-vida\/\" \/>\n<meta property=\"og:site_name\" content=\"Blog de Serbis\" \/>\n<meta property=\"article:author\" content=\"https:\/\/www.facebook.com\/SerbisPoceria\/\" \/>\n<meta property=\"article:published_time\" content=\"2018-10-26T09:03:27+00:00\" \/>\n<meta property=\"og:image\" content=\"https:\/\/www.serbis.es\/serbis\/blog\/wp-content\/uploads\/besos-barcelona-depuracion.jpg\" \/>\n\t<meta property=\"og:image:width\" content=\"600\" \/>\n\t<meta property=\"og:image:height\" content=\"300\" \/>\n\t<meta property=\"og:image:type\" content=\"image\/jpeg\" \/>\n<meta name=\"author\" content=\"Serbis Pocer\u00eda\" \/>\n<meta name=\"twitter:label1\" content=\"Escrito por\" \/>\n\t<meta name=\"twitter:data1\" content=\"Serbis Pocer\u00eda\" \/>\n\t<meta name=\"twitter:label2\" content=\"Tiempo de lectura\" \/>\n\t<meta name=\"twitter:data2\" content=\"3 minutos\" \/>\n<script type=\"application\/ld+json\" class=\"yoast-schema-graph\">{\"@context\":\"https:\/\/schema.org\",\"@graph\":[{\"@type\":\"WebPage\",\"@id\":\"https:\/\/www.serbis.es\/serbis\/blog\/depuracion-aguas-residuales-fuente-vida\/\",\"url\":\"https:\/\/www.serbis.es\/serbis\/blog\/depuracion-aguas-residuales-fuente-vida\/\",\"name\":\"La depuraci\u00f3n de aguas residuales genera vida y su ausencia, contaminaci\u00f3n - Blog de Serbis\",\"isPartOf\":{\"@id\":\"https:\/\/www.serbis.es\/serbis\/blog\/#website\"},\"datePublished\":\"2018-10-26T09:03:27+00:00\",\"dateModified\":\"2018-10-26T09:03:27+00:00\",\"author\":{\"@id\":\"https:\/\/www.serbis.es\/serbis\/blog\/#\/schema\/person\/449002ed602088d1463cc28957dee9ea\"},\"breadcrumb\":{\"@id\":\"https:\/\/www.serbis.es\/serbis\/blog\/depuracion-aguas-residuales-fuente-vida\/#breadcrumb\"},\"inLanguage\":\"es\",\"potentialAction\":[{\"@type\":\"ReadAction\",\"target\":[\"https:\/\/www.serbis.es\/serbis\/blog\/depuracion-aguas-residuales-fuente-vida\/\"]}]},{\"@type\":\"BreadcrumbList\",\"@id\":\"https:\/\/www.serbis.es\/serbis\/blog\/depuracion-aguas-residuales-fuente-vida\/#breadcrumb\",\"itemListElement\":[{\"@type\":\"ListItem\",\"position\":1,\"name\":\"Portada\",\"item\":\"https:\/\/www.serbis.es\/serbis\/blog\/\"},{\"@type\":\"ListItem\",\"position\":2,\"name\":\"La depuraci\u00f3n de aguas residuales genera vida y su ausencia, contaminaci\u00f3n\"}]},{\"@type\":\"WebSite\",\"@id\":\"https:\/\/www.serbis.es\/serbis\/blog\/#website\",\"url\":\"https:\/\/www.serbis.es\/serbis\/blog\/\",\"name\":\"Blog de Serbis\",\"description\":\"l\u00edderes en Espa\u00f1a en saneamiento de aguas con servicios de pocer\u00eda tradicional y sin zanjas\",\"potentialAction\":[{\"@type\":\"SearchAction\",\"target\":{\"@type\":\"EntryPoint\",\"urlTemplate\":\"https:\/\/www.serbis.es\/serbis\/blog\/?s={search_term_string}\"},\"query-input\":\"required name=search_term_string\"}],\"inLanguage\":\"es\"},{\"@type\":\"Person\",\"@id\":\"https:\/\/www.serbis.es\/serbis\/blog\/#\/schema\/person\/449002ed602088d1463cc28957dee9ea\",\"name\":\"Serbis Pocer\u00eda\",\"image\":{\"@type\":\"ImageObject\",\"inLanguage\":\"es\",\"@id\":\"https:\/\/www.serbis.es\/serbis\/blog\/#\/schema\/person\/image\/\",\"url\":\"https:\/\/secure.gravatar.com\/avatar\/1b95962073fbda6a54be252a727db96a?s=96&d=mm&r=g\",\"contentUrl\":\"https:\/\/secure.gravatar.com\/avatar\/1b95962073fbda6a54be252a727db96a?s=96&d=mm&r=g\",\"caption\":\"Serbis Pocer\u00eda\"},\"description\":\"Empresa especializada en soluciones de alcantarillado y saneamiento de agua, con gran experiencia en el sector y conocimiento de t\u00e9cnicas tanto de pocer\u00eda tradicional como de rehabilitaci\u00f3n de tuber\u00edas sin zanjas ni necesidad de obra civil\",\"sameAs\":[\"https:\/\/www.linkedin.com\/company\/poceria-serbis\",\"https:\/\/www.facebook.com\/SerbisPoceria\/\",\"https:\/\/twitter.com\/https:\/\/twitter.com\/serbis_poceria\"],\"url\":\"https:\/\/www.serbis.es\/serbis\/blog\/author\/perio_editor\/\"}]}<\/script>\n<!-- \/ Yoast SEO plugin. -->","yoast_head_json":{"title":"La depuraci\u00f3n de aguas residuales genera vida y su ausencia, contaminaci\u00f3n - Blog de Serbis","robots":{"index":"index","follow":"follow","max-snippet":"max-snippet:-1","max-image-preview":"max-image-preview:large","max-video-preview":"max-video-preview:-1"},"canonical":"https:\/\/www.serbis.es\/serbis\/blog\/depuracion-aguas-residuales-fuente-vida\/","og_locale":"es_ES","og_type":"article","og_title":"La depuraci\u00f3n de aguas residuales genera vida y su ausencia, contaminaci\u00f3n - Blog de Serbis","og_description":"Estos d\u00edas se han producido varias e importantes noticias en el \u00e1mbito del alcantarillado, la depuraci\u00f3n, el tratamiento y el saneamiento de aguas residuales de las que nos gustar\u00eda hacernos eco&#8230; \u00b7 La depuraci\u00f3n de las aguas residuales llena de vida la cuenca del Bes\u00f2s: Estos d\u00edas se ha publicado un estudio biol\u00f3gico sobre la [&hellip;]","og_url":"https:\/\/www.serbis.es\/serbis\/blog\/depuracion-aguas-residuales-fuente-vida\/","og_site_name":"Blog de Serbis","article_author":"https:\/\/www.facebook.com\/SerbisPoceria\/","article_published_time":"2018-10-26T09:03:27+00:00","og_image":[{"width":600,"height":300,"url":"https:\/\/www.serbis.es\/serbis\/blog\/wp-content\/uploads\/besos-barcelona-depuracion.jpg","type":"image\/jpeg"}],"author":"Serbis Pocer\u00eda","twitter_misc":{"Escrito por":"Serbis Pocer\u00eda","Tiempo de lectura":"3 minutos"},"schema":{"@context":"https:\/\/schema.org","@graph":[{"@type":"WebPage","@id":"https:\/\/www.serbis.es\/serbis\/blog\/depuracion-aguas-residuales-fuente-vida\/","url":"https:\/\/www.serbis.es\/serbis\/blog\/depuracion-aguas-residuales-fuente-vida\/","name":"La depuraci\u00f3n de aguas residuales genera vida y su ausencia, contaminaci\u00f3n - Blog de Serbis","isPartOf":{"@id":"https:\/\/www.serbis.es\/serbis\/blog\/#website"},"datePublished":"2018-10-26T09:03:27+00:00","dateModified":"2018-10-26T09:03:27+00:00","author":{"@id":"https:\/\/www.serbis.es\/serbis\/blog\/#\/schema\/person\/449002ed602088d1463cc28957dee9ea"},"breadcrumb":{"@id":"https:\/\/www.serbis.es\/serbis\/blog\/depuracion-aguas-residuales-fuente-vida\/#breadcrumb"},"inLanguage":"es","potentialAction":[{"@type":"ReadAction","target":["https:\/\/www.serbis.es\/serbis\/blog\/depuracion-aguas-residuales-fuente-vida\/"]}]},{"@type":"BreadcrumbList","@id":"https:\/\/www.serbis.es\/serbis\/blog\/depuracion-aguas-residuales-fuente-vida\/#breadcrumb","itemListElement":[{"@type":"ListItem","position":1,"name":"Portada","item":"https:\/\/www.serbis.es\/serbis\/blog\/"},{"@type":"ListItem","position":2,"name":"La depuraci\u00f3n de aguas residuales genera vida y su ausencia, contaminaci\u00f3n"}]},{"@type":"WebSite","@id":"https:\/\/www.serbis.es\/serbis\/blog\/#website","url":"https:\/\/www.serbis.es\/serbis\/blog\/","name":"Blog de Serbis","description":"l\u00edderes en Espa\u00f1a en saneamiento de aguas con servicios de pocer\u00eda tradicional y sin zanjas","potentialAction":[{"@type":"SearchAction","target":{"@type":"EntryPoint","urlTemplate":"https:\/\/www.serbis.es\/serbis\/blog\/?s={search_term_string}"},"query-input":"required name=search_term_string"}],"inLanguage":"es"},{"@type":"Person","@id":"https:\/\/www.serbis.es\/serbis\/blog\/#\/schema\/person\/449002ed602088d1463cc28957dee9ea","name":"Serbis Pocer\u00eda","image":{"@type":"ImageObject","inLanguage":"es","@id":"https:\/\/www.serbis.es\/serbis\/blog\/#\/schema\/person\/image\/","url":"https:\/\/secure.gravatar.com\/avatar\/1b95962073fbda6a54be252a727db96a?s=96&d=mm&r=g","contentUrl":"https:\/\/secure.gravatar.com\/avatar\/1b95962073fbda6a54be252a727db96a?s=96&d=mm&r=g","caption":"Serbis Pocer\u00eda"},"description":"Empresa especializada en soluciones de alcantarillado y saneamiento de agua, con gran experiencia en el sector y conocimiento de t\u00e9cnicas tanto de pocer\u00eda tradicional como de rehabilitaci\u00f3n de tuber\u00edas sin zanjas ni necesidad de obra civil","sameAs":["https:\/\/www.linkedin.com\/company\/poceria-serbis","https:\/\/www.facebook.com\/SerbisPoceria\/","https:\/\/twitter.com\/https:\/\/twitter.com\/serbis_poceria"],"url":"https:\/\/www.serbis.es\/serbis\/blog\/author\/perio_editor\/"}]}},"_links":{"self":[{"href":"https:\/\/www.serbis.es\/serbis\/blog\/wp-json\/wp\/v2\/posts\/1399"}],"collection":[{"href":"https:\/\/www.serbis.es\/serbis\/blog\/wp-json\/wp\/v2\/posts"}],"about":[{"href":"https:\/\/www.serbis.es\/serbis\/blog\/wp-json\/wp\/v2\/types\/post"}],"author":[{"embeddable":true,"href":"https:\/\/www.serbis.es\/serbis\/blog\/wp-json\/wp\/v2\/users\/3"}],"replies":[{"embeddable":true,"href":"https:\/\/www.serbis.es\/serbis\/blog\/wp-json\/wp\/v2\/comments?post=1399"}],"version-history":[{"count":4,"href":"https:\/\/www.serbis.es\/serbis\/blog\/wp-json\/wp\/v2\/posts\/1399\/revisions"}],"predecessor-version":[{"id":1408,"href":"https:\/\/www.serbis.es\/serbis\/blog\/wp-json\/wp\/v2\/posts\/1399\/revisions\/1408"}],"wp:featuredmedia":[{"embeddable":true,"href":"https:\/\/www.serbis.es\/serbis\/blog\/wp-json\/wp\/v2\/media\/1405"}],"wp:attachment":[{"href":"https:\/\/www.serbis.es\/serbis\/blog\/wp-json\/wp\/v2\/media?parent=1399"}],"wp:term":[{"taxonomy":"category","embeddable":true,"href":"https:\/\/www.serbis.es\/serbis\/blog\/wp-json\/wp\/v2\/categories?post=1399"},{"taxonomy":"post_tag","embeddable":true,"href":"https:\/\/www.serbis.es\/serbis\/blog\/wp-json\/wp\/v2\/tags?post=1399"}],"curies":[{"name":"wp","href":"https:\/\/api.w.org\/{rel}","templated":true}]}}