{"id":1409,"date":"2018-10-31T12:41:18","date_gmt":"2018-10-31T12:41:18","guid":{"rendered":"https:\/\/www.serbis.es\/serbis\/blog\/?p=1409"},"modified":"2018-10-31T12:45:39","modified_gmt":"2018-10-31T12:45:39","slug":"atascos-alcantarillas-toallitas-lluvias","status":"publish","type":"post","link":"https:\/\/www.serbis.es\/serbis\/blog\/atascos-alcantarillas-toallitas-lluvias\/","title":{"rendered":"Atascos en las alcantarillas por las toallitas y las lluvias"},"content":{"rendered":"<p>En los \u00faltimos d\u00edas se han producido varias e importantes atascos en los sistemas de saneamiento de aguas residuales de varias ciudades espa\u00f1olas&#8230;<\/p>\n<p><strong>\u00b7 Espejo P\u00fablico muestra los atascos provocados por las toallitas: <\/strong>El programa de televisi\u00f3n Espejo P\u00fablico, presentado por Susanna Griso en Antena 3, ha informado esta semana de los problemas que est\u00e1 generando la acumulaci\u00f3n de toallitas h\u00famedas en los sistemas de saneamiento de aguas residuales. En concreto, el espacio de televisi\u00f3n arranca <a href=\"https:\/\/www.antena3.com\/programas\/espejo-publico\/noticias\/retirar-del-alcantarillado-las-toallitas-que-tiramos-por-el-bano-le-cuesta-a-valencia-85-millones-de-euros-al-ano_201810305bd8433b0cf2ebf01bfd4fe4.html\">este interesante reportaje<\/a> en la ciudad de <strong>Valencia<\/strong>, donde la retirada de<strong> 4.000 toneladas <\/strong>de toallitas ha costado a los valencianos<strong> 8,5 millones de euros<\/strong> en un a\u00f1o.<\/p>\n<p>Tal como se explica en el programa, <strong>las toallitas no biodegradables<\/strong> son las principales causantes de esa acumulaci\u00f3n de porquer\u00eda, aunque tampoco hay que olvidar la responsabilidad de bastoncillos para los o\u00eddos, discos desmaquillantes, compresas y otros muchos productos que no son biodegradables. Y a pesar de ello, los espa\u00f1oles<strong> los seguimos arrojando por el retrete<\/strong> en lugar de tirarlos a la basura, que es donde deber\u00edan terminar.<\/p>\n<p><img decoding=\"async\" loading=\"lazy\" class=\"aligncenter size-full wp-image-1414\" src=\"https:\/\/www.serbis.es\/serbis\/blog\/wp-content\/uploads\/espejo-publico-toallitas.jpg\" alt=\"\" width=\"600\" height=\"300\" srcset=\"https:\/\/www.serbis.es\/serbis\/blog\/wp-content\/uploads\/espejo-publico-toallitas.jpg 600w, https:\/\/www.serbis.es\/serbis\/blog\/wp-content\/uploads\/espejo-publico-toallitas-300x150.jpg 300w, https:\/\/www.serbis.es\/serbis\/blog\/wp-content\/uploads\/espejo-publico-toallitas-370x185.jpg 370w\" sizes=\"(max-width: 600px) 100vw, 600px\" \/><\/p>\n<p>Las consecuencias de esta mezcla de desconocimiento y falta de civismo se aprecian en la \u00faltima parte del v\u00eddeo. Es ah\u00ed cuando un reportero de Espejo P\u00fablico se introduce en la red de alcantarillado de <strong>Alicante<\/strong>, de donde se han sacado <strong>1.500 toneladas de residuos<\/strong> en lo que va de a\u00f1o. Las toallitas est\u00e1n presentes en cada uno de los rincones de las alcantarillas, tuber\u00edas y colectores de esta ciudad, siendo necesario que los operarios municipales las retiren<strong> de forma manual tres veces al d\u00eda<\/strong>.<\/p>\n<p>Pero lo peor de todo es que las toallitas no solo son responsables de los atascos y atrancos que se producen en los sistemas de saneamiento de aguas fecales, sino que tambi\u00e9n <strong>contaminan estas aguas<\/strong>. Y esto sucede porque, como bien explican en el reportaje, son productos textiles que sueltan y expulsan todo tipo de grasas. En definitiva, constituyen un aut\u00e9ntico<strong> c\u00e1ncer para el medio ambiente<\/strong> que debemos erradicar, de una vez por todas, de las alcantarillas.<\/p>\n<p><img decoding=\"async\" loading=\"lazy\" class=\"aligncenter size-full wp-image-1412\" src=\"https:\/\/www.serbis.es\/serbis\/blog\/wp-content\/uploads\/atasco-toallitas-alicante-valencia.jpg\" alt=\"\" width=\"600\" height=\"300\" srcset=\"https:\/\/www.serbis.es\/serbis\/blog\/wp-content\/uploads\/atasco-toallitas-alicante-valencia.jpg 600w, https:\/\/www.serbis.es\/serbis\/blog\/wp-content\/uploads\/atasco-toallitas-alicante-valencia-300x150.jpg 300w, https:\/\/www.serbis.es\/serbis\/blog\/wp-content\/uploads\/atasco-toallitas-alicante-valencia-370x185.jpg 370w\" sizes=\"(max-width: 600px) 100vw, 600px\" \/><\/p>\n<p><strong>\u00b7 Aguas fecales en las calles de Ibiza: <\/strong>Los vecinos de Ibiza est\u00e1n indignados. Las alcantarillas de la capital de la isla volvieron a desbordase el pasado fin de semana como consecuencia de las lluvias, dejando la ciudad llena de <strong>excrementos y un insoportable olor<\/strong>. Tal como explican en <a href=\"https:\/\/www.elmundo.es\/baleares\/2018\/10\/29\/5bd6b7fcca4741d3478b45c3.html\">esta noticia<\/a>, la t\u00e9trica imagen se complet\u00f3 con mugre, compresas, toallitas h\u00famedas y ratas muertas esparcidas por las principales calles del centro.<\/p>\n<p>Lo peor de todo es que se trata de un problema enquistado en la isla, porque <strong>el sistema de alcantarillado se ha quedado obsoleto<\/strong> para dar respuesta a la demanda actual y porque la red de aguas fecales no est\u00e1 separada de la que recoge el agua de la lluvia. El <strong>Parque Natural de Ses Salines<\/strong>, que lleva desde el verano pasado sufriendo vertidos de aguas residuales y en los \u00faltimos d\u00edas ha vuelto a inundarse, constituye el mejor ejemplo de la deficiente situaci\u00f3n en la que se encuentran los sistemas de saneamiento de esta isla de Baleares.<\/p>\n<figure id=\"attachment_1410\" aria-describedby=\"caption-attachment-1410\" style=\"width: 600px\" class=\"wp-caption aligncenter\"><a href=\"https:\/\/www.diariodeibiza.es\/pitiuses-balears\/2018\/10\/28\/nuevo-vertido-aguas-fecales-depuradora\/1024249.html\"><img decoding=\"async\" loading=\"lazy\" class=\"wp-image-1410 size-full\" src=\"https:\/\/www.serbis.es\/serbis\/blog\/wp-content\/uploads\/ibiza-aguas-fecales.jpg\" alt=\"\" width=\"600\" height=\"300\" srcset=\"https:\/\/www.serbis.es\/serbis\/blog\/wp-content\/uploads\/ibiza-aguas-fecales.jpg 600w, https:\/\/www.serbis.es\/serbis\/blog\/wp-content\/uploads\/ibiza-aguas-fecales-300x150.jpg 300w, https:\/\/www.serbis.es\/serbis\/blog\/wp-content\/uploads\/ibiza-aguas-fecales-370x185.jpg 370w\" sizes=\"(max-width: 600px) 100vw, 600px\" \/><\/a><figcaption id=\"caption-attachment-1410\" class=\"wp-caption-text\">Fragmento de un v\u00eddeo publicado en &#8216;Diario de Ibiza&#8217;<\/figcaption><\/figure>\n<p>Si quieres contarnos algo puedes llamarnos al <strong>n\u00famero de tel\u00e9fono <\/strong><strong>91 610 62 53<\/strong> y si te gusta estar informado de las noticias nacionales e internacionales m\u00e1s interesantes de las industrias de la pocer\u00eda, el alcantarillado y el saneamiento de aguas fecales, visita <a href=\"https:\/\/www.serbis.es\/\" target=\"_blank\" rel=\"noopener\"><strong>Serbis.es<\/strong><\/a> y <strong>s\u00edguenos en las redes sociales<\/strong>:<\/p>\n<p><a href=\"https:\/\/www.facebook.com\/SerbisPoceria\/\" rel=\"attachment wp-att-691\" class=\"broken_link\"><img decoding=\"async\" loading=\"lazy\" class=\"size-full wp-image-691\" src=\"https:\/\/www.serbis.es\/serbis\/blog\/wp-content\/uploads\/facebook.jpg\" alt=\"facebook\" width=\"113\" height=\"111\" \/><\/a><\/p>\n<p>&nbsp;<\/p>\n<p><a href=\"https:\/\/twitter.com\/serbis_poceria\" rel=\"attachment wp-att-692\"><img decoding=\"async\" loading=\"lazy\" class=\"size-full wp-image-692\" src=\"https:\/\/www.serbis.es\/serbis\/blog\/wp-content\/uploads\/twitter.jpg\" alt=\"twitter\" width=\"113\" height=\"111\" \/><\/a><\/p>\n<p>&nbsp;<\/p>\n<p><a href=\"https:\/\/es.linkedin.com\/company\/poceria-serbis\" rel=\"attachment wp-att-693\"><img decoding=\"async\" loading=\"lazy\" class=\"size-full wp-image-693 alignleft\" src=\"https:\/\/www.serbis.es\/serbis\/blog\/wp-content\/uploads\/linkedin.jpg\" alt=\"linkedin\" width=\"113\" height=\"111\" \/><\/a><\/p>\n<p>&nbsp;<\/p>\n<p>&nbsp;<\/p>\n<p>&nbsp;<\/p>\n<p>&nbsp;<\/p>\n<p><a href=\"https:\/\/www.youtube.com\/channel\/UCSIAPGXKlWyOmHRZo9YCpBQ\" rel=\"attachment wp-att-694\"><img decoding=\"async\" loading=\"lazy\" class=\"size-full wp-image-694 alignleft\" src=\"https:\/\/www.serbis.es\/serbis\/blog\/wp-content\/uploads\/youtube.jpg\" alt=\"youtube\" width=\"113\" height=\"111\" \/><\/a><\/p>\n<p>&nbsp;<\/p>\n<p>&nbsp;<\/p>\n<p>&nbsp;<\/p>\n<p>&nbsp;<\/p>\n<p><a href=\"https:\/\/vimeo.com\/user9248661\" rel=\"attachment wp-att-696\"><img decoding=\"async\" loading=\"lazy\" class=\"size-full wp-image-696 alignleft\" src=\"https:\/\/www.serbis.es\/serbis\/blog\/wp-content\/uploads\/vimeo.jpg\" alt=\"vimeo\" width=\"113\" height=\"111\" \/><\/a><\/p>\n<p>&nbsp;<\/p>\n<p>&nbsp;<\/p>\n<p>&nbsp;<\/p>\n<p>&nbsp;<\/p>\n<p><a href=\"https:\/\/www.flickr.com\/photos\/155074596@N06\/\" rel=\"attachment wp-att-698\"><img decoding=\"async\" loading=\"lazy\" class=\"size-full wp-image-698 alignleft\" src=\"https:\/\/www.serbis.es\/serbis\/blog\/wp-content\/uploads\/flickr.jpg\" alt=\"flickr\" width=\"113\" height=\"111\" \/><\/a><\/p>\n<p>&nbsp;<\/p>\n<p>&nbsp;<\/p>\n<p>&nbsp;<\/p>\n<p>&nbsp;<\/p>\n<p><a href=\"https:\/\/www.pinterest.es\/pin\/133348838938250902\/\" rel=\"attachment wp-att-697\"><img decoding=\"async\" loading=\"lazy\" class=\"size-full wp-image-697 alignleft\" src=\"https:\/\/www.serbis.es\/serbis\/blog\/wp-content\/uploads\/pinterest.jpg\" alt=\"pinterest\" width=\"113\" height=\"111\" \/><\/a><\/p>\n","protected":false},"excerpt":{"rendered":"<p>En los \u00faltimos d\u00edas se han producido varias e importantes atascos en los sistemas de saneamiento de aguas residuales de varias ciudades espa\u00f1olas&#8230; \u00b7 Espejo P\u00fablico muestra los atascos provocados por las toallitas: El programa de televisi\u00f3n Espejo P\u00fablico, presentado por Susanna Griso en Antena 3, ha informado esta semana de los problemas que est\u00e1 [&hellip;]<\/p>\n","protected":false},"author":3,"featured_media":1413,"comment_status":"open","ping_status":"open","sticky":false,"template":"","format":"standard","meta":{"_mi_skip_tracking":false,"_monsterinsights_sitenote_active":false,"_monsterinsights_sitenote_note":"","_monsterinsights_sitenote_category":0},"categories":[29,4,17,5,2,26,32],"tags":[22,61,175,176,42,41,233,240,44,184],"yoast_head":"<!-- This site is optimized with the Yoast SEO plugin v20.10 - https:\/\/yoast.com\/wordpress\/plugins\/seo\/ -->\n<title>Atascos en las alcantarillas por las toallitas y las lluvias - Blog de Serbis<\/title>\n<meta name=\"robots\" content=\"index, follow, max-snippet:-1, max-image-preview:large, max-video-preview:-1\" \/>\n<link rel=\"canonical\" href=\"https:\/\/www.serbis.es\/serbis\/blog\/atascos-alcantarillas-toallitas-lluvias\/\" \/>\n<meta property=\"og:locale\" content=\"es_ES\" \/>\n<meta property=\"og:type\" content=\"article\" \/>\n<meta property=\"og:title\" content=\"Atascos en las alcantarillas por las toallitas y las lluvias - Blog de Serbis\" \/>\n<meta property=\"og:description\" content=\"En los \u00faltimos d\u00edas se han producido varias e importantes atascos en los sistemas de saneamiento de aguas residuales de varias ciudades espa\u00f1olas&#8230; \u00b7 Espejo P\u00fablico muestra los atascos provocados por las toallitas: El programa de televisi\u00f3n Espejo P\u00fablico, presentado por Susanna Griso en Antena 3, ha informado esta semana de los problemas que est\u00e1 [&hellip;]\" \/>\n<meta property=\"og:url\" content=\"https:\/\/www.serbis.es\/serbis\/blog\/atascos-alcantarillas-toallitas-lluvias\/\" \/>\n<meta property=\"og:site_name\" content=\"Blog de Serbis\" \/>\n<meta property=\"article:author\" content=\"https:\/\/www.facebook.com\/SerbisPoceria\/\" \/>\n<meta property=\"article:published_time\" content=\"2018-10-31T12:41:18+00:00\" \/>\n<meta property=\"article:modified_time\" content=\"2018-10-31T12:45:39+00:00\" \/>\n<meta property=\"og:image\" content=\"https:\/\/www.serbis.es\/serbis\/blog\/wp-content\/uploads\/toallitas-alcantarillas.jpg\" \/>\n\t<meta property=\"og:image:width\" content=\"600\" \/>\n\t<meta property=\"og:image:height\" content=\"300\" \/>\n\t<meta property=\"og:image:type\" content=\"image\/jpeg\" \/>\n<meta name=\"author\" content=\"Serbis Pocer\u00eda\" \/>\n<meta name=\"twitter:label1\" content=\"Escrito por\" \/>\n\t<meta name=\"twitter:data1\" content=\"Serbis Pocer\u00eda\" \/>\n\t<meta name=\"twitter:label2\" content=\"Tiempo de lectura\" \/>\n\t<meta name=\"twitter:data2\" content=\"3 minutos\" \/>\n<script type=\"application\/ld+json\" class=\"yoast-schema-graph\">{\"@context\":\"https:\/\/schema.org\",\"@graph\":[{\"@type\":\"WebPage\",\"@id\":\"https:\/\/www.serbis.es\/serbis\/blog\/atascos-alcantarillas-toallitas-lluvias\/\",\"url\":\"https:\/\/www.serbis.es\/serbis\/blog\/atascos-alcantarillas-toallitas-lluvias\/\",\"name\":\"Atascos en las alcantarillas por las toallitas y las lluvias - Blog de Serbis\",\"isPartOf\":{\"@id\":\"https:\/\/www.serbis.es\/serbis\/blog\/#website\"},\"datePublished\":\"2018-10-31T12:41:18+00:00\",\"dateModified\":\"2018-10-31T12:45:39+00:00\",\"author\":{\"@id\":\"https:\/\/www.serbis.es\/serbis\/blog\/#\/schema\/person\/449002ed602088d1463cc28957dee9ea\"},\"breadcrumb\":{\"@id\":\"https:\/\/www.serbis.es\/serbis\/blog\/atascos-alcantarillas-toallitas-lluvias\/#breadcrumb\"},\"inLanguage\":\"es\",\"potentialAction\":[{\"@type\":\"ReadAction\",\"target\":[\"https:\/\/www.serbis.es\/serbis\/blog\/atascos-alcantarillas-toallitas-lluvias\/\"]}]},{\"@type\":\"BreadcrumbList\",\"@id\":\"https:\/\/www.serbis.es\/serbis\/blog\/atascos-alcantarillas-toallitas-lluvias\/#breadcrumb\",\"itemListElement\":[{\"@type\":\"ListItem\",\"position\":1,\"name\":\"Portada\",\"item\":\"https:\/\/www.serbis.es\/serbis\/blog\/\"},{\"@type\":\"ListItem\",\"position\":2,\"name\":\"Atascos en las alcantarillas por las toallitas y las lluvias\"}]},{\"@type\":\"WebSite\",\"@id\":\"https:\/\/www.serbis.es\/serbis\/blog\/#website\",\"url\":\"https:\/\/www.serbis.es\/serbis\/blog\/\",\"name\":\"Blog de Serbis\",\"description\":\"l\u00edderes en Espa\u00f1a en saneamiento de aguas con servicios de pocer\u00eda tradicional y sin zanjas\",\"potentialAction\":[{\"@type\":\"SearchAction\",\"target\":{\"@type\":\"EntryPoint\",\"urlTemplate\":\"https:\/\/www.serbis.es\/serbis\/blog\/?s={search_term_string}\"},\"query-input\":\"required name=search_term_string\"}],\"inLanguage\":\"es\"},{\"@type\":\"Person\",\"@id\":\"https:\/\/www.serbis.es\/serbis\/blog\/#\/schema\/person\/449002ed602088d1463cc28957dee9ea\",\"name\":\"Serbis Pocer\u00eda\",\"image\":{\"@type\":\"ImageObject\",\"inLanguage\":\"es\",\"@id\":\"https:\/\/www.serbis.es\/serbis\/blog\/#\/schema\/person\/image\/\",\"url\":\"https:\/\/secure.gravatar.com\/avatar\/1b95962073fbda6a54be252a727db96a?s=96&d=mm&r=g\",\"contentUrl\":\"https:\/\/secure.gravatar.com\/avatar\/1b95962073fbda6a54be252a727db96a?s=96&d=mm&r=g\",\"caption\":\"Serbis Pocer\u00eda\"},\"description\":\"Empresa especializada en soluciones de alcantarillado y saneamiento de agua, con gran experiencia en el sector y conocimiento de t\u00e9cnicas tanto de pocer\u00eda tradicional como de rehabilitaci\u00f3n de tuber\u00edas sin zanjas ni necesidad de obra civil\",\"sameAs\":[\"https:\/\/www.linkedin.com\/company\/poceria-serbis\",\"https:\/\/www.facebook.com\/SerbisPoceria\/\",\"https:\/\/twitter.com\/https:\/\/twitter.com\/serbis_poceria\"],\"url\":\"https:\/\/www.serbis.es\/serbis\/blog\/author\/perio_editor\/\"}]}<\/script>\n<!-- \/ Yoast SEO plugin. -->","yoast_head_json":{"title":"Atascos en las alcantarillas por las toallitas y las lluvias - Blog de Serbis","robots":{"index":"index","follow":"follow","max-snippet":"max-snippet:-1","max-image-preview":"max-image-preview:large","max-video-preview":"max-video-preview:-1"},"canonical":"https:\/\/www.serbis.es\/serbis\/blog\/atascos-alcantarillas-toallitas-lluvias\/","og_locale":"es_ES","og_type":"article","og_title":"Atascos en las alcantarillas por las toallitas y las lluvias - Blog de Serbis","og_description":"En los \u00faltimos d\u00edas se han producido varias e importantes atascos en los sistemas de saneamiento de aguas residuales de varias ciudades espa\u00f1olas&#8230; \u00b7 Espejo P\u00fablico muestra los atascos provocados por las toallitas: El programa de televisi\u00f3n Espejo P\u00fablico, presentado por Susanna Griso en Antena 3, ha informado esta semana de los problemas que est\u00e1 [&hellip;]","og_url":"https:\/\/www.serbis.es\/serbis\/blog\/atascos-alcantarillas-toallitas-lluvias\/","og_site_name":"Blog de Serbis","article_author":"https:\/\/www.facebook.com\/SerbisPoceria\/","article_published_time":"2018-10-31T12:41:18+00:00","article_modified_time":"2018-10-31T12:45:39+00:00","og_image":[{"width":600,"height":300,"url":"https:\/\/www.serbis.es\/serbis\/blog\/wp-content\/uploads\/toallitas-alcantarillas.jpg","type":"image\/jpeg"}],"author":"Serbis Pocer\u00eda","twitter_misc":{"Escrito por":"Serbis Pocer\u00eda","Tiempo de lectura":"3 minutos"},"schema":{"@context":"https:\/\/schema.org","@graph":[{"@type":"WebPage","@id":"https:\/\/www.serbis.es\/serbis\/blog\/atascos-alcantarillas-toallitas-lluvias\/","url":"https:\/\/www.serbis.es\/serbis\/blog\/atascos-alcantarillas-toallitas-lluvias\/","name":"Atascos en las alcantarillas por las toallitas y las lluvias - Blog de Serbis","isPartOf":{"@id":"https:\/\/www.serbis.es\/serbis\/blog\/#website"},"datePublished":"2018-10-31T12:41:18+00:00","dateModified":"2018-10-31T12:45:39+00:00","author":{"@id":"https:\/\/www.serbis.es\/serbis\/blog\/#\/schema\/person\/449002ed602088d1463cc28957dee9ea"},"breadcrumb":{"@id":"https:\/\/www.serbis.es\/serbis\/blog\/atascos-alcantarillas-toallitas-lluvias\/#breadcrumb"},"inLanguage":"es","potentialAction":[{"@type":"ReadAction","target":["https:\/\/www.serbis.es\/serbis\/blog\/atascos-alcantarillas-toallitas-lluvias\/"]}]},{"@type":"BreadcrumbList","@id":"https:\/\/www.serbis.es\/serbis\/blog\/atascos-alcantarillas-toallitas-lluvias\/#breadcrumb","itemListElement":[{"@type":"ListItem","position":1,"name":"Portada","item":"https:\/\/www.serbis.es\/serbis\/blog\/"},{"@type":"ListItem","position":2,"name":"Atascos en las alcantarillas por las toallitas y las lluvias"}]},{"@type":"WebSite","@id":"https:\/\/www.serbis.es\/serbis\/blog\/#website","url":"https:\/\/www.serbis.es\/serbis\/blog\/","name":"Blog de Serbis","description":"l\u00edderes en Espa\u00f1a en saneamiento de aguas con servicios de pocer\u00eda tradicional y sin zanjas","potentialAction":[{"@type":"SearchAction","target":{"@type":"EntryPoint","urlTemplate":"https:\/\/www.serbis.es\/serbis\/blog\/?s={search_term_string}"},"query-input":"required name=search_term_string"}],"inLanguage":"es"},{"@type":"Person","@id":"https:\/\/www.serbis.es\/serbis\/blog\/#\/schema\/person\/449002ed602088d1463cc28957dee9ea","name":"Serbis Pocer\u00eda","image":{"@type":"ImageObject","inLanguage":"es","@id":"https:\/\/www.serbis.es\/serbis\/blog\/#\/schema\/person\/image\/","url":"https:\/\/secure.gravatar.com\/avatar\/1b95962073fbda6a54be252a727db96a?s=96&d=mm&r=g","contentUrl":"https:\/\/secure.gravatar.com\/avatar\/1b95962073fbda6a54be252a727db96a?s=96&d=mm&r=g","caption":"Serbis Pocer\u00eda"},"description":"Empresa especializada en soluciones de alcantarillado y saneamiento de agua, con gran experiencia en el sector y conocimiento de t\u00e9cnicas tanto de pocer\u00eda tradicional como de rehabilitaci\u00f3n de tuber\u00edas sin zanjas ni necesidad de obra civil","sameAs":["https:\/\/www.linkedin.com\/company\/poceria-serbis","https:\/\/www.facebook.com\/SerbisPoceria\/","https:\/\/twitter.com\/https:\/\/twitter.com\/serbis_poceria"],"url":"https:\/\/www.serbis.es\/serbis\/blog\/author\/perio_editor\/"}]}},"_links":{"self":[{"href":"https:\/\/www.serbis.es\/serbis\/blog\/wp-json\/wp\/v2\/posts\/1409"}],"collection":[{"href":"https:\/\/www.serbis.es\/serbis\/blog\/wp-json\/wp\/v2\/posts"}],"about":[{"href":"https:\/\/www.serbis.es\/serbis\/blog\/wp-json\/wp\/v2\/types\/post"}],"author":[{"embeddable":true,"href":"https:\/\/www.serbis.es\/serbis\/blog\/wp-json\/wp\/v2\/users\/3"}],"replies":[{"embeddable":true,"href":"https:\/\/www.serbis.es\/serbis\/blog\/wp-json\/wp\/v2\/comments?post=1409"}],"version-history":[{"count":5,"href":"https:\/\/www.serbis.es\/serbis\/blog\/wp-json\/wp\/v2\/posts\/1409\/revisions"}],"predecessor-version":[{"id":1418,"href":"https:\/\/www.serbis.es\/serbis\/blog\/wp-json\/wp\/v2\/posts\/1409\/revisions\/1418"}],"wp:featuredmedia":[{"embeddable":true,"href":"https:\/\/www.serbis.es\/serbis\/blog\/wp-json\/wp\/v2\/media\/1413"}],"wp:attachment":[{"href":"https:\/\/www.serbis.es\/serbis\/blog\/wp-json\/wp\/v2\/media?parent=1409"}],"wp:term":[{"taxonomy":"category","embeddable":true,"href":"https:\/\/www.serbis.es\/serbis\/blog\/wp-json\/wp\/v2\/categories?post=1409"},{"taxonomy":"post_tag","embeddable":true,"href":"https:\/\/www.serbis.es\/serbis\/blog\/wp-json\/wp\/v2\/tags?post=1409"}],"curies":[{"name":"wp","href":"https:\/\/api.w.org\/{rel}","templated":true}]}}