{"id":1586,"date":"2019-02-22T09:26:33","date_gmt":"2019-02-22T09:26:33","guid":{"rendered":"https:\/\/www.serbis.es\/serbis\/blog\/?p=1586"},"modified":"2019-02-22T09:26:34","modified_gmt":"2019-02-22T09:26:34","slug":"reutilizacion-aguas-residuales-europa","status":"publish","type":"post","link":"https:\/\/www.serbis.es\/serbis\/blog\/reutilizacion-aguas-residuales-europa\/","title":{"rendered":"Espa\u00f1a lidera la reutilizaci\u00f3n de aguas residuales"},"content":{"rendered":"<p>A continuaci\u00f3n resumimos las principales noticias de los \u00faltimos d\u00edas relacionadas con el mantenimiento de las alcantarillas y el saneamiento de aguas residuales, as\u00ed como con los desatrancos y desatascos de las redes de saneamiento y alcantarillado&#8230;<\/p>\n<p><strong>\u00b7 Espa\u00f1a, l\u00edder europeo en reutilizaci\u00f3n de aguas residuales: <\/strong>Los espa\u00f1oles reutilizamos <strong>cerca de un 11% de las aguas residuales<\/strong> que pasan por las m\u00e1s de 2.000 estaciones depuradoras del pa\u00eds, muy por delante de la media europea, que se sit\u00faa en el 2,4%. As\u00ed lo indican <a href=\"https:\/\/www.efeverde.com\/noticias\/aguas-residuales-reutilizacion\/\">los datos que acaba de hacer p\u00fablicos<\/a> la C\u00e1tedra Aquae, impulsada por la Fundaci\u00f3n Aquae y la Universidad Nacional de Educaci\u00f3n a Distancia (UNED).<\/p>\n<p>El estudio, correspondiente al periodo 2000-2014, tambi\u00e9n indica que <strong>m\u00e1s del 62% de las aguas residuales recicladas en Espa\u00f1a se destinan a la agricultura<\/strong>, mientras que el 20% se utiliza para regar zonas verdes y otro 7%, para la actividad industrial. Por regiones, <strong>la Comunidad Valenciana, Murcia y Baleares<\/strong> lideran la reutilizaci\u00f3n de aguas a nivel nacional, posiblemente, porque tambi\u00e9n son las comunidades que sufren una mayor escasez de agua.<\/p>\n<p><img decoding=\"async\" loading=\"lazy\" class=\"size-full wp-image-1589 alignnone\" src=\"https:\/\/www.serbis.es\/serbis\/blog\/wp-content\/uploads\/aguas-residuales-reutilizacion.jpg\" alt=\"\" width=\"630\" height=\"315\" srcset=\"https:\/\/www.serbis.es\/serbis\/blog\/wp-content\/uploads\/aguas-residuales-reutilizacion.jpg 630w, https:\/\/www.serbis.es\/serbis\/blog\/wp-content\/uploads\/aguas-residuales-reutilizacion-300x150.jpg 300w, https:\/\/www.serbis.es\/serbis\/blog\/wp-content\/uploads\/aguas-residuales-reutilizacion-370x185.jpg 370w\" sizes=\"(max-width: 630px) 100vw, 630px\" \/><\/p>\n<p><strong>\u00b7 Los expertos debatir\u00e1n sobre aguas residuales en Ifema: <\/strong>Madrid acoge la semana que viene la <a href=\"http:\/\/www.ifema.es\/siga_01\/\" class=\"broken_link\">Feria de Soluciones Innovadoras para la Gesti\u00f3n del Agua (SIGA)<\/a>, un congreso en el que las aguas residuales y <strong>su reutilizaci\u00f3n para otros usos<\/strong> (fundamentalmente, agr\u00edcolas) ocupar\u00e1n un papel protagonista.<\/p>\n<p>En concreto, la feria celebrada en Ifema incluir\u00e1 unas <strong>Jornadas T\u00e9cnicas de Innovaci\u00f3n<\/strong> en las que diferentes expertos y asociaciones sectoriales hablar\u00e1n sobre los tratamientos de aguas residuales en peque\u00f1os municipios, la reutilizaci\u00f3n del agua, la digitalizaci\u00f3n del sector, la innovaci\u00f3n en infraestructuras, los proyectos de cooperaci\u00f3n del agua o las alternativas de financiaci\u00f3n de infraestructuras del agua prioritarias.<\/p>\n<p><img decoding=\"async\" loading=\"lazy\" class=\"size-full wp-image-1593 alignnone\" src=\"https:\/\/www.serbis.es\/serbis\/blog\/wp-content\/uploads\/siga-feria-agua-madrid-ifema.jpg\" alt=\"\" width=\"630\" height=\"315\" srcset=\"https:\/\/www.serbis.es\/serbis\/blog\/wp-content\/uploads\/siga-feria-agua-madrid-ifema.jpg 630w, https:\/\/www.serbis.es\/serbis\/blog\/wp-content\/uploads\/siga-feria-agua-madrid-ifema-300x150.jpg 300w, https:\/\/www.serbis.es\/serbis\/blog\/wp-content\/uploads\/siga-feria-agua-madrid-ifema-370x185.jpg 370w\" sizes=\"(max-width: 630px) 100vw, 630px\" \/><\/p>\n<p><strong>\u00b7 Los espa\u00f1oles pagamos menos que otros europeos por el agua:\u00a0<\/strong>Puede que la tarifa de la luz o del gas sean especialmente altas en Espa\u00f1a, pero no se puede decir lo mismo del recibo del agua. Al menos, eso es lo que indican los datos publicados por la Asociaci\u00f3n Espa\u00f1ola de Abastecimiento de Agua y Saneamiento (AEAS), correspondientes al a\u00f1o pasado.<\/p>\n<p>Seg\u00fan las cifras de esta organizaci\u00f3n sectorial, <strong>los espa\u00f1oles pagamos 1,84 euros por cada metro c\u00fabico de agua<\/strong> (de los que 1,04 euros corresponden al abastecimiento y 80 c\u00e9ntimos, al saneamiento). Esta cifra est\u00e1 por detr\u00e1s de la que abonan los ciudadanos de la mayor\u00eda de los pa\u00edses europeos. De hecho, s\u00f3lo los <strong>griegos, rumanos, italianos, portugueses y h\u00fangaros<\/strong> pagan menos.<\/p>\n<p>Adem\u00e1s, los servicios relacionados con el agua representan en nuestro pa\u00eds <strong>el 0,89% del presupuesto de las familias<\/strong>, que con lo que pagan en sus facturas s\u00f3lo da para hacer frente a los gastos relacionados con la operatividad del sistema. Por eso, AEAS sostiene que <strong>el recibo del agua deber\u00eda adecuarse al coste real<\/strong>, para poder afrontar los gastos vinculados al mantenimiento y la modernizaci\u00f3n de las infraestructuras de abastecimiento y saneamiento de aguas residuales.<\/p>\n<p><img decoding=\"async\" loading=\"lazy\" class=\"size-full wp-image-1587 alignnone\" src=\"https:\/\/www.serbis.es\/serbis\/blog\/wp-content\/uploads\/factura-saneamiento-abastecimiento-agua.jpg\" alt=\"\" width=\"630\" height=\"315\" srcset=\"https:\/\/www.serbis.es\/serbis\/blog\/wp-content\/uploads\/factura-saneamiento-abastecimiento-agua.jpg 630w, https:\/\/www.serbis.es\/serbis\/blog\/wp-content\/uploads\/factura-saneamiento-abastecimiento-agua-300x150.jpg 300w, https:\/\/www.serbis.es\/serbis\/blog\/wp-content\/uploads\/factura-saneamiento-abastecimiento-agua-370x185.jpg 370w\" sizes=\"(max-width: 630px) 100vw, 630px\" \/><\/p>\n<p>Si quieres contarnos algo puedes llamarnos al <strong>n\u00famero de tel\u00e9fono <\/strong><strong>91 610 62 53<\/strong> y si te gusta estar informado de las noticias nacionales e internacionales m\u00e1s interesantes de las industrias de la pocer\u00eda, el alcantarillado y el saneamiento de aguas fecales, visita <a href=\"https:\/\/www.serbis.es\/\" target=\"_blank\" rel=\"noopener\"><strong>Serbis.es<\/strong><\/a> y <strong>s\u00edguenos en las redes sociales<\/strong>:<\/p>\n<p><a href=\"https:\/\/www.facebook.com\/SerbisPoceria\/\" rel=\"attachment wp-att-691\" class=\"broken_link\"><img decoding=\"async\" loading=\"lazy\" class=\"size-full wp-image-691\" src=\"https:\/\/www.serbis.es\/serbis\/blog\/wp-content\/uploads\/facebook.jpg\" alt=\"facebook\" width=\"113\" height=\"111\" \/><\/a><\/p>\n<p>&nbsp;<\/p>\n<p><a href=\"https:\/\/twitter.com\/serbis_poceria\" rel=\"attachment wp-att-692\"><img decoding=\"async\" loading=\"lazy\" class=\"size-full wp-image-692\" src=\"https:\/\/www.serbis.es\/serbis\/blog\/wp-content\/uploads\/twitter.jpg\" alt=\"twitter\" width=\"113\" height=\"111\" \/><\/a><\/p>\n<p>&nbsp;<\/p>\n<p><a href=\"https:\/\/www.instagram.com\/serbis_poceria\/\" rel=\"attachment wp-att-692\" class=\"broken_link\"><img decoding=\"async\" loading=\"lazy\" class=\"alignnone wp-image-1462 size-full\" src=\"https:\/\/www.serbis.es\/serbis\/blog\/wp-content\/uploads\/instagram.jpg\" alt=\"\" width=\"113\" height=\"111\" \/><\/a><\/p>\n<p>&nbsp;<\/p>\n<p><a href=\"https:\/\/es.linkedin.com\/company\/poceria-serbis\" rel=\"attachment wp-att-693\"><img decoding=\"async\" loading=\"lazy\" class=\"size-full wp-image-693 alignleft\" src=\"https:\/\/www.serbis.es\/serbis\/blog\/wp-content\/uploads\/linkedin.jpg\" alt=\"linkedin\" width=\"113\" height=\"111\" \/><\/a><\/p>\n<p>&nbsp;<\/p>\n<p>&nbsp;<\/p>\n<p>&nbsp;<\/p>\n<p>&nbsp;<\/p>\n<p><a href=\"https:\/\/www.youtube.com\/channel\/UCSIAPGXKlWyOmHRZo9YCpBQ\" rel=\"attachment wp-att-694\"><img decoding=\"async\" loading=\"lazy\" class=\"size-full wp-image-694 alignleft\" src=\"https:\/\/www.serbis.es\/serbis\/blog\/wp-content\/uploads\/youtube.jpg\" alt=\"youtube\" width=\"113\" height=\"111\" \/><\/a><\/p>\n<p>&nbsp;<\/p>\n<p>&nbsp;<\/p>\n<p>&nbsp;<\/p>\n<p>&nbsp;<\/p>\n<p><a href=\"https:\/\/vimeo.com\/user9248661\" rel=\"attachment wp-att-696\"><img decoding=\"async\" loading=\"lazy\" class=\"size-full wp-image-696 alignleft\" src=\"https:\/\/www.serbis.es\/serbis\/blog\/wp-content\/uploads\/vimeo.jpg\" alt=\"vimeo\" width=\"113\" height=\"111\" \/><\/a><\/p>\n<p>&nbsp;<\/p>\n<p>&nbsp;<\/p>\n<p>&nbsp;<\/p>\n<p>&nbsp;<\/p>\n<p><a href=\"https:\/\/www.flickr.com\/photos\/155074596@N06\/\" rel=\"attachment wp-att-698\"><img decoding=\"async\" loading=\"lazy\" class=\"size-full wp-image-698 alignleft\" src=\"https:\/\/www.serbis.es\/serbis\/blog\/wp-content\/uploads\/flickr.jpg\" alt=\"flickr\" width=\"113\" height=\"111\" \/><\/a><\/p>\n<p>&nbsp;<\/p>\n<p>&nbsp;<\/p>\n<p>&nbsp;<\/p>\n<p>&nbsp;<\/p>\n<p><a href=\"https:\/\/www.pinterest.es\/pin\/133348838938250902\/\" rel=\"attachment wp-att-697\"><img decoding=\"async\" loading=\"lazy\" class=\"size-full wp-image-697 alignleft\" src=\"https:\/\/www.serbis.es\/serbis\/blog\/wp-content\/uploads\/pinterest.jpg\" alt=\"pinterest\" width=\"113\" height=\"111\" \/><\/a><\/p>\n","protected":false},"excerpt":{"rendered":"<p>A continuaci\u00f3n resumimos las principales noticias de los \u00faltimos d\u00edas relacionadas con el mantenimiento de las alcantarillas y el saneamiento de aguas residuales, as\u00ed como con los desatrancos y desatascos de las redes de saneamiento y alcantarillado&#8230; \u00b7 Espa\u00f1a, l\u00edder europeo en reutilizaci\u00f3n de aguas residuales: Los espa\u00f1oles reutilizamos cerca de un 11% de las [&hellip;]<\/p>\n","protected":false},"author":3,"featured_media":1587,"comment_status":"open","ping_status":"open","sticky":false,"template":"","format":"standard","meta":{"_mi_skip_tracking":false,"_monsterinsights_sitenote_active":false,"_monsterinsights_sitenote_note":"","_monsterinsights_sitenote_category":0},"categories":[17,2,32],"tags":[111,336,59,261,279,280,40,109],"yoast_head":"<!-- This site is optimized with the Yoast SEO plugin v20.10 - https:\/\/yoast.com\/wordpress\/plugins\/seo\/ -->\n<title>Espa\u00f1a lidera la reutilizaci\u00f3n de aguas residuales - Blog de Serbis<\/title>\n<meta name=\"robots\" content=\"index, follow, max-snippet:-1, max-image-preview:large, max-video-preview:-1\" \/>\n<link rel=\"canonical\" href=\"https:\/\/www.serbis.es\/serbis\/blog\/reutilizacion-aguas-residuales-europa\/\" \/>\n<meta property=\"og:locale\" content=\"es_ES\" \/>\n<meta property=\"og:type\" content=\"article\" \/>\n<meta property=\"og:title\" content=\"Espa\u00f1a lidera la reutilizaci\u00f3n de aguas residuales - Blog de Serbis\" \/>\n<meta property=\"og:description\" content=\"A continuaci\u00f3n resumimos las principales noticias de los \u00faltimos d\u00edas relacionadas con el mantenimiento de las alcantarillas y el saneamiento de aguas residuales, as\u00ed como con los desatrancos y desatascos de las redes de saneamiento y alcantarillado&#8230; \u00b7 Espa\u00f1a, l\u00edder europeo en reutilizaci\u00f3n de aguas residuales: Los espa\u00f1oles reutilizamos cerca de un 11% de las [&hellip;]\" \/>\n<meta property=\"og:url\" content=\"https:\/\/www.serbis.es\/serbis\/blog\/reutilizacion-aguas-residuales-europa\/\" \/>\n<meta property=\"og:site_name\" content=\"Blog de Serbis\" \/>\n<meta property=\"article:author\" content=\"https:\/\/www.facebook.com\/SerbisPoceria\/\" \/>\n<meta property=\"article:published_time\" content=\"2019-02-22T09:26:33+00:00\" \/>\n<meta property=\"article:modified_time\" content=\"2019-02-22T09:26:34+00:00\" \/>\n<meta property=\"og:image\" content=\"https:\/\/www.serbis.es\/serbis\/blog\/wp-content\/uploads\/factura-saneamiento-abastecimiento-agua.jpg\" \/>\n\t<meta property=\"og:image:width\" content=\"630\" \/>\n\t<meta property=\"og:image:height\" content=\"315\" \/>\n\t<meta property=\"og:image:type\" content=\"image\/jpeg\" \/>\n<meta name=\"author\" content=\"Serbis Pocer\u00eda\" \/>\n<meta name=\"twitter:label1\" content=\"Escrito por\" \/>\n\t<meta name=\"twitter:data1\" content=\"Serbis Pocer\u00eda\" \/>\n\t<meta name=\"twitter:label2\" content=\"Tiempo de lectura\" \/>\n\t<meta name=\"twitter:data2\" content=\"3 minutos\" \/>\n<script type=\"application\/ld+json\" class=\"yoast-schema-graph\">{\"@context\":\"https:\/\/schema.org\",\"@graph\":[{\"@type\":\"WebPage\",\"@id\":\"https:\/\/www.serbis.es\/serbis\/blog\/reutilizacion-aguas-residuales-europa\/\",\"url\":\"https:\/\/www.serbis.es\/serbis\/blog\/reutilizacion-aguas-residuales-europa\/\",\"name\":\"Espa\u00f1a lidera la reutilizaci\u00f3n de aguas residuales - Blog de Serbis\",\"isPartOf\":{\"@id\":\"https:\/\/www.serbis.es\/serbis\/blog\/#website\"},\"datePublished\":\"2019-02-22T09:26:33+00:00\",\"dateModified\":\"2019-02-22T09:26:34+00:00\",\"author\":{\"@id\":\"https:\/\/www.serbis.es\/serbis\/blog\/#\/schema\/person\/449002ed602088d1463cc28957dee9ea\"},\"breadcrumb\":{\"@id\":\"https:\/\/www.serbis.es\/serbis\/blog\/reutilizacion-aguas-residuales-europa\/#breadcrumb\"},\"inLanguage\":\"es\",\"potentialAction\":[{\"@type\":\"ReadAction\",\"target\":[\"https:\/\/www.serbis.es\/serbis\/blog\/reutilizacion-aguas-residuales-europa\/\"]}]},{\"@type\":\"BreadcrumbList\",\"@id\":\"https:\/\/www.serbis.es\/serbis\/blog\/reutilizacion-aguas-residuales-europa\/#breadcrumb\",\"itemListElement\":[{\"@type\":\"ListItem\",\"position\":1,\"name\":\"Portada\",\"item\":\"https:\/\/www.serbis.es\/serbis\/blog\/\"},{\"@type\":\"ListItem\",\"position\":2,\"name\":\"Espa\u00f1a lidera la reutilizaci\u00f3n de aguas residuales\"}]},{\"@type\":\"WebSite\",\"@id\":\"https:\/\/www.serbis.es\/serbis\/blog\/#website\",\"url\":\"https:\/\/www.serbis.es\/serbis\/blog\/\",\"name\":\"Blog de Serbis\",\"description\":\"l\u00edderes en Espa\u00f1a en saneamiento de aguas con servicios de pocer\u00eda tradicional y sin zanjas\",\"potentialAction\":[{\"@type\":\"SearchAction\",\"target\":{\"@type\":\"EntryPoint\",\"urlTemplate\":\"https:\/\/www.serbis.es\/serbis\/blog\/?s={search_term_string}\"},\"query-input\":\"required name=search_term_string\"}],\"inLanguage\":\"es\"},{\"@type\":\"Person\",\"@id\":\"https:\/\/www.serbis.es\/serbis\/blog\/#\/schema\/person\/449002ed602088d1463cc28957dee9ea\",\"name\":\"Serbis Pocer\u00eda\",\"image\":{\"@type\":\"ImageObject\",\"inLanguage\":\"es\",\"@id\":\"https:\/\/www.serbis.es\/serbis\/blog\/#\/schema\/person\/image\/\",\"url\":\"https:\/\/secure.gravatar.com\/avatar\/1b95962073fbda6a54be252a727db96a?s=96&d=mm&r=g\",\"contentUrl\":\"https:\/\/secure.gravatar.com\/avatar\/1b95962073fbda6a54be252a727db96a?s=96&d=mm&r=g\",\"caption\":\"Serbis Pocer\u00eda\"},\"description\":\"Empresa especializada en soluciones de alcantarillado y saneamiento de agua, con gran experiencia en el sector y conocimiento de t\u00e9cnicas tanto de pocer\u00eda tradicional como de rehabilitaci\u00f3n de tuber\u00edas sin zanjas ni necesidad de obra civil\",\"sameAs\":[\"https:\/\/www.linkedin.com\/company\/poceria-serbis\",\"https:\/\/www.facebook.com\/SerbisPoceria\/\",\"https:\/\/twitter.com\/https:\/\/twitter.com\/serbis_poceria\"],\"url\":\"https:\/\/www.serbis.es\/serbis\/blog\/author\/perio_editor\/\"}]}<\/script>\n<!-- \/ Yoast SEO plugin. -->","yoast_head_json":{"title":"Espa\u00f1a lidera la reutilizaci\u00f3n de aguas residuales - Blog de Serbis","robots":{"index":"index","follow":"follow","max-snippet":"max-snippet:-1","max-image-preview":"max-image-preview:large","max-video-preview":"max-video-preview:-1"},"canonical":"https:\/\/www.serbis.es\/serbis\/blog\/reutilizacion-aguas-residuales-europa\/","og_locale":"es_ES","og_type":"article","og_title":"Espa\u00f1a lidera la reutilizaci\u00f3n de aguas residuales - Blog de Serbis","og_description":"A continuaci\u00f3n resumimos las principales noticias de los \u00faltimos d\u00edas relacionadas con el mantenimiento de las alcantarillas y el saneamiento de aguas residuales, as\u00ed como con los desatrancos y desatascos de las redes de saneamiento y alcantarillado&#8230; \u00b7 Espa\u00f1a, l\u00edder europeo en reutilizaci\u00f3n de aguas residuales: Los espa\u00f1oles reutilizamos cerca de un 11% de las [&hellip;]","og_url":"https:\/\/www.serbis.es\/serbis\/blog\/reutilizacion-aguas-residuales-europa\/","og_site_name":"Blog de Serbis","article_author":"https:\/\/www.facebook.com\/SerbisPoceria\/","article_published_time":"2019-02-22T09:26:33+00:00","article_modified_time":"2019-02-22T09:26:34+00:00","og_image":[{"width":630,"height":315,"url":"https:\/\/www.serbis.es\/serbis\/blog\/wp-content\/uploads\/factura-saneamiento-abastecimiento-agua.jpg","type":"image\/jpeg"}],"author":"Serbis Pocer\u00eda","twitter_misc":{"Escrito por":"Serbis Pocer\u00eda","Tiempo de lectura":"3 minutos"},"schema":{"@context":"https:\/\/schema.org","@graph":[{"@type":"WebPage","@id":"https:\/\/www.serbis.es\/serbis\/blog\/reutilizacion-aguas-residuales-europa\/","url":"https:\/\/www.serbis.es\/serbis\/blog\/reutilizacion-aguas-residuales-europa\/","name":"Espa\u00f1a lidera la reutilizaci\u00f3n de aguas residuales - Blog de Serbis","isPartOf":{"@id":"https:\/\/www.serbis.es\/serbis\/blog\/#website"},"datePublished":"2019-02-22T09:26:33+00:00","dateModified":"2019-02-22T09:26:34+00:00","author":{"@id":"https:\/\/www.serbis.es\/serbis\/blog\/#\/schema\/person\/449002ed602088d1463cc28957dee9ea"},"breadcrumb":{"@id":"https:\/\/www.serbis.es\/serbis\/blog\/reutilizacion-aguas-residuales-europa\/#breadcrumb"},"inLanguage":"es","potentialAction":[{"@type":"ReadAction","target":["https:\/\/www.serbis.es\/serbis\/blog\/reutilizacion-aguas-residuales-europa\/"]}]},{"@type":"BreadcrumbList","@id":"https:\/\/www.serbis.es\/serbis\/blog\/reutilizacion-aguas-residuales-europa\/#breadcrumb","itemListElement":[{"@type":"ListItem","position":1,"name":"Portada","item":"https:\/\/www.serbis.es\/serbis\/blog\/"},{"@type":"ListItem","position":2,"name":"Espa\u00f1a lidera la reutilizaci\u00f3n de aguas residuales"}]},{"@type":"WebSite","@id":"https:\/\/www.serbis.es\/serbis\/blog\/#website","url":"https:\/\/www.serbis.es\/serbis\/blog\/","name":"Blog de Serbis","description":"l\u00edderes en Espa\u00f1a en saneamiento de aguas con servicios de pocer\u00eda tradicional y sin zanjas","potentialAction":[{"@type":"SearchAction","target":{"@type":"EntryPoint","urlTemplate":"https:\/\/www.serbis.es\/serbis\/blog\/?s={search_term_string}"},"query-input":"required name=search_term_string"}],"inLanguage":"es"},{"@type":"Person","@id":"https:\/\/www.serbis.es\/serbis\/blog\/#\/schema\/person\/449002ed602088d1463cc28957dee9ea","name":"Serbis Pocer\u00eda","image":{"@type":"ImageObject","inLanguage":"es","@id":"https:\/\/www.serbis.es\/serbis\/blog\/#\/schema\/person\/image\/","url":"https:\/\/secure.gravatar.com\/avatar\/1b95962073fbda6a54be252a727db96a?s=96&d=mm&r=g","contentUrl":"https:\/\/secure.gravatar.com\/avatar\/1b95962073fbda6a54be252a727db96a?s=96&d=mm&r=g","caption":"Serbis Pocer\u00eda"},"description":"Empresa especializada en soluciones de alcantarillado y saneamiento de agua, con gran experiencia en el sector y conocimiento de t\u00e9cnicas tanto de pocer\u00eda tradicional como de rehabilitaci\u00f3n de tuber\u00edas sin zanjas ni necesidad de obra civil","sameAs":["https:\/\/www.linkedin.com\/company\/poceria-serbis","https:\/\/www.facebook.com\/SerbisPoceria\/","https:\/\/twitter.com\/https:\/\/twitter.com\/serbis_poceria"],"url":"https:\/\/www.serbis.es\/serbis\/blog\/author\/perio_editor\/"}]}},"_links":{"self":[{"href":"https:\/\/www.serbis.es\/serbis\/blog\/wp-json\/wp\/v2\/posts\/1586"}],"collection":[{"href":"https:\/\/www.serbis.es\/serbis\/blog\/wp-json\/wp\/v2\/posts"}],"about":[{"href":"https:\/\/www.serbis.es\/serbis\/blog\/wp-json\/wp\/v2\/types\/post"}],"author":[{"embeddable":true,"href":"https:\/\/www.serbis.es\/serbis\/blog\/wp-json\/wp\/v2\/users\/3"}],"replies":[{"embeddable":true,"href":"https:\/\/www.serbis.es\/serbis\/blog\/wp-json\/wp\/v2\/comments?post=1586"}],"version-history":[{"count":4,"href":"https:\/\/www.serbis.es\/serbis\/blog\/wp-json\/wp\/v2\/posts\/1586\/revisions"}],"predecessor-version":[{"id":1594,"href":"https:\/\/www.serbis.es\/serbis\/blog\/wp-json\/wp\/v2\/posts\/1586\/revisions\/1594"}],"wp:featuredmedia":[{"embeddable":true,"href":"https:\/\/www.serbis.es\/serbis\/blog\/wp-json\/wp\/v2\/media\/1587"}],"wp:attachment":[{"href":"https:\/\/www.serbis.es\/serbis\/blog\/wp-json\/wp\/v2\/media?parent=1586"}],"wp:term":[{"taxonomy":"category","embeddable":true,"href":"https:\/\/www.serbis.es\/serbis\/blog\/wp-json\/wp\/v2\/categories?post=1586"},{"taxonomy":"post_tag","embeddable":true,"href":"https:\/\/www.serbis.es\/serbis\/blog\/wp-json\/wp\/v2\/tags?post=1586"}],"curies":[{"name":"wp","href":"https:\/\/api.w.org\/{rel}","templated":true}]}}