{"id":1611,"date":"2019-03-15T16:23:31","date_gmt":"2019-03-15T16:23:31","guid":{"rendered":"https:\/\/www.serbis.es\/serbis\/blog\/?p=1611"},"modified":"2019-03-15T16:23:31","modified_gmt":"2019-03-15T16:23:31","slug":"sensibilizacion-cuidado-agua","status":"publish","type":"post","link":"https:\/\/www.serbis.es\/serbis\/blog\/sensibilizacion-cuidado-agua\/","title":{"rendered":"Sensibilizaci\u00f3n para el cuidado del agua"},"content":{"rendered":"<p>A continuaci\u00f3n resumimos las principales noticias de los \u00faltimos d\u00edas relacionadas con el mantenimiento de las alcantarillas y el saneamiento de aguas residuales, as\u00ed como con los desatrancos y desatascos de las redes de saneamiento y alcantarillado&#8230;<\/p>\n<p><strong>\u00b7 Aguas residuales en los colegios de Murcia:\u00a0<\/strong>Dicen que la educaci\u00f3n es el primer paso para que los j\u00f3venes se impliquen en la resoluci\u00f3n de los grandes problemas de nuestra sociedad. Posiblemente por ese motivo, las autoridades de la comunidad aut\u00f3noma de Murcia han decidido llevar la problem\u00e1tica de<strong> la escasez de agua y la reutilizaci\u00f3n de las aguas residuales<\/strong> <a href=\"https:\/\/www.laverdad.es\/murcia\/alumnos-primaria-aprenden-20190311000002-ntvo.html\">a las aulas de la regi\u00f3n<\/a>.<\/p>\n<p>En concreto, alrededor de <strong>750 estudiantes<\/strong> de 4\u00ba, 5\u00ba y 6\u00ba de Primaria de 14 centros educativos recibir\u00e1n formaci\u00f3n sobre los<strong> ciclos naturales y urbanos del agua<\/strong> durante los meses de marzo y abril. B\u00e1sicamente, se les hablar\u00e1 de la importancia de la depuraci\u00f3n y el saneamiento de las aguas residuales para salvaguardar el medio ambiente.<\/p>\n<p>Los j\u00f3venes tambi\u00e9n descubrir\u00e1n c\u00f3mo se transforman las aguas residuales en <strong>nuevos recursos h\u00eddricos reutilizables<\/strong>, para lo que visitar\u00e1n las estaciones depuradoras de Murcia. El objetivo, en \u00faltima instancia, es que tomen conciencia de <strong>la necesidad de preservar el agua<\/strong> y, de paso, que impliquen a sus familias en esa importante tarea.<\/p>\n<p><img decoding=\"async\" loading=\"lazy\" class=\"alignnone wp-image-1612 size-full\" src=\"https:\/\/www.serbis.es\/serbis\/blog\/wp-content\/uploads\/colegios-aguas-residuales-murcia.jpg\" alt=\"agua-escuelas-murcia\" width=\"630\" height=\"315\" srcset=\"https:\/\/www.serbis.es\/serbis\/blog\/wp-content\/uploads\/colegios-aguas-residuales-murcia.jpg 630w, https:\/\/www.serbis.es\/serbis\/blog\/wp-content\/uploads\/colegios-aguas-residuales-murcia-300x150.jpg 300w, https:\/\/www.serbis.es\/serbis\/blog\/wp-content\/uploads\/colegios-aguas-residuales-murcia-370x185.jpg 370w\" sizes=\"(max-width: 630px) 100vw, 630px\" \/><\/p>\n<p><strong>\u00b7 \u00bfD\u00f3nde terminan las tapas de alcantarilla robadas?<\/strong> La semana pasada <a href=\"https:\/\/www.serbis.es\/serbis\/blog\/alcantarillas-ciudad-lineal-madrid-costa-sol-malaga\/\">os informamos<\/a> de que durante los \u00faltimos meses han desaparecido de la <strong>Costa del Sol<\/strong> malague\u00f1a centenares de tapas de alcantarilla. Pues bien, esta semana la Polic\u00eda Nacional ha detenido a los dos responsables de esos robos, en una actuaci\u00f3n que ha sido bautizada como <strong>operaci\u00f3n Desag\u00fce<\/strong>.<\/p>\n<p>Tal como explican en <a href=\"https:\/\/www.diariosur.es\/marbella-estepona\/detenidos-marbella-robar-20190312003918-ntvo.html?fbclid=IwAR3QCHollmGd6eKQqbXErtJnew31WA44eyIK8j9I3Hx3PXFA5dJk-zVQiRQ\">esta noticia<\/a>, los ladrones se hab\u00edan hecho con <strong>375 tapas de registro<\/strong> de las localidades de Marbella, Torremolinos, Benalm\u00e1dena y Fuengirola, cuya valoraci\u00f3n superaba los 160.000 euros. Y obviamente, lo que hac\u00edan con estos elementos de la red de saneamiento de aguas residuales no era coleccionarlos, sino <strong>venderlos a cambio de dinero<\/strong>.<\/p>\n<p>Al parecer, el grueso de las tapas de alcantarilla sustra\u00eddas acab\u00f3 en dos <strong>centros de tratamiento de materiales y fundiciones<\/strong> situados en las provincias de C\u00e1diz y Badajoz. Pero los agentes tambi\u00e9n encontraron ocho tapas de registro en <strong>una chatarrer\u00eda<\/strong> de Estepona, cuyos responsables han sido detenidos por comprar estas tapas a sabiendas de que eran robadas.<\/p>\n<p><img decoding=\"async\" loading=\"lazy\" class=\"alignnone wp-image-1614 size-full\" src=\"https:\/\/www.serbis.es\/serbis\/blog\/wp-content\/uploads\/tapas-alcantarilla-robadas.jpg\" alt=\"agua-alcantarillas-robos\" width=\"630\" height=\"315\" srcset=\"https:\/\/www.serbis.es\/serbis\/blog\/wp-content\/uploads\/tapas-alcantarilla-robadas.jpg 630w, https:\/\/www.serbis.es\/serbis\/blog\/wp-content\/uploads\/tapas-alcantarilla-robadas-300x150.jpg 300w, https:\/\/www.serbis.es\/serbis\/blog\/wp-content\/uploads\/tapas-alcantarilla-robadas-370x185.jpg 370w\" sizes=\"(max-width: 630px) 100vw, 630px\" \/><\/p>\n<p><strong>\u00b7 Jes\u00fas hoy se habr\u00eda bautizado en un r\u00edo de aguas fecales: <\/strong>Las aguas del r\u00edo Jord\u00e1n, en las que Jes\u00fas fue bautizado por Juan el Bautista, <strong>est\u00e1n hoy contaminadas<\/strong>. <a href=\"https:\/\/www.hoy.es\/sociedad\/bautismo-aguas-fecales-20190312003122-ntvo.html\">As\u00ed lo denuncian<\/a> numerosos peregrinos y tambi\u00e9n organizaciones ecologistas, que exigen que el Gobierno de Israel impida que la gente siga bautiz\u00e1ndose en estas aguas fecales o llenando sus botellas para llevarse estas sucias aguas de recuerdo. Al menos, hasta que la calidad mejore.<\/p>\n<p>El Estado israel\u00ed asegura que mide la calidad del agua del r\u00edo cada dos semanas y que de momento sigue siendo apta para el bautismo. Sin embargo, investigaciones recientes han detectado <strong>un crecimiento de los niveles de E coli<\/strong> (la bacteria fecal) en las aguas del Jord\u00e1n seis veces superior al recomendable. Esto podr\u00eda provocar <strong>problemas de salud<\/strong> y es, en todo caso, incompatible con el bautismo o cualquier otro tipo de ba\u00f1o.<\/p>\n<p><img decoding=\"async\" loading=\"lazy\" class=\"alignnone wp-image-1616 size-full\" src=\"https:\/\/www.serbis.es\/serbis\/blog\/wp-content\/uploads\/aguas-fecales-jordan.jpg\" alt=\"agua-rio-jordan-israel\" width=\"630\" height=\"315\" srcset=\"https:\/\/www.serbis.es\/serbis\/blog\/wp-content\/uploads\/aguas-fecales-jordan.jpg 630w, https:\/\/www.serbis.es\/serbis\/blog\/wp-content\/uploads\/aguas-fecales-jordan-300x150.jpg 300w, https:\/\/www.serbis.es\/serbis\/blog\/wp-content\/uploads\/aguas-fecales-jordan-370x185.jpg 370w\" sizes=\"(max-width: 630px) 100vw, 630px\" \/><\/p>\n<p>Si quieres contarnos algo puedes llamarnos al <strong>n\u00famero de tel\u00e9fono <\/strong><strong>91 610 62 53<\/strong> y si te gusta estar informado de las noticias nacionales e internacionales m\u00e1s interesantes de las industrias de la pocer\u00eda, el alcantarillado y el saneamiento de aguas fecales, visita <a href=\"https:\/\/www.serbis.es\/\" target=\"_blank\" rel=\"noopener\"><strong>Serbis.es<\/strong><\/a> y <strong>s\u00edguenos en las redes sociales<\/strong>:<\/p>\n<p><a href=\"https:\/\/www.facebook.com\/SerbisPoceria\/\" rel=\"attachment wp-att-691\" class=\"broken_link\"><img decoding=\"async\" loading=\"lazy\" class=\"size-full wp-image-691\" src=\"https:\/\/www.serbis.es\/serbis\/blog\/wp-content\/uploads\/facebook.jpg\" alt=\"facebook\" width=\"113\" height=\"111\" \/><\/a><\/p>\n<p>&nbsp;<\/p>\n<p><a href=\"https:\/\/twitter.com\/serbis_poceria\" rel=\"attachment wp-att-692\"><img decoding=\"async\" loading=\"lazy\" class=\"size-full wp-image-692\" src=\"https:\/\/www.serbis.es\/serbis\/blog\/wp-content\/uploads\/twitter.jpg\" alt=\"twitter\" width=\"113\" height=\"111\" \/><\/a><\/p>\n<p>&nbsp;<\/p>\n<p><a href=\"https:\/\/www.instagram.com\/serbis_poceria\/\" rel=\"attachment wp-att-692\" class=\"broken_link\"><img decoding=\"async\" loading=\"lazy\" class=\"alignnone wp-image-1462 size-full\" src=\"https:\/\/www.serbis.es\/serbis\/blog\/wp-content\/uploads\/instagram.jpg\" alt=\"\" width=\"113\" height=\"111\" \/><\/a><\/p>\n<p>&nbsp;<\/p>\n<p><a href=\"https:\/\/es.linkedin.com\/company\/poceria-serbis\" rel=\"attachment wp-att-693\"><img decoding=\"async\" loading=\"lazy\" class=\"size-full wp-image-693 alignleft\" src=\"https:\/\/www.serbis.es\/serbis\/blog\/wp-content\/uploads\/linkedin.jpg\" alt=\"linkedin\" width=\"113\" height=\"111\" \/><\/a><\/p>\n<p>&nbsp;<\/p>\n<p>&nbsp;<\/p>\n<p>&nbsp;<\/p>\n<p>&nbsp;<\/p>\n<p><a href=\"https:\/\/www.youtube.com\/channel\/UCSIAPGXKlWyOmHRZo9YCpBQ\" rel=\"attachment wp-att-694\"><img decoding=\"async\" loading=\"lazy\" class=\"size-full wp-image-694 alignleft\" src=\"https:\/\/www.serbis.es\/serbis\/blog\/wp-content\/uploads\/youtube.jpg\" alt=\"youtube\" width=\"113\" height=\"111\" \/><\/a><\/p>\n<p>&nbsp;<\/p>\n<p>&nbsp;<\/p>\n<p>&nbsp;<\/p>\n<p>&nbsp;<\/p>\n<p><a href=\"https:\/\/vimeo.com\/user9248661\" rel=\"attachment wp-att-696\"><img decoding=\"async\" loading=\"lazy\" class=\"size-full wp-image-696 alignleft\" src=\"https:\/\/www.serbis.es\/serbis\/blog\/wp-content\/uploads\/vimeo.jpg\" alt=\"vimeo\" width=\"113\" height=\"111\" \/><\/a><\/p>\n<p>&nbsp;<\/p>\n<p>&nbsp;<\/p>\n<p>&nbsp;<\/p>\n<p>&nbsp;<\/p>\n<p><a href=\"https:\/\/www.flickr.com\/photos\/155074596@N06\/\" rel=\"attachment wp-att-698\"><img decoding=\"async\" loading=\"lazy\" class=\"size-full wp-image-698 alignleft\" src=\"https:\/\/www.serbis.es\/serbis\/blog\/wp-content\/uploads\/flickr.jpg\" alt=\"flickr\" width=\"113\" height=\"111\" \/><\/a><\/p>\n<p>&nbsp;<\/p>\n<p>&nbsp;<\/p>\n<p>&nbsp;<\/p>\n<p>&nbsp;<\/p>\n<p><a href=\"https:\/\/www.pinterest.es\/pin\/133348838938250902\/\" rel=\"attachment wp-att-697\"><img decoding=\"async\" loading=\"lazy\" class=\"size-full wp-image-697 alignleft\" src=\"https:\/\/www.serbis.es\/serbis\/blog\/wp-content\/uploads\/pinterest.jpg\" alt=\"pinterest\" width=\"113\" height=\"111\" \/><\/a><\/p>\n","protected":false},"excerpt":{"rendered":"<p>A continuaci\u00f3n resumimos las principales noticias de los \u00faltimos d\u00edas relacionadas con el mantenimiento de las alcantarillas y el saneamiento de aguas residuales, as\u00ed como con los desatrancos y desatascos de las redes de saneamiento y alcantarillado&#8230; \u00b7 Aguas residuales en los colegios de Murcia:\u00a0Dicen que la educaci\u00f3n es el primer paso para que los [&hellip;]<\/p>\n","protected":false},"author":3,"featured_media":1619,"comment_status":"open","ping_status":"open","sticky":false,"template":"","format":"standard","meta":{"_mi_skip_tracking":false,"_monsterinsights_sitenote_active":false,"_monsterinsights_sitenote_note":"","_monsterinsights_sitenote_category":0},"categories":[29,4,2,26,32],"tags":[28,111,75,22,61,40],"yoast_head":"<!-- This site is optimized with the Yoast SEO plugin v20.10 - https:\/\/yoast.com\/wordpress\/plugins\/seo\/ -->\n<title>Sensibilizaci\u00f3n para el cuidado del agua - Blog de Serbis<\/title>\n<meta name=\"robots\" content=\"index, follow, max-snippet:-1, max-image-preview:large, max-video-preview:-1\" \/>\n<link rel=\"canonical\" href=\"https:\/\/www.serbis.es\/serbis\/blog\/sensibilizacion-cuidado-agua\/\" \/>\n<meta property=\"og:locale\" content=\"es_ES\" \/>\n<meta property=\"og:type\" content=\"article\" \/>\n<meta property=\"og:title\" content=\"Sensibilizaci\u00f3n para el cuidado del agua - Blog de Serbis\" \/>\n<meta property=\"og:description\" content=\"A continuaci\u00f3n resumimos las principales noticias de los \u00faltimos d\u00edas relacionadas con el mantenimiento de las alcantarillas y el saneamiento de aguas residuales, as\u00ed como con los desatrancos y desatascos de las redes de saneamiento y alcantarillado&#8230; \u00b7 Aguas residuales en los colegios de Murcia:\u00a0Dicen que la educaci\u00f3n es el primer paso para que los [&hellip;]\" \/>\n<meta property=\"og:url\" content=\"https:\/\/www.serbis.es\/serbis\/blog\/sensibilizacion-cuidado-agua\/\" \/>\n<meta property=\"og:site_name\" content=\"Blog de Serbis\" \/>\n<meta property=\"article:author\" content=\"https:\/\/www.facebook.com\/SerbisPoceria\/\" \/>\n<meta property=\"article:published_time\" content=\"2019-03-15T16:23:31+00:00\" \/>\n<meta property=\"og:image\" content=\"https:\/\/www.serbis.es\/serbis\/blog\/wp-content\/uploads\/foto-agua-sudafrica.jpg\" \/>\n\t<meta property=\"og:image:width\" content=\"630\" \/>\n\t<meta property=\"og:image:height\" content=\"315\" \/>\n\t<meta property=\"og:image:type\" content=\"image\/jpeg\" \/>\n<meta name=\"author\" content=\"Serbis Pocer\u00eda\" \/>\n<meta name=\"twitter:label1\" content=\"Escrito por\" \/>\n\t<meta name=\"twitter:data1\" content=\"Serbis Pocer\u00eda\" \/>\n\t<meta name=\"twitter:label2\" content=\"Tiempo de lectura\" \/>\n\t<meta name=\"twitter:data2\" content=\"3 minutos\" \/>\n<script type=\"application\/ld+json\" class=\"yoast-schema-graph\">{\"@context\":\"https:\/\/schema.org\",\"@graph\":[{\"@type\":\"WebPage\",\"@id\":\"https:\/\/www.serbis.es\/serbis\/blog\/sensibilizacion-cuidado-agua\/\",\"url\":\"https:\/\/www.serbis.es\/serbis\/blog\/sensibilizacion-cuidado-agua\/\",\"name\":\"Sensibilizaci\u00f3n para el cuidado del agua - Blog de Serbis\",\"isPartOf\":{\"@id\":\"https:\/\/www.serbis.es\/serbis\/blog\/#website\"},\"datePublished\":\"2019-03-15T16:23:31+00:00\",\"dateModified\":\"2019-03-15T16:23:31+00:00\",\"author\":{\"@id\":\"https:\/\/www.serbis.es\/serbis\/blog\/#\/schema\/person\/449002ed602088d1463cc28957dee9ea\"},\"breadcrumb\":{\"@id\":\"https:\/\/www.serbis.es\/serbis\/blog\/sensibilizacion-cuidado-agua\/#breadcrumb\"},\"inLanguage\":\"es\",\"potentialAction\":[{\"@type\":\"ReadAction\",\"target\":[\"https:\/\/www.serbis.es\/serbis\/blog\/sensibilizacion-cuidado-agua\/\"]}]},{\"@type\":\"BreadcrumbList\",\"@id\":\"https:\/\/www.serbis.es\/serbis\/blog\/sensibilizacion-cuidado-agua\/#breadcrumb\",\"itemListElement\":[{\"@type\":\"ListItem\",\"position\":1,\"name\":\"Portada\",\"item\":\"https:\/\/www.serbis.es\/serbis\/blog\/\"},{\"@type\":\"ListItem\",\"position\":2,\"name\":\"Sensibilizaci\u00f3n para el cuidado del agua\"}]},{\"@type\":\"WebSite\",\"@id\":\"https:\/\/www.serbis.es\/serbis\/blog\/#website\",\"url\":\"https:\/\/www.serbis.es\/serbis\/blog\/\",\"name\":\"Blog de Serbis\",\"description\":\"l\u00edderes en Espa\u00f1a en saneamiento de aguas con servicios de pocer\u00eda tradicional y sin zanjas\",\"potentialAction\":[{\"@type\":\"SearchAction\",\"target\":{\"@type\":\"EntryPoint\",\"urlTemplate\":\"https:\/\/www.serbis.es\/serbis\/blog\/?s={search_term_string}\"},\"query-input\":\"required name=search_term_string\"}],\"inLanguage\":\"es\"},{\"@type\":\"Person\",\"@id\":\"https:\/\/www.serbis.es\/serbis\/blog\/#\/schema\/person\/449002ed602088d1463cc28957dee9ea\",\"name\":\"Serbis Pocer\u00eda\",\"image\":{\"@type\":\"ImageObject\",\"inLanguage\":\"es\",\"@id\":\"https:\/\/www.serbis.es\/serbis\/blog\/#\/schema\/person\/image\/\",\"url\":\"https:\/\/secure.gravatar.com\/avatar\/1b95962073fbda6a54be252a727db96a?s=96&d=mm&r=g\",\"contentUrl\":\"https:\/\/secure.gravatar.com\/avatar\/1b95962073fbda6a54be252a727db96a?s=96&d=mm&r=g\",\"caption\":\"Serbis Pocer\u00eda\"},\"description\":\"Empresa especializada en soluciones de alcantarillado y saneamiento de agua, con gran experiencia en el sector y conocimiento de t\u00e9cnicas tanto de pocer\u00eda tradicional como de rehabilitaci\u00f3n de tuber\u00edas sin zanjas ni necesidad de obra civil\",\"sameAs\":[\"https:\/\/www.linkedin.com\/company\/poceria-serbis\",\"https:\/\/www.facebook.com\/SerbisPoceria\/\",\"https:\/\/twitter.com\/https:\/\/twitter.com\/serbis_poceria\"],\"url\":\"https:\/\/www.serbis.es\/serbis\/blog\/author\/perio_editor\/\"}]}<\/script>\n<!-- \/ Yoast SEO plugin. -->","yoast_head_json":{"title":"Sensibilizaci\u00f3n para el cuidado del agua - Blog de Serbis","robots":{"index":"index","follow":"follow","max-snippet":"max-snippet:-1","max-image-preview":"max-image-preview:large","max-video-preview":"max-video-preview:-1"},"canonical":"https:\/\/www.serbis.es\/serbis\/blog\/sensibilizacion-cuidado-agua\/","og_locale":"es_ES","og_type":"article","og_title":"Sensibilizaci\u00f3n para el cuidado del agua - Blog de Serbis","og_description":"A continuaci\u00f3n resumimos las principales noticias de los \u00faltimos d\u00edas relacionadas con el mantenimiento de las alcantarillas y el saneamiento de aguas residuales, as\u00ed como con los desatrancos y desatascos de las redes de saneamiento y alcantarillado&#8230; \u00b7 Aguas residuales en los colegios de Murcia:\u00a0Dicen que la educaci\u00f3n es el primer paso para que los [&hellip;]","og_url":"https:\/\/www.serbis.es\/serbis\/blog\/sensibilizacion-cuidado-agua\/","og_site_name":"Blog de Serbis","article_author":"https:\/\/www.facebook.com\/SerbisPoceria\/","article_published_time":"2019-03-15T16:23:31+00:00","og_image":[{"width":630,"height":315,"url":"https:\/\/www.serbis.es\/serbis\/blog\/wp-content\/uploads\/foto-agua-sudafrica.jpg","type":"image\/jpeg"}],"author":"Serbis Pocer\u00eda","twitter_misc":{"Escrito por":"Serbis Pocer\u00eda","Tiempo de lectura":"3 minutos"},"schema":{"@context":"https:\/\/schema.org","@graph":[{"@type":"WebPage","@id":"https:\/\/www.serbis.es\/serbis\/blog\/sensibilizacion-cuidado-agua\/","url":"https:\/\/www.serbis.es\/serbis\/blog\/sensibilizacion-cuidado-agua\/","name":"Sensibilizaci\u00f3n para el cuidado del agua - Blog de Serbis","isPartOf":{"@id":"https:\/\/www.serbis.es\/serbis\/blog\/#website"},"datePublished":"2019-03-15T16:23:31+00:00","dateModified":"2019-03-15T16:23:31+00:00","author":{"@id":"https:\/\/www.serbis.es\/serbis\/blog\/#\/schema\/person\/449002ed602088d1463cc28957dee9ea"},"breadcrumb":{"@id":"https:\/\/www.serbis.es\/serbis\/blog\/sensibilizacion-cuidado-agua\/#breadcrumb"},"inLanguage":"es","potentialAction":[{"@type":"ReadAction","target":["https:\/\/www.serbis.es\/serbis\/blog\/sensibilizacion-cuidado-agua\/"]}]},{"@type":"BreadcrumbList","@id":"https:\/\/www.serbis.es\/serbis\/blog\/sensibilizacion-cuidado-agua\/#breadcrumb","itemListElement":[{"@type":"ListItem","position":1,"name":"Portada","item":"https:\/\/www.serbis.es\/serbis\/blog\/"},{"@type":"ListItem","position":2,"name":"Sensibilizaci\u00f3n para el cuidado del agua"}]},{"@type":"WebSite","@id":"https:\/\/www.serbis.es\/serbis\/blog\/#website","url":"https:\/\/www.serbis.es\/serbis\/blog\/","name":"Blog de Serbis","description":"l\u00edderes en Espa\u00f1a en saneamiento de aguas con servicios de pocer\u00eda tradicional y sin zanjas","potentialAction":[{"@type":"SearchAction","target":{"@type":"EntryPoint","urlTemplate":"https:\/\/www.serbis.es\/serbis\/blog\/?s={search_term_string}"},"query-input":"required name=search_term_string"}],"inLanguage":"es"},{"@type":"Person","@id":"https:\/\/www.serbis.es\/serbis\/blog\/#\/schema\/person\/449002ed602088d1463cc28957dee9ea","name":"Serbis Pocer\u00eda","image":{"@type":"ImageObject","inLanguage":"es","@id":"https:\/\/www.serbis.es\/serbis\/blog\/#\/schema\/person\/image\/","url":"https:\/\/secure.gravatar.com\/avatar\/1b95962073fbda6a54be252a727db96a?s=96&d=mm&r=g","contentUrl":"https:\/\/secure.gravatar.com\/avatar\/1b95962073fbda6a54be252a727db96a?s=96&d=mm&r=g","caption":"Serbis Pocer\u00eda"},"description":"Empresa especializada en soluciones de alcantarillado y saneamiento de agua, con gran experiencia en el sector y conocimiento de t\u00e9cnicas tanto de pocer\u00eda tradicional como de rehabilitaci\u00f3n de tuber\u00edas sin zanjas ni necesidad de obra civil","sameAs":["https:\/\/www.linkedin.com\/company\/poceria-serbis","https:\/\/www.facebook.com\/SerbisPoceria\/","https:\/\/twitter.com\/https:\/\/twitter.com\/serbis_poceria"],"url":"https:\/\/www.serbis.es\/serbis\/blog\/author\/perio_editor\/"}]}},"_links":{"self":[{"href":"https:\/\/www.serbis.es\/serbis\/blog\/wp-json\/wp\/v2\/posts\/1611"}],"collection":[{"href":"https:\/\/www.serbis.es\/serbis\/blog\/wp-json\/wp\/v2\/posts"}],"about":[{"href":"https:\/\/www.serbis.es\/serbis\/blog\/wp-json\/wp\/v2\/types\/post"}],"author":[{"embeddable":true,"href":"https:\/\/www.serbis.es\/serbis\/blog\/wp-json\/wp\/v2\/users\/3"}],"replies":[{"embeddable":true,"href":"https:\/\/www.serbis.es\/serbis\/blog\/wp-json\/wp\/v2\/comments?post=1611"}],"version-history":[{"count":4,"href":"https:\/\/www.serbis.es\/serbis\/blog\/wp-json\/wp\/v2\/posts\/1611\/revisions"}],"predecessor-version":[{"id":1620,"href":"https:\/\/www.serbis.es\/serbis\/blog\/wp-json\/wp\/v2\/posts\/1611\/revisions\/1620"}],"wp:featuredmedia":[{"embeddable":true,"href":"https:\/\/www.serbis.es\/serbis\/blog\/wp-json\/wp\/v2\/media\/1619"}],"wp:attachment":[{"href":"https:\/\/www.serbis.es\/serbis\/blog\/wp-json\/wp\/v2\/media?parent=1611"}],"wp:term":[{"taxonomy":"category","embeddable":true,"href":"https:\/\/www.serbis.es\/serbis\/blog\/wp-json\/wp\/v2\/categories?post=1611"},{"taxonomy":"post_tag","embeddable":true,"href":"https:\/\/www.serbis.es\/serbis\/blog\/wp-json\/wp\/v2\/tags?post=1611"}],"curies":[{"name":"wp","href":"https:\/\/api.w.org\/{rel}","templated":true}]}}