{"id":1743,"date":"2019-06-13T20:03:42","date_gmt":"2019-06-13T20:03:42","guid":{"rendered":"https:\/\/www.serbis.es\/serbis\/blog\/?p=1743"},"modified":"2019-06-13T20:08:31","modified_gmt":"2019-06-13T20:08:31","slug":"aguas-fecales-playas-alcantarillas","status":"publish","type":"post","link":"https:\/\/www.serbis.es\/serbis\/blog\/aguas-fecales-playas-alcantarillas\/","title":{"rendered":"Aguas fecales en las playas y accidentes en las alcantarillas"},"content":{"rendered":"<p>Resumimos las principales noticias de los \u00faltimos d\u00edas relacionadas con los efectos que la acumulaci\u00f3n de toallitas h\u00famedas tiene sobre las alcantarillas y redes de saneamiento de aguas residuales, as\u00ed como con los desatrancos y desatascos que hay que llevar a cabo para combatir esta lacra&#8230;<\/p>\n<p><strong>\u00b715 playas con bandera negra por aguas fecales: <\/strong>Ecologistas en Acci\u00f3n ha concedido, como cada a\u00f1o, <a href=\"https:\/\/www.slideshare.net\/20minutos\/banderas-negras-2019?ref=https:\/\/www.20minutos.es\/noticia\/3669944\/0\/ecologistas-en-accion-48-banderas-negras-zonas-degradadas-litoral-espanol\/\">las banderas negras a las playas espa\u00f1olas<\/a> que siguen sufriendo el vertido de aguas fecales sin depurar. Casi todas estas banderas se concentran en la vertiente <strong>norte de Espa\u00f1a, las islas<\/strong> (Baleares y Canarias) y la comunidad aut\u00f3noma de <strong>Andaluc\u00eda<\/strong>.<\/p>\n<p>Adem\u00e1s, el informe alerta de las consecuencias de la <strong>masificaci\u00f3n tur\u00edstica del litoral<\/strong> espa\u00f1ol. Entre estos efectos estar\u00eda el incremento de los vertidos de las aguas residuales al mar durante los meses de verano y su p\u00e9sima depuraci\u00f3n. En concreto, el estudio destaca que la turistificaci\u00f3n provoca la <strong>sobreexplotaci\u00f3n de las infraestructuras de saneamiento<\/strong> de muchas localidades costeras, que se ven incapaces de dar respuesta a los aumentos repentinos de poblaci\u00f3n derivados del turismo.<\/p>\n<p><img decoding=\"async\" loading=\"lazy\" class=\"size-full wp-image-1749 alignnone\" src=\"https:\/\/www.serbis.es\/serbis\/blog\/wp-content\/uploads\/aguas-fecales-playas.jpg\" alt=\"\" width=\"630\" height=\"315\" srcset=\"https:\/\/www.serbis.es\/serbis\/blog\/wp-content\/uploads\/aguas-fecales-playas.jpg 630w, https:\/\/www.serbis.es\/serbis\/blog\/wp-content\/uploads\/aguas-fecales-playas-300x150.jpg 300w, https:\/\/www.serbis.es\/serbis\/blog\/wp-content\/uploads\/aguas-fecales-playas-370x185.jpg 370w\" sizes=\"(max-width: 630px) 100vw, 630px\" \/><\/p>\n<p><strong>\u00b7 Rescatan de una alcantarilla a un obrero atrapado: <\/strong>Como ya os hemos dicho en anteriores ocasiones, los trabajos relacionados con las alcantarillas y las canalizaciones subterr\u00e1neas son siempre <strong>complejos y peligrosos<\/strong>. El \u00faltimo ejemplo lo hemos visto en el Condado de Chester (en <strong>Pensilvania<\/strong>, Estados Unidos), donde <a href=\"https:\/\/www.telemundo62.com\/noticias\/destacados\/Rescatan-trabajador-tras-caer-a-alcantarillado-filadelfia-pensilvania-chester-county-510878701.html\">los servicios de emergencias han tenido que rescatar a un obrero<\/a> de la construcci\u00f3n que hab\u00eda quedado atrapado en las alcantarillas.<\/p>\n<p>Al parecer, el trabajador estaba realizando su faena en una zona boscosa cuando <strong>cay\u00f3 al vac\u00edo<\/strong>, yendo a parar al interior del sistema de alcantarillado de la zona. Tras la ca\u00edda se produjo en desprendimiento de tierra que dej\u00f3 al hombre <strong>atrapado hasta la cintura<\/strong>, por lo que fue necesaria la intervenci\u00f3n de un cami\u00f3n para retirar parte de esa tierra y que el hombre, finalmente, pudiera ser liberado. Por fortuna, parece que <strong>no sufri\u00f3 da\u00f1os<\/strong> de consideraci\u00f3n.<\/p>\n<p><img decoding=\"async\" loading=\"lazy\" class=\"size-full wp-image-1744 alignnone\" src=\"https:\/\/www.serbis.es\/serbis\/blog\/wp-content\/uploads\/obrero-atrapado-alcantarillas.jpg\" alt=\"\" width=\"630\" height=\"315\" srcset=\"https:\/\/www.serbis.es\/serbis\/blog\/wp-content\/uploads\/obrero-atrapado-alcantarillas.jpg 630w, https:\/\/www.serbis.es\/serbis\/blog\/wp-content\/uploads\/obrero-atrapado-alcantarillas-300x150.jpg 300w, https:\/\/www.serbis.es\/serbis\/blog\/wp-content\/uploads\/obrero-atrapado-alcantarillas-370x185.jpg 370w\" sizes=\"(max-width: 630px) 100vw, 630px\" \/><\/p>\n<p><strong>\u00b7 Buscan oro en las alcantarillas de Guant\u00e1namo:<\/strong> El territorio cubano de Guant\u00e1namo, famoso por la prisi\u00f3n que EEUU gestiona en esta zona de la bah\u00eda que permanece bajo su control, tambi\u00e9n es el lugar en el que <a href=\"https:\/\/www.cibercuba.com\/videos\/noticias\/2019-06-12-u157374-e157374-s27061-cubanos-desesperados-buscan-oro-alcantarillas\">se busca oro en las alcantarillas<\/a>. En concreto, grupos organizados <strong>bajan cada noche al alcantarillado<\/strong> provistos de sistemas de iluminaci\u00f3n para encontrar el preciado metal y otros objetos de valor.<\/p>\n<p>La b\u00fasqueda comienza alrededor de la medianoche y se extiende<strong> hasta bien entrada la madrugada<\/strong>. Los buscadores de oro no utilizan guantes para remover las aguas fecales, sino que se sirven \u00fanicamente de <strong>un palo met\u00e1lico y de una linterna<\/strong> situada en sus cabezas, al estilo de los mineros.<\/p>\n<p>De hecho, esta pr\u00e1ctica de buscar tesoros en las alcantarillas no es exclusiva de Guant\u00e1namo, sino que se han detectado pr\u00e1cticas similares en otras ciudades cubanas. Por ejemplo, en <strong>Santiago, Holgu\u00edn y Aguas Claras<\/strong>.<\/p>\n<p><img decoding=\"async\" loading=\"lazy\" class=\"wp-image-1747 size-full alignnone\" src=\"https:\/\/www.serbis.es\/serbis\/blog\/wp-content\/uploads\/oro-alcantarillas-guantanamo-cuba-e1560456147483.jpg\" alt=\"\" width=\"630\" height=\"316\" srcset=\"https:\/\/www.serbis.es\/serbis\/blog\/wp-content\/uploads\/oro-alcantarillas-guantanamo-cuba-e1560456147483.jpg 630w, https:\/\/www.serbis.es\/serbis\/blog\/wp-content\/uploads\/oro-alcantarillas-guantanamo-cuba-e1560456147483-300x150.jpg 300w, https:\/\/www.serbis.es\/serbis\/blog\/wp-content\/uploads\/oro-alcantarillas-guantanamo-cuba-e1560456147483-370x186.jpg 370w\" sizes=\"(max-width: 630px) 100vw, 630px\" \/><\/p>\n<p>Si quieres contarnos algo puedes llamarnos al <strong>n\u00famero de tel\u00e9fono <\/strong><strong>91 610 62 53<\/strong> y si te gusta estar informado de las noticias nacionales e internacionales m\u00e1s interesantes de las industrias de la pocer\u00eda, el alcantarillado y el saneamiento de aguas fecales, visita <a href=\"https:\/\/www.serbis.es\/\" target=\"_blank\" rel=\"noopener\"><strong>Serbis.es<\/strong><\/a> y <strong>s\u00edguenos en las redes sociales<\/strong>:<\/p>\n<p><a href=\"https:\/\/www.facebook.com\/SerbisPoceria\/\" rel=\"attachment wp-att-691\" class=\"broken_link\"><img decoding=\"async\" loading=\"lazy\" class=\"size-full wp-image-691\" src=\"https:\/\/www.serbis.es\/serbis\/blog\/wp-content\/uploads\/facebook.jpg\" alt=\"facebook\" width=\"113\" height=\"111\" \/><\/a><\/p>\n<p>&nbsp;<\/p>\n<p><a href=\"https:\/\/twitter.com\/serbis_poceria\" rel=\"attachment wp-att-692\"><img decoding=\"async\" loading=\"lazy\" class=\"size-full wp-image-692\" src=\"https:\/\/www.serbis.es\/serbis\/blog\/wp-content\/uploads\/twitter.jpg\" alt=\"twitter\" width=\"113\" height=\"111\" \/><\/a><\/p>\n<p>&nbsp;<\/p>\n<p><a href=\"https:\/\/www.instagram.com\/serbis_poceria\/\" rel=\"attachment wp-att-692\" class=\"broken_link\"><img decoding=\"async\" loading=\"lazy\" class=\"alignnone wp-image-1462 size-full\" src=\"https:\/\/www.serbis.es\/serbis\/blog\/wp-content\/uploads\/instagram.jpg\" alt=\"\" width=\"113\" height=\"111\" \/><\/a><\/p>\n<p>&nbsp;<\/p>\n<p><a href=\"https:\/\/es.linkedin.com\/company\/poceria-serbis\" rel=\"attachment wp-att-693\"><img decoding=\"async\" loading=\"lazy\" class=\"size-full wp-image-693 alignleft\" src=\"https:\/\/www.serbis.es\/serbis\/blog\/wp-content\/uploads\/linkedin.jpg\" alt=\"linkedin\" width=\"113\" height=\"111\" \/><\/a><\/p>\n<p>&nbsp;<\/p>\n<p>&nbsp;<\/p>\n<p>&nbsp;<\/p>\n<p>&nbsp;<\/p>\n<p><a href=\"https:\/\/www.youtube.com\/channel\/UCSIAPGXKlWyOmHRZo9YCpBQ\" rel=\"attachment wp-att-694\"><img decoding=\"async\" loading=\"lazy\" class=\"size-full wp-image-694 alignleft\" src=\"https:\/\/www.serbis.es\/serbis\/blog\/wp-content\/uploads\/youtube.jpg\" alt=\"youtube\" width=\"113\" height=\"111\" \/><\/a><\/p>\n<p>&nbsp;<\/p>\n<p>&nbsp;<\/p>\n<p>&nbsp;<\/p>\n<p>&nbsp;<\/p>\n<p><a href=\"https:\/\/vimeo.com\/user9248661\" rel=\"attachment wp-att-696\"><img decoding=\"async\" loading=\"lazy\" class=\"size-full wp-image-696 alignleft\" src=\"https:\/\/www.serbis.es\/serbis\/blog\/wp-content\/uploads\/vimeo.jpg\" alt=\"vimeo\" width=\"113\" height=\"111\" \/><\/a><\/p>\n<p>&nbsp;<\/p>\n<p>&nbsp;<\/p>\n<p>&nbsp;<\/p>\n<p>&nbsp;<\/p>\n<p><a href=\"https:\/\/www.flickr.com\/photos\/155074596@N06\/\" rel=\"attachment wp-att-698\"><img decoding=\"async\" loading=\"lazy\" class=\"size-full wp-image-698 alignleft\" src=\"https:\/\/www.serbis.es\/serbis\/blog\/wp-content\/uploads\/flickr.jpg\" alt=\"flickr\" width=\"113\" height=\"111\" \/><\/a><\/p>\n<p>&nbsp;<\/p>\n<p>&nbsp;<\/p>\n<p>&nbsp;<\/p>\n<p>&nbsp;<\/p>\n<p><a href=\"https:\/\/www.pinterest.es\/pin\/133348838938250902\/\" rel=\"attachment wp-att-697\"><img decoding=\"async\" loading=\"lazy\" class=\"size-full wp-image-697 alignleft\" src=\"https:\/\/www.serbis.es\/serbis\/blog\/wp-content\/uploads\/pinterest.jpg\" alt=\"pinterest\" width=\"113\" height=\"111\" \/><\/a><\/p>\n","protected":false},"excerpt":{"rendered":"<p>Resumimos las principales noticias de los \u00faltimos d\u00edas relacionadas con los efectos que la acumulaci\u00f3n de toallitas h\u00famedas tiene sobre las alcantarillas y redes de saneamiento de aguas residuales, as\u00ed como con los desatrancos y desatascos que hay que llevar a cabo para combatir esta lacra&#8230; \u00b715 playas con bandera negra por aguas fecales: Ecologistas [&hellip;]<\/p>\n","protected":false},"author":3,"featured_media":1751,"comment_status":"open","ping_status":"open","sticky":false,"template":"","format":"standard","meta":{"_mi_skip_tracking":false,"_monsterinsights_sitenote_active":false,"_monsterinsights_sitenote_note":"","_monsterinsights_sitenote_category":0},"categories":[29,4,5,2,32,19],"tags":[111,75,22,61,59,156,109],"yoast_head":"<!-- This site is optimized with the Yoast SEO plugin v20.10 - https:\/\/yoast.com\/wordpress\/plugins\/seo\/ -->\n<title>Aguas fecales en las playas y accidentes en las alcantarillas - Blog de Serbis<\/title>\n<meta name=\"robots\" content=\"index, follow, max-snippet:-1, max-image-preview:large, max-video-preview:-1\" \/>\n<link rel=\"canonical\" href=\"https:\/\/www.serbis.es\/serbis\/blog\/aguas-fecales-playas-alcantarillas\/\" \/>\n<meta property=\"og:locale\" content=\"es_ES\" \/>\n<meta property=\"og:type\" content=\"article\" \/>\n<meta property=\"og:title\" content=\"Aguas fecales en las playas y accidentes en las alcantarillas - Blog de Serbis\" \/>\n<meta property=\"og:description\" content=\"Resumimos las principales noticias de los \u00faltimos d\u00edas relacionadas con los efectos que la acumulaci\u00f3n de toallitas h\u00famedas tiene sobre las alcantarillas y redes de saneamiento de aguas residuales, as\u00ed como con los desatrancos y desatascos que hay que llevar a cabo para combatir esta lacra&#8230; \u00b715 playas con bandera negra por aguas fecales: Ecologistas [&hellip;]\" \/>\n<meta property=\"og:url\" content=\"https:\/\/www.serbis.es\/serbis\/blog\/aguas-fecales-playas-alcantarillas\/\" \/>\n<meta property=\"og:site_name\" content=\"Blog de Serbis\" \/>\n<meta property=\"article:author\" content=\"https:\/\/www.facebook.com\/SerbisPoceria\/\" \/>\n<meta property=\"article:published_time\" content=\"2019-06-13T20:03:42+00:00\" \/>\n<meta property=\"article:modified_time\" content=\"2019-06-13T20:08:31+00:00\" \/>\n<meta property=\"og:image\" content=\"https:\/\/www.serbis.es\/serbis\/blog\/wp-content\/uploads\/aguas-fecales.jpg\" \/>\n\t<meta property=\"og:image:width\" content=\"630\" \/>\n\t<meta property=\"og:image:height\" content=\"315\" \/>\n\t<meta property=\"og:image:type\" content=\"image\/jpeg\" \/>\n<meta name=\"author\" content=\"Serbis Pocer\u00eda\" \/>\n<meta name=\"twitter:label1\" content=\"Escrito por\" \/>\n\t<meta name=\"twitter:data1\" content=\"Serbis Pocer\u00eda\" \/>\n\t<meta name=\"twitter:label2\" content=\"Tiempo de lectura\" \/>\n\t<meta name=\"twitter:data2\" content=\"3 minutos\" \/>\n<script type=\"application\/ld+json\" class=\"yoast-schema-graph\">{\"@context\":\"https:\/\/schema.org\",\"@graph\":[{\"@type\":\"WebPage\",\"@id\":\"https:\/\/www.serbis.es\/serbis\/blog\/aguas-fecales-playas-alcantarillas\/\",\"url\":\"https:\/\/www.serbis.es\/serbis\/blog\/aguas-fecales-playas-alcantarillas\/\",\"name\":\"Aguas fecales en las playas y accidentes en las alcantarillas - Blog de Serbis\",\"isPartOf\":{\"@id\":\"https:\/\/www.serbis.es\/serbis\/blog\/#website\"},\"datePublished\":\"2019-06-13T20:03:42+00:00\",\"dateModified\":\"2019-06-13T20:08:31+00:00\",\"author\":{\"@id\":\"https:\/\/www.serbis.es\/serbis\/blog\/#\/schema\/person\/449002ed602088d1463cc28957dee9ea\"},\"breadcrumb\":{\"@id\":\"https:\/\/www.serbis.es\/serbis\/blog\/aguas-fecales-playas-alcantarillas\/#breadcrumb\"},\"inLanguage\":\"es\",\"potentialAction\":[{\"@type\":\"ReadAction\",\"target\":[\"https:\/\/www.serbis.es\/serbis\/blog\/aguas-fecales-playas-alcantarillas\/\"]}]},{\"@type\":\"BreadcrumbList\",\"@id\":\"https:\/\/www.serbis.es\/serbis\/blog\/aguas-fecales-playas-alcantarillas\/#breadcrumb\",\"itemListElement\":[{\"@type\":\"ListItem\",\"position\":1,\"name\":\"Portada\",\"item\":\"https:\/\/www.serbis.es\/serbis\/blog\/\"},{\"@type\":\"ListItem\",\"position\":2,\"name\":\"Aguas fecales en las playas y accidentes en las alcantarillas\"}]},{\"@type\":\"WebSite\",\"@id\":\"https:\/\/www.serbis.es\/serbis\/blog\/#website\",\"url\":\"https:\/\/www.serbis.es\/serbis\/blog\/\",\"name\":\"Blog de Serbis\",\"description\":\"l\u00edderes en Espa\u00f1a en saneamiento de aguas con servicios de pocer\u00eda tradicional y sin zanjas\",\"potentialAction\":[{\"@type\":\"SearchAction\",\"target\":{\"@type\":\"EntryPoint\",\"urlTemplate\":\"https:\/\/www.serbis.es\/serbis\/blog\/?s={search_term_string}\"},\"query-input\":\"required name=search_term_string\"}],\"inLanguage\":\"es\"},{\"@type\":\"Person\",\"@id\":\"https:\/\/www.serbis.es\/serbis\/blog\/#\/schema\/person\/449002ed602088d1463cc28957dee9ea\",\"name\":\"Serbis Pocer\u00eda\",\"image\":{\"@type\":\"ImageObject\",\"inLanguage\":\"es\",\"@id\":\"https:\/\/www.serbis.es\/serbis\/blog\/#\/schema\/person\/image\/\",\"url\":\"https:\/\/secure.gravatar.com\/avatar\/1b95962073fbda6a54be252a727db96a?s=96&d=mm&r=g\",\"contentUrl\":\"https:\/\/secure.gravatar.com\/avatar\/1b95962073fbda6a54be252a727db96a?s=96&d=mm&r=g\",\"caption\":\"Serbis Pocer\u00eda\"},\"description\":\"Empresa especializada en soluciones de alcantarillado y saneamiento de agua, con gran experiencia en el sector y conocimiento de t\u00e9cnicas tanto de pocer\u00eda tradicional como de rehabilitaci\u00f3n de tuber\u00edas sin zanjas ni necesidad de obra civil\",\"sameAs\":[\"https:\/\/www.linkedin.com\/company\/poceria-serbis\",\"https:\/\/www.facebook.com\/SerbisPoceria\/\",\"https:\/\/twitter.com\/https:\/\/twitter.com\/serbis_poceria\"],\"url\":\"https:\/\/www.serbis.es\/serbis\/blog\/author\/perio_editor\/\"}]}<\/script>\n<!-- \/ Yoast SEO plugin. -->","yoast_head_json":{"title":"Aguas fecales en las playas y accidentes en las alcantarillas - Blog de Serbis","robots":{"index":"index","follow":"follow","max-snippet":"max-snippet:-1","max-image-preview":"max-image-preview:large","max-video-preview":"max-video-preview:-1"},"canonical":"https:\/\/www.serbis.es\/serbis\/blog\/aguas-fecales-playas-alcantarillas\/","og_locale":"es_ES","og_type":"article","og_title":"Aguas fecales en las playas y accidentes en las alcantarillas - Blog de Serbis","og_description":"Resumimos las principales noticias de los \u00faltimos d\u00edas relacionadas con los efectos que la acumulaci\u00f3n de toallitas h\u00famedas tiene sobre las alcantarillas y redes de saneamiento de aguas residuales, as\u00ed como con los desatrancos y desatascos que hay que llevar a cabo para combatir esta lacra&#8230; \u00b715 playas con bandera negra por aguas fecales: Ecologistas [&hellip;]","og_url":"https:\/\/www.serbis.es\/serbis\/blog\/aguas-fecales-playas-alcantarillas\/","og_site_name":"Blog de Serbis","article_author":"https:\/\/www.facebook.com\/SerbisPoceria\/","article_published_time":"2019-06-13T20:03:42+00:00","article_modified_time":"2019-06-13T20:08:31+00:00","og_image":[{"width":630,"height":315,"url":"https:\/\/www.serbis.es\/serbis\/blog\/wp-content\/uploads\/aguas-fecales.jpg","type":"image\/jpeg"}],"author":"Serbis Pocer\u00eda","twitter_misc":{"Escrito por":"Serbis Pocer\u00eda","Tiempo de lectura":"3 minutos"},"schema":{"@context":"https:\/\/schema.org","@graph":[{"@type":"WebPage","@id":"https:\/\/www.serbis.es\/serbis\/blog\/aguas-fecales-playas-alcantarillas\/","url":"https:\/\/www.serbis.es\/serbis\/blog\/aguas-fecales-playas-alcantarillas\/","name":"Aguas fecales en las playas y accidentes en las alcantarillas - Blog de Serbis","isPartOf":{"@id":"https:\/\/www.serbis.es\/serbis\/blog\/#website"},"datePublished":"2019-06-13T20:03:42+00:00","dateModified":"2019-06-13T20:08:31+00:00","author":{"@id":"https:\/\/www.serbis.es\/serbis\/blog\/#\/schema\/person\/449002ed602088d1463cc28957dee9ea"},"breadcrumb":{"@id":"https:\/\/www.serbis.es\/serbis\/blog\/aguas-fecales-playas-alcantarillas\/#breadcrumb"},"inLanguage":"es","potentialAction":[{"@type":"ReadAction","target":["https:\/\/www.serbis.es\/serbis\/blog\/aguas-fecales-playas-alcantarillas\/"]}]},{"@type":"BreadcrumbList","@id":"https:\/\/www.serbis.es\/serbis\/blog\/aguas-fecales-playas-alcantarillas\/#breadcrumb","itemListElement":[{"@type":"ListItem","position":1,"name":"Portada","item":"https:\/\/www.serbis.es\/serbis\/blog\/"},{"@type":"ListItem","position":2,"name":"Aguas fecales en las playas y accidentes en las alcantarillas"}]},{"@type":"WebSite","@id":"https:\/\/www.serbis.es\/serbis\/blog\/#website","url":"https:\/\/www.serbis.es\/serbis\/blog\/","name":"Blog de Serbis","description":"l\u00edderes en Espa\u00f1a en saneamiento de aguas con servicios de pocer\u00eda tradicional y sin zanjas","potentialAction":[{"@type":"SearchAction","target":{"@type":"EntryPoint","urlTemplate":"https:\/\/www.serbis.es\/serbis\/blog\/?s={search_term_string}"},"query-input":"required name=search_term_string"}],"inLanguage":"es"},{"@type":"Person","@id":"https:\/\/www.serbis.es\/serbis\/blog\/#\/schema\/person\/449002ed602088d1463cc28957dee9ea","name":"Serbis Pocer\u00eda","image":{"@type":"ImageObject","inLanguage":"es","@id":"https:\/\/www.serbis.es\/serbis\/blog\/#\/schema\/person\/image\/","url":"https:\/\/secure.gravatar.com\/avatar\/1b95962073fbda6a54be252a727db96a?s=96&d=mm&r=g","contentUrl":"https:\/\/secure.gravatar.com\/avatar\/1b95962073fbda6a54be252a727db96a?s=96&d=mm&r=g","caption":"Serbis Pocer\u00eda"},"description":"Empresa especializada en soluciones de alcantarillado y saneamiento de agua, con gran experiencia en el sector y conocimiento de t\u00e9cnicas tanto de pocer\u00eda tradicional como de rehabilitaci\u00f3n de tuber\u00edas sin zanjas ni necesidad de obra civil","sameAs":["https:\/\/www.linkedin.com\/company\/poceria-serbis","https:\/\/www.facebook.com\/SerbisPoceria\/","https:\/\/twitter.com\/https:\/\/twitter.com\/serbis_poceria"],"url":"https:\/\/www.serbis.es\/serbis\/blog\/author\/perio_editor\/"}]}},"_links":{"self":[{"href":"https:\/\/www.serbis.es\/serbis\/blog\/wp-json\/wp\/v2\/posts\/1743"}],"collection":[{"href":"https:\/\/www.serbis.es\/serbis\/blog\/wp-json\/wp\/v2\/posts"}],"about":[{"href":"https:\/\/www.serbis.es\/serbis\/blog\/wp-json\/wp\/v2\/types\/post"}],"author":[{"embeddable":true,"href":"https:\/\/www.serbis.es\/serbis\/blog\/wp-json\/wp\/v2\/users\/3"}],"replies":[{"embeddable":true,"href":"https:\/\/www.serbis.es\/serbis\/blog\/wp-json\/wp\/v2\/comments?post=1743"}],"version-history":[{"count":3,"href":"https:\/\/www.serbis.es\/serbis\/blog\/wp-json\/wp\/v2\/posts\/1743\/revisions"}],"predecessor-version":[{"id":1750,"href":"https:\/\/www.serbis.es\/serbis\/blog\/wp-json\/wp\/v2\/posts\/1743\/revisions\/1750"}],"wp:featuredmedia":[{"embeddable":true,"href":"https:\/\/www.serbis.es\/serbis\/blog\/wp-json\/wp\/v2\/media\/1751"}],"wp:attachment":[{"href":"https:\/\/www.serbis.es\/serbis\/blog\/wp-json\/wp\/v2\/media?parent=1743"}],"wp:term":[{"taxonomy":"category","embeddable":true,"href":"https:\/\/www.serbis.es\/serbis\/blog\/wp-json\/wp\/v2\/categories?post=1743"},{"taxonomy":"post_tag","embeddable":true,"href":"https:\/\/www.serbis.es\/serbis\/blog\/wp-json\/wp\/v2\/tags?post=1743"}],"curies":[{"name":"wp","href":"https:\/\/api.w.org\/{rel}","templated":true}]}}