{"id":1899,"date":"2019-09-19T21:21:59","date_gmt":"2019-09-19T21:21:59","guid":{"rendered":"https:\/\/www.serbis.es\/serbis\/blog\/?p=1899"},"modified":"2019-09-19T21:21:59","modified_gmt":"2019-09-19T21:21:59","slug":"gota-fria-dana-alcantarillado","status":"publish","type":"post","link":"https:\/\/www.serbis.es\/serbis\/blog\/gota-fria-dana-alcantarillado\/","title":{"rendered":"La gota fr\u00eda destapa las carencias de nuestro alcantarillado"},"content":{"rendered":"<p>Resumimos las principales noticias de los \u00faltimos d\u00edas, que han estado relacionadas con el impacto de la gota fr\u00eda o DANA en las redes de saneamiento de aguas residuales y los sistemas de alcantarillado, provocando los atrancos y atascos de las canalizaciones, los retretes y las galer\u00edas subterr\u00e1neas&#8230;<\/p>\n<h3>La gota fr\u00eda muestra algunos problemas en el alcantarillado&#8230;<\/h3>\n<p>Las fuertes trombas de agua que durante los \u00faltimos d\u00edas ha sufrido la geograf\u00eda espa\u00f1ola (y muy especialmente la Comunidad Valenciana, Murcia y parte de Andaluc\u00eda) han dejado al descubierto importantes problemas en las redes de alcantarillado y saneamiento de aguas residuales. Entre otras cosas, se ha demostrado que muchas infraestructuras <strong>no est\u00e1n preparadas para soportar lluvias tan intensas <\/strong>como las relacionadas con la gota fr\u00eda, ahora tambi\u00e9n denominada DANA (Depresi\u00f3n Aislada en Niveles Altos).<\/p>\n<p>Sin ir m\u00e1s lejos, en muchas de las viviendas que se han inundado estos d\u00edas<strong> el agua no ha entrado por las puertas, sino por los retretes<\/strong>. Esto se ha producido como consecuencia de los atrancos producidos en las alcantarillas, por la acumulaci\u00f3n de maleza u objetos. Adem\u00e1s, los sistemas de saneamiento de aguas residuales y pluviales de muchos municipios espa\u00f1oles han evidenciado una <strong>capacidad de drenaje m\u00e1s que insuficiente<\/strong>, algo preocupante si tenemos en cuenta que la gota fr\u00eda es un fen\u00f3meno bastante habitual en muchas de esas localidades.<\/p>\n<p><img decoding=\"async\" loading=\"lazy\" class=\"size-full wp-image-1901 alignnone\" src=\"https:\/\/www.serbis.es\/serbis\/blog\/wp-content\/uploads\/dana-gota-fria-alcantarillado.jpg\" alt=\"\" width=\"630\" height=\"315\" srcset=\"https:\/\/www.serbis.es\/serbis\/blog\/wp-content\/uploads\/dana-gota-fria-alcantarillado.jpg 630w, https:\/\/www.serbis.es\/serbis\/blog\/wp-content\/uploads\/dana-gota-fria-alcantarillado-300x150.jpg 300w, https:\/\/www.serbis.es\/serbis\/blog\/wp-content\/uploads\/dana-gota-fria-alcantarillado-370x185.jpg 370w\" sizes=\"(max-width: 630px) 100vw, 630px\" \/><\/p>\n<h3>&#8230;Y deja p\u00e9rdidas millonarias en las redes de saneamiento<\/h3>\n<p>Las primeras <a href=\"https:\/\/www.abc.es\/espana\/comunidad-valenciana\/abci-dana-gota-fria-deja-factura-190-millones-perdidas-y-30000-afectados-201909170825_noticia.html\">estimaciones oficiales<\/a> que se han realizado hasta el momento hablan de que la gota fr\u00eda (tambi\u00e9n conocida como DANA) ha dejado a su paso por Espa\u00f1a m\u00e1s de <strong>30.000 afectados<\/strong> y unas p\u00e9rdidas materiales que superan los <strong>190 millones de euros<\/strong>. De esta cantidad, 92 millones corresponden a la <strong>Comunidad Valenciana<\/strong> y 82 millones, a la <strong>Regi\u00f3n de Murcia<\/strong>.<\/p>\n<p>Aparte de los destrozos causados en viviendas, comercias, industrias, autom\u00f3viles y obras civiles, tambi\u00e9n se han producido importantes aver\u00edas en las redes de saneamiento de aguas residuales. De hecho, la localidad valenciana de <strong>Ontinyent<\/strong> <a href=\"https:\/\/www.20minutos.es\/noticia\/3765557\/0\/dana-causa-danos-ocho-millones-euros-sistema-depuracion-aguas-ontinyent-valencia\/\" class=\"broken_link\">acaba de informar<\/a> de que los da\u00f1os causados <strong>en su sistema de depuraci\u00f3n de aguas fecales<\/strong> superan los ocho millones de euros.<\/p>\n<p>En concreto, las fuertes lluvias han provocado da\u00f1os graves en <strong>los dos principales colectores<\/strong> de la red de saneamiento de este municipio. Esto ha derivado en la detenci\u00f3n del funcionamiento de la depuradora, lo que est\u00e1 generando problemas de car\u00e1cter medioambiental: cada d\u00eda se est\u00e1n vertiendo al r\u00edo Clariano alrededor de <strong>9.000 metros c\u00fabicos<\/strong> de aguas residuales urbanas e industriales sin depurar.<\/p>\n<p><img decoding=\"async\" loading=\"lazy\" class=\"size-full wp-image-1903 alignnone\" src=\"https:\/\/www.serbis.es\/serbis\/blog\/wp-content\/uploads\/dana-gota-fria-alcantarillado-1.jpg\" alt=\"\" width=\"630\" height=\"315\" srcset=\"https:\/\/www.serbis.es\/serbis\/blog\/wp-content\/uploads\/dana-gota-fria-alcantarillado-1.jpg 630w, https:\/\/www.serbis.es\/serbis\/blog\/wp-content\/uploads\/dana-gota-fria-alcantarillado-1-300x150.jpg 300w, https:\/\/www.serbis.es\/serbis\/blog\/wp-content\/uploads\/dana-gota-fria-alcantarillado-1-370x185.jpg 370w\" sizes=\"(max-width: 630px) 100vw, 630px\" \/><\/p>\n<h3>Las consecuencias de no limpiar el alcantarillado<\/h3>\n<p>El periodista y escritor Luis del Val <a href=\"https:\/\/www.cope.es\/programas\/herrera-en-cope\/noticias\/luis-del-val-las-autonomias-quieren-mas-competencias-pero-final-tienen-que-llamar-ume-20190917_499761\">ha explicado<\/a> las causas por las que considera que los pol\u00edticos no son responsables de la gota fr\u00eda, pero en parte<strong> s\u00ed lo son de sus consecuencias<\/strong>. Por ejemplo, lamenta su pereza para investigar <strong>el embozamiento de los desag\u00fces<\/strong>, a pesar de la gran cantidad de tierra, hierbas, papeles y basuras que se acumulan en el alcantarillado.<\/p>\n<p>En periodos de fuertes lluvias, como el que Espa\u00f1a ha sufrido durante los \u00faltimos d\u00edas, todos estos desperdicios acaban provocando <strong>atrancos, atascos e inundaciones<\/strong>, por la falta de iniciativa para limpiarlos cuando toca. Y tambi\u00e9n es responsabilidad de los pol\u00edticos, seg\u00fan del Val, <strong>renovar un alcantarillado muy antiguo<\/strong>, cuyo origen data de tiempos de los Romanos.<\/p>\n<p><img decoding=\"async\" loading=\"lazy\" class=\"size-full wp-image-1905 alignnone\" src=\"https:\/\/www.serbis.es\/serbis\/blog\/wp-content\/uploads\/limpieza-alcantarillas-gota-fria.jpg\" alt=\"\" width=\"630\" height=\"315\" srcset=\"https:\/\/www.serbis.es\/serbis\/blog\/wp-content\/uploads\/limpieza-alcantarillas-gota-fria.jpg 630w, https:\/\/www.serbis.es\/serbis\/blog\/wp-content\/uploads\/limpieza-alcantarillas-gota-fria-300x150.jpg 300w, https:\/\/www.serbis.es\/serbis\/blog\/wp-content\/uploads\/limpieza-alcantarillas-gota-fria-370x185.jpg 370w\" sizes=\"(max-width: 630px) 100vw, 630px\" \/><\/p>\n<h3>Talavera revisa su alcantarillado para evitar inundaciones<\/h3>\n<p>La localidad toledana de Talavera de la Reina tambi\u00e9n est\u00e1 sufriendo las fuertes lluvias de los \u00faltimos d\u00edas. Por esta raz\u00f3n, el ayuntamiento talaverano <a href=\"https:\/\/www.lavozdeltajo.com\/noticia\/41293\/actualidad-total\/el-ayuntamiento-revisara-el-alcantarillado-para-evitar-nuevas-inundaciones.html\">acaba de poner en marcha<\/a> de manera excepcional un dispositivo que se encargar\u00e1 de<strong> revisar y asegurar el buen funcionamiento de las canalizaciones<\/strong> de la red de alcantarillado.<\/p>\n<p>En concreto, los trabajos se centrar\u00e1n en el mantenimiento de <strong>las rejillas situadas junto a los pasos de cebra<\/strong>, con el objetivo de que futuras precipitaciones no dejen anegadas estas zonas tan transitadas. Tambi\u00e9n se trabaja en <strong>la liberaci\u00f3n del alcantarillado y los imbornales e<\/strong>n varias zonas de la ciudad, para evitar futuras inundaciones.<\/p>\n<p><img decoding=\"async\" loading=\"lazy\" class=\"size-full wp-image-1908 alignnone\" src=\"https:\/\/www.serbis.es\/serbis\/blog\/wp-content\/uploads\/talavera-reina-alcantarillado.jpg\" alt=\"\" width=\"630\" height=\"315\" srcset=\"https:\/\/www.serbis.es\/serbis\/blog\/wp-content\/uploads\/talavera-reina-alcantarillado.jpg 630w, https:\/\/www.serbis.es\/serbis\/blog\/wp-content\/uploads\/talavera-reina-alcantarillado-300x150.jpg 300w, https:\/\/www.serbis.es\/serbis\/blog\/wp-content\/uploads\/talavera-reina-alcantarillado-370x185.jpg 370w\" sizes=\"(max-width: 630px) 100vw, 630px\" \/><\/p>\n<p>Si quieres contarnos algo puedes llamarnos al <strong>n\u00famero de tel\u00e9fono <\/strong><strong>91 610 62 53<\/strong> y si te gusta estar informado de las noticias nacionales e internacionales m\u00e1s interesantes de las industrias de la pocer\u00eda, el alcantarillado y el saneamiento de aguas fecales, visita <a href=\"https:\/\/www.serbis.es\/\" target=\"_blank\" rel=\"noopener\"><strong>Serbis.es<\/strong><\/a> y <strong>s\u00edguenos en las redes sociales<\/strong>:<\/p>\n<p><a href=\"https:\/\/www.facebook.com\/SerbisPoceria\/\" rel=\"attachment wp-att-691\" class=\"broken_link\"><img decoding=\"async\" loading=\"lazy\" class=\"size-full wp-image-691\" src=\"https:\/\/www.serbis.es\/serbis\/blog\/wp-content\/uploads\/facebook.jpg\" alt=\"facebook\" width=\"113\" height=\"111\" \/><\/a><\/p>\n<p>&nbsp;<\/p>\n<p><a href=\"https:\/\/twitter.com\/serbis_poceria\" rel=\"attachment wp-att-692\"><img decoding=\"async\" loading=\"lazy\" class=\"size-full wp-image-692\" src=\"https:\/\/www.serbis.es\/serbis\/blog\/wp-content\/uploads\/twitter.jpg\" alt=\"twitter\" width=\"113\" height=\"111\" \/><\/a><\/p>\n<p>&nbsp;<\/p>\n<p><a href=\"https:\/\/www.instagram.com\/serbis_poceria\/\" rel=\"attachment wp-att-692\" class=\"broken_link\"><img decoding=\"async\" loading=\"lazy\" class=\"alignnone wp-image-1462 size-full\" src=\"https:\/\/www.serbis.es\/serbis\/blog\/wp-content\/uploads\/instagram.jpg\" alt=\"\" width=\"113\" height=\"111\" \/><\/a><\/p>\n<p>&nbsp;<\/p>\n<p><a href=\"https:\/\/es.linkedin.com\/company\/poceria-serbis\" rel=\"attachment wp-att-693\"><img decoding=\"async\" loading=\"lazy\" class=\"size-full wp-image-693 alignleft\" src=\"https:\/\/www.serbis.es\/serbis\/blog\/wp-content\/uploads\/linkedin.jpg\" alt=\"linkedin\" width=\"113\" height=\"111\" \/><\/a><\/p>\n<p>&nbsp;<\/p>\n<p>&nbsp;<\/p>\n<p>&nbsp;<\/p>\n<p>&nbsp;<\/p>\n<p><a href=\"https:\/\/www.youtube.com\/channel\/UCSIAPGXKlWyOmHRZo9YCpBQ\" rel=\"attachment wp-att-694\"><img decoding=\"async\" loading=\"lazy\" class=\"size-full wp-image-694 alignleft\" src=\"https:\/\/www.serbis.es\/serbis\/blog\/wp-content\/uploads\/youtube.jpg\" alt=\"youtube\" width=\"113\" height=\"111\" \/><\/a><\/p>\n<p>&nbsp;<\/p>\n<p>&nbsp;<\/p>\n<p>&nbsp;<\/p>\n<p>&nbsp;<\/p>\n<p><a href=\"https:\/\/vimeo.com\/user9248661\" rel=\"attachment wp-att-696\"><img decoding=\"async\" loading=\"lazy\" class=\"size-full wp-image-696 alignleft\" src=\"https:\/\/www.serbis.es\/serbis\/blog\/wp-content\/uploads\/vimeo.jpg\" alt=\"vimeo\" width=\"113\" height=\"111\" \/><\/a><\/p>\n<p>&nbsp;<\/p>\n<p>&nbsp;<\/p>\n<p>&nbsp;<\/p>\n<p>&nbsp;<\/p>\n<p><a href=\"https:\/\/www.flickr.com\/photos\/155074596@N06\/\" rel=\"attachment wp-att-698\"><img decoding=\"async\" loading=\"lazy\" class=\"size-full wp-image-698 alignleft\" src=\"https:\/\/www.serbis.es\/serbis\/blog\/wp-content\/uploads\/flickr.jpg\" alt=\"flickr\" width=\"113\" height=\"111\" \/><\/a><\/p>\n<p>&nbsp;<\/p>\n<p>&nbsp;<\/p>\n<p>&nbsp;<\/p>\n<p>&nbsp;<\/p>\n<p><a href=\"https:\/\/www.pinterest.es\/pin\/133348838938250902\/\" rel=\"attachment wp-att-697\"><img decoding=\"async\" loading=\"lazy\" class=\"size-full wp-image-697 alignleft\" src=\"https:\/\/www.serbis.es\/serbis\/blog\/wp-content\/uploads\/pinterest.jpg\" alt=\"pinterest\" width=\"113\" height=\"111\" \/><\/a><\/p>\n<p>&nbsp;<\/p>\n","protected":false},"excerpt":{"rendered":"<p>Resumimos las principales noticias de los \u00faltimos d\u00edas, que han estado relacionadas con el impacto de la gota fr\u00eda o DANA en las redes de saneamiento de aguas residuales y los sistemas de alcantarillado, provocando los atrancos y atascos de las canalizaciones, los retretes y las galer\u00edas subterr\u00e1neas&#8230; La gota fr\u00eda muestra algunos problemas en [&hellip;]<\/p>\n","protected":false},"author":3,"featured_media":1905,"comment_status":"open","ping_status":"open","sticky":false,"template":"","format":"standard","meta":{"_mi_skip_tracking":false,"_monsterinsights_sitenote_active":false,"_monsterinsights_sitenote_note":"","_monsterinsights_sitenote_category":0},"categories":[29,4,17,5,2,32,19],"tags":[75,22,61,374,289,233,240,40],"yoast_head":"<!-- This site is optimized with the Yoast SEO plugin v20.10 - https:\/\/yoast.com\/wordpress\/plugins\/seo\/ -->\n<title>La gota fr\u00eda destapa las carencias de nuestro alcantarillado - Blog de Serbis<\/title>\n<meta name=\"robots\" content=\"index, follow, max-snippet:-1, max-image-preview:large, max-video-preview:-1\" \/>\n<link rel=\"canonical\" href=\"https:\/\/www.serbis.es\/serbis\/blog\/gota-fria-dana-alcantarillado\/\" \/>\n<meta property=\"og:locale\" content=\"es_ES\" \/>\n<meta property=\"og:type\" content=\"article\" \/>\n<meta property=\"og:title\" content=\"La gota fr\u00eda destapa las carencias de nuestro alcantarillado - Blog de Serbis\" \/>\n<meta property=\"og:description\" content=\"Resumimos las principales noticias de los \u00faltimos d\u00edas, que han estado relacionadas con el impacto de la gota fr\u00eda o DANA en las redes de saneamiento de aguas residuales y los sistemas de alcantarillado, provocando los atrancos y atascos de las canalizaciones, los retretes y las galer\u00edas subterr\u00e1neas&#8230; La gota fr\u00eda muestra algunos problemas en [&hellip;]\" \/>\n<meta property=\"og:url\" content=\"https:\/\/www.serbis.es\/serbis\/blog\/gota-fria-dana-alcantarillado\/\" \/>\n<meta property=\"og:site_name\" content=\"Blog de Serbis\" \/>\n<meta property=\"article:author\" content=\"https:\/\/www.facebook.com\/SerbisPoceria\/\" \/>\n<meta property=\"article:published_time\" content=\"2019-09-19T21:21:59+00:00\" \/>\n<meta property=\"og:image\" content=\"https:\/\/www.serbis.es\/serbis\/blog\/wp-content\/uploads\/limpieza-alcantarillas-gota-fria.jpg\" \/>\n\t<meta property=\"og:image:width\" content=\"630\" \/>\n\t<meta property=\"og:image:height\" content=\"315\" \/>\n\t<meta property=\"og:image:type\" content=\"image\/jpeg\" \/>\n<meta name=\"author\" content=\"Serbis Pocer\u00eda\" \/>\n<meta name=\"twitter:label1\" content=\"Escrito por\" \/>\n\t<meta name=\"twitter:data1\" content=\"Serbis Pocer\u00eda\" \/>\n\t<meta name=\"twitter:label2\" content=\"Tiempo de lectura\" \/>\n\t<meta name=\"twitter:data2\" content=\"4 minutos\" \/>\n<script type=\"application\/ld+json\" class=\"yoast-schema-graph\">{\"@context\":\"https:\/\/schema.org\",\"@graph\":[{\"@type\":\"WebPage\",\"@id\":\"https:\/\/www.serbis.es\/serbis\/blog\/gota-fria-dana-alcantarillado\/\",\"url\":\"https:\/\/www.serbis.es\/serbis\/blog\/gota-fria-dana-alcantarillado\/\",\"name\":\"La gota fr\u00eda destapa las carencias de nuestro alcantarillado - Blog de Serbis\",\"isPartOf\":{\"@id\":\"https:\/\/www.serbis.es\/serbis\/blog\/#website\"},\"datePublished\":\"2019-09-19T21:21:59+00:00\",\"dateModified\":\"2019-09-19T21:21:59+00:00\",\"author\":{\"@id\":\"https:\/\/www.serbis.es\/serbis\/blog\/#\/schema\/person\/449002ed602088d1463cc28957dee9ea\"},\"breadcrumb\":{\"@id\":\"https:\/\/www.serbis.es\/serbis\/blog\/gota-fria-dana-alcantarillado\/#breadcrumb\"},\"inLanguage\":\"es\",\"potentialAction\":[{\"@type\":\"ReadAction\",\"target\":[\"https:\/\/www.serbis.es\/serbis\/blog\/gota-fria-dana-alcantarillado\/\"]}]},{\"@type\":\"BreadcrumbList\",\"@id\":\"https:\/\/www.serbis.es\/serbis\/blog\/gota-fria-dana-alcantarillado\/#breadcrumb\",\"itemListElement\":[{\"@type\":\"ListItem\",\"position\":1,\"name\":\"Portada\",\"item\":\"https:\/\/www.serbis.es\/serbis\/blog\/\"},{\"@type\":\"ListItem\",\"position\":2,\"name\":\"La gota fr\u00eda destapa las carencias de nuestro alcantarillado\"}]},{\"@type\":\"WebSite\",\"@id\":\"https:\/\/www.serbis.es\/serbis\/blog\/#website\",\"url\":\"https:\/\/www.serbis.es\/serbis\/blog\/\",\"name\":\"Blog de Serbis\",\"description\":\"l\u00edderes en Espa\u00f1a en saneamiento de aguas con servicios de pocer\u00eda tradicional y sin zanjas\",\"potentialAction\":[{\"@type\":\"SearchAction\",\"target\":{\"@type\":\"EntryPoint\",\"urlTemplate\":\"https:\/\/www.serbis.es\/serbis\/blog\/?s={search_term_string}\"},\"query-input\":\"required name=search_term_string\"}],\"inLanguage\":\"es\"},{\"@type\":\"Person\",\"@id\":\"https:\/\/www.serbis.es\/serbis\/blog\/#\/schema\/person\/449002ed602088d1463cc28957dee9ea\",\"name\":\"Serbis Pocer\u00eda\",\"image\":{\"@type\":\"ImageObject\",\"inLanguage\":\"es\",\"@id\":\"https:\/\/www.serbis.es\/serbis\/blog\/#\/schema\/person\/image\/\",\"url\":\"https:\/\/secure.gravatar.com\/avatar\/1b95962073fbda6a54be252a727db96a?s=96&d=mm&r=g\",\"contentUrl\":\"https:\/\/secure.gravatar.com\/avatar\/1b95962073fbda6a54be252a727db96a?s=96&d=mm&r=g\",\"caption\":\"Serbis Pocer\u00eda\"},\"description\":\"Empresa especializada en soluciones de alcantarillado y saneamiento de agua, con gran experiencia en el sector y conocimiento de t\u00e9cnicas tanto de pocer\u00eda tradicional como de rehabilitaci\u00f3n de tuber\u00edas sin zanjas ni necesidad de obra civil\",\"sameAs\":[\"https:\/\/www.linkedin.com\/company\/poceria-serbis\",\"https:\/\/www.facebook.com\/SerbisPoceria\/\",\"https:\/\/twitter.com\/https:\/\/twitter.com\/serbis_poceria\"],\"url\":\"https:\/\/www.serbis.es\/serbis\/blog\/author\/perio_editor\/\"}]}<\/script>\n<!-- \/ Yoast SEO plugin. -->","yoast_head_json":{"title":"La gota fr\u00eda destapa las carencias de nuestro alcantarillado - Blog de Serbis","robots":{"index":"index","follow":"follow","max-snippet":"max-snippet:-1","max-image-preview":"max-image-preview:large","max-video-preview":"max-video-preview:-1"},"canonical":"https:\/\/www.serbis.es\/serbis\/blog\/gota-fria-dana-alcantarillado\/","og_locale":"es_ES","og_type":"article","og_title":"La gota fr\u00eda destapa las carencias de nuestro alcantarillado - Blog de Serbis","og_description":"Resumimos las principales noticias de los \u00faltimos d\u00edas, que han estado relacionadas con el impacto de la gota fr\u00eda o DANA en las redes de saneamiento de aguas residuales y los sistemas de alcantarillado, provocando los atrancos y atascos de las canalizaciones, los retretes y las galer\u00edas subterr\u00e1neas&#8230; La gota fr\u00eda muestra algunos problemas en [&hellip;]","og_url":"https:\/\/www.serbis.es\/serbis\/blog\/gota-fria-dana-alcantarillado\/","og_site_name":"Blog de Serbis","article_author":"https:\/\/www.facebook.com\/SerbisPoceria\/","article_published_time":"2019-09-19T21:21:59+00:00","og_image":[{"width":630,"height":315,"url":"https:\/\/www.serbis.es\/serbis\/blog\/wp-content\/uploads\/limpieza-alcantarillas-gota-fria.jpg","type":"image\/jpeg"}],"author":"Serbis Pocer\u00eda","twitter_misc":{"Escrito por":"Serbis Pocer\u00eda","Tiempo de lectura":"4 minutos"},"schema":{"@context":"https:\/\/schema.org","@graph":[{"@type":"WebPage","@id":"https:\/\/www.serbis.es\/serbis\/blog\/gota-fria-dana-alcantarillado\/","url":"https:\/\/www.serbis.es\/serbis\/blog\/gota-fria-dana-alcantarillado\/","name":"La gota fr\u00eda destapa las carencias de nuestro alcantarillado - Blog de Serbis","isPartOf":{"@id":"https:\/\/www.serbis.es\/serbis\/blog\/#website"},"datePublished":"2019-09-19T21:21:59+00:00","dateModified":"2019-09-19T21:21:59+00:00","author":{"@id":"https:\/\/www.serbis.es\/serbis\/blog\/#\/schema\/person\/449002ed602088d1463cc28957dee9ea"},"breadcrumb":{"@id":"https:\/\/www.serbis.es\/serbis\/blog\/gota-fria-dana-alcantarillado\/#breadcrumb"},"inLanguage":"es","potentialAction":[{"@type":"ReadAction","target":["https:\/\/www.serbis.es\/serbis\/blog\/gota-fria-dana-alcantarillado\/"]}]},{"@type":"BreadcrumbList","@id":"https:\/\/www.serbis.es\/serbis\/blog\/gota-fria-dana-alcantarillado\/#breadcrumb","itemListElement":[{"@type":"ListItem","position":1,"name":"Portada","item":"https:\/\/www.serbis.es\/serbis\/blog\/"},{"@type":"ListItem","position":2,"name":"La gota fr\u00eda destapa las carencias de nuestro alcantarillado"}]},{"@type":"WebSite","@id":"https:\/\/www.serbis.es\/serbis\/blog\/#website","url":"https:\/\/www.serbis.es\/serbis\/blog\/","name":"Blog de Serbis","description":"l\u00edderes en Espa\u00f1a en saneamiento de aguas con servicios de pocer\u00eda tradicional y sin zanjas","potentialAction":[{"@type":"SearchAction","target":{"@type":"EntryPoint","urlTemplate":"https:\/\/www.serbis.es\/serbis\/blog\/?s={search_term_string}"},"query-input":"required name=search_term_string"}],"inLanguage":"es"},{"@type":"Person","@id":"https:\/\/www.serbis.es\/serbis\/blog\/#\/schema\/person\/449002ed602088d1463cc28957dee9ea","name":"Serbis Pocer\u00eda","image":{"@type":"ImageObject","inLanguage":"es","@id":"https:\/\/www.serbis.es\/serbis\/blog\/#\/schema\/person\/image\/","url":"https:\/\/secure.gravatar.com\/avatar\/1b95962073fbda6a54be252a727db96a?s=96&d=mm&r=g","contentUrl":"https:\/\/secure.gravatar.com\/avatar\/1b95962073fbda6a54be252a727db96a?s=96&d=mm&r=g","caption":"Serbis Pocer\u00eda"},"description":"Empresa especializada en soluciones de alcantarillado y saneamiento de agua, con gran experiencia en el sector y conocimiento de t\u00e9cnicas tanto de pocer\u00eda tradicional como de rehabilitaci\u00f3n de tuber\u00edas sin zanjas ni necesidad de obra civil","sameAs":["https:\/\/www.linkedin.com\/company\/poceria-serbis","https:\/\/www.facebook.com\/SerbisPoceria\/","https:\/\/twitter.com\/https:\/\/twitter.com\/serbis_poceria"],"url":"https:\/\/www.serbis.es\/serbis\/blog\/author\/perio_editor\/"}]}},"_links":{"self":[{"href":"https:\/\/www.serbis.es\/serbis\/blog\/wp-json\/wp\/v2\/posts\/1899"}],"collection":[{"href":"https:\/\/www.serbis.es\/serbis\/blog\/wp-json\/wp\/v2\/posts"}],"about":[{"href":"https:\/\/www.serbis.es\/serbis\/blog\/wp-json\/wp\/v2\/types\/post"}],"author":[{"embeddable":true,"href":"https:\/\/www.serbis.es\/serbis\/blog\/wp-json\/wp\/v2\/users\/3"}],"replies":[{"embeddable":true,"href":"https:\/\/www.serbis.es\/serbis\/blog\/wp-json\/wp\/v2\/comments?post=1899"}],"version-history":[{"count":4,"href":"https:\/\/www.serbis.es\/serbis\/blog\/wp-json\/wp\/v2\/posts\/1899\/revisions"}],"predecessor-version":[{"id":1909,"href":"https:\/\/www.serbis.es\/serbis\/blog\/wp-json\/wp\/v2\/posts\/1899\/revisions\/1909"}],"wp:featuredmedia":[{"embeddable":true,"href":"https:\/\/www.serbis.es\/serbis\/blog\/wp-json\/wp\/v2\/media\/1905"}],"wp:attachment":[{"href":"https:\/\/www.serbis.es\/serbis\/blog\/wp-json\/wp\/v2\/media?parent=1899"}],"wp:term":[{"taxonomy":"category","embeddable":true,"href":"https:\/\/www.serbis.es\/serbis\/blog\/wp-json\/wp\/v2\/categories?post=1899"},{"taxonomy":"post_tag","embeddable":true,"href":"https:\/\/www.serbis.es\/serbis\/blog\/wp-json\/wp\/v2\/tags?post=1899"}],"curies":[{"name":"wp","href":"https:\/\/api.w.org\/{rel}","templated":true}]}}