{"id":1923,"date":"2019-10-04T11:27:16","date_gmt":"2019-10-04T11:27:16","guid":{"rendered":"https:\/\/www.serbis.es\/serbis\/blog\/?p=1923"},"modified":"2019-10-04T11:27:16","modified_gmt":"2019-10-04T11:27:16","slug":"alcantarillas-imagenes-instagram","status":"publish","type":"post","link":"https:\/\/www.serbis.es\/serbis\/blog\/alcantarillas-imagenes-instagram\/","title":{"rendered":"Unas alcantarillas muy fotog\u00e9nicas"},"content":{"rendered":"<p>Resumimos las principales noticias de los \u00faltimos d\u00edas en materia de redes de alcantarillas y sistemas de saneamiento de aguas residuales, as\u00ed como de atrancos y atascos de las canalizaciones, los retretes y las galer\u00edas subterr\u00e1neas&#8230;<\/p>\n<h3>Los instagramers de las alcantarillas<\/h3>\n<p>Dos j\u00f3venes espa\u00f1oles est\u00e1n detr\u00e1s de <a href=\"https:\/\/www.instagram.com\/portales_del_inframundo\/\" class=\"broken_link\"><strong>Portales del Inframundo<\/strong><\/a>, una cuenta de Instagram que muestra im\u00e1genes de toda clase de tapas de registro. Y no solo de las que forman parte de las <strong>redes de alcantarillado y saneamiento de aguas residuales<\/strong>, sino tambi\u00e9n de otros servicios p\u00fablicos como el agua, la telefon\u00eda o el alumbrado.<\/p>\n<p>Ambos instagramers han conseguido acumular ya cerca de <strong>3.000 im\u00e1genes<\/strong> que hacen referencia a tapas de alcantarillas de diferentes colores, formas, tama\u00f1os, dibujos y, por supuesto, lugares. De hecho, en la cuenta es posible encontrar <strong>im\u00e1genes de muchas partes del mundo<\/strong>, ya que de la variedad existente entre unos pa\u00edses y otros <a href=\"https:\/\/www.elmundo.es\/f5\/comparte\/2019\/10\/04\/5d9498cafc6c83e9628b4666.html\">naci\u00f3 la idea de crear Portales del Inframundo<\/a>.<\/p>\n<p><img decoding=\"async\" loading=\"lazy\" class=\"size-full wp-image-1930 alignnone\" src=\"https:\/\/www.serbis.es\/serbis\/blog\/wp-content\/uploads\/instagram-alcantarillas-bonitas.jpg\" alt=\"\" width=\"630\" height=\"315\" srcset=\"https:\/\/www.serbis.es\/serbis\/blog\/wp-content\/uploads\/instagram-alcantarillas-bonitas.jpg 630w, https:\/\/www.serbis.es\/serbis\/blog\/wp-content\/uploads\/instagram-alcantarillas-bonitas-300x150.jpg 300w, https:\/\/www.serbis.es\/serbis\/blog\/wp-content\/uploads\/instagram-alcantarillas-bonitas-370x185.jpg 370w\" sizes=\"(max-width: 630px) 100vw, 630px\" \/><\/p>\n<h3>Un edificio de Madrid, amenazado por las aguas residuales<\/h3>\n<p>Una urbanizaci\u00f3n del barrio madrile\u00f1o de <strong>Orcasitas<\/strong> llevo a\u00f1os denunciando la filtraci\u00f3n de aguas residuales fecales en el subsuelo de su edificio. No s\u00f3lo se quejan de los continuos <strong>malos olores<\/strong> o la proliferaci\u00f3n de insectos, sino que est\u00e1n especialmente alarmados por la posibilidad de que estas aguas acaben afectando <a href=\"http:\/\/www.telemadrid.es\/programas\/buenos-dias-madrid\/Aguas-fecales-cimientos-viviendas-Orcasitas-2-2163403639--20190930073559.html\">a la estructura del edificio<\/a> hasta<strong> causar da\u00f1os<\/strong> en sus viviendas.<\/p>\n<p>Al parecer, la existencia de estas filtraciones de una forma tan continuada ha terminado por formar una especie de embalse de aguas residuales en la zona que, seg\u00fan los vecinos, constituye un caso de <strong>emergencia sanitaria<\/strong>. En su opini\u00f3n, el origen del problema se encuentra en el mal estado del alcantarillado, posiblemente provocado por<strong> las ra\u00edces de los \u00e1rboles<\/strong>, que podr\u00edan haber roto las tuber\u00edas por las que se est\u00e1n provocando las filtraciones.<\/p>\n<p><img decoding=\"async\" loading=\"lazy\" class=\"size-full wp-image-1924 alignnone\" src=\"https:\/\/www.serbis.es\/serbis\/blog\/wp-content\/uploads\/aguas-residuales-orcasitas.jpg\" alt=\"\" width=\"630\" height=\"315\" srcset=\"https:\/\/www.serbis.es\/serbis\/blog\/wp-content\/uploads\/aguas-residuales-orcasitas.jpg 630w, https:\/\/www.serbis.es\/serbis\/blog\/wp-content\/uploads\/aguas-residuales-orcasitas-300x150.jpg 300w, https:\/\/www.serbis.es\/serbis\/blog\/wp-content\/uploads\/aguas-residuales-orcasitas-370x185.jpg 370w\" sizes=\"(max-width: 630px) 100vw, 630px\" \/><\/p>\n<h3>La banda de la alcantarilla se va de robos por Valladolid<\/h3>\n<p>Durante los \u00faltimos d\u00edas se ha registrado en la provincia de Valladolid una oleada de robos que han sido atribuidos al mismo grupo criminal, bautizado como <a href=\"https:\/\/www.elnortedecastilla.es\/valladolid\/provincia\/asaltan-roban-madrugada-20190930123909-nt.html\">la banda de la alcantarilla<\/a>. El nombre se debe a que los cacos utilizan<strong> las tapas de registro y las rejillas<\/strong> de las alcantarillas para romper las puertas y las ventanas de los negocios a los que entran a robar.<\/p>\n<p>Entre sus v\u00edctimas se contabilizan <strong>hoteles, restaurantes y bares<\/strong>, a los que acceden para vaciar <strong>las cajas registradoras y las m\u00e1quinas tragaperras<\/strong>. En cuanto a las armas utilizadas, los ladrones utilizan en unos casos las tapas del alcantarillado del mismo pueblo en el que act\u00faan, pero en otras ocasiones se llevan las tapas de registro de unos pueblos a otros.<\/p>\n<p><img decoding=\"async\" loading=\"lazy\" class=\"size-full wp-image-1926 alignnone\" src=\"https:\/\/www.serbis.es\/serbis\/blog\/wp-content\/uploads\/tapas-registro-alcantarillas.jpg\" alt=\"\" width=\"630\" height=\"315\" srcset=\"https:\/\/www.serbis.es\/serbis\/blog\/wp-content\/uploads\/tapas-registro-alcantarillas.jpg 630w, https:\/\/www.serbis.es\/serbis\/blog\/wp-content\/uploads\/tapas-registro-alcantarillas-300x150.jpg 300w, https:\/\/www.serbis.es\/serbis\/blog\/wp-content\/uploads\/tapas-registro-alcantarillas-370x185.jpg 370w\" sizes=\"(max-width: 630px) 100vw, 630px\" \/><\/p>\n<h3>Investigan c\u00f3mo fabricar biopl\u00e1sticos con aguas residuales<\/h3>\n<p>Tanto la gesti\u00f3n de las aguas residuales urbanas como la acumulaci\u00f3n de pl\u00e1sticos son <strong>dos problemas medioambientales de primer orden<\/strong>. Y ahora, <a href=\"https:\/\/www.aguasresiduales.info\/revista\/noticias\/bio3-bioplasticos-biodegradables-a-partir-de-biorr-UfXu4\">alguien ha decidido que es posible ponerles coto fusion\u00e1ndolos<\/a>, es decir, produciendo biopl\u00e1sticos (pl\u00e1sticos biodegradables) a partir de las aguas residuales en lugar del petr\u00f3leo.<\/p>\n<p>En realidad los biopl\u00e1sticos existen desde hace a\u00f1os, pero <strong>hasta ahora se obten\u00edan a partir de cultivos<\/strong> y, por tanto, de un modo poco sostenible. Por esta raz\u00f3n, actualmente se est\u00e1n desarrollando diferentes proyectos de I+D como <strong>Incover o Depp Purple<\/strong> (con presencia de empresas espa\u00f1olas), que tienen como objetivo generar biopl\u00e1sticos <strong>a partir de la biomasa y las bacterias<\/strong> presentes en las aguas residuales.<\/p>\n<p><img decoding=\"async\" loading=\"lazy\" class=\"size-full wp-image-1928 alignnone\" src=\"https:\/\/www.serbis.es\/serbis\/blog\/wp-content\/uploads\/plasticos-biodegradables.jpg\" alt=\"\" width=\"630\" height=\"315\" srcset=\"https:\/\/www.serbis.es\/serbis\/blog\/wp-content\/uploads\/plasticos-biodegradables.jpg 630w, https:\/\/www.serbis.es\/serbis\/blog\/wp-content\/uploads\/plasticos-biodegradables-300x150.jpg 300w, https:\/\/www.serbis.es\/serbis\/blog\/wp-content\/uploads\/plasticos-biodegradables-370x185.jpg 370w\" sizes=\"(max-width: 630px) 100vw, 630px\" \/><\/p>\n<p>Si quieres contarnos algo puedes llamarnos al <strong>n\u00famero de tel\u00e9fono <\/strong><strong>91 610 62 53<\/strong> y si te gusta estar informado de las noticias nacionales e internacionales m\u00e1s interesantes de las industrias de la pocer\u00eda, el alcantarillado y el saneamiento de aguas fecales, visita <a href=\"https:\/\/www.serbis.es\/\" target=\"_blank\" rel=\"noopener\"><strong>Serbis.es<\/strong><\/a> y <strong>s\u00edguenos en las redes sociales<\/strong>:<\/p>\n<p><a href=\"https:\/\/www.facebook.com\/SerbisPoceria\/\" rel=\"attachment wp-att-691\" class=\"broken_link\"><img decoding=\"async\" loading=\"lazy\" class=\"size-full wp-image-691\" src=\"https:\/\/www.serbis.es\/serbis\/blog\/wp-content\/uploads\/facebook.jpg\" alt=\"facebook\" width=\"113\" height=\"111\" \/><\/a><\/p>\n<p>&nbsp;<\/p>\n<p><a href=\"https:\/\/twitter.com\/serbis_poceria\" rel=\"attachment wp-att-692\"><img decoding=\"async\" loading=\"lazy\" class=\"size-full wp-image-692\" src=\"https:\/\/www.serbis.es\/serbis\/blog\/wp-content\/uploads\/twitter.jpg\" alt=\"twitter\" width=\"113\" height=\"111\" \/><\/a><\/p>\n<p>&nbsp;<\/p>\n<p><a href=\"https:\/\/www.instagram.com\/serbis_poceria\/\" rel=\"attachment wp-att-692\" class=\"broken_link\"><img decoding=\"async\" loading=\"lazy\" class=\"alignnone wp-image-1462 size-full\" src=\"https:\/\/www.serbis.es\/serbis\/blog\/wp-content\/uploads\/instagram.jpg\" alt=\"\" width=\"113\" height=\"111\" \/><\/a><\/p>\n<p>&nbsp;<\/p>\n<p><a href=\"https:\/\/es.linkedin.com\/company\/poceria-serbis\" rel=\"attachment wp-att-693\"><img decoding=\"async\" loading=\"lazy\" class=\"size-full wp-image-693 alignleft\" src=\"https:\/\/www.serbis.es\/serbis\/blog\/wp-content\/uploads\/linkedin.jpg\" alt=\"linkedin\" width=\"113\" height=\"111\" \/><\/a><\/p>\n<p>&nbsp;<\/p>\n<p>&nbsp;<\/p>\n<p>&nbsp;<\/p>\n<p>&nbsp;<\/p>\n<p><a href=\"https:\/\/www.youtube.com\/channel\/UCSIAPGXKlWyOmHRZo9YCpBQ\" rel=\"attachment wp-att-694\"><img decoding=\"async\" loading=\"lazy\" class=\"size-full wp-image-694 alignleft\" src=\"https:\/\/www.serbis.es\/serbis\/blog\/wp-content\/uploads\/youtube.jpg\" alt=\"youtube\" width=\"113\" height=\"111\" \/><\/a><\/p>\n<p>&nbsp;<\/p>\n<p>&nbsp;<\/p>\n<p>&nbsp;<\/p>\n<p>&nbsp;<\/p>\n<p><a href=\"https:\/\/vimeo.com\/user9248661\" rel=\"attachment wp-att-696\"><img decoding=\"async\" loading=\"lazy\" class=\"size-full wp-image-696 alignleft\" src=\"https:\/\/www.serbis.es\/serbis\/blog\/wp-content\/uploads\/vimeo.jpg\" alt=\"vimeo\" width=\"113\" height=\"111\" \/><\/a><\/p>\n<p>&nbsp;<\/p>\n<p>&nbsp;<\/p>\n<p>&nbsp;<\/p>\n<p>&nbsp;<\/p>\n<p><a href=\"https:\/\/www.flickr.com\/photos\/155074596@N06\/\" rel=\"attachment wp-att-698\"><img decoding=\"async\" loading=\"lazy\" class=\"size-full wp-image-698 alignleft\" src=\"https:\/\/www.serbis.es\/serbis\/blog\/wp-content\/uploads\/flickr.jpg\" alt=\"flickr\" width=\"113\" height=\"111\" \/><\/a><\/p>\n<p>&nbsp;<\/p>\n<p>&nbsp;<\/p>\n<p>&nbsp;<\/p>\n<p>&nbsp;<\/p>\n<p><a href=\"https:\/\/www.pinterest.es\/pin\/133348838938250902\/\" rel=\"attachment wp-att-697\"><img decoding=\"async\" loading=\"lazy\" class=\"size-full wp-image-697 alignleft\" src=\"https:\/\/www.serbis.es\/serbis\/blog\/wp-content\/uploads\/pinterest.jpg\" alt=\"pinterest\" width=\"113\" height=\"111\" \/><\/a><\/p>\n<p>&nbsp;<\/p>\n","protected":false},"excerpt":{"rendered":"<p>Resumimos las principales noticias de los \u00faltimos d\u00edas en materia de redes de alcantarillas y sistemas de saneamiento de aguas residuales, as\u00ed como de atrancos y atascos de las canalizaciones, los retretes y las galer\u00edas subterr\u00e1neas&#8230; Los instagramers de las alcantarillas Dos j\u00f3venes espa\u00f1oles est\u00e1n detr\u00e1s de Portales del Inframundo, una cuenta de Instagram que [&hellip;]<\/p>\n","protected":false},"author":3,"featured_media":1931,"comment_status":"open","ping_status":"open","sticky":false,"template":"","format":"standard","meta":{"_mi_skip_tracking":false,"_monsterinsights_sitenote_active":false,"_monsterinsights_sitenote_note":"","_monsterinsights_sitenote_category":0},"categories":[29,4,2,32],"tags":[75,22,61,59,203,40,109],"yoast_head":"<!-- This site is optimized with the Yoast SEO plugin v20.10 - https:\/\/yoast.com\/wordpress\/plugins\/seo\/ -->\n<title>Unas alcantarillas muy fotog\u00e9nicas - Blog de Serbis<\/title>\n<meta name=\"robots\" content=\"index, follow, max-snippet:-1, max-image-preview:large, max-video-preview:-1\" \/>\n<link rel=\"canonical\" href=\"https:\/\/www.serbis.es\/serbis\/blog\/alcantarillas-imagenes-instagram\/\" \/>\n<meta property=\"og:locale\" content=\"es_ES\" \/>\n<meta property=\"og:type\" content=\"article\" \/>\n<meta property=\"og:title\" content=\"Unas alcantarillas muy fotog\u00e9nicas - Blog de Serbis\" \/>\n<meta property=\"og:description\" content=\"Resumimos las principales noticias de los \u00faltimos d\u00edas en materia de redes de alcantarillas y sistemas de saneamiento de aguas residuales, as\u00ed como de atrancos y atascos de las canalizaciones, los retretes y las galer\u00edas subterr\u00e1neas&#8230; Los instagramers de las alcantarillas Dos j\u00f3venes espa\u00f1oles est\u00e1n detr\u00e1s de Portales del Inframundo, una cuenta de Instagram que [&hellip;]\" \/>\n<meta property=\"og:url\" content=\"https:\/\/www.serbis.es\/serbis\/blog\/alcantarillas-imagenes-instagram\/\" \/>\n<meta property=\"og:site_name\" content=\"Blog de Serbis\" \/>\n<meta property=\"article:author\" content=\"https:\/\/www.facebook.com\/SerbisPoceria\/\" \/>\n<meta property=\"article:published_time\" content=\"2019-10-04T11:27:16+00:00\" \/>\n<meta property=\"og:image\" content=\"https:\/\/www.serbis.es\/serbis\/blog\/wp-content\/uploads\/alcantarilla-tapa-sonriente.jpg\" \/>\n\t<meta property=\"og:image:width\" content=\"630\" \/>\n\t<meta property=\"og:image:height\" content=\"315\" \/>\n\t<meta property=\"og:image:type\" content=\"image\/jpeg\" \/>\n<meta name=\"author\" content=\"Serbis Pocer\u00eda\" \/>\n<meta name=\"twitter:label1\" content=\"Escrito por\" \/>\n\t<meta name=\"twitter:data1\" content=\"Serbis Pocer\u00eda\" \/>\n\t<meta name=\"twitter:label2\" content=\"Tiempo de lectura\" \/>\n\t<meta name=\"twitter:data2\" content=\"3 minutos\" \/>\n<script type=\"application\/ld+json\" class=\"yoast-schema-graph\">{\"@context\":\"https:\/\/schema.org\",\"@graph\":[{\"@type\":\"WebPage\",\"@id\":\"https:\/\/www.serbis.es\/serbis\/blog\/alcantarillas-imagenes-instagram\/\",\"url\":\"https:\/\/www.serbis.es\/serbis\/blog\/alcantarillas-imagenes-instagram\/\",\"name\":\"Unas alcantarillas muy fotog\u00e9nicas - Blog de Serbis\",\"isPartOf\":{\"@id\":\"https:\/\/www.serbis.es\/serbis\/blog\/#website\"},\"datePublished\":\"2019-10-04T11:27:16+00:00\",\"dateModified\":\"2019-10-04T11:27:16+00:00\",\"author\":{\"@id\":\"https:\/\/www.serbis.es\/serbis\/blog\/#\/schema\/person\/449002ed602088d1463cc28957dee9ea\"},\"breadcrumb\":{\"@id\":\"https:\/\/www.serbis.es\/serbis\/blog\/alcantarillas-imagenes-instagram\/#breadcrumb\"},\"inLanguage\":\"es\",\"potentialAction\":[{\"@type\":\"ReadAction\",\"target\":[\"https:\/\/www.serbis.es\/serbis\/blog\/alcantarillas-imagenes-instagram\/\"]}]},{\"@type\":\"BreadcrumbList\",\"@id\":\"https:\/\/www.serbis.es\/serbis\/blog\/alcantarillas-imagenes-instagram\/#breadcrumb\",\"itemListElement\":[{\"@type\":\"ListItem\",\"position\":1,\"name\":\"Portada\",\"item\":\"https:\/\/www.serbis.es\/serbis\/blog\/\"},{\"@type\":\"ListItem\",\"position\":2,\"name\":\"Unas alcantarillas muy fotog\u00e9nicas\"}]},{\"@type\":\"WebSite\",\"@id\":\"https:\/\/www.serbis.es\/serbis\/blog\/#website\",\"url\":\"https:\/\/www.serbis.es\/serbis\/blog\/\",\"name\":\"Blog de Serbis\",\"description\":\"l\u00edderes en Espa\u00f1a en saneamiento de aguas con servicios de pocer\u00eda tradicional y sin zanjas\",\"potentialAction\":[{\"@type\":\"SearchAction\",\"target\":{\"@type\":\"EntryPoint\",\"urlTemplate\":\"https:\/\/www.serbis.es\/serbis\/blog\/?s={search_term_string}\"},\"query-input\":\"required name=search_term_string\"}],\"inLanguage\":\"es\"},{\"@type\":\"Person\",\"@id\":\"https:\/\/www.serbis.es\/serbis\/blog\/#\/schema\/person\/449002ed602088d1463cc28957dee9ea\",\"name\":\"Serbis Pocer\u00eda\",\"image\":{\"@type\":\"ImageObject\",\"inLanguage\":\"es\",\"@id\":\"https:\/\/www.serbis.es\/serbis\/blog\/#\/schema\/person\/image\/\",\"url\":\"https:\/\/secure.gravatar.com\/avatar\/1b95962073fbda6a54be252a727db96a?s=96&d=mm&r=g\",\"contentUrl\":\"https:\/\/secure.gravatar.com\/avatar\/1b95962073fbda6a54be252a727db96a?s=96&d=mm&r=g\",\"caption\":\"Serbis Pocer\u00eda\"},\"description\":\"Empresa especializada en soluciones de alcantarillado y saneamiento de agua, con gran experiencia en el sector y conocimiento de t\u00e9cnicas tanto de pocer\u00eda tradicional como de rehabilitaci\u00f3n de tuber\u00edas sin zanjas ni necesidad de obra civil\",\"sameAs\":[\"https:\/\/www.linkedin.com\/company\/poceria-serbis\",\"https:\/\/www.facebook.com\/SerbisPoceria\/\",\"https:\/\/twitter.com\/https:\/\/twitter.com\/serbis_poceria\"],\"url\":\"https:\/\/www.serbis.es\/serbis\/blog\/author\/perio_editor\/\"}]}<\/script>\n<!-- \/ Yoast SEO plugin. -->","yoast_head_json":{"title":"Unas alcantarillas muy fotog\u00e9nicas - Blog de Serbis","robots":{"index":"index","follow":"follow","max-snippet":"max-snippet:-1","max-image-preview":"max-image-preview:large","max-video-preview":"max-video-preview:-1"},"canonical":"https:\/\/www.serbis.es\/serbis\/blog\/alcantarillas-imagenes-instagram\/","og_locale":"es_ES","og_type":"article","og_title":"Unas alcantarillas muy fotog\u00e9nicas - Blog de Serbis","og_description":"Resumimos las principales noticias de los \u00faltimos d\u00edas en materia de redes de alcantarillas y sistemas de saneamiento de aguas residuales, as\u00ed como de atrancos y atascos de las canalizaciones, los retretes y las galer\u00edas subterr\u00e1neas&#8230; Los instagramers de las alcantarillas Dos j\u00f3venes espa\u00f1oles est\u00e1n detr\u00e1s de Portales del Inframundo, una cuenta de Instagram que [&hellip;]","og_url":"https:\/\/www.serbis.es\/serbis\/blog\/alcantarillas-imagenes-instagram\/","og_site_name":"Blog de Serbis","article_author":"https:\/\/www.facebook.com\/SerbisPoceria\/","article_published_time":"2019-10-04T11:27:16+00:00","og_image":[{"width":630,"height":315,"url":"https:\/\/www.serbis.es\/serbis\/blog\/wp-content\/uploads\/alcantarilla-tapa-sonriente.jpg","type":"image\/jpeg"}],"author":"Serbis Pocer\u00eda","twitter_misc":{"Escrito por":"Serbis Pocer\u00eda","Tiempo de lectura":"3 minutos"},"schema":{"@context":"https:\/\/schema.org","@graph":[{"@type":"WebPage","@id":"https:\/\/www.serbis.es\/serbis\/blog\/alcantarillas-imagenes-instagram\/","url":"https:\/\/www.serbis.es\/serbis\/blog\/alcantarillas-imagenes-instagram\/","name":"Unas alcantarillas muy fotog\u00e9nicas - Blog de Serbis","isPartOf":{"@id":"https:\/\/www.serbis.es\/serbis\/blog\/#website"},"datePublished":"2019-10-04T11:27:16+00:00","dateModified":"2019-10-04T11:27:16+00:00","author":{"@id":"https:\/\/www.serbis.es\/serbis\/blog\/#\/schema\/person\/449002ed602088d1463cc28957dee9ea"},"breadcrumb":{"@id":"https:\/\/www.serbis.es\/serbis\/blog\/alcantarillas-imagenes-instagram\/#breadcrumb"},"inLanguage":"es","potentialAction":[{"@type":"ReadAction","target":["https:\/\/www.serbis.es\/serbis\/blog\/alcantarillas-imagenes-instagram\/"]}]},{"@type":"BreadcrumbList","@id":"https:\/\/www.serbis.es\/serbis\/blog\/alcantarillas-imagenes-instagram\/#breadcrumb","itemListElement":[{"@type":"ListItem","position":1,"name":"Portada","item":"https:\/\/www.serbis.es\/serbis\/blog\/"},{"@type":"ListItem","position":2,"name":"Unas alcantarillas muy fotog\u00e9nicas"}]},{"@type":"WebSite","@id":"https:\/\/www.serbis.es\/serbis\/blog\/#website","url":"https:\/\/www.serbis.es\/serbis\/blog\/","name":"Blog de Serbis","description":"l\u00edderes en Espa\u00f1a en saneamiento de aguas con servicios de pocer\u00eda tradicional y sin zanjas","potentialAction":[{"@type":"SearchAction","target":{"@type":"EntryPoint","urlTemplate":"https:\/\/www.serbis.es\/serbis\/blog\/?s={search_term_string}"},"query-input":"required name=search_term_string"}],"inLanguage":"es"},{"@type":"Person","@id":"https:\/\/www.serbis.es\/serbis\/blog\/#\/schema\/person\/449002ed602088d1463cc28957dee9ea","name":"Serbis Pocer\u00eda","image":{"@type":"ImageObject","inLanguage":"es","@id":"https:\/\/www.serbis.es\/serbis\/blog\/#\/schema\/person\/image\/","url":"https:\/\/secure.gravatar.com\/avatar\/1b95962073fbda6a54be252a727db96a?s=96&d=mm&r=g","contentUrl":"https:\/\/secure.gravatar.com\/avatar\/1b95962073fbda6a54be252a727db96a?s=96&d=mm&r=g","caption":"Serbis Pocer\u00eda"},"description":"Empresa especializada en soluciones de alcantarillado y saneamiento de agua, con gran experiencia en el sector y conocimiento de t\u00e9cnicas tanto de pocer\u00eda tradicional como de rehabilitaci\u00f3n de tuber\u00edas sin zanjas ni necesidad de obra civil","sameAs":["https:\/\/www.linkedin.com\/company\/poceria-serbis","https:\/\/www.facebook.com\/SerbisPoceria\/","https:\/\/twitter.com\/https:\/\/twitter.com\/serbis_poceria"],"url":"https:\/\/www.serbis.es\/serbis\/blog\/author\/perio_editor\/"}]}},"_links":{"self":[{"href":"https:\/\/www.serbis.es\/serbis\/blog\/wp-json\/wp\/v2\/posts\/1923"}],"collection":[{"href":"https:\/\/www.serbis.es\/serbis\/blog\/wp-json\/wp\/v2\/posts"}],"about":[{"href":"https:\/\/www.serbis.es\/serbis\/blog\/wp-json\/wp\/v2\/types\/post"}],"author":[{"embeddable":true,"href":"https:\/\/www.serbis.es\/serbis\/blog\/wp-json\/wp\/v2\/users\/3"}],"replies":[{"embeddable":true,"href":"https:\/\/www.serbis.es\/serbis\/blog\/wp-json\/wp\/v2\/comments?post=1923"}],"version-history":[{"count":4,"href":"https:\/\/www.serbis.es\/serbis\/blog\/wp-json\/wp\/v2\/posts\/1923\/revisions"}],"predecessor-version":[{"id":1932,"href":"https:\/\/www.serbis.es\/serbis\/blog\/wp-json\/wp\/v2\/posts\/1923\/revisions\/1932"}],"wp:featuredmedia":[{"embeddable":true,"href":"https:\/\/www.serbis.es\/serbis\/blog\/wp-json\/wp\/v2\/media\/1931"}],"wp:attachment":[{"href":"https:\/\/www.serbis.es\/serbis\/blog\/wp-json\/wp\/v2\/media?parent=1923"}],"wp:term":[{"taxonomy":"category","embeddable":true,"href":"https:\/\/www.serbis.es\/serbis\/blog\/wp-json\/wp\/v2\/categories?post=1923"},{"taxonomy":"post_tag","embeddable":true,"href":"https:\/\/www.serbis.es\/serbis\/blog\/wp-json\/wp\/v2\/tags?post=1923"}],"curies":[{"name":"wp","href":"https:\/\/api.w.org\/{rel}","templated":true}]}}