{"id":2007,"date":"2019-11-21T10:48:21","date_gmt":"2019-11-21T10:48:21","guid":{"rendered":"https:\/\/www.serbis.es\/serbis\/blog\/?p=2007"},"modified":"2019-11-21T10:48:21","modified_gmt":"2019-11-21T10:48:21","slug":"atrancos-comunidades-vecinos","status":"publish","type":"post","link":"https:\/\/www.serbis.es\/serbis\/blog\/atrancos-comunidades-vecinos\/","title":{"rendered":"Evitar atrancos, una tarea de comunidades y de vecinos"},"content":{"rendered":"<p>Resumimos las principales noticias de los \u00faltimos d\u00edas relacionadas con los sistemas de alcantarillado y saneamiento de aguas residuales en general, as\u00ed como con los atrancos y atascos de las canalizaciones, los retretes y las galer\u00edas subterr\u00e1neas&#8230;<\/p>\n<h3>\u00bfQui\u00e9n se encarga de las aguas fecales de un patio de vecinos?<\/h3>\n<p>Esta pregunta se la han debido hacer muchas veces las 300 personas que residen en los 15 bloques de pisos de <strong>Badalona<\/strong> <a href=\"https:\/\/www.lavanguardia.com\/local\/barcelona\/20191117\/471674649311\/un-vivero-a-cambio-del-patio-con-aguas-fecales.html\">afectados desde hace tiempo<\/a> por los vertidos de aguas fecales que se producen en un patio interior. El problema es consecuencia de que muchos de estos edificios no est\u00e1n conectados a la red de alcantarillado p\u00fablico, sino que disponen de <strong>fosas s\u00e9pticas que se han taponado<\/strong> por la falta de mantenimiento.<\/p>\n<p>Para poner fin a esta desagradable situaci\u00f3n, el Ayuntamiento de Badalona ha solicitado a los vecinos que procedan a<strong> desatascar la red de saneamiento interior<\/strong>, ya que eso es competencia exclusivamente suya. Despu\u00e9s, el consistorio propone quedarse con el patio interior para <strong>garantizar la buena conservaci\u00f3n de sus alcantarillas<\/strong>. Tambi\u00e9n podr\u00eda aprovechar la cesi\u00f3n de esa superficie para construir un aparcamiento subterr\u00e1neo y un vivero de \u00e1rboles, plantas y flores en superficie.<\/p>\n<p><img decoding=\"async\" loading=\"lazy\" class=\"size-full wp-image-2018 alignnone\" src=\"https:\/\/www.serbis.es\/serbis\/blog\/wp-content\/uploads\/patio-vecinos-aguas-fecales.jpg\" alt=\"\" width=\"630\" height=\"315\" srcset=\"https:\/\/www.serbis.es\/serbis\/blog\/wp-content\/uploads\/patio-vecinos-aguas-fecales.jpg 630w, https:\/\/www.serbis.es\/serbis\/blog\/wp-content\/uploads\/patio-vecinos-aguas-fecales-300x150.jpg 300w, https:\/\/www.serbis.es\/serbis\/blog\/wp-content\/uploads\/patio-vecinos-aguas-fecales-370x185.jpg 370w\" sizes=\"(max-width: 630px) 100vw, 630px\" \/><\/p>\n<h3>En el D\u00eda Mundial del Retrete no te olvides de las tres \u201cp\u201d<\/h3>\n<p>Cada 19 de noviembre se celebra desde 2013 el <strong>D\u00eda Mundial del Retrete<\/strong>. Este a\u00f1o, el lema elegido por la ONU ha sido <strong>\u201cNo dejar a nadie atr\u00e1s\u201d<\/strong>, con el objetivo de extender la idea de que el saneamiento de aguas residuales es fundamental para que millones de personas de todo el mundo consigan salir de la pobreza.<\/p>\n<p>En Espa\u00f1a, el D\u00eda del Retrete se ha utilizado, entre otras cosas, para alertar sobre <strong>el principal enemigo de los inodoros, que siguen siendo las toallitas h\u00famedas no biodegradables<\/strong>. De hecho, las autoridades p\u00fablicas han reiterado la necesidad de seguir la regla de las tres \u201cp\u201d al utilizar el WC: <strong>pip\u00ed, pop\u00f3 y papel<\/strong>&#8230; Pero nunca toallitas ni productos qu\u00edmicos o farmac\u00e9uticos.<\/p>\n<p>Cada a\u00f1o se recogen en Espa\u00f1a <strong>10 kilos de toallitas por cada ciudadano<\/strong>, lo que tiene un coste de entre <strong>4 y 6 euros por habitante<\/strong>. La lacra afecta a todos los puntos del pa\u00eds, ya que en una peque\u00f1a ciudad como <strong>Murcia<\/strong>, por ejemplo, <a href=\"https:\/\/www.laopiniondemurcia.es\/murcia\/2019\/11\/19\/390-toneladas-toallitas-taponan-ano\/1069471.html\">se retiran de los sistemas de saneamiento<\/a> 390.000 kilos de toallitas al a\u00f1o, lo que tiene un coste de 600.000 euros y genera m\u00e1s de 770 atrancos y atascos.<\/p>\n<p><img decoding=\"async\" loading=\"lazy\" class=\"size-full wp-image-2012 alignnone\" src=\"https:\/\/www.serbis.es\/serbis\/blog\/wp-content\/uploads\/toilet-wc-retrete.jpg\" alt=\"\" width=\"630\" height=\"315\" srcset=\"https:\/\/www.serbis.es\/serbis\/blog\/wp-content\/uploads\/toilet-wc-retrete.jpg 630w, https:\/\/www.serbis.es\/serbis\/blog\/wp-content\/uploads\/toilet-wc-retrete-300x150.jpg 300w, https:\/\/www.serbis.es\/serbis\/blog\/wp-content\/uploads\/toilet-wc-retrete-370x185.jpg 370w\" sizes=\"(max-width: 630px) 100vw, 630px\" \/><\/p>\n<h3>El cambio clim\u00e1tico exige transformar el alcantarillado<\/h3>\n<p>Adaptar las redes de alcantarillado y los sistemas de saneamiento a los retos del futuro implica llevar a cabo un importante cambio de mentalidad. Porque en los pr\u00f3ximos a\u00f1os las alcantarillas <a href=\"https:\/\/elpais.com\/elpais\/2019\/11\/14\/eps\/1573741827_224448.html\">ya no van a tener como \u00fanico objetivo<\/a> la recogida y el transporte de las aguas residuales y pluviales, sino que \u00a0<strong>tendr\u00e1n que hacer frente a un flujo de aguas cada vez mayor con el m\u00ednimo impacto ecol\u00f3gico posible<\/strong>.<\/p>\n<p>Conseguir salir airosos de ese doble desaf\u00edo pasar\u00e1 por introducir infinidad de <strong>sensores<\/strong> en toda la red de saneamiento de aguas fecales y <strong>tratar esos datos<\/strong> obtenidos de una forma global, elaborando <strong>programas de limpieza<\/strong> del alcantarillado y de<strong> gesti\u00f3n integral<\/strong> de tanques y dep\u00f3sitos de almacenamiento. Y va a haber que hacerlo pronto, porque el 68% de la poblaci\u00f3n mundial vivir\u00e1 en grandes ciudades en 2050 y porque el cambio clim\u00e1tico incrementar\u00e1 la intensidad de fen\u00f3menos como <strong>los huracanes y las lluvias torrenciales<\/strong>.<\/p>\n<p><img decoding=\"async\" loading=\"lazy\" class=\"size-full wp-image-2009 alignnone\" src=\"https:\/\/www.serbis.es\/serbis\/blog\/wp-content\/uploads\/cambio-climatico-alcantarillado-1.jpg\" alt=\"\" width=\"630\" height=\"315\" srcset=\"https:\/\/www.serbis.es\/serbis\/blog\/wp-content\/uploads\/cambio-climatico-alcantarillado-1.jpg 630w, https:\/\/www.serbis.es\/serbis\/blog\/wp-content\/uploads\/cambio-climatico-alcantarillado-1-300x150.jpg 300w, https:\/\/www.serbis.es\/serbis\/blog\/wp-content\/uploads\/cambio-climatico-alcantarillado-1-370x185.jpg 370w\" sizes=\"(max-width: 630px) 100vw, 630px\" \/><\/p>\n<h3>Historia del alcantarillado de Valladolid<\/h3>\n<p>Hace ya m\u00e1s de un siglo que la ciudad de Valladolid <a href=\"https:\/\/www.elnortedecastilla.es\/valladolid\/el-cronista\/adios-valladolid-sucio-20191119200045-nt.html\">dijo adi\u00f3s a la suciedad y la insalubridad<\/a>. Porque fue en 1912 cuando se construy\u00f3 en el centro de la ciudad un moderno sistema de alcantarillado, cuyas obras hab\u00edan comenzado<strong> el 30 de diciembre de 1903<\/strong> con un presupuesto de 16 millones de pesetas.<\/p>\n<p>Hasta la construcci\u00f3n de esta red de saneamiento, <strong>las acometidas de las viviendas desembocaban directamente en el r\u00edo Pisuerga<\/strong>, donde depositaban sus aguas residuales. Pero la situaci\u00f3n cambi\u00f3 con la construcci\u00f3n de los ramales y colectores del nuevo sistema de alcantarillas. Y la situaci\u00f3n mejor\u00f3 a\u00fan m\u00e1s en los a\u00f1os 30, cuando <strong>las canalizaciones se extendieron hasta los barrios perif\u00e9ricos<\/strong> vallisoletanos. La siguiente ampliaci\u00f3n no llegar\u00eda hasta los a\u00f1os 60, con la proliferaci\u00f3n de nuevos barrios y urbanizaciones.<\/p>\n<p><img decoding=\"async\" loading=\"lazy\" class=\"size-full wp-image-2015 alignnone\" src=\"https:\/\/www.serbis.es\/serbis\/blog\/wp-content\/uploads\/historia-alcantarillas-valladolid.jpg\" alt=\"\" width=\"630\" height=\"315\" srcset=\"https:\/\/www.serbis.es\/serbis\/blog\/wp-content\/uploads\/historia-alcantarillas-valladolid.jpg 630w, https:\/\/www.serbis.es\/serbis\/blog\/wp-content\/uploads\/historia-alcantarillas-valladolid-300x150.jpg 300w, https:\/\/www.serbis.es\/serbis\/blog\/wp-content\/uploads\/historia-alcantarillas-valladolid-370x185.jpg 370w\" sizes=\"(max-width: 630px) 100vw, 630px\" \/><\/p>\n<p>Si quieres contarnos algo puedes llamarnos al <strong>n\u00famero de tel\u00e9fono <\/strong><strong>91 610 62 53<\/strong> y si te gusta estar informado de las noticias nacionales e internacionales m\u00e1s interesantes de las industrias de la pocer\u00eda, el alcantarillado y el saneamiento de aguas fecales, visita <a href=\"https:\/\/www.serbis.es\/\" target=\"_blank\" rel=\"noopener\"><strong>Serbis.es<\/strong><\/a> y <strong>s\u00edguenos en las redes sociales<\/strong>:<\/p>\n<p><a href=\"https:\/\/www.facebook.com\/SerbisPoceria\/\" rel=\"attachment wp-att-691\" class=\"broken_link\"><img decoding=\"async\" loading=\"lazy\" class=\"size-full wp-image-691\" src=\"https:\/\/www.serbis.es\/serbis\/blog\/wp-content\/uploads\/facebook.jpg\" alt=\"facebook\" width=\"113\" height=\"111\" \/><\/a><\/p>\n<p>&nbsp;<\/p>\n<p><a href=\"https:\/\/twitter.com\/serbis_poceria\" rel=\"attachment wp-att-692\"><img decoding=\"async\" loading=\"lazy\" class=\"size-full wp-image-692\" src=\"https:\/\/www.serbis.es\/serbis\/blog\/wp-content\/uploads\/twitter.jpg\" alt=\"twitter\" width=\"113\" height=\"111\" \/><\/a><\/p>\n<p>&nbsp;<\/p>\n<p><a href=\"https:\/\/www.instagram.com\/serbis_poceria\/\" rel=\"attachment wp-att-692\" class=\"broken_link\"><img decoding=\"async\" loading=\"lazy\" class=\"alignnone wp-image-1462 size-full\" src=\"https:\/\/www.serbis.es\/serbis\/blog\/wp-content\/uploads\/instagram.jpg\" alt=\"\" width=\"113\" height=\"111\" \/><\/a><\/p>\n<p>&nbsp;<\/p>\n<p><a href=\"https:\/\/es.linkedin.com\/company\/poceria-serbis\" rel=\"attachment wp-att-693\"><img decoding=\"async\" loading=\"lazy\" class=\"size-full wp-image-693 alignleft\" src=\"https:\/\/www.serbis.es\/serbis\/blog\/wp-content\/uploads\/linkedin.jpg\" alt=\"linkedin\" width=\"113\" height=\"111\" \/><\/a><\/p>\n<p>&nbsp;<\/p>\n<p>&nbsp;<\/p>\n<p>&nbsp;<\/p>\n<p>&nbsp;<\/p>\n<p><a href=\"https:\/\/www.youtube.com\/channel\/UCSIAPGXKlWyOmHRZo9YCpBQ\" rel=\"attachment wp-att-694\"><img decoding=\"async\" loading=\"lazy\" class=\"size-full wp-image-694 alignleft\" src=\"https:\/\/www.serbis.es\/serbis\/blog\/wp-content\/uploads\/youtube.jpg\" alt=\"youtube\" width=\"113\" height=\"111\" \/><\/a><\/p>\n<p>&nbsp;<\/p>\n<p>&nbsp;<\/p>\n<p>&nbsp;<\/p>\n<p>&nbsp;<\/p>\n<p><a href=\"https:\/\/vimeo.com\/user9248661\" rel=\"attachment wp-att-696\"><img decoding=\"async\" loading=\"lazy\" class=\"size-full wp-image-696 alignleft\" src=\"https:\/\/www.serbis.es\/serbis\/blog\/wp-content\/uploads\/vimeo.jpg\" alt=\"vimeo\" width=\"113\" height=\"111\" \/><\/a><\/p>\n<p>&nbsp;<\/p>\n<p>&nbsp;<\/p>\n<p>&nbsp;<\/p>\n<p>&nbsp;<\/p>\n<p><a href=\"https:\/\/www.flickr.com\/photos\/155074596@N06\/\" rel=\"attachment wp-att-698\"><img decoding=\"async\" loading=\"lazy\" class=\"size-full wp-image-698 alignleft\" src=\"https:\/\/www.serbis.es\/serbis\/blog\/wp-content\/uploads\/flickr.jpg\" alt=\"flickr\" width=\"113\" height=\"111\" \/><\/a><\/p>\n<p>&nbsp;<\/p>\n<p>&nbsp;<\/p>\n<p>&nbsp;<\/p>\n<p>&nbsp;<\/p>\n<p><a href=\"https:\/\/www.pinterest.es\/pin\/133348838938250902\/\" rel=\"attachment wp-att-697\"><img decoding=\"async\" loading=\"lazy\" class=\"size-full wp-image-697 alignleft\" src=\"https:\/\/www.serbis.es\/serbis\/blog\/wp-content\/uploads\/pinterest.jpg\" alt=\"pinterest\" width=\"113\" height=\"111\" \/><\/a><\/p>\n","protected":false},"excerpt":{"rendered":"<p>Resumimos las principales noticias de los \u00faltimos d\u00edas relacionadas con los sistemas de alcantarillado y saneamiento de aguas residuales en general, as\u00ed como con los atrancos y atascos de las canalizaciones, los retretes y las galer\u00edas subterr\u00e1neas&#8230; \u00bfQui\u00e9n se encarga de las aguas fecales de un patio de vecinos? Esta pregunta se la han debido [&hellip;]<\/p>\n","protected":false},"author":3,"featured_media":2019,"comment_status":"open","ping_status":"open","sticky":false,"template":"","format":"standard","meta":{"_mi_skip_tracking":false,"_monsterinsights_sitenote_active":false,"_monsterinsights_sitenote_note":"","_monsterinsights_sitenote_category":0},"categories":[29,4,17,5,2,32],"tags":[111,22,61,175,176,238,42,41,233],"yoast_head":"<!-- This site is optimized with the Yoast SEO plugin v20.10 - https:\/\/yoast.com\/wordpress\/plugins\/seo\/ -->\n<title>Evitar atrancos, una tarea de comunidades y de vecinos - Blog de Serbis<\/title>\n<meta name=\"robots\" content=\"index, follow, max-snippet:-1, max-image-preview:large, max-video-preview:-1\" \/>\n<link rel=\"canonical\" href=\"https:\/\/www.serbis.es\/serbis\/blog\/atrancos-comunidades-vecinos\/\" \/>\n<meta property=\"og:locale\" content=\"es_ES\" \/>\n<meta property=\"og:type\" content=\"article\" \/>\n<meta property=\"og:title\" content=\"Evitar atrancos, una tarea de comunidades y de vecinos - Blog de Serbis\" \/>\n<meta property=\"og:description\" content=\"Resumimos las principales noticias de los \u00faltimos d\u00edas relacionadas con los sistemas de alcantarillado y saneamiento de aguas residuales en general, as\u00ed como con los atrancos y atascos de las canalizaciones, los retretes y las galer\u00edas subterr\u00e1neas&#8230; \u00bfQui\u00e9n se encarga de las aguas fecales de un patio de vecinos? Esta pregunta se la han debido [&hellip;]\" \/>\n<meta property=\"og:url\" content=\"https:\/\/www.serbis.es\/serbis\/blog\/atrancos-comunidades-vecinos\/\" \/>\n<meta property=\"og:site_name\" content=\"Blog de Serbis\" \/>\n<meta property=\"article:author\" content=\"https:\/\/www.facebook.com\/SerbisPoceria\/\" \/>\n<meta property=\"article:published_time\" content=\"2019-11-21T10:48:21+00:00\" \/>\n<meta property=\"og:image\" content=\"https:\/\/www.serbis.es\/serbis\/blog\/wp-content\/uploads\/atrancos-comunidades-vecinos.jpg\" \/>\n\t<meta property=\"og:image:width\" content=\"630\" \/>\n\t<meta property=\"og:image:height\" content=\"315\" \/>\n\t<meta property=\"og:image:type\" content=\"image\/jpeg\" \/>\n<meta name=\"author\" content=\"Serbis Pocer\u00eda\" \/>\n<meta name=\"twitter:label1\" content=\"Escrito por\" \/>\n\t<meta name=\"twitter:data1\" content=\"Serbis Pocer\u00eda\" \/>\n\t<meta name=\"twitter:label2\" content=\"Tiempo de lectura\" \/>\n\t<meta name=\"twitter:data2\" content=\"4 minutos\" \/>\n<script type=\"application\/ld+json\" class=\"yoast-schema-graph\">{\"@context\":\"https:\/\/schema.org\",\"@graph\":[{\"@type\":\"WebPage\",\"@id\":\"https:\/\/www.serbis.es\/serbis\/blog\/atrancos-comunidades-vecinos\/\",\"url\":\"https:\/\/www.serbis.es\/serbis\/blog\/atrancos-comunidades-vecinos\/\",\"name\":\"Evitar atrancos, una tarea de comunidades y de vecinos - Blog de Serbis\",\"isPartOf\":{\"@id\":\"https:\/\/www.serbis.es\/serbis\/blog\/#website\"},\"datePublished\":\"2019-11-21T10:48:21+00:00\",\"dateModified\":\"2019-11-21T10:48:21+00:00\",\"author\":{\"@id\":\"https:\/\/www.serbis.es\/serbis\/blog\/#\/schema\/person\/449002ed602088d1463cc28957dee9ea\"},\"breadcrumb\":{\"@id\":\"https:\/\/www.serbis.es\/serbis\/blog\/atrancos-comunidades-vecinos\/#breadcrumb\"},\"inLanguage\":\"es\",\"potentialAction\":[{\"@type\":\"ReadAction\",\"target\":[\"https:\/\/www.serbis.es\/serbis\/blog\/atrancos-comunidades-vecinos\/\"]}]},{\"@type\":\"BreadcrumbList\",\"@id\":\"https:\/\/www.serbis.es\/serbis\/blog\/atrancos-comunidades-vecinos\/#breadcrumb\",\"itemListElement\":[{\"@type\":\"ListItem\",\"position\":1,\"name\":\"Portada\",\"item\":\"https:\/\/www.serbis.es\/serbis\/blog\/\"},{\"@type\":\"ListItem\",\"position\":2,\"name\":\"Evitar atrancos, una tarea de comunidades y de vecinos\"}]},{\"@type\":\"WebSite\",\"@id\":\"https:\/\/www.serbis.es\/serbis\/blog\/#website\",\"url\":\"https:\/\/www.serbis.es\/serbis\/blog\/\",\"name\":\"Blog de Serbis\",\"description\":\"l\u00edderes en Espa\u00f1a en saneamiento de aguas con servicios de pocer\u00eda tradicional y sin zanjas\",\"potentialAction\":[{\"@type\":\"SearchAction\",\"target\":{\"@type\":\"EntryPoint\",\"urlTemplate\":\"https:\/\/www.serbis.es\/serbis\/blog\/?s={search_term_string}\"},\"query-input\":\"required name=search_term_string\"}],\"inLanguage\":\"es\"},{\"@type\":\"Person\",\"@id\":\"https:\/\/www.serbis.es\/serbis\/blog\/#\/schema\/person\/449002ed602088d1463cc28957dee9ea\",\"name\":\"Serbis Pocer\u00eda\",\"image\":{\"@type\":\"ImageObject\",\"inLanguage\":\"es\",\"@id\":\"https:\/\/www.serbis.es\/serbis\/blog\/#\/schema\/person\/image\/\",\"url\":\"https:\/\/secure.gravatar.com\/avatar\/1b95962073fbda6a54be252a727db96a?s=96&d=mm&r=g\",\"contentUrl\":\"https:\/\/secure.gravatar.com\/avatar\/1b95962073fbda6a54be252a727db96a?s=96&d=mm&r=g\",\"caption\":\"Serbis Pocer\u00eda\"},\"description\":\"Empresa especializada en soluciones de alcantarillado y saneamiento de agua, con gran experiencia en el sector y conocimiento de t\u00e9cnicas tanto de pocer\u00eda tradicional como de rehabilitaci\u00f3n de tuber\u00edas sin zanjas ni necesidad de obra civil\",\"sameAs\":[\"https:\/\/www.linkedin.com\/company\/poceria-serbis\",\"https:\/\/www.facebook.com\/SerbisPoceria\/\",\"https:\/\/twitter.com\/https:\/\/twitter.com\/serbis_poceria\"],\"url\":\"https:\/\/www.serbis.es\/serbis\/blog\/author\/perio_editor\/\"}]}<\/script>\n<!-- \/ Yoast SEO plugin. -->","yoast_head_json":{"title":"Evitar atrancos, una tarea de comunidades y de vecinos - Blog de Serbis","robots":{"index":"index","follow":"follow","max-snippet":"max-snippet:-1","max-image-preview":"max-image-preview:large","max-video-preview":"max-video-preview:-1"},"canonical":"https:\/\/www.serbis.es\/serbis\/blog\/atrancos-comunidades-vecinos\/","og_locale":"es_ES","og_type":"article","og_title":"Evitar atrancos, una tarea de comunidades y de vecinos - Blog de Serbis","og_description":"Resumimos las principales noticias de los \u00faltimos d\u00edas relacionadas con los sistemas de alcantarillado y saneamiento de aguas residuales en general, as\u00ed como con los atrancos y atascos de las canalizaciones, los retretes y las galer\u00edas subterr\u00e1neas&#8230; \u00bfQui\u00e9n se encarga de las aguas fecales de un patio de vecinos? Esta pregunta se la han debido [&hellip;]","og_url":"https:\/\/www.serbis.es\/serbis\/blog\/atrancos-comunidades-vecinos\/","og_site_name":"Blog de Serbis","article_author":"https:\/\/www.facebook.com\/SerbisPoceria\/","article_published_time":"2019-11-21T10:48:21+00:00","og_image":[{"width":630,"height":315,"url":"https:\/\/www.serbis.es\/serbis\/blog\/wp-content\/uploads\/atrancos-comunidades-vecinos.jpg","type":"image\/jpeg"}],"author":"Serbis Pocer\u00eda","twitter_misc":{"Escrito por":"Serbis Pocer\u00eda","Tiempo de lectura":"4 minutos"},"schema":{"@context":"https:\/\/schema.org","@graph":[{"@type":"WebPage","@id":"https:\/\/www.serbis.es\/serbis\/blog\/atrancos-comunidades-vecinos\/","url":"https:\/\/www.serbis.es\/serbis\/blog\/atrancos-comunidades-vecinos\/","name":"Evitar atrancos, una tarea de comunidades y de vecinos - Blog de Serbis","isPartOf":{"@id":"https:\/\/www.serbis.es\/serbis\/blog\/#website"},"datePublished":"2019-11-21T10:48:21+00:00","dateModified":"2019-11-21T10:48:21+00:00","author":{"@id":"https:\/\/www.serbis.es\/serbis\/blog\/#\/schema\/person\/449002ed602088d1463cc28957dee9ea"},"breadcrumb":{"@id":"https:\/\/www.serbis.es\/serbis\/blog\/atrancos-comunidades-vecinos\/#breadcrumb"},"inLanguage":"es","potentialAction":[{"@type":"ReadAction","target":["https:\/\/www.serbis.es\/serbis\/blog\/atrancos-comunidades-vecinos\/"]}]},{"@type":"BreadcrumbList","@id":"https:\/\/www.serbis.es\/serbis\/blog\/atrancos-comunidades-vecinos\/#breadcrumb","itemListElement":[{"@type":"ListItem","position":1,"name":"Portada","item":"https:\/\/www.serbis.es\/serbis\/blog\/"},{"@type":"ListItem","position":2,"name":"Evitar atrancos, una tarea de comunidades y de vecinos"}]},{"@type":"WebSite","@id":"https:\/\/www.serbis.es\/serbis\/blog\/#website","url":"https:\/\/www.serbis.es\/serbis\/blog\/","name":"Blog de Serbis","description":"l\u00edderes en Espa\u00f1a en saneamiento de aguas con servicios de pocer\u00eda tradicional y sin zanjas","potentialAction":[{"@type":"SearchAction","target":{"@type":"EntryPoint","urlTemplate":"https:\/\/www.serbis.es\/serbis\/blog\/?s={search_term_string}"},"query-input":"required name=search_term_string"}],"inLanguage":"es"},{"@type":"Person","@id":"https:\/\/www.serbis.es\/serbis\/blog\/#\/schema\/person\/449002ed602088d1463cc28957dee9ea","name":"Serbis Pocer\u00eda","image":{"@type":"ImageObject","inLanguage":"es","@id":"https:\/\/www.serbis.es\/serbis\/blog\/#\/schema\/person\/image\/","url":"https:\/\/secure.gravatar.com\/avatar\/1b95962073fbda6a54be252a727db96a?s=96&d=mm&r=g","contentUrl":"https:\/\/secure.gravatar.com\/avatar\/1b95962073fbda6a54be252a727db96a?s=96&d=mm&r=g","caption":"Serbis Pocer\u00eda"},"description":"Empresa especializada en soluciones de alcantarillado y saneamiento de agua, con gran experiencia en el sector y conocimiento de t\u00e9cnicas tanto de pocer\u00eda tradicional como de rehabilitaci\u00f3n de tuber\u00edas sin zanjas ni necesidad de obra civil","sameAs":["https:\/\/www.linkedin.com\/company\/poceria-serbis","https:\/\/www.facebook.com\/SerbisPoceria\/","https:\/\/twitter.com\/https:\/\/twitter.com\/serbis_poceria"],"url":"https:\/\/www.serbis.es\/serbis\/blog\/author\/perio_editor\/"}]}},"_links":{"self":[{"href":"https:\/\/www.serbis.es\/serbis\/blog\/wp-json\/wp\/v2\/posts\/2007"}],"collection":[{"href":"https:\/\/www.serbis.es\/serbis\/blog\/wp-json\/wp\/v2\/posts"}],"about":[{"href":"https:\/\/www.serbis.es\/serbis\/blog\/wp-json\/wp\/v2\/types\/post"}],"author":[{"embeddable":true,"href":"https:\/\/www.serbis.es\/serbis\/blog\/wp-json\/wp\/v2\/users\/3"}],"replies":[{"embeddable":true,"href":"https:\/\/www.serbis.es\/serbis\/blog\/wp-json\/wp\/v2\/comments?post=2007"}],"version-history":[{"count":5,"href":"https:\/\/www.serbis.es\/serbis\/blog\/wp-json\/wp\/v2\/posts\/2007\/revisions"}],"predecessor-version":[{"id":2020,"href":"https:\/\/www.serbis.es\/serbis\/blog\/wp-json\/wp\/v2\/posts\/2007\/revisions\/2020"}],"wp:featuredmedia":[{"embeddable":true,"href":"https:\/\/www.serbis.es\/serbis\/blog\/wp-json\/wp\/v2\/media\/2019"}],"wp:attachment":[{"href":"https:\/\/www.serbis.es\/serbis\/blog\/wp-json\/wp\/v2\/media?parent=2007"}],"wp:term":[{"taxonomy":"category","embeddable":true,"href":"https:\/\/www.serbis.es\/serbis\/blog\/wp-json\/wp\/v2\/categories?post=2007"},{"taxonomy":"post_tag","embeddable":true,"href":"https:\/\/www.serbis.es\/serbis\/blog\/wp-json\/wp\/v2\/tags?post=2007"}],"curies":[{"name":"wp","href":"https:\/\/api.w.org\/{rel}","templated":true}]}}