{"id":2033,"date":"2019-12-05T14:54:15","date_gmt":"2019-12-05T14:54:15","guid":{"rendered":"https:\/\/www.serbis.es\/serbis\/blog\/?p=2033"},"modified":"2019-12-05T14:54:15","modified_gmt":"2019-12-05T14:54:15","slug":"madrid-cumbre-clima-saneamiento-alcantarillado","status":"publish","type":"post","link":"https:\/\/www.serbis.es\/serbis\/blog\/madrid-cumbre-clima-saneamiento-alcantarillado\/","title":{"rendered":"Saneamiento y alcantarillado en la Cumbre del Clima de Madrid"},"content":{"rendered":"<p>Resumimos las principales noticias de los \u00faltimos d\u00edas relacionadas con los sistemas de alcantarillado y saneamiento de aguas residuales en general, as\u00ed como con los atrancos y atascos de las canalizaciones, los retretes y las galer\u00edas subterr\u00e1neas&#8230;<\/p>\n<h3>Las aguas residuales, en la Cumbre del Clima de Madrid<\/h3>\n<p>Hoy ha arrancado en Ifema la Cumbre del Clima de la ONU, tambi\u00e9n conocida como Madrid COP25 y que inicialmente iba a tener lugar en Chile. Este importante encuentro de \u00e1mbito internacional se prolongar\u00e1 hasta el 13 de diciembre y en \u00e9l se buscar\u00e1n algunos acuerdos entre los diferentes pa\u00edses de todo el mundo y se sentar\u00e1n las bases para la decisiva cumbre que se celebrar\u00e1 el a\u00f1o que viene en Glasgow.<\/p>\n<p>Las aguas residuales tambi\u00e9n estar\u00e1n presentes en algunos de los debates que tendr\u00e1n lugar en el congreso. Al fin y al cabo, uno de los Objetivos de Desarrollo Sostenible (ODS) de la ONU es extender el acceso al saneamiento de aguas residuales a toda la poblaci\u00f3n mundial. En la actualidad, el 80% de las aguas residuales derivadas de actividades humanas terminan en r\u00edos y mares sin ning\u00fan tipo de tratamiento o depuraci\u00f3n, lo que tiene dram\u00e1ticas consecuencias desde un punto de vista medioambiental.<\/p>\n<p><img decoding=\"async\" loading=\"lazy\" class=\"size-full wp-image-2034 alignnone\" src=\"https:\/\/www.serbis.es\/serbis\/blog\/wp-content\/uploads\/AGUAS-RESIDUALES-CUMBRE-CLIMA.jpg\" alt=\"\" width=\"630\" height=\"315\" srcset=\"https:\/\/www.serbis.es\/serbis\/blog\/wp-content\/uploads\/AGUAS-RESIDUALES-CUMBRE-CLIMA.jpg 630w, https:\/\/www.serbis.es\/serbis\/blog\/wp-content\/uploads\/AGUAS-RESIDUALES-CUMBRE-CLIMA-300x150.jpg 300w, https:\/\/www.serbis.es\/serbis\/blog\/wp-content\/uploads\/AGUAS-RESIDUALES-CUMBRE-CLIMA-370x185.jpg 370w\" sizes=\"(max-width: 630px) 100vw, 630px\" \/><\/p>\n<p>Por todo lo anterior, la Cumbre de Madrid dedica muchas de sus mesas de debate, talleres y conferencias a analizar el <a href=\"https:\/\/okdiario.com\/cop25\/agua-prioridad-cumbre-del-clima-madrid-2019-4886514\">impacto del cambio clim\u00e1tico sobre el agua y los recursos hidrol\u00f3gicos<\/a>. En este sentido, se reflexiona sobre c\u00f3mo el calentamiento global est\u00e1 incrementando <strong>las inundaciones y lluvias torrenciales que<\/strong> a menudo ponen en jaque a las redes de saneamiento.<\/p>\n<p>Tambi\u00e9n se buscar\u00e1n soluciones para atajar grandes problemas sociales globales, como el hecho de que <strong>2.400 millones de personas en todo el mundo carecen de acceso a alcantarillado<\/strong>. Como ciudad anfitriona, Madridest\u00e1 mostrando sus esfuerzos en materia de agua y sostenibilidad. En concreto, repartir\u00e1 m\u00e1s de<strong> 20.000 botellas de vidrio<\/strong> reciclables durante el congreso para fomentar el consumo de agua del grifo y presentar\u00e1 las nuevas <strong>granjas flotantes del Canal de Isabel II<\/strong>, unas placas que se sit\u00faan en los embalses y que favorecen la producci\u00f3n de energ\u00eda solar.<\/p>\n<p><img decoding=\"async\" loading=\"lazy\" class=\"size-full wp-image-2036 alignnone\" src=\"https:\/\/www.serbis.es\/serbis\/blog\/wp-content\/uploads\/agua-cumbre-clima-canal.jpg\" alt=\"\" width=\"630\" height=\"315\" srcset=\"https:\/\/www.serbis.es\/serbis\/blog\/wp-content\/uploads\/agua-cumbre-clima-canal.jpg 630w, https:\/\/www.serbis.es\/serbis\/blog\/wp-content\/uploads\/agua-cumbre-clima-canal-300x150.jpg 300w, https:\/\/www.serbis.es\/serbis\/blog\/wp-content\/uploads\/agua-cumbre-clima-canal-370x185.jpg 370w\" sizes=\"(max-width: 630px) 100vw, 630px\" \/><\/p>\n<h3>Vecinos de Ciempozuelos conviven con las aguas fecales<\/h3>\n<p>La rotura de un colector est\u00e1 trayendo por la calle de la amargura a los vecinos de un bloque de viviendas de Ciempozuelos. All\u00ed se ha formado una especie de<a href=\"http:\/\/www.telemadrid.es\/programas\/buenos-dias-madrid\/aguas-fecales-Ciempozuelos-2-2180801909--20191127111002.html\"> piscina de aguas fecales<\/a> que se filtran por dicho colector defectuoso y que provocan un<strong> olor insoportable<\/strong>, entre otras desagradables consecuencias.<\/p>\n<p>El problema se alarga desde hace ya tres meses, pero los trabajos para solucionarlo est\u00e1n paralizados porque se <strong>han encontrado cuevas y minas en la zona<\/strong>, unas antiguas canalizaciones que sol\u00edan llevar agua de los pozos de la Vega. Hasta que Patrimonio no lo permita no se retomar\u00e1n las obras para poner fin a esta piscina de aguas residuales.<\/p>\n<p><img decoding=\"async\" loading=\"lazy\" class=\"size-full wp-image-2038 alignnone\" src=\"https:\/\/www.serbis.es\/serbis\/blog\/wp-content\/uploads\/aguas-fecales-ciempozuelos.jpg\" alt=\"\" width=\"630\" height=\"315\" srcset=\"https:\/\/www.serbis.es\/serbis\/blog\/wp-content\/uploads\/aguas-fecales-ciempozuelos.jpg 630w, https:\/\/www.serbis.es\/serbis\/blog\/wp-content\/uploads\/aguas-fecales-ciempozuelos-300x150.jpg 300w, https:\/\/www.serbis.es\/serbis\/blog\/wp-content\/uploads\/aguas-fecales-ciempozuelos-370x185.jpg 370w\" sizes=\"(max-width: 630px) 100vw, 630px\" \/><\/p>\n<p>Si quieres contarnos algo puedes llamarnos al <strong>n\u00famero de tel\u00e9fono <\/strong><strong>91 610 62 53<\/strong> y si te gusta estar informado de las noticias nacionales e internacionales m\u00e1s interesantes de las industrias de la pocer\u00eda, el alcantarillado y el saneamiento de aguas fecales, visita <a href=\"https:\/\/www.serbis.es\/\" target=\"_blank\" rel=\"noopener\"><strong>Serbis.es<\/strong><\/a> y <strong>s\u00edguenos en las redes sociales<\/strong>:<\/p>\n<p><a href=\"https:\/\/www.facebook.com\/SerbisPoceria\/\" rel=\"attachment wp-att-691\" class=\"broken_link\"><img decoding=\"async\" loading=\"lazy\" class=\"size-full wp-image-691\" src=\"https:\/\/www.serbis.es\/serbis\/blog\/wp-content\/uploads\/facebook.jpg\" alt=\"facebook\" width=\"113\" height=\"111\" \/><\/a><\/p>\n<p>&nbsp;<\/p>\n<p><a href=\"https:\/\/twitter.com\/serbis_poceria\" rel=\"attachment wp-att-692\"><img decoding=\"async\" loading=\"lazy\" class=\"size-full wp-image-692\" src=\"https:\/\/www.serbis.es\/serbis\/blog\/wp-content\/uploads\/twitter.jpg\" alt=\"twitter\" width=\"113\" height=\"111\" \/><\/a><\/p>\n<p>&nbsp;<\/p>\n<p><a href=\"https:\/\/www.instagram.com\/serbis_poceria\/\" rel=\"attachment wp-att-692\" class=\"broken_link\"><img decoding=\"async\" loading=\"lazy\" class=\"alignnone wp-image-1462 size-full\" src=\"https:\/\/www.serbis.es\/serbis\/blog\/wp-content\/uploads\/instagram.jpg\" alt=\"\" width=\"113\" height=\"111\" \/><\/a><\/p>\n<p>&nbsp;<\/p>\n<p><a href=\"https:\/\/es.linkedin.com\/company\/poceria-serbis\" rel=\"attachment wp-att-693\"><img decoding=\"async\" loading=\"lazy\" class=\"size-full wp-image-693 alignleft\" src=\"https:\/\/www.serbis.es\/serbis\/blog\/wp-content\/uploads\/linkedin.jpg\" alt=\"linkedin\" width=\"113\" height=\"111\" \/><\/a><\/p>\n<p>&nbsp;<\/p>\n<p>&nbsp;<\/p>\n<p>&nbsp;<\/p>\n<p>&nbsp;<\/p>\n<p><a href=\"https:\/\/www.youtube.com\/channel\/UCSIAPGXKlWyOmHRZo9YCpBQ\" rel=\"attachment wp-att-694\"><img decoding=\"async\" loading=\"lazy\" class=\"size-full wp-image-694 alignleft\" src=\"https:\/\/www.serbis.es\/serbis\/blog\/wp-content\/uploads\/youtube.jpg\" alt=\"youtube\" width=\"113\" height=\"111\" \/><\/a><\/p>\n<p>&nbsp;<\/p>\n<p>&nbsp;<\/p>\n<p>&nbsp;<\/p>\n<p>&nbsp;<\/p>\n<p><a href=\"https:\/\/vimeo.com\/user9248661\" rel=\"attachment wp-att-696\"><img decoding=\"async\" loading=\"lazy\" class=\"size-full wp-image-696 alignleft\" src=\"https:\/\/www.serbis.es\/serbis\/blog\/wp-content\/uploads\/vimeo.jpg\" alt=\"vimeo\" width=\"113\" height=\"111\" \/><\/a><\/p>\n<p>&nbsp;<\/p>\n<p>&nbsp;<\/p>\n<p>&nbsp;<\/p>\n<p>&nbsp;<\/p>\n<p><a href=\"https:\/\/www.flickr.com\/photos\/155074596@N06\/\" rel=\"attachment wp-att-698\"><img decoding=\"async\" loading=\"lazy\" class=\"size-full wp-image-698 alignleft\" src=\"https:\/\/www.serbis.es\/serbis\/blog\/wp-content\/uploads\/flickr.jpg\" alt=\"flickr\" width=\"113\" height=\"111\" \/><\/a><\/p>\n<p>&nbsp;<\/p>\n<p>&nbsp;<\/p>\n<p>&nbsp;<\/p>\n<p>&nbsp;<\/p>\n<p><a href=\"https:\/\/www.pinterest.es\/pin\/133348838938250902\/\" rel=\"attachment wp-att-697\"><img decoding=\"async\" loading=\"lazy\" class=\"size-full wp-image-697 alignleft\" src=\"https:\/\/www.serbis.es\/serbis\/blog\/wp-content\/uploads\/pinterest.jpg\" alt=\"pinterest\" width=\"113\" height=\"111\" \/><\/a><\/p>\n","protected":false},"excerpt":{"rendered":"<p>Resumimos las principales noticias de los \u00faltimos d\u00edas relacionadas con los sistemas de alcantarillado y saneamiento de aguas residuales en general, as\u00ed como con los atrancos y atascos de las canalizaciones, los retretes y las galer\u00edas subterr\u00e1neas&#8230; Las aguas residuales, en la Cumbre del Clima de Madrid Hoy ha arrancado en Ifema la Cumbre del [&hellip;]<\/p>\n","protected":false},"author":3,"featured_media":2036,"comment_status":"open","ping_status":"open","sticky":false,"template":"","format":"standard","meta":{"_mi_skip_tracking":false,"_monsterinsights_sitenote_active":false,"_monsterinsights_sitenote_note":"","_monsterinsights_sitenote_category":0},"categories":[29,4,17,2,26,32],"tags":[111,75,22,61,379,380,18,40],"yoast_head":"<!-- This site is optimized with the Yoast SEO plugin v20.10 - https:\/\/yoast.com\/wordpress\/plugins\/seo\/ -->\n<title>Saneamiento y alcantarillado en la Cumbre del Clima de Madrid - Blog de Serbis<\/title>\n<meta name=\"robots\" content=\"index, follow, max-snippet:-1, max-image-preview:large, max-video-preview:-1\" \/>\n<link rel=\"canonical\" href=\"https:\/\/www.serbis.es\/serbis\/blog\/madrid-cumbre-clima-saneamiento-alcantarillado\/\" \/>\n<meta property=\"og:locale\" content=\"es_ES\" \/>\n<meta property=\"og:type\" content=\"article\" \/>\n<meta property=\"og:title\" content=\"Saneamiento y alcantarillado en la Cumbre del Clima de Madrid - Blog de Serbis\" \/>\n<meta property=\"og:description\" content=\"Resumimos las principales noticias de los \u00faltimos d\u00edas relacionadas con los sistemas de alcantarillado y saneamiento de aguas residuales en general, as\u00ed como con los atrancos y atascos de las canalizaciones, los retretes y las galer\u00edas subterr\u00e1neas&#8230; Las aguas residuales, en la Cumbre del Clima de Madrid Hoy ha arrancado en Ifema la Cumbre del [&hellip;]\" \/>\n<meta property=\"og:url\" content=\"https:\/\/www.serbis.es\/serbis\/blog\/madrid-cumbre-clima-saneamiento-alcantarillado\/\" \/>\n<meta property=\"og:site_name\" content=\"Blog de Serbis\" \/>\n<meta property=\"article:author\" content=\"https:\/\/www.facebook.com\/SerbisPoceria\/\" \/>\n<meta property=\"article:published_time\" content=\"2019-12-05T14:54:15+00:00\" \/>\n<meta property=\"og:image\" content=\"https:\/\/www.serbis.es\/serbis\/blog\/wp-content\/uploads\/agua-cumbre-clima-canal.jpg\" \/>\n\t<meta property=\"og:image:width\" content=\"630\" \/>\n\t<meta property=\"og:image:height\" content=\"315\" \/>\n\t<meta property=\"og:image:type\" content=\"image\/jpeg\" \/>\n<meta name=\"author\" content=\"Serbis Pocer\u00eda\" \/>\n<meta name=\"twitter:label1\" content=\"Escrito por\" \/>\n\t<meta name=\"twitter:data1\" content=\"Serbis Pocer\u00eda\" \/>\n\t<meta name=\"twitter:label2\" content=\"Tiempo de lectura\" \/>\n\t<meta name=\"twitter:data2\" content=\"3 minutos\" \/>\n<script type=\"application\/ld+json\" class=\"yoast-schema-graph\">{\"@context\":\"https:\/\/schema.org\",\"@graph\":[{\"@type\":\"WebPage\",\"@id\":\"https:\/\/www.serbis.es\/serbis\/blog\/madrid-cumbre-clima-saneamiento-alcantarillado\/\",\"url\":\"https:\/\/www.serbis.es\/serbis\/blog\/madrid-cumbre-clima-saneamiento-alcantarillado\/\",\"name\":\"Saneamiento y alcantarillado en la Cumbre del Clima de Madrid - Blog de Serbis\",\"isPartOf\":{\"@id\":\"https:\/\/www.serbis.es\/serbis\/blog\/#website\"},\"datePublished\":\"2019-12-05T14:54:15+00:00\",\"dateModified\":\"2019-12-05T14:54:15+00:00\",\"author\":{\"@id\":\"https:\/\/www.serbis.es\/serbis\/blog\/#\/schema\/person\/449002ed602088d1463cc28957dee9ea\"},\"breadcrumb\":{\"@id\":\"https:\/\/www.serbis.es\/serbis\/blog\/madrid-cumbre-clima-saneamiento-alcantarillado\/#breadcrumb\"},\"inLanguage\":\"es\",\"potentialAction\":[{\"@type\":\"ReadAction\",\"target\":[\"https:\/\/www.serbis.es\/serbis\/blog\/madrid-cumbre-clima-saneamiento-alcantarillado\/\"]}]},{\"@type\":\"BreadcrumbList\",\"@id\":\"https:\/\/www.serbis.es\/serbis\/blog\/madrid-cumbre-clima-saneamiento-alcantarillado\/#breadcrumb\",\"itemListElement\":[{\"@type\":\"ListItem\",\"position\":1,\"name\":\"Portada\",\"item\":\"https:\/\/www.serbis.es\/serbis\/blog\/\"},{\"@type\":\"ListItem\",\"position\":2,\"name\":\"Saneamiento y alcantarillado en la Cumbre del Clima de Madrid\"}]},{\"@type\":\"WebSite\",\"@id\":\"https:\/\/www.serbis.es\/serbis\/blog\/#website\",\"url\":\"https:\/\/www.serbis.es\/serbis\/blog\/\",\"name\":\"Blog de Serbis\",\"description\":\"l\u00edderes en Espa\u00f1a en saneamiento de aguas con servicios de pocer\u00eda tradicional y sin zanjas\",\"potentialAction\":[{\"@type\":\"SearchAction\",\"target\":{\"@type\":\"EntryPoint\",\"urlTemplate\":\"https:\/\/www.serbis.es\/serbis\/blog\/?s={search_term_string}\"},\"query-input\":\"required name=search_term_string\"}],\"inLanguage\":\"es\"},{\"@type\":\"Person\",\"@id\":\"https:\/\/www.serbis.es\/serbis\/blog\/#\/schema\/person\/449002ed602088d1463cc28957dee9ea\",\"name\":\"Serbis Pocer\u00eda\",\"image\":{\"@type\":\"ImageObject\",\"inLanguage\":\"es\",\"@id\":\"https:\/\/www.serbis.es\/serbis\/blog\/#\/schema\/person\/image\/\",\"url\":\"https:\/\/secure.gravatar.com\/avatar\/1b95962073fbda6a54be252a727db96a?s=96&d=mm&r=g\",\"contentUrl\":\"https:\/\/secure.gravatar.com\/avatar\/1b95962073fbda6a54be252a727db96a?s=96&d=mm&r=g\",\"caption\":\"Serbis Pocer\u00eda\"},\"description\":\"Empresa especializada en soluciones de alcantarillado y saneamiento de agua, con gran experiencia en el sector y conocimiento de t\u00e9cnicas tanto de pocer\u00eda tradicional como de rehabilitaci\u00f3n de tuber\u00edas sin zanjas ni necesidad de obra civil\",\"sameAs\":[\"https:\/\/www.linkedin.com\/company\/poceria-serbis\",\"https:\/\/www.facebook.com\/SerbisPoceria\/\",\"https:\/\/twitter.com\/https:\/\/twitter.com\/serbis_poceria\"],\"url\":\"https:\/\/www.serbis.es\/serbis\/blog\/author\/perio_editor\/\"}]}<\/script>\n<!-- \/ Yoast SEO plugin. -->","yoast_head_json":{"title":"Saneamiento y alcantarillado en la Cumbre del Clima de Madrid - Blog de Serbis","robots":{"index":"index","follow":"follow","max-snippet":"max-snippet:-1","max-image-preview":"max-image-preview:large","max-video-preview":"max-video-preview:-1"},"canonical":"https:\/\/www.serbis.es\/serbis\/blog\/madrid-cumbre-clima-saneamiento-alcantarillado\/","og_locale":"es_ES","og_type":"article","og_title":"Saneamiento y alcantarillado en la Cumbre del Clima de Madrid - Blog de Serbis","og_description":"Resumimos las principales noticias de los \u00faltimos d\u00edas relacionadas con los sistemas de alcantarillado y saneamiento de aguas residuales en general, as\u00ed como con los atrancos y atascos de las canalizaciones, los retretes y las galer\u00edas subterr\u00e1neas&#8230; Las aguas residuales, en la Cumbre del Clima de Madrid Hoy ha arrancado en Ifema la Cumbre del [&hellip;]","og_url":"https:\/\/www.serbis.es\/serbis\/blog\/madrid-cumbre-clima-saneamiento-alcantarillado\/","og_site_name":"Blog de Serbis","article_author":"https:\/\/www.facebook.com\/SerbisPoceria\/","article_published_time":"2019-12-05T14:54:15+00:00","og_image":[{"width":630,"height":315,"url":"https:\/\/www.serbis.es\/serbis\/blog\/wp-content\/uploads\/agua-cumbre-clima-canal.jpg","type":"image\/jpeg"}],"author":"Serbis Pocer\u00eda","twitter_misc":{"Escrito por":"Serbis Pocer\u00eda","Tiempo de lectura":"3 minutos"},"schema":{"@context":"https:\/\/schema.org","@graph":[{"@type":"WebPage","@id":"https:\/\/www.serbis.es\/serbis\/blog\/madrid-cumbre-clima-saneamiento-alcantarillado\/","url":"https:\/\/www.serbis.es\/serbis\/blog\/madrid-cumbre-clima-saneamiento-alcantarillado\/","name":"Saneamiento y alcantarillado en la Cumbre del Clima de Madrid - Blog de Serbis","isPartOf":{"@id":"https:\/\/www.serbis.es\/serbis\/blog\/#website"},"datePublished":"2019-12-05T14:54:15+00:00","dateModified":"2019-12-05T14:54:15+00:00","author":{"@id":"https:\/\/www.serbis.es\/serbis\/blog\/#\/schema\/person\/449002ed602088d1463cc28957dee9ea"},"breadcrumb":{"@id":"https:\/\/www.serbis.es\/serbis\/blog\/madrid-cumbre-clima-saneamiento-alcantarillado\/#breadcrumb"},"inLanguage":"es","potentialAction":[{"@type":"ReadAction","target":["https:\/\/www.serbis.es\/serbis\/blog\/madrid-cumbre-clima-saneamiento-alcantarillado\/"]}]},{"@type":"BreadcrumbList","@id":"https:\/\/www.serbis.es\/serbis\/blog\/madrid-cumbre-clima-saneamiento-alcantarillado\/#breadcrumb","itemListElement":[{"@type":"ListItem","position":1,"name":"Portada","item":"https:\/\/www.serbis.es\/serbis\/blog\/"},{"@type":"ListItem","position":2,"name":"Saneamiento y alcantarillado en la Cumbre del Clima de Madrid"}]},{"@type":"WebSite","@id":"https:\/\/www.serbis.es\/serbis\/blog\/#website","url":"https:\/\/www.serbis.es\/serbis\/blog\/","name":"Blog de Serbis","description":"l\u00edderes en Espa\u00f1a en saneamiento de aguas con servicios de pocer\u00eda tradicional y sin zanjas","potentialAction":[{"@type":"SearchAction","target":{"@type":"EntryPoint","urlTemplate":"https:\/\/www.serbis.es\/serbis\/blog\/?s={search_term_string}"},"query-input":"required name=search_term_string"}],"inLanguage":"es"},{"@type":"Person","@id":"https:\/\/www.serbis.es\/serbis\/blog\/#\/schema\/person\/449002ed602088d1463cc28957dee9ea","name":"Serbis Pocer\u00eda","image":{"@type":"ImageObject","inLanguage":"es","@id":"https:\/\/www.serbis.es\/serbis\/blog\/#\/schema\/person\/image\/","url":"https:\/\/secure.gravatar.com\/avatar\/1b95962073fbda6a54be252a727db96a?s=96&d=mm&r=g","contentUrl":"https:\/\/secure.gravatar.com\/avatar\/1b95962073fbda6a54be252a727db96a?s=96&d=mm&r=g","caption":"Serbis Pocer\u00eda"},"description":"Empresa especializada en soluciones de alcantarillado y saneamiento de agua, con gran experiencia en el sector y conocimiento de t\u00e9cnicas tanto de pocer\u00eda tradicional como de rehabilitaci\u00f3n de tuber\u00edas sin zanjas ni necesidad de obra civil","sameAs":["https:\/\/www.linkedin.com\/company\/poceria-serbis","https:\/\/www.facebook.com\/SerbisPoceria\/","https:\/\/twitter.com\/https:\/\/twitter.com\/serbis_poceria"],"url":"https:\/\/www.serbis.es\/serbis\/blog\/author\/perio_editor\/"}]}},"_links":{"self":[{"href":"https:\/\/www.serbis.es\/serbis\/blog\/wp-json\/wp\/v2\/posts\/2033"}],"collection":[{"href":"https:\/\/www.serbis.es\/serbis\/blog\/wp-json\/wp\/v2\/posts"}],"about":[{"href":"https:\/\/www.serbis.es\/serbis\/blog\/wp-json\/wp\/v2\/types\/post"}],"author":[{"embeddable":true,"href":"https:\/\/www.serbis.es\/serbis\/blog\/wp-json\/wp\/v2\/users\/3"}],"replies":[{"embeddable":true,"href":"https:\/\/www.serbis.es\/serbis\/blog\/wp-json\/wp\/v2\/comments?post=2033"}],"version-history":[{"count":4,"href":"https:\/\/www.serbis.es\/serbis\/blog\/wp-json\/wp\/v2\/posts\/2033\/revisions"}],"predecessor-version":[{"id":2040,"href":"https:\/\/www.serbis.es\/serbis\/blog\/wp-json\/wp\/v2\/posts\/2033\/revisions\/2040"}],"wp:featuredmedia":[{"embeddable":true,"href":"https:\/\/www.serbis.es\/serbis\/blog\/wp-json\/wp\/v2\/media\/2036"}],"wp:attachment":[{"href":"https:\/\/www.serbis.es\/serbis\/blog\/wp-json\/wp\/v2\/media?parent=2033"}],"wp:term":[{"taxonomy":"category","embeddable":true,"href":"https:\/\/www.serbis.es\/serbis\/blog\/wp-json\/wp\/v2\/categories?post=2033"},{"taxonomy":"post_tag","embeddable":true,"href":"https:\/\/www.serbis.es\/serbis\/blog\/wp-json\/wp\/v2\/tags?post=2033"}],"curies":[{"name":"wp","href":"https:\/\/api.w.org\/{rel}","templated":true}]}}