{"id":2094,"date":"2020-01-30T17:23:41","date_gmt":"2020-01-30T17:23:41","guid":{"rendered":"https:\/\/www.serbis.es\/serbis\/blog\/?p=2094"},"modified":"2020-01-30T17:23:41","modified_gmt":"2020-01-30T17:23:41","slug":"europa-reutilizacion-aguas-residuales","status":"publish","type":"post","link":"https:\/\/www.serbis.es\/serbis\/blog\/europa-reutilizacion-aguas-residuales\/","title":{"rendered":"Nuevos pasos en la reutilizaci\u00f3n de aguas residuales"},"content":{"rendered":"<p>Resumimos las principales noticias de los \u00faltimos d\u00edas relacionadas con los sistemas de alcantarillado y la depuraci\u00f3n de aguas residuales en general, as\u00ed como con los atrancos y atascos de las canalizaciones, los retretes y las galer\u00edas subterr\u00e1neas&#8230;<\/p>\n<h3>Europa insiste en reutilizar las aguas residuales en la agricultura<\/h3>\n<p>Aunque es un deseo anunciado desde hace mucho tiempo, parece que nunca termina de concretarse. Por eso, los miembros del comit\u00e9 de medio ambiente del <strong>Parlamento Europeo<\/strong> <a href=\"https:\/\/www.ambientum.com\/ambientum\/agua\/reutilizar-las-aguas-residuales-en-la-agricultura.asp\">han vuelto a dar un impulso esta semana<\/a> a la reutilizaci\u00f3n de las aguas residuales en la agricultura.<\/p>\n<p>Dicho impulso se traduce en un acuerdo informal, que a\u00fan deber\u00e1 ser ratificado por las autoridades comunitarias, para que las plantas de tratamiento de aguas residuales <strong>incrementen sus sistemas de control<\/strong> con el objetivo de poder utilizar dichas aguas para los riegos agr\u00edcolas.<\/p>\n<p>Avanzar en este terreno es de vital importancia en la Uni\u00f3n Europea. Entre otras cosas, porque la agricultura consume aproximadamente<strong> la mitad del agua que se utiliza en la UE cada a\u00f1o<\/strong> y porque se calcula que para la mitad de las cuencas fluviales europeas podr\u00edan sufrir <strong>escasez de agua all\u00e1 por 2030<\/strong>, es decir, en apenas 10 a\u00f1os.<\/p>\n<p><img decoding=\"async\" loading=\"lazy\" class=\"size-full wp-image-2099 alignnone\" src=\"https:\/\/www.serbis.es\/serbis\/blog\/wp-content\/uploads\/riego-agricultura-aguas-residuales.jpg\" alt=\"\" width=\"630\" height=\"315\" srcset=\"https:\/\/www.serbis.es\/serbis\/blog\/wp-content\/uploads\/riego-agricultura-aguas-residuales.jpg 630w, https:\/\/www.serbis.es\/serbis\/blog\/wp-content\/uploads\/riego-agricultura-aguas-residuales-300x150.jpg 300w, https:\/\/www.serbis.es\/serbis\/blog\/wp-content\/uploads\/riego-agricultura-aguas-residuales-370x185.jpg 370w\" sizes=\"(max-width: 630px) 100vw, 630px\" \/><\/p>\n<h3>Cierran tres playas en Tenerife por vertidos de aguas residuales<\/h3>\n<p>Es l\u00f3gico que la mezcla de unas <strong>instalaciones de saneamiento en mal estado<\/strong> y un <strong>uso fraudulento<\/strong> de las mismas tenga como consecuencia el colapso de su funcionamiento. Y eso es exactamente lo que <a href=\"https:\/\/www.canarias7.es\/siete-islas\/tenerife\/prohiben-el-bano-en-tres-playas-de-tenerife-por-vertido-de-aguas-residuales-CN8582400\">acaba de pasar en Tenerife<\/a>, concretamente, en el municipio de <strong>El Rosario<\/strong>.<\/p>\n<p>En esta zona de la mayor de las Islas Canarias se han visto obligados a cerrar tres playas <strong>al ba\u00f1o, la pesca y las actividades subacu\u00e1ticas<\/strong>. La raz\u00f3n es un vertido de aguas residuales como consecuencia de <strong>una fisura en una pared del pozo<\/strong> que recoge las aguas fecales de una de las urbanizaciones de la localidad y que est\u00e1 pendiente de ser reformado.<\/p>\n<p>Por si eso no fuera suficiente, a ese pozo tambi\u00e9n llegan <strong> de manera irregular desde hace una d\u00e9cada<\/strong> las aguas industriales de las empresas instaladas en un pol\u00edgono cercano. De hecho, lo hacen a trav\u00e9s de una conexi\u00f3n que, al parecer, en la actualidad est\u00e1 siendo<strong> investigada por la Guardia Civil<\/strong>.<\/p>\n<p><img decoding=\"async\" loading=\"lazy\" class=\"size-full wp-image-2095 alignnone\" src=\"https:\/\/www.serbis.es\/serbis\/blog\/wp-content\/uploads\/vertido-aguas-residuales-playas-rosario-tenerife.jpg\" alt=\"\" width=\"630\" height=\"315\" srcset=\"https:\/\/www.serbis.es\/serbis\/blog\/wp-content\/uploads\/vertido-aguas-residuales-playas-rosario-tenerife.jpg 630w, https:\/\/www.serbis.es\/serbis\/blog\/wp-content\/uploads\/vertido-aguas-residuales-playas-rosario-tenerife-300x150.jpg 300w, https:\/\/www.serbis.es\/serbis\/blog\/wp-content\/uploads\/vertido-aguas-residuales-playas-rosario-tenerife-370x185.jpg 370w\" sizes=\"(max-width: 630px) 100vw, 630px\" \/><\/p>\n<h3>La basura rebosa de las alcantarillas de Puente de Vallecas<\/h3>\n<p>Los vecinos de Puente de Vallecas, el popular barrio del sur de Madrid, <a href=\"http:\/\/www.telemadrid.es\/programas\/buenos-dias-madrid\/denuncia-encuentra-Puente-Vallecas-M-30-2-2199400053--20200128112356.html\">se quejan de la situaci\u00f3n de abandono<\/a> que sufre esta zona de la ciudad. Entre otras cosas, porque el t\u00fanel situado en el barrio, <strong>justo debajo de la autopista de circunvalaci\u00f3n M-30<\/strong>, est\u00e1 repleto de basura.<\/p>\n<p>La imagen habitual es de aceras llenas de <strong>porquer\u00eda, cartones y colchones<\/strong>, en los que cada noche duermen numerosas personas sin hogar. Adem\u00e1s,<strong> las alcantarillas est\u00e1n abiertas y de ellas rebosan restos de basura<\/strong>, una situaci\u00f3n desagradable, por los malos olores, y que va de camino de ser tambi\u00e9n insalubre&#8230;<\/p>\n<p><img decoding=\"async\" loading=\"lazy\" class=\"size-full wp-image-2097 alignnone\" src=\"https:\/\/www.serbis.es\/serbis\/blog\/wp-content\/uploads\/alcantarillas-basura-puente-vallecas.jpg\" alt=\"\" width=\"630\" height=\"315\" srcset=\"https:\/\/www.serbis.es\/serbis\/blog\/wp-content\/uploads\/alcantarillas-basura-puente-vallecas.jpg 630w, https:\/\/www.serbis.es\/serbis\/blog\/wp-content\/uploads\/alcantarillas-basura-puente-vallecas-300x150.jpg 300w, https:\/\/www.serbis.es\/serbis\/blog\/wp-content\/uploads\/alcantarillas-basura-puente-vallecas-370x185.jpg 370w\" sizes=\"(max-width: 630px) 100vw, 630px\" \/><\/p>\n<p>Si quieres contarnos algo puedes llamarnos al <strong>n\u00famero de tel\u00e9fono <\/strong><strong>91 610 62 53<\/strong> y si te gusta estar informado de las noticias nacionales e internacionales m\u00e1s interesantes de las industrias de la pocer\u00eda, el alcantarillado y el saneamiento de aguas fecales, visita <a href=\"https:\/\/www.serbis.es\/\" target=\"_blank\" rel=\"noopener\"><strong>Serbis.es<\/strong><\/a> y <strong>s\u00edguenos en las redes sociales<\/strong>:<\/p>\n<p><a href=\"https:\/\/www.facebook.com\/SerbisPoceria\/\" rel=\"attachment wp-att-691\" class=\"broken_link\"><img decoding=\"async\" loading=\"lazy\" class=\"size-full wp-image-691\" src=\"https:\/\/www.serbis.es\/serbis\/blog\/wp-content\/uploads\/facebook.jpg\" alt=\"facebook\" width=\"113\" height=\"111\" \/><\/a><\/p>\n<p>&nbsp;<\/p>\n<p><a href=\"https:\/\/twitter.com\/serbis_poceria\" rel=\"attachment wp-att-692\"><img decoding=\"async\" loading=\"lazy\" class=\"size-full wp-image-692\" src=\"https:\/\/www.serbis.es\/serbis\/blog\/wp-content\/uploads\/twitter.jpg\" alt=\"twitter\" width=\"113\" height=\"111\" \/><\/a><\/p>\n<p>&nbsp;<\/p>\n<p><a href=\"https:\/\/www.instagram.com\/serbis_poceria\/\" rel=\"attachment wp-att-692\" class=\"broken_link\"><img decoding=\"async\" loading=\"lazy\" class=\"alignnone wp-image-1462 size-full\" src=\"https:\/\/www.serbis.es\/serbis\/blog\/wp-content\/uploads\/instagram.jpg\" alt=\"\" width=\"113\" height=\"111\" \/><\/a><\/p>\n<p>&nbsp;<\/p>\n<p><a href=\"https:\/\/es.linkedin.com\/company\/poceria-serbis\" rel=\"attachment wp-att-693\"><img decoding=\"async\" loading=\"lazy\" class=\"size-full wp-image-693 alignleft\" src=\"https:\/\/www.serbis.es\/serbis\/blog\/wp-content\/uploads\/linkedin.jpg\" alt=\"linkedin\" width=\"113\" height=\"111\" \/><\/a><\/p>\n<p>&nbsp;<\/p>\n<p>&nbsp;<\/p>\n<p>&nbsp;<\/p>\n<p>&nbsp;<\/p>\n<p><a href=\"https:\/\/www.youtube.com\/channel\/UCSIAPGXKlWyOmHRZo9YCpBQ\" rel=\"attachment wp-att-694\"><img decoding=\"async\" loading=\"lazy\" class=\"size-full wp-image-694 alignleft\" src=\"https:\/\/www.serbis.es\/serbis\/blog\/wp-content\/uploads\/youtube.jpg\" alt=\"youtube\" width=\"113\" height=\"111\" \/><\/a><\/p>\n<p>&nbsp;<\/p>\n<p>&nbsp;<\/p>\n<p>&nbsp;<\/p>\n<p>&nbsp;<\/p>\n<p><a href=\"https:\/\/vimeo.com\/user9248661\" rel=\"attachment wp-att-696\"><img decoding=\"async\" loading=\"lazy\" class=\"size-full wp-image-696 alignleft\" src=\"https:\/\/www.serbis.es\/serbis\/blog\/wp-content\/uploads\/vimeo.jpg\" alt=\"vimeo\" width=\"113\" height=\"111\" \/><\/a><\/p>\n<p>&nbsp;<\/p>\n<p>&nbsp;<\/p>\n<p>&nbsp;<\/p>\n<p>&nbsp;<\/p>\n<p><a href=\"https:\/\/www.flickr.com\/photos\/155074596@N06\/\" rel=\"attachment wp-att-698\"><img decoding=\"async\" loading=\"lazy\" class=\"size-full wp-image-698 alignleft\" src=\"https:\/\/www.serbis.es\/serbis\/blog\/wp-content\/uploads\/flickr.jpg\" alt=\"flickr\" width=\"113\" height=\"111\" \/><\/a><\/p>\n<p>&nbsp;<\/p>\n<p>&nbsp;<\/p>\n<p>&nbsp;<\/p>\n<p>&nbsp;<\/p>\n<p><a href=\"https:\/\/www.pinterest.es\/pin\/133348838938250902\/\" rel=\"attachment wp-att-697\"><img decoding=\"async\" loading=\"lazy\" class=\"size-full wp-image-697 alignleft\" src=\"https:\/\/www.serbis.es\/serbis\/blog\/wp-content\/uploads\/pinterest.jpg\" alt=\"pinterest\" width=\"113\" height=\"111\" \/><\/a><\/p>\n","protected":false},"excerpt":{"rendered":"<p>Resumimos las principales noticias de los \u00faltimos d\u00edas relacionadas con los sistemas de alcantarillado y la depuraci\u00f3n de aguas residuales en general, as\u00ed como con los atrancos y atascos de las canalizaciones, los retretes y las galer\u00edas subterr\u00e1neas&#8230; Europa insiste en reutilizar las aguas residuales en la agricultura Aunque es un deseo anunciado desde hace [&hellip;]<\/p>\n","protected":false},"author":3,"featured_media":2100,"comment_status":"open","ping_status":"open","sticky":false,"template":"","format":"standard","meta":{"_mi_skip_tracking":false,"_monsterinsights_sitenote_active":false,"_monsterinsights_sitenote_note":"","_monsterinsights_sitenote_category":0},"categories":[2,26,32],"tags":[384,111,22,61,280,385,40],"yoast_head":"<!-- This site is optimized with the Yoast SEO plugin v20.10 - https:\/\/yoast.com\/wordpress\/plugins\/seo\/ -->\n<title>Nuevos pasos en la reutilizaci\u00f3n de aguas residuales - Blog de Serbis<\/title>\n<meta name=\"robots\" content=\"index, follow, max-snippet:-1, max-image-preview:large, max-video-preview:-1\" \/>\n<link rel=\"canonical\" href=\"https:\/\/www.serbis.es\/serbis\/blog\/europa-reutilizacion-aguas-residuales\/\" \/>\n<meta property=\"og:locale\" content=\"es_ES\" \/>\n<meta property=\"og:type\" content=\"article\" \/>\n<meta property=\"og:title\" content=\"Nuevos pasos en la reutilizaci\u00f3n de aguas residuales - Blog de Serbis\" \/>\n<meta property=\"og:description\" content=\"Resumimos las principales noticias de los \u00faltimos d\u00edas relacionadas con los sistemas de alcantarillado y la depuraci\u00f3n de aguas residuales en general, as\u00ed como con los atrancos y atascos de las canalizaciones, los retretes y las galer\u00edas subterr\u00e1neas&#8230; Europa insiste en reutilizar las aguas residuales en la agricultura Aunque es un deseo anunciado desde hace [&hellip;]\" \/>\n<meta property=\"og:url\" content=\"https:\/\/www.serbis.es\/serbis\/blog\/europa-reutilizacion-aguas-residuales\/\" \/>\n<meta property=\"og:site_name\" content=\"Blog de Serbis\" \/>\n<meta property=\"article:author\" content=\"https:\/\/www.facebook.com\/SerbisPoceria\/\" \/>\n<meta property=\"article:published_time\" content=\"2020-01-30T17:23:41+00:00\" \/>\n<meta property=\"og:image\" content=\"https:\/\/www.serbis.es\/serbis\/blog\/wp-content\/uploads\/union-europea-agua.jpg\" \/>\n\t<meta property=\"og:image:width\" content=\"630\" \/>\n\t<meta property=\"og:image:height\" content=\"315\" \/>\n\t<meta property=\"og:image:type\" content=\"image\/jpeg\" \/>\n<meta name=\"author\" content=\"Serbis Pocer\u00eda\" \/>\n<meta name=\"twitter:label1\" content=\"Escrito por\" \/>\n\t<meta name=\"twitter:data1\" content=\"Serbis Pocer\u00eda\" \/>\n\t<meta name=\"twitter:label2\" content=\"Tiempo de lectura\" \/>\n\t<meta name=\"twitter:data2\" content=\"3 minutos\" \/>\n<script type=\"application\/ld+json\" class=\"yoast-schema-graph\">{\"@context\":\"https:\/\/schema.org\",\"@graph\":[{\"@type\":\"WebPage\",\"@id\":\"https:\/\/www.serbis.es\/serbis\/blog\/europa-reutilizacion-aguas-residuales\/\",\"url\":\"https:\/\/www.serbis.es\/serbis\/blog\/europa-reutilizacion-aguas-residuales\/\",\"name\":\"Nuevos pasos en la reutilizaci\u00f3n de aguas residuales - Blog de Serbis\",\"isPartOf\":{\"@id\":\"https:\/\/www.serbis.es\/serbis\/blog\/#website\"},\"datePublished\":\"2020-01-30T17:23:41+00:00\",\"dateModified\":\"2020-01-30T17:23:41+00:00\",\"author\":{\"@id\":\"https:\/\/www.serbis.es\/serbis\/blog\/#\/schema\/person\/449002ed602088d1463cc28957dee9ea\"},\"breadcrumb\":{\"@id\":\"https:\/\/www.serbis.es\/serbis\/blog\/europa-reutilizacion-aguas-residuales\/#breadcrumb\"},\"inLanguage\":\"es\",\"potentialAction\":[{\"@type\":\"ReadAction\",\"target\":[\"https:\/\/www.serbis.es\/serbis\/blog\/europa-reutilizacion-aguas-residuales\/\"]}]},{\"@type\":\"BreadcrumbList\",\"@id\":\"https:\/\/www.serbis.es\/serbis\/blog\/europa-reutilizacion-aguas-residuales\/#breadcrumb\",\"itemListElement\":[{\"@type\":\"ListItem\",\"position\":1,\"name\":\"Portada\",\"item\":\"https:\/\/www.serbis.es\/serbis\/blog\/\"},{\"@type\":\"ListItem\",\"position\":2,\"name\":\"Nuevos pasos en la reutilizaci\u00f3n de aguas residuales\"}]},{\"@type\":\"WebSite\",\"@id\":\"https:\/\/www.serbis.es\/serbis\/blog\/#website\",\"url\":\"https:\/\/www.serbis.es\/serbis\/blog\/\",\"name\":\"Blog de Serbis\",\"description\":\"l\u00edderes en Espa\u00f1a en saneamiento de aguas con servicios de pocer\u00eda tradicional y sin zanjas\",\"potentialAction\":[{\"@type\":\"SearchAction\",\"target\":{\"@type\":\"EntryPoint\",\"urlTemplate\":\"https:\/\/www.serbis.es\/serbis\/blog\/?s={search_term_string}\"},\"query-input\":\"required name=search_term_string\"}],\"inLanguage\":\"es\"},{\"@type\":\"Person\",\"@id\":\"https:\/\/www.serbis.es\/serbis\/blog\/#\/schema\/person\/449002ed602088d1463cc28957dee9ea\",\"name\":\"Serbis Pocer\u00eda\",\"image\":{\"@type\":\"ImageObject\",\"inLanguage\":\"es\",\"@id\":\"https:\/\/www.serbis.es\/serbis\/blog\/#\/schema\/person\/image\/\",\"url\":\"https:\/\/secure.gravatar.com\/avatar\/1b95962073fbda6a54be252a727db96a?s=96&d=mm&r=g\",\"contentUrl\":\"https:\/\/secure.gravatar.com\/avatar\/1b95962073fbda6a54be252a727db96a?s=96&d=mm&r=g\",\"caption\":\"Serbis Pocer\u00eda\"},\"description\":\"Empresa especializada en soluciones de alcantarillado y saneamiento de agua, con gran experiencia en el sector y conocimiento de t\u00e9cnicas tanto de pocer\u00eda tradicional como de rehabilitaci\u00f3n de tuber\u00edas sin zanjas ni necesidad de obra civil\",\"sameAs\":[\"https:\/\/www.linkedin.com\/company\/poceria-serbis\",\"https:\/\/www.facebook.com\/SerbisPoceria\/\",\"https:\/\/twitter.com\/https:\/\/twitter.com\/serbis_poceria\"],\"url\":\"https:\/\/www.serbis.es\/serbis\/blog\/author\/perio_editor\/\"}]}<\/script>\n<!-- \/ Yoast SEO plugin. -->","yoast_head_json":{"title":"Nuevos pasos en la reutilizaci\u00f3n de aguas residuales - Blog de Serbis","robots":{"index":"index","follow":"follow","max-snippet":"max-snippet:-1","max-image-preview":"max-image-preview:large","max-video-preview":"max-video-preview:-1"},"canonical":"https:\/\/www.serbis.es\/serbis\/blog\/europa-reutilizacion-aguas-residuales\/","og_locale":"es_ES","og_type":"article","og_title":"Nuevos pasos en la reutilizaci\u00f3n de aguas residuales - Blog de Serbis","og_description":"Resumimos las principales noticias de los \u00faltimos d\u00edas relacionadas con los sistemas de alcantarillado y la depuraci\u00f3n de aguas residuales en general, as\u00ed como con los atrancos y atascos de las canalizaciones, los retretes y las galer\u00edas subterr\u00e1neas&#8230; Europa insiste en reutilizar las aguas residuales en la agricultura Aunque es un deseo anunciado desde hace [&hellip;]","og_url":"https:\/\/www.serbis.es\/serbis\/blog\/europa-reutilizacion-aguas-residuales\/","og_site_name":"Blog de Serbis","article_author":"https:\/\/www.facebook.com\/SerbisPoceria\/","article_published_time":"2020-01-30T17:23:41+00:00","og_image":[{"width":630,"height":315,"url":"https:\/\/www.serbis.es\/serbis\/blog\/wp-content\/uploads\/union-europea-agua.jpg","type":"image\/jpeg"}],"author":"Serbis Pocer\u00eda","twitter_misc":{"Escrito por":"Serbis Pocer\u00eda","Tiempo de lectura":"3 minutos"},"schema":{"@context":"https:\/\/schema.org","@graph":[{"@type":"WebPage","@id":"https:\/\/www.serbis.es\/serbis\/blog\/europa-reutilizacion-aguas-residuales\/","url":"https:\/\/www.serbis.es\/serbis\/blog\/europa-reutilizacion-aguas-residuales\/","name":"Nuevos pasos en la reutilizaci\u00f3n de aguas residuales - Blog de Serbis","isPartOf":{"@id":"https:\/\/www.serbis.es\/serbis\/blog\/#website"},"datePublished":"2020-01-30T17:23:41+00:00","dateModified":"2020-01-30T17:23:41+00:00","author":{"@id":"https:\/\/www.serbis.es\/serbis\/blog\/#\/schema\/person\/449002ed602088d1463cc28957dee9ea"},"breadcrumb":{"@id":"https:\/\/www.serbis.es\/serbis\/blog\/europa-reutilizacion-aguas-residuales\/#breadcrumb"},"inLanguage":"es","potentialAction":[{"@type":"ReadAction","target":["https:\/\/www.serbis.es\/serbis\/blog\/europa-reutilizacion-aguas-residuales\/"]}]},{"@type":"BreadcrumbList","@id":"https:\/\/www.serbis.es\/serbis\/blog\/europa-reutilizacion-aguas-residuales\/#breadcrumb","itemListElement":[{"@type":"ListItem","position":1,"name":"Portada","item":"https:\/\/www.serbis.es\/serbis\/blog\/"},{"@type":"ListItem","position":2,"name":"Nuevos pasos en la reutilizaci\u00f3n de aguas residuales"}]},{"@type":"WebSite","@id":"https:\/\/www.serbis.es\/serbis\/blog\/#website","url":"https:\/\/www.serbis.es\/serbis\/blog\/","name":"Blog de Serbis","description":"l\u00edderes en Espa\u00f1a en saneamiento de aguas con servicios de pocer\u00eda tradicional y sin zanjas","potentialAction":[{"@type":"SearchAction","target":{"@type":"EntryPoint","urlTemplate":"https:\/\/www.serbis.es\/serbis\/blog\/?s={search_term_string}"},"query-input":"required name=search_term_string"}],"inLanguage":"es"},{"@type":"Person","@id":"https:\/\/www.serbis.es\/serbis\/blog\/#\/schema\/person\/449002ed602088d1463cc28957dee9ea","name":"Serbis Pocer\u00eda","image":{"@type":"ImageObject","inLanguage":"es","@id":"https:\/\/www.serbis.es\/serbis\/blog\/#\/schema\/person\/image\/","url":"https:\/\/secure.gravatar.com\/avatar\/1b95962073fbda6a54be252a727db96a?s=96&d=mm&r=g","contentUrl":"https:\/\/secure.gravatar.com\/avatar\/1b95962073fbda6a54be252a727db96a?s=96&d=mm&r=g","caption":"Serbis Pocer\u00eda"},"description":"Empresa especializada en soluciones de alcantarillado y saneamiento de agua, con gran experiencia en el sector y conocimiento de t\u00e9cnicas tanto de pocer\u00eda tradicional como de rehabilitaci\u00f3n de tuber\u00edas sin zanjas ni necesidad de obra civil","sameAs":["https:\/\/www.linkedin.com\/company\/poceria-serbis","https:\/\/www.facebook.com\/SerbisPoceria\/","https:\/\/twitter.com\/https:\/\/twitter.com\/serbis_poceria"],"url":"https:\/\/www.serbis.es\/serbis\/blog\/author\/perio_editor\/"}]}},"_links":{"self":[{"href":"https:\/\/www.serbis.es\/serbis\/blog\/wp-json\/wp\/v2\/posts\/2094"}],"collection":[{"href":"https:\/\/www.serbis.es\/serbis\/blog\/wp-json\/wp\/v2\/posts"}],"about":[{"href":"https:\/\/www.serbis.es\/serbis\/blog\/wp-json\/wp\/v2\/types\/post"}],"author":[{"embeddable":true,"href":"https:\/\/www.serbis.es\/serbis\/blog\/wp-json\/wp\/v2\/users\/3"}],"replies":[{"embeddable":true,"href":"https:\/\/www.serbis.es\/serbis\/blog\/wp-json\/wp\/v2\/comments?post=2094"}],"version-history":[{"count":3,"href":"https:\/\/www.serbis.es\/serbis\/blog\/wp-json\/wp\/v2\/posts\/2094\/revisions"}],"predecessor-version":[{"id":2101,"href":"https:\/\/www.serbis.es\/serbis\/blog\/wp-json\/wp\/v2\/posts\/2094\/revisions\/2101"}],"wp:featuredmedia":[{"embeddable":true,"href":"https:\/\/www.serbis.es\/serbis\/blog\/wp-json\/wp\/v2\/media\/2100"}],"wp:attachment":[{"href":"https:\/\/www.serbis.es\/serbis\/blog\/wp-json\/wp\/v2\/media?parent=2094"}],"wp:term":[{"taxonomy":"category","embeddable":true,"href":"https:\/\/www.serbis.es\/serbis\/blog\/wp-json\/wp\/v2\/categories?post=2094"},{"taxonomy":"post_tag","embeddable":true,"href":"https:\/\/www.serbis.es\/serbis\/blog\/wp-json\/wp\/v2\/tags?post=2094"}],"curies":[{"name":"wp","href":"https:\/\/api.w.org\/{rel}","templated":true}]}}