{"id":2103,"date":"2020-02-06T16:49:39","date_gmt":"2020-02-06T16:49:39","guid":{"rendered":"https:\/\/www.serbis.es\/serbis\/blog\/?p=2103"},"modified":"2020-02-06T16:50:42","modified_gmt":"2020-02-06T16:50:42","slug":"historias-pozos","status":"publish","type":"post","link":"https:\/\/www.serbis.es\/serbis\/blog\/historias-pozos\/","title":{"rendered":"Historias de pozos"},"content":{"rendered":"<p>Resumimos las principales noticias de los \u00faltimos d\u00edas relacionadas con los sistemas de alcantarillado y la depuraci\u00f3n de aguas residuales en general, as\u00ed como con la limpieza de pozos y canalizaciones, los atrancos y atascos, los retretes y las galer\u00edas subterr\u00e1neas&#8230;<\/p>\n<h3>Descubren un pozo construido hace 7.300 a\u00f1os<\/h3>\n<p>Una exhaustiva investigaci\u00f3n ha determinado que un antiguo pozo que fue desenterrado en la <strong>Rep\u00fablica Checa<\/strong> en 2018 mientras se constru\u00eda una autov\u00eda <a href=\"https:\/\/www.abc.es\/ciencia\/abci-descubren-pozo-madera-construido-hace-7275-anos-202002032052_noticia.html?ref=https:\/\/www.google.com\/\">fue dise\u00f1ado entre los a\u00f1os 5255 y 5256 antes de Cristo<\/a>, es decir, hace casi 7.300 a\u00f1os. El pozo en cuesti\u00f3n estaba formado por<strong> cuatro postes de roble<\/strong> que hac\u00edan las veces de esquinas y que estaban unidos por planchas.<\/p>\n<p>Lo m\u00e1s curioso de todo es que se trata de una estructura relativamente<strong> compleja y precisa<\/strong>, con una carpinter\u00eda muy sofisticada para la \u00e9poca de la que estamos hablando. Al fin y al cabo, que hay que recordar que los poceros milenarios que construyeron este pozo contaban como \u00fanica tecnolog\u00eda con <strong>herramientas de piedra, huesos, cuernos y madera<\/strong>.<\/p>\n<p><img decoding=\"async\" loading=\"lazy\" class=\"size-full wp-image-2109 alignnone\" src=\"https:\/\/www.serbis.es\/serbis\/blog\/wp-content\/uploads\/pozo-milenario.jpg\" alt=\"\" width=\"630\" height=\"315\" srcset=\"https:\/\/www.serbis.es\/serbis\/blog\/wp-content\/uploads\/pozo-milenario.jpg 630w, https:\/\/www.serbis.es\/serbis\/blog\/wp-content\/uploads\/pozo-milenario-300x150.jpg 300w, https:\/\/www.serbis.es\/serbis\/blog\/wp-content\/uploads\/pozo-milenario-370x185.jpg 370w\" sizes=\"(max-width: 630px) 100vw, 630px\" \/><\/p>\n<h3>Los bomberos rescatan a un pocero en Madrid<\/h3>\n<p>Ya hemos hablado en m\u00e1s de una ocasi\u00f3n de los peligros asociados a las actividades que se desarrollan en el \u00e1mbito subterr\u00e1neo, como es el caso de<strong> la pocer\u00eda y el alcantarillado<\/strong>. Un ejemplo reciente y muy cercano lo encontramos en el madrile\u00f1o barrio de <strong>Malasa\u00f1a<\/strong>.<\/p>\n<p>Fue <a href=\"https:\/\/somosmalasana.eldiario.es\/los-bomberos-rescatan-a-un-pocero-de-una-galeria-de-manuela-malasana\/\">hace un par de semanas<\/a> cuando un pocero qued\u00f3 atrapado en el subsuelo de esta zona de Madrid, tras verse sorprendido por <strong>un derrumbe en una galer\u00eda subterr\u00e1nea<\/strong>. Por fortuna, este compa\u00f1ero de profesi\u00f3n pudo ser rescatado, <strong>sin da\u00f1o alguno<\/strong>, tras la r\u00e1pida intervenci\u00f3n de los bomberos.<\/p>\n<p><img decoding=\"async\" loading=\"lazy\" class=\"size-full wp-image-2111 alignnone\" src=\"https:\/\/www.serbis.es\/serbis\/blog\/wp-content\/uploads\/bomberos-madrid-pocero.jpg\" alt=\"\" width=\"630\" height=\"315\" srcset=\"https:\/\/www.serbis.es\/serbis\/blog\/wp-content\/uploads\/bomberos-madrid-pocero.jpg 630w, https:\/\/www.serbis.es\/serbis\/blog\/wp-content\/uploads\/bomberos-madrid-pocero-300x150.jpg 300w, https:\/\/www.serbis.es\/serbis\/blog\/wp-content\/uploads\/bomberos-madrid-pocero-370x185.jpg 370w\" sizes=\"(max-width: 630px) 100vw, 630px\" \/><\/p>\n<h3>Los vecinos de Manacor pagar\u00e1n 100 euros por sus atrancos<\/h3>\n<p>Manacor es una ciudad de Mallorca que durante los \u00faltimos a\u00f1os se ha hecho famosa por ser el lugar de origen de Rafa Nadal. Ahora, tambi\u00e9n ha saltado a la palestra porque su ayuntamiento ha lanzado una campa\u00f1a que tiene como objetivo reducir los atascos y atrancos en las alcantarillas. Para ello, se est\u00e1n identificando qu\u00e9 residuos generan estos tapones.<\/p>\n<p>Lo m\u00e1s novedoso vendr\u00e1 despu\u00e9s, cuando se iniciar\u00e1 una campa\u00f1a para informar a los vecinos del estado de su conexi\u00f3n a la red de alcantarillado. Se les enviar\u00e1 una carta en la que se indicar\u00e1 dicho estado a trav\u00e9s de un color: verde significa que todo est\u00e1 correcto; amarillo, que hay residuos; y rojo, que hay un atasco.<\/p>\n<p>Los que reciban este \u00faltimo veredicto y no tomen cartas en el asunto tendr\u00e1n que correr con los gastos derivados de reparar el atranco: nada menos que 100 euros por desatasco. El objetivo es sensibilizar a la poblaci\u00f3n y reducir los 50.000 euros anuales que Manacor se gasta en desatrancos.<\/p>\n<p><img decoding=\"async\" loading=\"lazy\" class=\"size-full wp-image-2114 alignnone\" src=\"https:\/\/www.serbis.es\/serbis\/blog\/wp-content\/uploads\/manacor.jpg\" alt=\"\" width=\"630\" height=\"315\" srcset=\"https:\/\/www.serbis.es\/serbis\/blog\/wp-content\/uploads\/manacor.jpg 630w, https:\/\/www.serbis.es\/serbis\/blog\/wp-content\/uploads\/manacor-300x150.jpg 300w, https:\/\/www.serbis.es\/serbis\/blog\/wp-content\/uploads\/manacor-370x185.jpg 370w\" sizes=\"(max-width: 630px) 100vw, 630px\" \/><\/p>\n<h3>M\u00e1s ratas y cada vez m\u00e1s tiempo fuera de las alcantarillas<\/h3>\n<p>Uno de los efectos del cambio clim\u00e1tico es el crecimiento de las poblaciones de ratas de alcantarilla, como consecuencia de que <strong>las lluvias cada vez son m\u00e1s escasas y los inviernos, m\u00e1s c\u00e1lidos<\/strong>. De hecho, el calentamiento global no s\u00f3lo provoca que haya m\u00e1s ratas, sino que hace que salgan con m\u00e1s frecuencia de las redes de alcantarillado en busca de comida.<\/p>\n<p>Un ejemplo de que estos cambios ya han empezado a producirse son <a href=\"https:\/\/www.elcorreo.com\/bizkaia\/margen-izquierda\/cambio-climatico-dispara-20200203173316-nt.html\">municipios espa\u00f1oles como Baracaldo<\/a>, donde el a\u00f1o pasado tuvieron que<strong> retrasar dos semanas la \u00faltima campa\u00f1a de desratizaci\u00f3n<\/strong> por el retraso en la llegada del fr\u00edo invernal. Eso, a su vez, aplaz\u00f3 el momento en el que las ratas bajaran a las alcantarillas para refugiarse de las bajas temperaturas.<\/p>\n<p><img decoding=\"async\" loading=\"lazy\" class=\"size-full wp-image-2107 alignnone\" src=\"https:\/\/www.serbis.es\/serbis\/blog\/wp-content\/uploads\/ratas-alcantarillas.jpg\" alt=\"\" width=\"630\" height=\"315\" srcset=\"https:\/\/www.serbis.es\/serbis\/blog\/wp-content\/uploads\/ratas-alcantarillas.jpg 630w, https:\/\/www.serbis.es\/serbis\/blog\/wp-content\/uploads\/ratas-alcantarillas-300x150.jpg 300w, https:\/\/www.serbis.es\/serbis\/blog\/wp-content\/uploads\/ratas-alcantarillas-370x185.jpg 370w\" sizes=\"(max-width: 630px) 100vw, 630px\" \/><\/p>\n<h3>Las toallitas h\u00famedas ensucian el r\u00edo Ubrique<\/h3>\n<p>El r\u00edo Ubrique sufre una situaci\u00f3n insostenible, seg\u00fan <a href=\"https:\/\/www.lavozdelsur.es\/las-fuertes-lluvias-convierten-al-rio-ubrique-en-un-vertedero-de-toallitas\/\" class=\"broken_link\">denuncia la ONG<\/a> <strong>Ama Natura-Ecologistas en Acci\u00f3n<\/strong>. Su degradaci\u00f3n actual es consecuencia de que los colectores de aguas residuales de la zona recogen de manera unitaria tanto las aguas fecales como las pluviales, de manera que en \u00e9pocas de lluvias intensas no dan abasto y <strong>se vierten directamente al r\u00edo<\/strong>.<\/p>\n<p>El resultado es un estado absolutamente lamentable, con el r\u00edo contaminado por la acumulaci\u00f3n de <strong>aguas fecales y toallitas h\u00famedas no biodegradables<\/strong>, adem\u00e1s de otros residuos s\u00f3lidos. Por si eso no fuera suficiente, tambi\u00e9n hay <strong>alcantarillas con las tapas abiertas<\/strong> por las que tambi\u00e9n se vierten aguas sucias directamente al cauce del r\u00edo. A pesar de que la situaci\u00f3n se prolonga ya desde hace un a\u00f1o, parece que nadie ha tomado cartas en el asunto.<\/p>\n<p><img decoding=\"async\" loading=\"lazy\" class=\"size-full wp-image-2104 alignnone\" src=\"https:\/\/www.serbis.es\/serbis\/blog\/wp-content\/uploads\/rio-ubrique-contaminado.jpg\" alt=\"\" width=\"630\" height=\"315\" srcset=\"https:\/\/www.serbis.es\/serbis\/blog\/wp-content\/uploads\/rio-ubrique-contaminado.jpg 630w, https:\/\/www.serbis.es\/serbis\/blog\/wp-content\/uploads\/rio-ubrique-contaminado-300x150.jpg 300w, https:\/\/www.serbis.es\/serbis\/blog\/wp-content\/uploads\/rio-ubrique-contaminado-370x185.jpg 370w\" sizes=\"(max-width: 630px) 100vw, 630px\" \/><\/p>\n<p>Si quieres contarnos algo puedes llamarnos al <strong>n\u00famero de tel\u00e9fono <\/strong><strong>91 610 62 53<\/strong> y si te gusta estar informado de las noticias nacionales e internacionales m\u00e1s interesantes de las industrias de la pocer\u00eda, el alcantarillado y el saneamiento de aguas fecales, visita <a href=\"https:\/\/www.serbis.es\/\" target=\"_blank\" rel=\"noopener\"><strong>Serbis.es<\/strong><\/a> y <strong>s\u00edguenos en las redes sociales<\/strong>:<\/p>\n<p><a href=\"https:\/\/www.facebook.com\/SerbisPoceria\/\" rel=\"attachment wp-att-691\" class=\"broken_link\"><img decoding=\"async\" loading=\"lazy\" class=\"size-full wp-image-691\" src=\"https:\/\/www.serbis.es\/serbis\/blog\/wp-content\/uploads\/facebook.jpg\" alt=\"facebook\" width=\"113\" height=\"111\" \/><\/a><\/p>\n<p>&nbsp;<\/p>\n<p><a href=\"https:\/\/twitter.com\/serbis_poceria\" rel=\"attachment wp-att-692\"><img decoding=\"async\" loading=\"lazy\" class=\"size-full wp-image-692\" src=\"https:\/\/www.serbis.es\/serbis\/blog\/wp-content\/uploads\/twitter.jpg\" alt=\"twitter\" width=\"113\" height=\"111\" \/><\/a><\/p>\n<p>&nbsp;<\/p>\n<p><a href=\"https:\/\/www.instagram.com\/serbis_poceria\/\" rel=\"attachment wp-att-692\" class=\"broken_link\"><img decoding=\"async\" loading=\"lazy\" class=\"alignnone wp-image-1462 size-full\" src=\"https:\/\/www.serbis.es\/serbis\/blog\/wp-content\/uploads\/instagram.jpg\" alt=\"\" width=\"113\" height=\"111\" \/><\/a><\/p>\n<p>&nbsp;<\/p>\n<p><a href=\"https:\/\/es.linkedin.com\/company\/poceria-serbis\" rel=\"attachment wp-att-693\"><img decoding=\"async\" loading=\"lazy\" class=\"size-full wp-image-693 alignleft\" src=\"https:\/\/www.serbis.es\/serbis\/blog\/wp-content\/uploads\/linkedin.jpg\" alt=\"linkedin\" width=\"113\" height=\"111\" \/><\/a><\/p>\n<p>&nbsp;<\/p>\n<p>&nbsp;<\/p>\n<p>&nbsp;<\/p>\n<p>&nbsp;<\/p>\n<p><a href=\"https:\/\/www.youtube.com\/channel\/UCSIAPGXKlWyOmHRZo9YCpBQ\" rel=\"attachment wp-att-694\"><img decoding=\"async\" loading=\"lazy\" class=\"size-full wp-image-694 alignleft\" src=\"https:\/\/www.serbis.es\/serbis\/blog\/wp-content\/uploads\/youtube.jpg\" alt=\"youtube\" width=\"113\" height=\"111\" \/><\/a><\/p>\n<p>&nbsp;<\/p>\n<p>&nbsp;<\/p>\n<p>&nbsp;<\/p>\n<p>&nbsp;<\/p>\n<p><a href=\"https:\/\/vimeo.com\/user9248661\" rel=\"attachment wp-att-696\"><img decoding=\"async\" loading=\"lazy\" class=\"size-full wp-image-696 alignleft\" src=\"https:\/\/www.serbis.es\/serbis\/blog\/wp-content\/uploads\/vimeo.jpg\" alt=\"vimeo\" width=\"113\" height=\"111\" \/><\/a><\/p>\n<p>&nbsp;<\/p>\n<p>&nbsp;<\/p>\n<p>&nbsp;<\/p>\n<p>&nbsp;<\/p>\n<p><a href=\"https:\/\/www.flickr.com\/photos\/155074596@N06\/\" rel=\"attachment wp-att-698\"><img decoding=\"async\" loading=\"lazy\" class=\"size-full wp-image-698 alignleft\" src=\"https:\/\/www.serbis.es\/serbis\/blog\/wp-content\/uploads\/flickr.jpg\" alt=\"flickr\" width=\"113\" height=\"111\" \/><\/a><\/p>\n<p>&nbsp;<\/p>\n<p>&nbsp;<\/p>\n<p>&nbsp;<\/p>\n<p>&nbsp;<\/p>\n<p><a href=\"https:\/\/www.pinterest.es\/pin\/133348838938250902\/\" rel=\"attachment wp-att-697\"><img decoding=\"async\" loading=\"lazy\" class=\"size-full wp-image-697 alignleft\" src=\"https:\/\/www.serbis.es\/serbis\/blog\/wp-content\/uploads\/pinterest.jpg\" alt=\"pinterest\" width=\"113\" height=\"111\" \/><\/a><\/p>\n","protected":false},"excerpt":{"rendered":"<p>Resumimos las principales noticias de los \u00faltimos d\u00edas relacionadas con los sistemas de alcantarillado y la depuraci\u00f3n de aguas residuales en general, as\u00ed como con la limpieza de pozos y canalizaciones, los atrancos y atascos, los retretes y las galer\u00edas subterr\u00e1neas&#8230; Descubren un pozo construido hace 7.300 a\u00f1os Una exhaustiva investigaci\u00f3n ha determinado que un [&hellip;]<\/p>\n","protected":false},"author":3,"featured_media":2115,"comment_status":"open","ping_status":"open","sticky":false,"template":"","format":"standard","meta":{"_mi_skip_tracking":false,"_monsterinsights_sitenote_active":false,"_monsterinsights_sitenote_note":"","_monsterinsights_sitenote_category":0},"categories":[29,4,5,2,25,26,32,19],"tags":[75,22,61,36,44,81,40],"yoast_head":"<!-- This site is optimized with the Yoast SEO plugin v20.10 - https:\/\/yoast.com\/wordpress\/plugins\/seo\/ -->\n<title>Historias de pozos - Blog de Serbis<\/title>\n<meta name=\"robots\" content=\"index, follow, max-snippet:-1, max-image-preview:large, max-video-preview:-1\" \/>\n<link rel=\"canonical\" href=\"https:\/\/www.serbis.es\/serbis\/blog\/historias-pozos\/\" \/>\n<meta property=\"og:locale\" content=\"es_ES\" \/>\n<meta property=\"og:type\" content=\"article\" \/>\n<meta property=\"og:title\" content=\"Historias de pozos - Blog de Serbis\" \/>\n<meta property=\"og:description\" content=\"Resumimos las principales noticias de los \u00faltimos d\u00edas relacionadas con los sistemas de alcantarillado y la depuraci\u00f3n de aguas residuales en general, as\u00ed como con la limpieza de pozos y canalizaciones, los atrancos y atascos, los retretes y las galer\u00edas subterr\u00e1neas&#8230; Descubren un pozo construido hace 7.300 a\u00f1os Una exhaustiva investigaci\u00f3n ha determinado que un [&hellip;]\" \/>\n<meta property=\"og:url\" content=\"https:\/\/www.serbis.es\/serbis\/blog\/historias-pozos\/\" \/>\n<meta property=\"og:site_name\" content=\"Blog de Serbis\" \/>\n<meta property=\"article:author\" content=\"https:\/\/www.facebook.com\/SerbisPoceria\/\" \/>\n<meta property=\"article:published_time\" content=\"2020-02-06T16:49:39+00:00\" \/>\n<meta property=\"article:modified_time\" content=\"2020-02-06T16:50:42+00:00\" \/>\n<meta property=\"og:image\" content=\"https:\/\/www.serbis.es\/serbis\/blog\/wp-content\/uploads\/pozo.jpg\" \/>\n\t<meta property=\"og:image:width\" content=\"630\" \/>\n\t<meta property=\"og:image:height\" content=\"315\" \/>\n\t<meta property=\"og:image:type\" content=\"image\/jpeg\" \/>\n<meta name=\"author\" content=\"Serbis Pocer\u00eda\" \/>\n<meta name=\"twitter:label1\" content=\"Escrito por\" \/>\n\t<meta name=\"twitter:data1\" content=\"Serbis Pocer\u00eda\" \/>\n\t<meta name=\"twitter:label2\" content=\"Tiempo de lectura\" \/>\n\t<meta name=\"twitter:data2\" content=\"4 minutos\" \/>\n<script type=\"application\/ld+json\" class=\"yoast-schema-graph\">{\"@context\":\"https:\/\/schema.org\",\"@graph\":[{\"@type\":\"WebPage\",\"@id\":\"https:\/\/www.serbis.es\/serbis\/blog\/historias-pozos\/\",\"url\":\"https:\/\/www.serbis.es\/serbis\/blog\/historias-pozos\/\",\"name\":\"Historias de pozos - Blog de Serbis\",\"isPartOf\":{\"@id\":\"https:\/\/www.serbis.es\/serbis\/blog\/#website\"},\"datePublished\":\"2020-02-06T16:49:39+00:00\",\"dateModified\":\"2020-02-06T16:50:42+00:00\",\"author\":{\"@id\":\"https:\/\/www.serbis.es\/serbis\/blog\/#\/schema\/person\/449002ed602088d1463cc28957dee9ea\"},\"breadcrumb\":{\"@id\":\"https:\/\/www.serbis.es\/serbis\/blog\/historias-pozos\/#breadcrumb\"},\"inLanguage\":\"es\",\"potentialAction\":[{\"@type\":\"ReadAction\",\"target\":[\"https:\/\/www.serbis.es\/serbis\/blog\/historias-pozos\/\"]}]},{\"@type\":\"BreadcrumbList\",\"@id\":\"https:\/\/www.serbis.es\/serbis\/blog\/historias-pozos\/#breadcrumb\",\"itemListElement\":[{\"@type\":\"ListItem\",\"position\":1,\"name\":\"Portada\",\"item\":\"https:\/\/www.serbis.es\/serbis\/blog\/\"},{\"@type\":\"ListItem\",\"position\":2,\"name\":\"Historias de pozos\"}]},{\"@type\":\"WebSite\",\"@id\":\"https:\/\/www.serbis.es\/serbis\/blog\/#website\",\"url\":\"https:\/\/www.serbis.es\/serbis\/blog\/\",\"name\":\"Blog de Serbis\",\"description\":\"l\u00edderes en Espa\u00f1a en saneamiento de aguas con servicios de pocer\u00eda tradicional y sin zanjas\",\"potentialAction\":[{\"@type\":\"SearchAction\",\"target\":{\"@type\":\"EntryPoint\",\"urlTemplate\":\"https:\/\/www.serbis.es\/serbis\/blog\/?s={search_term_string}\"},\"query-input\":\"required name=search_term_string\"}],\"inLanguage\":\"es\"},{\"@type\":\"Person\",\"@id\":\"https:\/\/www.serbis.es\/serbis\/blog\/#\/schema\/person\/449002ed602088d1463cc28957dee9ea\",\"name\":\"Serbis Pocer\u00eda\",\"image\":{\"@type\":\"ImageObject\",\"inLanguage\":\"es\",\"@id\":\"https:\/\/www.serbis.es\/serbis\/blog\/#\/schema\/person\/image\/\",\"url\":\"https:\/\/secure.gravatar.com\/avatar\/1b95962073fbda6a54be252a727db96a?s=96&d=mm&r=g\",\"contentUrl\":\"https:\/\/secure.gravatar.com\/avatar\/1b95962073fbda6a54be252a727db96a?s=96&d=mm&r=g\",\"caption\":\"Serbis Pocer\u00eda\"},\"description\":\"Empresa especializada en soluciones de alcantarillado y saneamiento de agua, con gran experiencia en el sector y conocimiento de t\u00e9cnicas tanto de pocer\u00eda tradicional como de rehabilitaci\u00f3n de tuber\u00edas sin zanjas ni necesidad de obra civil\",\"sameAs\":[\"https:\/\/www.linkedin.com\/company\/poceria-serbis\",\"https:\/\/www.facebook.com\/SerbisPoceria\/\",\"https:\/\/twitter.com\/https:\/\/twitter.com\/serbis_poceria\"],\"url\":\"https:\/\/www.serbis.es\/serbis\/blog\/author\/perio_editor\/\"}]}<\/script>\n<!-- \/ Yoast SEO plugin. -->","yoast_head_json":{"title":"Historias de pozos - Blog de Serbis","robots":{"index":"index","follow":"follow","max-snippet":"max-snippet:-1","max-image-preview":"max-image-preview:large","max-video-preview":"max-video-preview:-1"},"canonical":"https:\/\/www.serbis.es\/serbis\/blog\/historias-pozos\/","og_locale":"es_ES","og_type":"article","og_title":"Historias de pozos - Blog de Serbis","og_description":"Resumimos las principales noticias de los \u00faltimos d\u00edas relacionadas con los sistemas de alcantarillado y la depuraci\u00f3n de aguas residuales en general, as\u00ed como con la limpieza de pozos y canalizaciones, los atrancos y atascos, los retretes y las galer\u00edas subterr\u00e1neas&#8230; Descubren un pozo construido hace 7.300 a\u00f1os Una exhaustiva investigaci\u00f3n ha determinado que un [&hellip;]","og_url":"https:\/\/www.serbis.es\/serbis\/blog\/historias-pozos\/","og_site_name":"Blog de Serbis","article_author":"https:\/\/www.facebook.com\/SerbisPoceria\/","article_published_time":"2020-02-06T16:49:39+00:00","article_modified_time":"2020-02-06T16:50:42+00:00","og_image":[{"width":630,"height":315,"url":"https:\/\/www.serbis.es\/serbis\/blog\/wp-content\/uploads\/pozo.jpg","type":"image\/jpeg"}],"author":"Serbis Pocer\u00eda","twitter_misc":{"Escrito por":"Serbis Pocer\u00eda","Tiempo de lectura":"4 minutos"},"schema":{"@context":"https:\/\/schema.org","@graph":[{"@type":"WebPage","@id":"https:\/\/www.serbis.es\/serbis\/blog\/historias-pozos\/","url":"https:\/\/www.serbis.es\/serbis\/blog\/historias-pozos\/","name":"Historias de pozos - Blog de Serbis","isPartOf":{"@id":"https:\/\/www.serbis.es\/serbis\/blog\/#website"},"datePublished":"2020-02-06T16:49:39+00:00","dateModified":"2020-02-06T16:50:42+00:00","author":{"@id":"https:\/\/www.serbis.es\/serbis\/blog\/#\/schema\/person\/449002ed602088d1463cc28957dee9ea"},"breadcrumb":{"@id":"https:\/\/www.serbis.es\/serbis\/blog\/historias-pozos\/#breadcrumb"},"inLanguage":"es","potentialAction":[{"@type":"ReadAction","target":["https:\/\/www.serbis.es\/serbis\/blog\/historias-pozos\/"]}]},{"@type":"BreadcrumbList","@id":"https:\/\/www.serbis.es\/serbis\/blog\/historias-pozos\/#breadcrumb","itemListElement":[{"@type":"ListItem","position":1,"name":"Portada","item":"https:\/\/www.serbis.es\/serbis\/blog\/"},{"@type":"ListItem","position":2,"name":"Historias de pozos"}]},{"@type":"WebSite","@id":"https:\/\/www.serbis.es\/serbis\/blog\/#website","url":"https:\/\/www.serbis.es\/serbis\/blog\/","name":"Blog de Serbis","description":"l\u00edderes en Espa\u00f1a en saneamiento de aguas con servicios de pocer\u00eda tradicional y sin zanjas","potentialAction":[{"@type":"SearchAction","target":{"@type":"EntryPoint","urlTemplate":"https:\/\/www.serbis.es\/serbis\/blog\/?s={search_term_string}"},"query-input":"required name=search_term_string"}],"inLanguage":"es"},{"@type":"Person","@id":"https:\/\/www.serbis.es\/serbis\/blog\/#\/schema\/person\/449002ed602088d1463cc28957dee9ea","name":"Serbis Pocer\u00eda","image":{"@type":"ImageObject","inLanguage":"es","@id":"https:\/\/www.serbis.es\/serbis\/blog\/#\/schema\/person\/image\/","url":"https:\/\/secure.gravatar.com\/avatar\/1b95962073fbda6a54be252a727db96a?s=96&d=mm&r=g","contentUrl":"https:\/\/secure.gravatar.com\/avatar\/1b95962073fbda6a54be252a727db96a?s=96&d=mm&r=g","caption":"Serbis Pocer\u00eda"},"description":"Empresa especializada en soluciones de alcantarillado y saneamiento de agua, con gran experiencia en el sector y conocimiento de t\u00e9cnicas tanto de pocer\u00eda tradicional como de rehabilitaci\u00f3n de tuber\u00edas sin zanjas ni necesidad de obra civil","sameAs":["https:\/\/www.linkedin.com\/company\/poceria-serbis","https:\/\/www.facebook.com\/SerbisPoceria\/","https:\/\/twitter.com\/https:\/\/twitter.com\/serbis_poceria"],"url":"https:\/\/www.serbis.es\/serbis\/blog\/author\/perio_editor\/"}]}},"_links":{"self":[{"href":"https:\/\/www.serbis.es\/serbis\/blog\/wp-json\/wp\/v2\/posts\/2103"}],"collection":[{"href":"https:\/\/www.serbis.es\/serbis\/blog\/wp-json\/wp\/v2\/posts"}],"about":[{"href":"https:\/\/www.serbis.es\/serbis\/blog\/wp-json\/wp\/v2\/types\/post"}],"author":[{"embeddable":true,"href":"https:\/\/www.serbis.es\/serbis\/blog\/wp-json\/wp\/v2\/users\/3"}],"replies":[{"embeddable":true,"href":"https:\/\/www.serbis.es\/serbis\/blog\/wp-json\/wp\/v2\/comments?post=2103"}],"version-history":[{"count":7,"href":"https:\/\/www.serbis.es\/serbis\/blog\/wp-json\/wp\/v2\/posts\/2103\/revisions"}],"predecessor-version":[{"id":2117,"href":"https:\/\/www.serbis.es\/serbis\/blog\/wp-json\/wp\/v2\/posts\/2103\/revisions\/2117"}],"wp:featuredmedia":[{"embeddable":true,"href":"https:\/\/www.serbis.es\/serbis\/blog\/wp-json\/wp\/v2\/media\/2115"}],"wp:attachment":[{"href":"https:\/\/www.serbis.es\/serbis\/blog\/wp-json\/wp\/v2\/media?parent=2103"}],"wp:term":[{"taxonomy":"category","embeddable":true,"href":"https:\/\/www.serbis.es\/serbis\/blog\/wp-json\/wp\/v2\/categories?post=2103"},{"taxonomy":"post_tag","embeddable":true,"href":"https:\/\/www.serbis.es\/serbis\/blog\/wp-json\/wp\/v2\/tags?post=2103"}],"curies":[{"name":"wp","href":"https:\/\/api.w.org\/{rel}","templated":true}]}}