{"id":2120,"date":"2020-02-13T16:25:42","date_gmt":"2020-02-13T16:25:42","guid":{"rendered":"https:\/\/www.serbis.es\/serbis\/blog\/?p=2120"},"modified":"2020-02-13T16:25:42","modified_gmt":"2020-02-13T16:25:42","slug":"saneamiento-aguas-residuales-zonas-rurales","status":"publish","type":"post","link":"https:\/\/www.serbis.es\/serbis\/blog\/saneamiento-aguas-residuales-zonas-rurales\/","title":{"rendered":"Europa necesita invertir en saneamiento"},"content":{"rendered":"<p>Resumimos las principales noticias de los \u00faltimos d\u00edas relacionadas con los sistemas de alcantarillado y la depuraci\u00f3n de aguas residuales en general, as\u00ed como con la limpieza de pozos y canalizaciones, los atrancos y atascos, los retretes y las galer\u00edas subterr\u00e1neas&#8230;<\/p>\n<h3>Millones de europeos carecen de saneamiento<\/h3>\n<p>Tendemos a pensar que la carencia de servicios de saneamiento de aguas residuales y alcantarillado es algo que vinculado a los pa\u00edses en v\u00edas de desarrollo. Sin embargo, <strong>31 millones de europeos carecen de acceso a saneamiento b\u00e1sico<\/strong>, 48 millones no tienen agua corriente y otras 300.000 personas se alivian al aire libre ya que carecen de un retrete.<\/p>\n<p>Son datos recopilados por la Organizaci\u00f3n Mundial de Salud (OMS) y Unicef, que se han <a href=\"https:\/\/www.iagua.es\/noticias\/redaccion-iagua\/acceso-al-agua-y-al-saneamiento-sigue-siendo-reto-algunos-paises-europeos\" class=\"broken_link\">publicado recientemente a trav\u00e9s de un informe<\/a>. Para su elaboraci\u00f3n se ha tenido en cuenta la situaci\u00f3n del alcantarillado en<strong> Espa\u00f1a y otros 10 pa\u00edses del entorno europeo<\/strong>. La conclusi\u00f3n es que todav\u00eda hay mucho que mejorar en Europa y muy especialmente, en sus zonas rurales.<\/p>\n<p><img decoding=\"async\" loading=\"lazy\" class=\"size-full wp-image-2127 alignnone\" src=\"https:\/\/www.serbis.es\/serbis\/blog\/wp-content\/uploads\/europa-saneamiento.jpg\" alt=\"\" width=\"630\" height=\"315\" srcset=\"https:\/\/www.serbis.es\/serbis\/blog\/wp-content\/uploads\/europa-saneamiento.jpg 630w, https:\/\/www.serbis.es\/serbis\/blog\/wp-content\/uploads\/europa-saneamiento-300x150.jpg 300w, https:\/\/www.serbis.es\/serbis\/blog\/wp-content\/uploads\/europa-saneamiento-370x185.jpg 370w\" sizes=\"(max-width: 630px) 100vw, 630px\" \/><\/p>\n<h3>Depuraci\u00f3n sostenible y al alcance del mundo rural<\/h3>\n<p>Que los peque\u00f1os municipios disfruten de acceso a los sistemas de depuraci\u00f3n de aguas residuales m\u00e1s modernos <a href=\"https:\/\/www.vozpopuli.com\/actualidad\/depuracion-aguas-sostenible-municipios_0_1326467583.html\">ha sido siempre una utop\u00eda<\/a>. Revertir esa situaci\u00f3n es el objetivo de <a href=\"https:\/\/circrural.com\/\"><strong>CircRural 4.0<\/strong><\/a>, un proyecto p\u00fablico-privado impulsado por <strong>Espa\u00f1a, Francia y Portugal<\/strong> con el apoyo financiero de la Uni\u00f3n Europea, pensado para acercar los proyectos de <strong>econom\u00eda circular<\/strong> a las zonas rurales.<\/p>\n<p>El objetivo de esta iniciativa, actualmente en pruebas, es <strong>abaratar la deshidrataci\u00f3n de los residuos urbanos y agroalimentarios<\/strong> en las estaciones depuradoras de las localidades de menos de 2.000 habitantes. De igual modo, la idea del proyecto es<strong> facilitar el posterior transporte<\/strong> de esos residuos hasta plantas capaces de valorizarlos en forma de fertilizantes.<\/p>\n<p><img decoding=\"async\" loading=\"lazy\" class=\"size-full wp-image-2121 alignnone\" src=\"https:\/\/www.serbis.es\/serbis\/blog\/wp-content\/uploads\/circrural.jpg\" alt=\"\" width=\"630\" height=\"315\" srcset=\"https:\/\/www.serbis.es\/serbis\/blog\/wp-content\/uploads\/circrural.jpg 630w, https:\/\/www.serbis.es\/serbis\/blog\/wp-content\/uploads\/circrural-300x150.jpg 300w, https:\/\/www.serbis.es\/serbis\/blog\/wp-content\/uploads\/circrural-370x185.jpg 370w\" sizes=\"(max-width: 630px) 100vw, 630px\" \/><\/p>\n<h3>Las toallitas atascan un peque\u00f1o concejo de Asturias<\/h3>\n<p>Hasta ahora, los atascos y atrancos motivados por la<strong> acumulaci\u00f3n de toallitas<\/strong> sol\u00edan afectar \u00fanicamente a grandes poblaciones, como Madrid, Valencia o C\u00e1diz. Sin embargo, el monstruo de las toallitas sigue extendi\u00e9ndose de manera imparable y ya ha empezado a provocar los primeros <strong>estragos tambi\u00e9n en la Espa\u00f1a rural<\/strong>.<\/p>\n<p>Un ejemplo lo tenemos en <strong>Bimenes<\/strong>, un concejo de Asturias de apenas 800 vecinos donde un atranco de toallitas <a href=\"https:\/\/www.lavozdeasturias.es\/noticia\/asturias\/2020\/02\/10\/toallitan-anegan-bimenes\/00031581350998602363727.htm\">ha colapsado la red de alcantarillado<\/a>. El alcalde de este peque\u00f1o municipio <strong>espera que s\u00f3lo se trate de un tap\u00f3n<\/strong>, porque \u201csi hay que cambiar todo ese tramo de tuber\u00eda ya me jodieron el presupuesto municipal\u201d.<\/p>\n<p><img decoding=\"async\" loading=\"lazy\" class=\"size-full wp-image-2123 alignnone\" src=\"https:\/\/www.serbis.es\/serbis\/blog\/wp-content\/uploads\/bimenes-atasco-asturias.jpg\" alt=\"\" width=\"630\" height=\"315\" srcset=\"https:\/\/www.serbis.es\/serbis\/blog\/wp-content\/uploads\/bimenes-atasco-asturias.jpg 630w, https:\/\/www.serbis.es\/serbis\/blog\/wp-content\/uploads\/bimenes-atasco-asturias-300x150.jpg 300w, https:\/\/www.serbis.es\/serbis\/blog\/wp-content\/uploads\/bimenes-atasco-asturias-370x185.jpg 370w\" sizes=\"(max-width: 630px) 100vw, 630px\" \/><\/p>\n<h3>Arranca en Valdemoro la reforma de las alcantarillas de Madrid<\/h3>\n<p>El <strong>Canal de Isabel II<\/strong> ha puesto en marcha el llamado <strong>Plan Sane<\/strong>a, cuyo objetivo es renovar la red de alcantarillado de un total de <strong>91 municipios de la Comunidad de Madrid<\/strong>. Las actuaciones a realizar ya han sido identificadas y el presupuesto para ejecutarlas supera los <strong>1.500 millones de euros<\/strong>.<\/p>\n<p>Una de las primeras localidades en afrontar estas mejoras de la red de saneamiento es Valdemoro, donde <a href=\"https:\/\/zigzagdigital.com\/art\/19349\/el-recibo-del-agua-subira-en-valdemoro-para-afrontar-la-renovacion-de-la-red-de-alcantarillado\">se van a renovar algo m\u00e1s de 3 kil\u00f3metros<\/a> de alcantarillas. <strong>El coste total de la operaci\u00f3n ser\u00e1 de 6,3 millones de euros<\/strong>, que el Ayuntamiento de Valdemoro va a repercutir a sus vecinos en forma de una cuota suplementaria en <strong>el recibo del alcantarillado<\/strong> de 10 c\u00e9ntimos por cada metro c\u00fabico saneado durante los pr\u00f3ximos 30 a\u00f1os.<\/p>\n<p><img decoding=\"async\" loading=\"lazy\" class=\"size-full wp-image-2125 alignnone\" src=\"https:\/\/www.serbis.es\/serbis\/blog\/wp-content\/uploads\/alcantarilla-madrid.jpg\" alt=\"\" width=\"630\" height=\"315\" srcset=\"https:\/\/www.serbis.es\/serbis\/blog\/wp-content\/uploads\/alcantarilla-madrid.jpg 630w, https:\/\/www.serbis.es\/serbis\/blog\/wp-content\/uploads\/alcantarilla-madrid-300x150.jpg 300w, https:\/\/www.serbis.es\/serbis\/blog\/wp-content\/uploads\/alcantarilla-madrid-370x185.jpg 370w\" sizes=\"(max-width: 630px) 100vw, 630px\" \/><\/p>\n<p>Si quieres contarnos algo puedes llamarnos al <strong>n\u00famero de tel\u00e9fono <\/strong><strong>91 610 62 53<\/strong> y si te gusta estar informado de las noticias nacionales e internacionales m\u00e1s interesantes de las industrias de la pocer\u00eda, el alcantarillado y el saneamiento de aguas fecales, visita <a href=\"https:\/\/www.serbis.es\/\" target=\"_blank\" rel=\"noopener\"><strong>Serbis.es<\/strong><\/a> y <strong>s\u00edguenos en las redes sociales<\/strong>:<\/p>\n<p><a href=\"https:\/\/www.facebook.com\/SerbisPoceria\/\" rel=\"attachment wp-att-691\" class=\"broken_link\"><img decoding=\"async\" loading=\"lazy\" class=\"size-full wp-image-691\" src=\"https:\/\/www.serbis.es\/serbis\/blog\/wp-content\/uploads\/facebook.jpg\" alt=\"facebook\" width=\"113\" height=\"111\" \/><\/a><\/p>\n<p>&nbsp;<\/p>\n<p><a href=\"https:\/\/twitter.com\/serbis_poceria\" rel=\"attachment wp-att-692\"><img decoding=\"async\" loading=\"lazy\" class=\"size-full wp-image-692\" src=\"https:\/\/www.serbis.es\/serbis\/blog\/wp-content\/uploads\/twitter.jpg\" alt=\"twitter\" width=\"113\" height=\"111\" \/><\/a><\/p>\n<p>&nbsp;<\/p>\n<p><a href=\"https:\/\/www.instagram.com\/serbis_poceria\/\" rel=\"attachment wp-att-692\" class=\"broken_link\"><img decoding=\"async\" loading=\"lazy\" class=\"alignnone wp-image-1462 size-full\" src=\"https:\/\/www.serbis.es\/serbis\/blog\/wp-content\/uploads\/instagram.jpg\" alt=\"\" width=\"113\" height=\"111\" \/><\/a><\/p>\n<p>&nbsp;<\/p>\n<p><a href=\"https:\/\/es.linkedin.com\/company\/poceria-serbis\" rel=\"attachment wp-att-693\"><img decoding=\"async\" loading=\"lazy\" class=\"size-full wp-image-693 alignleft\" src=\"https:\/\/www.serbis.es\/serbis\/blog\/wp-content\/uploads\/linkedin.jpg\" alt=\"linkedin\" width=\"113\" height=\"111\" \/><\/a><\/p>\n<p>&nbsp;<\/p>\n<p>&nbsp;<\/p>\n<p>&nbsp;<\/p>\n<p>&nbsp;<\/p>\n<p><a href=\"https:\/\/www.youtube.com\/channel\/UCSIAPGXKlWyOmHRZo9YCpBQ\" rel=\"attachment wp-att-694\"><img decoding=\"async\" loading=\"lazy\" class=\"size-full wp-image-694 alignleft\" src=\"https:\/\/www.serbis.es\/serbis\/blog\/wp-content\/uploads\/youtube.jpg\" alt=\"youtube\" width=\"113\" height=\"111\" \/><\/a><\/p>\n<p>&nbsp;<\/p>\n<p>&nbsp;<\/p>\n<p>&nbsp;<\/p>\n<p>&nbsp;<\/p>\n<p><a href=\"https:\/\/vimeo.com\/user9248661\" rel=\"attachment wp-att-696\"><img decoding=\"async\" loading=\"lazy\" class=\"size-full wp-image-696 alignleft\" src=\"https:\/\/www.serbis.es\/serbis\/blog\/wp-content\/uploads\/vimeo.jpg\" alt=\"vimeo\" width=\"113\" height=\"111\" \/><\/a><\/p>\n<p>&nbsp;<\/p>\n<p>&nbsp;<\/p>\n<p>&nbsp;<\/p>\n<p>&nbsp;<\/p>\n<p><a href=\"https:\/\/www.flickr.com\/photos\/155074596@N06\/\" rel=\"attachment wp-att-698\"><img decoding=\"async\" loading=\"lazy\" class=\"size-full wp-image-698 alignleft\" src=\"https:\/\/www.serbis.es\/serbis\/blog\/wp-content\/uploads\/flickr.jpg\" alt=\"flickr\" width=\"113\" height=\"111\" \/><\/a><\/p>\n<p>&nbsp;<\/p>\n<p>&nbsp;<\/p>\n<p>&nbsp;<\/p>\n<p>&nbsp;<\/p>\n<p><a href=\"https:\/\/www.pinterest.es\/pin\/133348838938250902\/\" rel=\"attachment wp-att-697\"><img decoding=\"async\" loading=\"lazy\" class=\"size-full wp-image-697 alignleft\" src=\"https:\/\/www.serbis.es\/serbis\/blog\/wp-content\/uploads\/pinterest.jpg\" alt=\"pinterest\" width=\"113\" height=\"111\" \/><\/a><\/p>\n","protected":false},"excerpt":{"rendered":"<p>Resumimos las principales noticias de los \u00faltimos d\u00edas relacionadas con los sistemas de alcantarillado y la depuraci\u00f3n de aguas residuales en general, as\u00ed como con la limpieza de pozos y canalizaciones, los atrancos y atascos, los retretes y las galer\u00edas subterr\u00e1neas&#8230; Millones de europeos carecen de saneamiento Tendemos a pensar que la carencia de servicios [&hellip;]<\/p>\n","protected":false},"author":3,"featured_media":2125,"comment_status":"open","ping_status":"open","sticky":false,"template":"","format":"standard","meta":{"_mi_skip_tracking":false,"_monsterinsights_sitenote_active":false,"_monsterinsights_sitenote_note":"","_monsterinsights_sitenote_category":0},"categories":[17,5,2,32],"tags":[75,22,61,59,386,40,109],"yoast_head":"<!-- This site is optimized with the Yoast SEO plugin v20.10 - https:\/\/yoast.com\/wordpress\/plugins\/seo\/ -->\n<title>Europa necesita invertir en saneamiento - Blog de Serbis<\/title>\n<meta name=\"robots\" content=\"index, follow, max-snippet:-1, max-image-preview:large, max-video-preview:-1\" \/>\n<link rel=\"canonical\" href=\"https:\/\/www.serbis.es\/serbis\/blog\/saneamiento-aguas-residuales-zonas-rurales\/\" \/>\n<meta property=\"og:locale\" content=\"es_ES\" \/>\n<meta property=\"og:type\" content=\"article\" \/>\n<meta property=\"og:title\" content=\"Europa necesita invertir en saneamiento - Blog de Serbis\" \/>\n<meta property=\"og:description\" content=\"Resumimos las principales noticias de los \u00faltimos d\u00edas relacionadas con los sistemas de alcantarillado y la depuraci\u00f3n de aguas residuales en general, as\u00ed como con la limpieza de pozos y canalizaciones, los atrancos y atascos, los retretes y las galer\u00edas subterr\u00e1neas&#8230; Millones de europeos carecen de saneamiento Tendemos a pensar que la carencia de servicios [&hellip;]\" \/>\n<meta property=\"og:url\" content=\"https:\/\/www.serbis.es\/serbis\/blog\/saneamiento-aguas-residuales-zonas-rurales\/\" \/>\n<meta property=\"og:site_name\" content=\"Blog de Serbis\" \/>\n<meta property=\"article:author\" content=\"https:\/\/www.facebook.com\/SerbisPoceria\/\" \/>\n<meta property=\"article:published_time\" content=\"2020-02-13T16:25:42+00:00\" \/>\n<meta property=\"og:image\" content=\"https:\/\/www.serbis.es\/serbis\/blog\/wp-content\/uploads\/alcantarilla-madrid.jpg\" \/>\n\t<meta property=\"og:image:width\" content=\"630\" \/>\n\t<meta property=\"og:image:height\" content=\"315\" \/>\n\t<meta property=\"og:image:type\" content=\"image\/jpeg\" \/>\n<meta name=\"author\" content=\"Serbis Pocer\u00eda\" \/>\n<meta name=\"twitter:label1\" content=\"Escrito por\" \/>\n\t<meta name=\"twitter:data1\" content=\"Serbis Pocer\u00eda\" \/>\n\t<meta name=\"twitter:label2\" content=\"Tiempo de lectura\" \/>\n\t<meta name=\"twitter:data2\" content=\"3 minutos\" \/>\n<script type=\"application\/ld+json\" class=\"yoast-schema-graph\">{\"@context\":\"https:\/\/schema.org\",\"@graph\":[{\"@type\":\"WebPage\",\"@id\":\"https:\/\/www.serbis.es\/serbis\/blog\/saneamiento-aguas-residuales-zonas-rurales\/\",\"url\":\"https:\/\/www.serbis.es\/serbis\/blog\/saneamiento-aguas-residuales-zonas-rurales\/\",\"name\":\"Europa necesita invertir en saneamiento - Blog de Serbis\",\"isPartOf\":{\"@id\":\"https:\/\/www.serbis.es\/serbis\/blog\/#website\"},\"datePublished\":\"2020-02-13T16:25:42+00:00\",\"dateModified\":\"2020-02-13T16:25:42+00:00\",\"author\":{\"@id\":\"https:\/\/www.serbis.es\/serbis\/blog\/#\/schema\/person\/449002ed602088d1463cc28957dee9ea\"},\"breadcrumb\":{\"@id\":\"https:\/\/www.serbis.es\/serbis\/blog\/saneamiento-aguas-residuales-zonas-rurales\/#breadcrumb\"},\"inLanguage\":\"es\",\"potentialAction\":[{\"@type\":\"ReadAction\",\"target\":[\"https:\/\/www.serbis.es\/serbis\/blog\/saneamiento-aguas-residuales-zonas-rurales\/\"]}]},{\"@type\":\"BreadcrumbList\",\"@id\":\"https:\/\/www.serbis.es\/serbis\/blog\/saneamiento-aguas-residuales-zonas-rurales\/#breadcrumb\",\"itemListElement\":[{\"@type\":\"ListItem\",\"position\":1,\"name\":\"Portada\",\"item\":\"https:\/\/www.serbis.es\/serbis\/blog\/\"},{\"@type\":\"ListItem\",\"position\":2,\"name\":\"Europa necesita invertir en saneamiento\"}]},{\"@type\":\"WebSite\",\"@id\":\"https:\/\/www.serbis.es\/serbis\/blog\/#website\",\"url\":\"https:\/\/www.serbis.es\/serbis\/blog\/\",\"name\":\"Blog de Serbis\",\"description\":\"l\u00edderes en Espa\u00f1a en saneamiento de aguas con servicios de pocer\u00eda tradicional y sin zanjas\",\"potentialAction\":[{\"@type\":\"SearchAction\",\"target\":{\"@type\":\"EntryPoint\",\"urlTemplate\":\"https:\/\/www.serbis.es\/serbis\/blog\/?s={search_term_string}\"},\"query-input\":\"required name=search_term_string\"}],\"inLanguage\":\"es\"},{\"@type\":\"Person\",\"@id\":\"https:\/\/www.serbis.es\/serbis\/blog\/#\/schema\/person\/449002ed602088d1463cc28957dee9ea\",\"name\":\"Serbis Pocer\u00eda\",\"image\":{\"@type\":\"ImageObject\",\"inLanguage\":\"es\",\"@id\":\"https:\/\/www.serbis.es\/serbis\/blog\/#\/schema\/person\/image\/\",\"url\":\"https:\/\/secure.gravatar.com\/avatar\/1b95962073fbda6a54be252a727db96a?s=96&d=mm&r=g\",\"contentUrl\":\"https:\/\/secure.gravatar.com\/avatar\/1b95962073fbda6a54be252a727db96a?s=96&d=mm&r=g\",\"caption\":\"Serbis Pocer\u00eda\"},\"description\":\"Empresa especializada en soluciones de alcantarillado y saneamiento de agua, con gran experiencia en el sector y conocimiento de t\u00e9cnicas tanto de pocer\u00eda tradicional como de rehabilitaci\u00f3n de tuber\u00edas sin zanjas ni necesidad de obra civil\",\"sameAs\":[\"https:\/\/www.linkedin.com\/company\/poceria-serbis\",\"https:\/\/www.facebook.com\/SerbisPoceria\/\",\"https:\/\/twitter.com\/https:\/\/twitter.com\/serbis_poceria\"],\"url\":\"https:\/\/www.serbis.es\/serbis\/blog\/author\/perio_editor\/\"}]}<\/script>\n<!-- \/ Yoast SEO plugin. -->","yoast_head_json":{"title":"Europa necesita invertir en saneamiento - Blog de Serbis","robots":{"index":"index","follow":"follow","max-snippet":"max-snippet:-1","max-image-preview":"max-image-preview:large","max-video-preview":"max-video-preview:-1"},"canonical":"https:\/\/www.serbis.es\/serbis\/blog\/saneamiento-aguas-residuales-zonas-rurales\/","og_locale":"es_ES","og_type":"article","og_title":"Europa necesita invertir en saneamiento - Blog de Serbis","og_description":"Resumimos las principales noticias de los \u00faltimos d\u00edas relacionadas con los sistemas de alcantarillado y la depuraci\u00f3n de aguas residuales en general, as\u00ed como con la limpieza de pozos y canalizaciones, los atrancos y atascos, los retretes y las galer\u00edas subterr\u00e1neas&#8230; Millones de europeos carecen de saneamiento Tendemos a pensar que la carencia de servicios [&hellip;]","og_url":"https:\/\/www.serbis.es\/serbis\/blog\/saneamiento-aguas-residuales-zonas-rurales\/","og_site_name":"Blog de Serbis","article_author":"https:\/\/www.facebook.com\/SerbisPoceria\/","article_published_time":"2020-02-13T16:25:42+00:00","og_image":[{"width":630,"height":315,"url":"https:\/\/www.serbis.es\/serbis\/blog\/wp-content\/uploads\/alcantarilla-madrid.jpg","type":"image\/jpeg"}],"author":"Serbis Pocer\u00eda","twitter_misc":{"Escrito por":"Serbis Pocer\u00eda","Tiempo de lectura":"3 minutos"},"schema":{"@context":"https:\/\/schema.org","@graph":[{"@type":"WebPage","@id":"https:\/\/www.serbis.es\/serbis\/blog\/saneamiento-aguas-residuales-zonas-rurales\/","url":"https:\/\/www.serbis.es\/serbis\/blog\/saneamiento-aguas-residuales-zonas-rurales\/","name":"Europa necesita invertir en saneamiento - Blog de Serbis","isPartOf":{"@id":"https:\/\/www.serbis.es\/serbis\/blog\/#website"},"datePublished":"2020-02-13T16:25:42+00:00","dateModified":"2020-02-13T16:25:42+00:00","author":{"@id":"https:\/\/www.serbis.es\/serbis\/blog\/#\/schema\/person\/449002ed602088d1463cc28957dee9ea"},"breadcrumb":{"@id":"https:\/\/www.serbis.es\/serbis\/blog\/saneamiento-aguas-residuales-zonas-rurales\/#breadcrumb"},"inLanguage":"es","potentialAction":[{"@type":"ReadAction","target":["https:\/\/www.serbis.es\/serbis\/blog\/saneamiento-aguas-residuales-zonas-rurales\/"]}]},{"@type":"BreadcrumbList","@id":"https:\/\/www.serbis.es\/serbis\/blog\/saneamiento-aguas-residuales-zonas-rurales\/#breadcrumb","itemListElement":[{"@type":"ListItem","position":1,"name":"Portada","item":"https:\/\/www.serbis.es\/serbis\/blog\/"},{"@type":"ListItem","position":2,"name":"Europa necesita invertir en saneamiento"}]},{"@type":"WebSite","@id":"https:\/\/www.serbis.es\/serbis\/blog\/#website","url":"https:\/\/www.serbis.es\/serbis\/blog\/","name":"Blog de Serbis","description":"l\u00edderes en Espa\u00f1a en saneamiento de aguas con servicios de pocer\u00eda tradicional y sin zanjas","potentialAction":[{"@type":"SearchAction","target":{"@type":"EntryPoint","urlTemplate":"https:\/\/www.serbis.es\/serbis\/blog\/?s={search_term_string}"},"query-input":"required name=search_term_string"}],"inLanguage":"es"},{"@type":"Person","@id":"https:\/\/www.serbis.es\/serbis\/blog\/#\/schema\/person\/449002ed602088d1463cc28957dee9ea","name":"Serbis Pocer\u00eda","image":{"@type":"ImageObject","inLanguage":"es","@id":"https:\/\/www.serbis.es\/serbis\/blog\/#\/schema\/person\/image\/","url":"https:\/\/secure.gravatar.com\/avatar\/1b95962073fbda6a54be252a727db96a?s=96&d=mm&r=g","contentUrl":"https:\/\/secure.gravatar.com\/avatar\/1b95962073fbda6a54be252a727db96a?s=96&d=mm&r=g","caption":"Serbis Pocer\u00eda"},"description":"Empresa especializada en soluciones de alcantarillado y saneamiento de agua, con gran experiencia en el sector y conocimiento de t\u00e9cnicas tanto de pocer\u00eda tradicional como de rehabilitaci\u00f3n de tuber\u00edas sin zanjas ni necesidad de obra civil","sameAs":["https:\/\/www.linkedin.com\/company\/poceria-serbis","https:\/\/www.facebook.com\/SerbisPoceria\/","https:\/\/twitter.com\/https:\/\/twitter.com\/serbis_poceria"],"url":"https:\/\/www.serbis.es\/serbis\/blog\/author\/perio_editor\/"}]}},"_links":{"self":[{"href":"https:\/\/www.serbis.es\/serbis\/blog\/wp-json\/wp\/v2\/posts\/2120"}],"collection":[{"href":"https:\/\/www.serbis.es\/serbis\/blog\/wp-json\/wp\/v2\/posts"}],"about":[{"href":"https:\/\/www.serbis.es\/serbis\/blog\/wp-json\/wp\/v2\/types\/post"}],"author":[{"embeddable":true,"href":"https:\/\/www.serbis.es\/serbis\/blog\/wp-json\/wp\/v2\/users\/3"}],"replies":[{"embeddable":true,"href":"https:\/\/www.serbis.es\/serbis\/blog\/wp-json\/wp\/v2\/comments?post=2120"}],"version-history":[{"count":5,"href":"https:\/\/www.serbis.es\/serbis\/blog\/wp-json\/wp\/v2\/posts\/2120\/revisions"}],"predecessor-version":[{"id":2129,"href":"https:\/\/www.serbis.es\/serbis\/blog\/wp-json\/wp\/v2\/posts\/2120\/revisions\/2129"}],"wp:featuredmedia":[{"embeddable":true,"href":"https:\/\/www.serbis.es\/serbis\/blog\/wp-json\/wp\/v2\/media\/2125"}],"wp:attachment":[{"href":"https:\/\/www.serbis.es\/serbis\/blog\/wp-json\/wp\/v2\/media?parent=2120"}],"wp:term":[{"taxonomy":"category","embeddable":true,"href":"https:\/\/www.serbis.es\/serbis\/blog\/wp-json\/wp\/v2\/categories?post=2120"},{"taxonomy":"post_tag","embeddable":true,"href":"https:\/\/www.serbis.es\/serbis\/blog\/wp-json\/wp\/v2\/tags?post=2120"}],"curies":[{"name":"wp","href":"https:\/\/api.w.org\/{rel}","templated":true}]}}