{"id":2183,"date":"2020-03-19T17:36:51","date_gmt":"2020-03-19T17:36:51","guid":{"rendered":"https:\/\/www.serbis.es\/serbis\/blog\/?p=2183"},"modified":"2020-03-19T17:37:53","modified_gmt":"2020-03-19T17:37:53","slug":"coronavirus-estado-alarma-agua","status":"publish","type":"post","link":"https:\/\/www.serbis.es\/serbis\/blog\/coronavirus-estado-alarma-agua\/","title":{"rendered":"Coronavirus, estado de alarma y agua"},"content":{"rendered":"<p>Resumimos las principales noticias de los \u00faltimos d\u00edas, que han estado monopolizadas por<strong> la propagaci\u00f3n en Espa\u00f1a del coronavirus o COVID-19 y la declaraci\u00f3n del estado de alarma en todo el pa\u00eds<\/strong>. De paso, repasamos la estrecha relaci\u00f3n entre esta pandemia, el agua y los sistemas de saneamiento de aguas residuales, as\u00ed como con los sistemas de alcantarillado y depuraci\u00f3n.<\/p>\n<h3>El saneamiento es un servicio de primer\u00edsima necesidad<\/h3>\n<p>La red de saneamiento de aguas residuales se llama as\u00ed, precisamente, porque su funci\u00f3n es sanear las aguas sucias que desechamos las personas y <strong>evitar la propagaci\u00f3n de enfermedades, epidemias y pandemias<\/strong>. De ah\u00ed su enorme importancia y de ah\u00ed que sea considerada como una actividad de primer\u00edsima necesidad.<\/p>\n<p>Por este motivo, en Serbis Pocer\u00eda <strong>seguimos trabajando a pesar del estado de alarma en el que se encuentra Espa\u00f1a<\/strong> para combatir el coronavirus o COVID-19. En estos d\u00edas resulta esencial garantizar el saneamiento de todas las viviendas, pero tambi\u00e9n el de otros edificios, como esos hospitales que tantas vidas est\u00e1n salvando o esos negocios fundamentales que siguen operativos, como <strong>supermercados o farmacias<\/strong>.<\/p>\n<p>Por supuesto, tambi\u00e9n <strong>nos preocupa much\u00edsimo la seguridad de nuestros trabajadores<\/strong>. Por este motivo, estamos intentando garantizar que realizan su trabajo con el m\u00ednimo riesgo posible para su salud. Y por eso, tambi\u00e9n, os pedimos que os acord\u00e9is de ellos cuando esta noche <strong>salg\u00e1is a vuestros balcones a aplaudir a todos esos h\u00e9roes an\u00f3nimos que estos d\u00edas se juegan su salud por la de todos nosotros<\/strong>.<\/p>\n<p><img decoding=\"async\" loading=\"lazy\" class=\"size-full wp-image-2184 alignnone\" src=\"https:\/\/www.serbis.es\/serbis\/blog\/wp-content\/uploads\/saneamiento-coronavirus-estado-alarma.jpg\" alt=\"\" width=\"630\" height=\"315\" srcset=\"https:\/\/www.serbis.es\/serbis\/blog\/wp-content\/uploads\/saneamiento-coronavirus-estado-alarma.jpg 630w, https:\/\/www.serbis.es\/serbis\/blog\/wp-content\/uploads\/saneamiento-coronavirus-estado-alarma-300x150.jpg 300w, https:\/\/www.serbis.es\/serbis\/blog\/wp-content\/uploads\/saneamiento-coronavirus-estado-alarma-370x185.jpg 370w\" sizes=\"(max-width: 630px) 100vw, 630px\" \/><\/p>\n<h3>Las instalaciones de aguas residuales combaten en coronavirus<\/h3>\n<p>Aunque todav\u00eda <strong>no existe ninguna evidencia cient\u00edfica de que el coronavirus se transmite<\/strong> a trav\u00e9s de los sistemas de alcantarillado o las instalaciones de tratamiento y depuraci\u00f3n de aguas residuales, cualquier medida preventiva es poca. Por esta raz\u00f3n, la Asociaci\u00f3n Espa\u00f1ola de Abastecimientos de Agua y Saneamiento (AEAS) ha publicado una serie de <strong>medidas de seguridad para el sector h\u00eddrico<\/strong>.<\/p>\n<p>Por ejemplo, se recomienda que sea cada empresa la que defina los<strong> escenarios de nivel de alarma<\/strong> en funci\u00f3n de su tama\u00f1o e instalaciones; que se pongan en marcha <strong>gabinetes de crisis<\/strong>; que los trabajadores informen inmediatamente <strong>en caso de presentar s\u00edntomas<\/strong>; que se establezcan <strong>turnos de trabajo<\/strong> a todos los niveles; o que<strong> se evite compartir equipos y objetos<\/strong> comunes, entre otras muchas iniciativas que pod\u00e9is consultar en <a href=\"https:\/\/www.tecnoaqua.es\/noticias\/20200317\/agua-coronavirus-aeas-medidas-instalaciones-aguas-residuales#.XnHQHnJ7nIU\">esta web<\/a>.<\/p>\n<p><img decoding=\"async\" loading=\"lazy\" class=\"size-full wp-image-2190 alignnone\" src=\"https:\/\/www.serbis.es\/serbis\/blog\/wp-content\/uploads\/aguas-residuales-coronavirus-prevencion.jpg\" alt=\"\" width=\"630\" height=\"315\" srcset=\"https:\/\/www.serbis.es\/serbis\/blog\/wp-content\/uploads\/aguas-residuales-coronavirus-prevencion.jpg 630w, https:\/\/www.serbis.es\/serbis\/blog\/wp-content\/uploads\/aguas-residuales-coronavirus-prevencion-300x150.jpg 300w, https:\/\/www.serbis.es\/serbis\/blog\/wp-content\/uploads\/aguas-residuales-coronavirus-prevencion-370x185.jpg 370w\" sizes=\"(max-width: 630px) 100vw, 630px\" \/><\/p>\n<h3>El suministro de agua, garantizado durante el coronavirus<\/h3>\n<p>Ning\u00fan espa\u00f1ol en situaci\u00f3n de vulnerabilidad <strong>ver\u00e1 cortado el suministro de agua<\/strong> como consecuencia de la crisis del coronavirus. As\u00ed lo establece <a href=\"https:\/\/www.retema.es\/noticia\/el-gobierno-prohibe-el-corte-de-suministro-de-agua-electricidad-y-gas-natural-cs59w\" class=\"broken_link\">el Real Decreto-ley de medidas urgentes<\/a> aprobado esta semana por el Gobierno central para hacer frente al<strong> impacto econ\u00f3mico y social del COVID-19 en Espa\u00f1a<\/strong>.<\/p>\n<p>En concreto, el suministro domiciliario de agua potable <strong>pasa a ser considerado un servicio esencial<\/strong> y, por este motivo, queda garantizado durante este mes en el que Espa\u00f1a se mantiene en estado de alarma, <strong>aunque la medida es prorrogable<\/strong>. Exactamente lo mismo se ha establecido para los servicios de <strong>electricidad y gas natural.<\/strong><\/p>\n<h3><img decoding=\"async\" loading=\"lazy\" class=\"size-full wp-image-2192 alignnone\" src=\"https:\/\/www.serbis.es\/serbis\/blog\/wp-content\/uploads\/grifo-agua.jpg\" alt=\"\" width=\"630\" height=\"315\" srcset=\"https:\/\/www.serbis.es\/serbis\/blog\/wp-content\/uploads\/grifo-agua.jpg 630w, https:\/\/www.serbis.es\/serbis\/blog\/wp-content\/uploads\/grifo-agua-300x150.jpg 300w, https:\/\/www.serbis.es\/serbis\/blog\/wp-content\/uploads\/grifo-agua-370x185.jpg 370w\" sizes=\"(max-width: 630px) 100vw, 630px\" \/><\/h3>\n<h3>Reutilizar las aguas residuales o morirnos de sed<\/h3>\n<p>La Uni\u00f3n para el Mediterr\u00e1neo (UPM) ha publicado <a href=\"https:\/\/www.eldiario.es\/sociedad\/millones-personas-escasez-agua-Mediterraneo_0_1006849792.html\">un informe sobre el cambio clim\u00e1tico en la regi\u00f3n del Mediterr\u00e1neo<\/a> en el que recomienda apostar por la reutilizaci\u00f3n de las aguas residuales tratadas. \u00c9sa, seg\u00fan esta organizaci\u00f3n, es una de las v\u00edas que podr\u00edan ayudar a mitigar <strong>la escasez de agua que se avecina en esta parte del mundo<\/strong>.<\/p>\n<p>Porque, seg\u00fan este organismo, <strong>las m\u00e1s de 250 millones de personas<\/strong> que habitamos los pa\u00edses del litoral Mediterr\u00e1neo <strong>sufriremos problemas h\u00eddricos en solo 20 a\u00f1os<\/strong>. Entre otras razones, porque esta regi\u00f3n se calienta m\u00e1s r\u00e1pido que el resto del planeta y porque la demanda de agua se incrementar\u00e1 un 18% a finales de siglo como consecuencia del cambio clim\u00e1tico.<\/p>\n<p><img decoding=\"async\" loading=\"lazy\" class=\"size-full wp-image-2188 alignnone\" src=\"https:\/\/www.serbis.es\/serbis\/blog\/wp-content\/uploads\/sequia-aguas-residuales.jpg\" alt=\"\" width=\"630\" height=\"315\" srcset=\"https:\/\/www.serbis.es\/serbis\/blog\/wp-content\/uploads\/sequia-aguas-residuales.jpg 630w, https:\/\/www.serbis.es\/serbis\/blog\/wp-content\/uploads\/sequia-aguas-residuales-300x150.jpg 300w, https:\/\/www.serbis.es\/serbis\/blog\/wp-content\/uploads\/sequia-aguas-residuales-370x185.jpg 370w\" sizes=\"(max-width: 630px) 100vw, 630px\" \/><\/p>\n<p>Si quieres contarnos algo puedes llamarnos al <strong>n\u00famero de tel\u00e9fono <\/strong><strong>91 610 62 53<\/strong> y si te gusta estar informado de las noticias nacionales e internacionales m\u00e1s interesantes de las industrias de la pocer\u00eda, el alcantarillado y el saneamiento de aguas fecales, visita <a href=\"https:\/\/www.serbis.es\/\" target=\"_blank\" rel=\"noopener\"><strong>Serbis.es<\/strong><\/a> y <strong>s\u00edguenos en las redes sociales<\/strong>:<\/p>\n<p><a href=\"https:\/\/www.facebook.com\/SerbisPoceria\/\" rel=\"attachment wp-att-691\" class=\"broken_link\"><img decoding=\"async\" loading=\"lazy\" class=\"size-full wp-image-691\" src=\"https:\/\/www.serbis.es\/serbis\/blog\/wp-content\/uploads\/facebook.jpg\" alt=\"facebook\" width=\"113\" height=\"111\" \/><\/a><\/p>\n<p>&nbsp;<\/p>\n<p><a href=\"https:\/\/twitter.com\/serbis_poceria\" rel=\"attachment wp-att-692\"><img decoding=\"async\" loading=\"lazy\" class=\"size-full wp-image-692\" src=\"https:\/\/www.serbis.es\/serbis\/blog\/wp-content\/uploads\/twitter.jpg\" alt=\"twitter\" width=\"113\" height=\"111\" \/><\/a><\/p>\n<p>&nbsp;<\/p>\n<p><a href=\"https:\/\/www.instagram.com\/serbis_poceria\/\" rel=\"attachment wp-att-692\" class=\"broken_link\"><img decoding=\"async\" loading=\"lazy\" class=\"alignnone wp-image-1462 size-full\" src=\"https:\/\/www.serbis.es\/serbis\/blog\/wp-content\/uploads\/instagram.jpg\" alt=\"\" width=\"113\" height=\"111\" \/><\/a><\/p>\n<p>&nbsp;<\/p>\n<p><a href=\"https:\/\/es.linkedin.com\/company\/poceria-serbis\" rel=\"attachment wp-att-693\"><img decoding=\"async\" loading=\"lazy\" class=\"size-full wp-image-693 alignleft\" src=\"https:\/\/www.serbis.es\/serbis\/blog\/wp-content\/uploads\/linkedin.jpg\" alt=\"linkedin\" width=\"113\" height=\"111\" \/><\/a><\/p>\n<p>&nbsp;<\/p>\n<p>&nbsp;<\/p>\n<p>&nbsp;<\/p>\n<p>&nbsp;<\/p>\n<p><a href=\"https:\/\/www.youtube.com\/channel\/UCSIAPGXKlWyOmHRZo9YCpBQ\" rel=\"attachment wp-att-694\"><img decoding=\"async\" loading=\"lazy\" class=\"size-full wp-image-694 alignleft\" src=\"https:\/\/www.serbis.es\/serbis\/blog\/wp-content\/uploads\/youtube.jpg\" alt=\"youtube\" width=\"113\" height=\"111\" \/><\/a><\/p>\n<p>&nbsp;<\/p>\n<p>&nbsp;<\/p>\n<p>&nbsp;<\/p>\n<p>&nbsp;<\/p>\n<p><a href=\"https:\/\/vimeo.com\/user9248661\" rel=\"attachment wp-att-696\"><img decoding=\"async\" loading=\"lazy\" class=\"size-full wp-image-696 alignleft\" src=\"https:\/\/www.serbis.es\/serbis\/blog\/wp-content\/uploads\/vimeo.jpg\" alt=\"vimeo\" width=\"113\" height=\"111\" \/><\/a><\/p>\n<p>&nbsp;<\/p>\n<p>&nbsp;<\/p>\n<p>&nbsp;<\/p>\n<p>&nbsp;<\/p>\n<p><a href=\"https:\/\/www.flickr.com\/photos\/155074596@N06\/\" rel=\"attachment wp-att-698\"><img decoding=\"async\" loading=\"lazy\" class=\"size-full wp-image-698 alignleft\" src=\"https:\/\/www.serbis.es\/serbis\/blog\/wp-content\/uploads\/flickr.jpg\" alt=\"flickr\" width=\"113\" height=\"111\" \/><\/a><\/p>\n<p>&nbsp;<\/p>\n<p>&nbsp;<\/p>\n<p>&nbsp;<\/p>\n<p>&nbsp;<\/p>\n<p><a href=\"https:\/\/www.pinterest.es\/pin\/133348838938250902\/\" rel=\"attachment wp-att-697\"><img decoding=\"async\" loading=\"lazy\" class=\"size-full wp-image-697 alignleft\" src=\"https:\/\/www.serbis.es\/serbis\/blog\/wp-content\/uploads\/pinterest.jpg\" alt=\"pinterest\" width=\"113\" height=\"111\" \/><\/a><\/p>\n","protected":false},"excerpt":{"rendered":"<p>Resumimos las principales noticias de los \u00faltimos d\u00edas, que han estado monopolizadas por la propagaci\u00f3n en Espa\u00f1a del coronavirus o COVID-19 y la declaraci\u00f3n del estado de alarma en todo el pa\u00eds. De paso, repasamos la estrecha relaci\u00f3n entre esta pandemia, el agua y los sistemas de saneamiento de aguas residuales, as\u00ed como con los [&hellip;]<\/p>\n","protected":false},"author":3,"featured_media":2192,"comment_status":"open","ping_status":"open","sticky":false,"template":"","format":"standard","meta":{"_mi_skip_tracking":false,"_monsterinsights_sitenote_active":false,"_monsterinsights_sitenote_note":"","_monsterinsights_sitenote_category":0},"categories":[17,5,2,26,32],"tags":[28,75,388,391,36,44,40,392],"yoast_head":"<!-- This site is optimized with the Yoast SEO plugin v20.10 - https:\/\/yoast.com\/wordpress\/plugins\/seo\/ -->\n<title>Coronavirus, estado de alarma y agua - Blog de Serbis<\/title>\n<meta name=\"robots\" content=\"index, follow, max-snippet:-1, max-image-preview:large, max-video-preview:-1\" \/>\n<link rel=\"canonical\" href=\"https:\/\/www.serbis.es\/serbis\/blog\/coronavirus-estado-alarma-agua\/\" \/>\n<meta property=\"og:locale\" content=\"es_ES\" \/>\n<meta property=\"og:type\" content=\"article\" \/>\n<meta property=\"og:title\" content=\"Coronavirus, estado de alarma y agua - Blog de Serbis\" \/>\n<meta property=\"og:description\" content=\"Resumimos las principales noticias de los \u00faltimos d\u00edas, que han estado monopolizadas por la propagaci\u00f3n en Espa\u00f1a del coronavirus o COVID-19 y la declaraci\u00f3n del estado de alarma en todo el pa\u00eds. De paso, repasamos la estrecha relaci\u00f3n entre esta pandemia, el agua y los sistemas de saneamiento de aguas residuales, as\u00ed como con los [&hellip;]\" \/>\n<meta property=\"og:url\" content=\"https:\/\/www.serbis.es\/serbis\/blog\/coronavirus-estado-alarma-agua\/\" \/>\n<meta property=\"og:site_name\" content=\"Blog de Serbis\" \/>\n<meta property=\"article:author\" content=\"https:\/\/www.facebook.com\/SerbisPoceria\/\" \/>\n<meta property=\"article:published_time\" content=\"2020-03-19T17:36:51+00:00\" \/>\n<meta property=\"article:modified_time\" content=\"2020-03-19T17:37:53+00:00\" \/>\n<meta property=\"og:image\" content=\"https:\/\/www.serbis.es\/serbis\/blog\/wp-content\/uploads\/grifo-agua.jpg\" \/>\n\t<meta property=\"og:image:width\" content=\"630\" \/>\n\t<meta property=\"og:image:height\" content=\"315\" \/>\n\t<meta property=\"og:image:type\" content=\"image\/jpeg\" \/>\n<meta name=\"author\" content=\"Serbis Pocer\u00eda\" \/>\n<meta name=\"twitter:label1\" content=\"Escrito por\" \/>\n\t<meta name=\"twitter:data1\" content=\"Serbis Pocer\u00eda\" \/>\n\t<meta name=\"twitter:label2\" content=\"Tiempo de lectura\" \/>\n\t<meta name=\"twitter:data2\" content=\"4 minutos\" \/>\n<script type=\"application\/ld+json\" class=\"yoast-schema-graph\">{\"@context\":\"https:\/\/schema.org\",\"@graph\":[{\"@type\":\"WebPage\",\"@id\":\"https:\/\/www.serbis.es\/serbis\/blog\/coronavirus-estado-alarma-agua\/\",\"url\":\"https:\/\/www.serbis.es\/serbis\/blog\/coronavirus-estado-alarma-agua\/\",\"name\":\"Coronavirus, estado de alarma y agua - Blog de Serbis\",\"isPartOf\":{\"@id\":\"https:\/\/www.serbis.es\/serbis\/blog\/#website\"},\"datePublished\":\"2020-03-19T17:36:51+00:00\",\"dateModified\":\"2020-03-19T17:37:53+00:00\",\"author\":{\"@id\":\"https:\/\/www.serbis.es\/serbis\/blog\/#\/schema\/person\/449002ed602088d1463cc28957dee9ea\"},\"breadcrumb\":{\"@id\":\"https:\/\/www.serbis.es\/serbis\/blog\/coronavirus-estado-alarma-agua\/#breadcrumb\"},\"inLanguage\":\"es\",\"potentialAction\":[{\"@type\":\"ReadAction\",\"target\":[\"https:\/\/www.serbis.es\/serbis\/blog\/coronavirus-estado-alarma-agua\/\"]}]},{\"@type\":\"BreadcrumbList\",\"@id\":\"https:\/\/www.serbis.es\/serbis\/blog\/coronavirus-estado-alarma-agua\/#breadcrumb\",\"itemListElement\":[{\"@type\":\"ListItem\",\"position\":1,\"name\":\"Portada\",\"item\":\"https:\/\/www.serbis.es\/serbis\/blog\/\"},{\"@type\":\"ListItem\",\"position\":2,\"name\":\"Coronavirus, estado de alarma y agua\"}]},{\"@type\":\"WebSite\",\"@id\":\"https:\/\/www.serbis.es\/serbis\/blog\/#website\",\"url\":\"https:\/\/www.serbis.es\/serbis\/blog\/\",\"name\":\"Blog de Serbis\",\"description\":\"l\u00edderes en Espa\u00f1a en saneamiento de aguas con servicios de pocer\u00eda tradicional y sin zanjas\",\"potentialAction\":[{\"@type\":\"SearchAction\",\"target\":{\"@type\":\"EntryPoint\",\"urlTemplate\":\"https:\/\/www.serbis.es\/serbis\/blog\/?s={search_term_string}\"},\"query-input\":\"required name=search_term_string\"}],\"inLanguage\":\"es\"},{\"@type\":\"Person\",\"@id\":\"https:\/\/www.serbis.es\/serbis\/blog\/#\/schema\/person\/449002ed602088d1463cc28957dee9ea\",\"name\":\"Serbis Pocer\u00eda\",\"image\":{\"@type\":\"ImageObject\",\"inLanguage\":\"es\",\"@id\":\"https:\/\/www.serbis.es\/serbis\/blog\/#\/schema\/person\/image\/\",\"url\":\"https:\/\/secure.gravatar.com\/avatar\/1b95962073fbda6a54be252a727db96a?s=96&d=mm&r=g\",\"contentUrl\":\"https:\/\/secure.gravatar.com\/avatar\/1b95962073fbda6a54be252a727db96a?s=96&d=mm&r=g\",\"caption\":\"Serbis Pocer\u00eda\"},\"description\":\"Empresa especializada en soluciones de alcantarillado y saneamiento de agua, con gran experiencia en el sector y conocimiento de t\u00e9cnicas tanto de pocer\u00eda tradicional como de rehabilitaci\u00f3n de tuber\u00edas sin zanjas ni necesidad de obra civil\",\"sameAs\":[\"https:\/\/www.linkedin.com\/company\/poceria-serbis\",\"https:\/\/www.facebook.com\/SerbisPoceria\/\",\"https:\/\/twitter.com\/https:\/\/twitter.com\/serbis_poceria\"],\"url\":\"https:\/\/www.serbis.es\/serbis\/blog\/author\/perio_editor\/\"}]}<\/script>\n<!-- \/ Yoast SEO plugin. -->","yoast_head_json":{"title":"Coronavirus, estado de alarma y agua - Blog de Serbis","robots":{"index":"index","follow":"follow","max-snippet":"max-snippet:-1","max-image-preview":"max-image-preview:large","max-video-preview":"max-video-preview:-1"},"canonical":"https:\/\/www.serbis.es\/serbis\/blog\/coronavirus-estado-alarma-agua\/","og_locale":"es_ES","og_type":"article","og_title":"Coronavirus, estado de alarma y agua - Blog de Serbis","og_description":"Resumimos las principales noticias de los \u00faltimos d\u00edas, que han estado monopolizadas por la propagaci\u00f3n en Espa\u00f1a del coronavirus o COVID-19 y la declaraci\u00f3n del estado de alarma en todo el pa\u00eds. De paso, repasamos la estrecha relaci\u00f3n entre esta pandemia, el agua y los sistemas de saneamiento de aguas residuales, as\u00ed como con los [&hellip;]","og_url":"https:\/\/www.serbis.es\/serbis\/blog\/coronavirus-estado-alarma-agua\/","og_site_name":"Blog de Serbis","article_author":"https:\/\/www.facebook.com\/SerbisPoceria\/","article_published_time":"2020-03-19T17:36:51+00:00","article_modified_time":"2020-03-19T17:37:53+00:00","og_image":[{"width":630,"height":315,"url":"https:\/\/www.serbis.es\/serbis\/blog\/wp-content\/uploads\/grifo-agua.jpg","type":"image\/jpeg"}],"author":"Serbis Pocer\u00eda","twitter_misc":{"Escrito por":"Serbis Pocer\u00eda","Tiempo de lectura":"4 minutos"},"schema":{"@context":"https:\/\/schema.org","@graph":[{"@type":"WebPage","@id":"https:\/\/www.serbis.es\/serbis\/blog\/coronavirus-estado-alarma-agua\/","url":"https:\/\/www.serbis.es\/serbis\/blog\/coronavirus-estado-alarma-agua\/","name":"Coronavirus, estado de alarma y agua - Blog de Serbis","isPartOf":{"@id":"https:\/\/www.serbis.es\/serbis\/blog\/#website"},"datePublished":"2020-03-19T17:36:51+00:00","dateModified":"2020-03-19T17:37:53+00:00","author":{"@id":"https:\/\/www.serbis.es\/serbis\/blog\/#\/schema\/person\/449002ed602088d1463cc28957dee9ea"},"breadcrumb":{"@id":"https:\/\/www.serbis.es\/serbis\/blog\/coronavirus-estado-alarma-agua\/#breadcrumb"},"inLanguage":"es","potentialAction":[{"@type":"ReadAction","target":["https:\/\/www.serbis.es\/serbis\/blog\/coronavirus-estado-alarma-agua\/"]}]},{"@type":"BreadcrumbList","@id":"https:\/\/www.serbis.es\/serbis\/blog\/coronavirus-estado-alarma-agua\/#breadcrumb","itemListElement":[{"@type":"ListItem","position":1,"name":"Portada","item":"https:\/\/www.serbis.es\/serbis\/blog\/"},{"@type":"ListItem","position":2,"name":"Coronavirus, estado de alarma y agua"}]},{"@type":"WebSite","@id":"https:\/\/www.serbis.es\/serbis\/blog\/#website","url":"https:\/\/www.serbis.es\/serbis\/blog\/","name":"Blog de Serbis","description":"l\u00edderes en Espa\u00f1a en saneamiento de aguas con servicios de pocer\u00eda tradicional y sin zanjas","potentialAction":[{"@type":"SearchAction","target":{"@type":"EntryPoint","urlTemplate":"https:\/\/www.serbis.es\/serbis\/blog\/?s={search_term_string}"},"query-input":"required name=search_term_string"}],"inLanguage":"es"},{"@type":"Person","@id":"https:\/\/www.serbis.es\/serbis\/blog\/#\/schema\/person\/449002ed602088d1463cc28957dee9ea","name":"Serbis Pocer\u00eda","image":{"@type":"ImageObject","inLanguage":"es","@id":"https:\/\/www.serbis.es\/serbis\/blog\/#\/schema\/person\/image\/","url":"https:\/\/secure.gravatar.com\/avatar\/1b95962073fbda6a54be252a727db96a?s=96&d=mm&r=g","contentUrl":"https:\/\/secure.gravatar.com\/avatar\/1b95962073fbda6a54be252a727db96a?s=96&d=mm&r=g","caption":"Serbis Pocer\u00eda"},"description":"Empresa especializada en soluciones de alcantarillado y saneamiento de agua, con gran experiencia en el sector y conocimiento de t\u00e9cnicas tanto de pocer\u00eda tradicional como de rehabilitaci\u00f3n de tuber\u00edas sin zanjas ni necesidad de obra civil","sameAs":["https:\/\/www.linkedin.com\/company\/poceria-serbis","https:\/\/www.facebook.com\/SerbisPoceria\/","https:\/\/twitter.com\/https:\/\/twitter.com\/serbis_poceria"],"url":"https:\/\/www.serbis.es\/serbis\/blog\/author\/perio_editor\/"}]}},"_links":{"self":[{"href":"https:\/\/www.serbis.es\/serbis\/blog\/wp-json\/wp\/v2\/posts\/2183"}],"collection":[{"href":"https:\/\/www.serbis.es\/serbis\/blog\/wp-json\/wp\/v2\/posts"}],"about":[{"href":"https:\/\/www.serbis.es\/serbis\/blog\/wp-json\/wp\/v2\/types\/post"}],"author":[{"embeddable":true,"href":"https:\/\/www.serbis.es\/serbis\/blog\/wp-json\/wp\/v2\/users\/3"}],"replies":[{"embeddable":true,"href":"https:\/\/www.serbis.es\/serbis\/blog\/wp-json\/wp\/v2\/comments?post=2183"}],"version-history":[{"count":6,"href":"https:\/\/www.serbis.es\/serbis\/blog\/wp-json\/wp\/v2\/posts\/2183\/revisions"}],"predecessor-version":[{"id":2194,"href":"https:\/\/www.serbis.es\/serbis\/blog\/wp-json\/wp\/v2\/posts\/2183\/revisions\/2194"}],"wp:featuredmedia":[{"embeddable":true,"href":"https:\/\/www.serbis.es\/serbis\/blog\/wp-json\/wp\/v2\/media\/2192"}],"wp:attachment":[{"href":"https:\/\/www.serbis.es\/serbis\/blog\/wp-json\/wp\/v2\/media?parent=2183"}],"wp:term":[{"taxonomy":"category","embeddable":true,"href":"https:\/\/www.serbis.es\/serbis\/blog\/wp-json\/wp\/v2\/categories?post=2183"},{"taxonomy":"post_tag","embeddable":true,"href":"https:\/\/www.serbis.es\/serbis\/blog\/wp-json\/wp\/v2\/tags?post=2183"}],"curies":[{"name":"wp","href":"https:\/\/api.w.org\/{rel}","templated":true}]}}