{"id":2250,"date":"2020-05-28T15:32:02","date_gmt":"2020-05-28T15:32:02","guid":{"rendered":"https:\/\/www.serbis.es\/serbis\/blog\/?p=2250"},"modified":"2020-05-28T15:32:02","modified_gmt":"2020-05-28T15:32:02","slug":"lejia-cafe-alcantarillas-atascos","status":"publish","type":"post","link":"https:\/\/www.serbis.es\/serbis\/blog\/lejia-cafe-alcantarillas-atascos\/","title":{"rendered":"Ni la lej\u00eda mata al Covid-19 en las alcantarillas ni el caf\u00e9 desatranca"},"content":{"rendered":"<p>Resumimos las principales noticias que se han producido durante los \u00faltimos d\u00edas en el \u00e1mbito de las alcantarillas y el saneamiento de aguas residuales&#8230;<\/p>\n<h3>Zamora le saca el brillo a sus alcantarillas<\/h3>\n<p>El ayuntamiento de Zamora <a href=\"https:\/\/www.noticiascyl.com\/t\/1965719\/zamora-todo-zamora-extremar-precauciones-alcantarillas-ninos-zamora-hasta-20-junio\" class=\"broken_link\">ha iniciado esta semana<\/a> una exhaustiva campa\u00f1a de <strong>desinsectaci\u00f3n de su red de alcantarillado<\/strong> para frenar la expansi\u00f3n de las cucarachas. La limpieza de las alcantarillas se desarrollar\u00e1 en varias fases y se prolongar\u00e1 <strong>hasta el 20 de junio<\/strong>.<\/p>\n<p>Para prevenir intoxicaciones provocadas por el contacto con el insecticida utilizado, el ayuntamiento tambi\u00e9n ha recordado a todos los zamoranos la importancia de <strong>extremar las precauciones al pasar cerca de las arquetas y sumideros<\/strong> de la red de saneamiento de aguas residuales. Sobre todo, en el caso de aquellos vecinos que pasean por las calles afectadas por la limpieza <strong>con ni\u00f1os y animales dom\u00e9sticos<\/strong>.<\/p>\n<p><img decoding=\"async\" loading=\"lazy\" class=\"size-full wp-image-2251 alignnone\" src=\"https:\/\/www.serbis.es\/serbis\/blog\/wp-content\/uploads\/zamora-alcantarillas.jpg\" alt=\"\" width=\"630\" height=\"315\" srcset=\"https:\/\/www.serbis.es\/serbis\/blog\/wp-content\/uploads\/zamora-alcantarillas.jpg 630w, https:\/\/www.serbis.es\/serbis\/blog\/wp-content\/uploads\/zamora-alcantarillas-300x150.jpg 300w, https:\/\/www.serbis.es\/serbis\/blog\/wp-content\/uploads\/zamora-alcantarillas-370x185.jpg 370w\" sizes=\"(max-width: 630px) 100vw, 630px\" \/><\/p>\n<h3>No es verdad que echar lej\u00eda por el WC ayude a acabar con el coronavirus<\/h3>\n<p>Durante los \u00faltimos d\u00edas <a href=\"https:\/\/www.newtral.es\/el-coronavirus-no-se-multiplica-en-aguas-residuales-y-echar-lejia-por-las-canalizaciones-afectaria-a-las-investigaciones-cientificas\/20200524\/\">ha circulado un mensaje por WhatsApp<\/a> animando a la gene a <strong>verter lej\u00eda y otros desinfectantes por el inodoro<\/strong> para evitar que el coronavirus se extienda por las redes de saneamiento de aguas residuales y alcantarillado. El mensaje parte de una premisa falsa, ya que<strong> el Covid-19 no crece ni se multiplica en las alcantarillas<\/strong>.<\/p>\n<p>Por el contrario, arrojar este tipo de productos por el retrete puede dificultar <strong>las investigaciones cient\u00edficas que se est\u00e1n llevando a cabo para detectar un hipot\u00e9tico rebrote<\/strong> del virus. Adem\u00e1s, estos productos pueden provocar fallos en el funcionamiento de las estaciones depuradoras de aguas residuales (EDAR), tampoco explica un experto en este art\u00edculo.<\/p>\n<p><img decoding=\"async\" loading=\"lazy\" class=\"size-full wp-image-2254 alignnone\" src=\"https:\/\/www.serbis.es\/serbis\/blog\/wp-content\/uploads\/coronavirus-wc-lejia.jpg\" alt=\"\" width=\"630\" height=\"315\" srcset=\"https:\/\/www.serbis.es\/serbis\/blog\/wp-content\/uploads\/coronavirus-wc-lejia.jpg 630w, https:\/\/www.serbis.es\/serbis\/blog\/wp-content\/uploads\/coronavirus-wc-lejia-300x150.jpg 300w, https:\/\/www.serbis.es\/serbis\/blog\/wp-content\/uploads\/coronavirus-wc-lejia-370x185.jpg 370w\" sizes=\"(max-width: 630px) 100vw, 630px\" \/><\/p>\n<h3>No esperemos a las crisis sanitarias para modernizar el alcantarillado<\/h3>\n<p>Da la impresi\u00f3n de que la humanidad s\u00f3lo aprende a base de golpes. Al menos, eso es lo que hist\u00f3ricamente ha sucedido en el \u00e1mbito del alcantarillado y el saneamiento de aguas residuales. Por ejemplo, <strong>las primeras redes de ca\u00f1er\u00edas de EEUU surgieron con el c\u00f3lera y las fiebres tifoideas<\/strong>. Ahora, el pa\u00eds se ha dado cuena de la necesidad de renovar sus infraestructuras h\u00eddricas, <a href=\"https:\/\/www.elagoradiario.com\/agua\/la-infraestructura-del-agua-en-eeuu-hace-anos-que-esta-en-precario\/\" class=\"broken_link\">tras registrar algunos problemas en las mismas<\/a> en plena pandemia.<\/p>\n<p><strong>Cada d\u00eda se registran una media de 240.000 roturas de ca\u00f1er\u00edas<\/strong> en el gigante norteamericano. Entre otras razones, porque la mayor parte de su red de saneamiento de aguas residuales <strong>se construy\u00f3 hace m\u00e1s de 150 a\u00f1os<\/strong>, cuando el clima era menos extremo y exist\u00edan otros condicionantes. Por eso es necesario modernizar peri\u00f3dicamente los sistemas de alcantarillado, pues al hacerlo <strong>se mejoran su durabilidad, su fiabilidad e incluso su rentabilidad<\/strong>.<\/p>\n<p><img decoding=\"async\" loading=\"lazy\" class=\"size-full wp-image-2257 alignnone\" src=\"https:\/\/www.serbis.es\/serbis\/blog\/wp-content\/uploads\/tratamiento-aguas-residuales.jpg\" alt=\"\" width=\"630\" height=\"315\" srcset=\"https:\/\/www.serbis.es\/serbis\/blog\/wp-content\/uploads\/tratamiento-aguas-residuales.jpg 630w, https:\/\/www.serbis.es\/serbis\/blog\/wp-content\/uploads\/tratamiento-aguas-residuales-300x150.jpg 300w, https:\/\/www.serbis.es\/serbis\/blog\/wp-content\/uploads\/tratamiento-aguas-residuales-370x185.jpg 370w\" sizes=\"(max-width: 630px) 100vw, 630px\" \/><\/p>\n<h3>El falso mito de que los posos del caf\u00e9 acaban con los atascos en las ca\u00f1er\u00edas<\/h3>\n<p>Hay una antigua leyenda que todos habremos o\u00eddo alguna vez, que asegura que arrojar los posos del caf\u00e9 por el fregadero puede acabar con los atascos en las ca\u00f1er\u00edas. Sin embargo, no s\u00f3lo <a href=\"https:\/\/maldita.es\/malditaciencia\/2020\/05\/27\/bulos-sobre-el-cafe-y-sus-posos-del-desatranque-de-las-tuberias-al-riesgo-de-cancer\/\" class=\"broken_link\">no hay evidencias de esos supuestos poderes desatrancadores<\/a>, sino que adem\u00e1s <strong>el atasco puede llegar a ser peor si ese caf\u00e9 se junta con la grasa<\/strong> acumulada en las paredes de las ca\u00f1er\u00edas.<\/p>\n<p>Algo que tambi\u00e9n puede suceder como consecuencia de esta extendida pr\u00e1ctica es que la mezcla de humedad y los nutrientes del caf\u00e9 derive en <strong>el nacimiento de mohos<\/strong>. Por tanto, lo que hay que hacer en caso de atasco no es buscar f\u00f3rmulas milagrosas en nuestra cafetera, sino <strong>recurrir a empresas profesionales como Serbis Pocer\u00eda<\/strong>, capaces de acabar en pocos minutos con el peor de los atrancos.<\/p>\n<p><img decoding=\"async\" loading=\"lazy\" class=\"size-full wp-image-2260 alignnone\" src=\"https:\/\/www.serbis.es\/serbis\/blog\/wp-content\/uploads\/posos-cafe-tuberias.jpg\" alt=\"\" width=\"630\" height=\"315\" srcset=\"https:\/\/www.serbis.es\/serbis\/blog\/wp-content\/uploads\/posos-cafe-tuberias.jpg 630w, https:\/\/www.serbis.es\/serbis\/blog\/wp-content\/uploads\/posos-cafe-tuberias-300x150.jpg 300w, https:\/\/www.serbis.es\/serbis\/blog\/wp-content\/uploads\/posos-cafe-tuberias-370x185.jpg 370w\" sizes=\"(max-width: 630px) 100vw, 630px\" \/><\/p>\n<p>Si quieres contarnos algo puedes llamarnos al <strong>n\u00famero de tel\u00e9fono <\/strong><strong>91 610 62 53<\/strong> y si te gusta estar informado de las noticias nacionales e internacionales m\u00e1s interesantes de las industrias de la pocer\u00eda, el alcantarillado y el saneamiento de aguas fecales, visita <a href=\"https:\/\/www.serbis.es\/\" target=\"_blank\" rel=\"noopener\"><strong>Serbis.es<\/strong><\/a> y <strong>s\u00edguenos en las redes sociales<\/strong>:<\/p>\n<p><a href=\"https:\/\/www.facebook.com\/SerbisPoceria\/\" rel=\"attachment wp-att-691\" class=\"broken_link\"><img decoding=\"async\" loading=\"lazy\" class=\"size-full wp-image-691\" src=\"https:\/\/www.serbis.es\/serbis\/blog\/wp-content\/uploads\/facebook.jpg\" alt=\"facebook\" width=\"113\" height=\"111\" \/><\/a><\/p>\n<p>&nbsp;<\/p>\n<p><a href=\"https:\/\/twitter.com\/serbis_poceria\" rel=\"attachment wp-att-692\"><img decoding=\"async\" loading=\"lazy\" class=\"size-full wp-image-692\" src=\"https:\/\/www.serbis.es\/serbis\/blog\/wp-content\/uploads\/twitter.jpg\" alt=\"twitter\" width=\"113\" height=\"111\" \/><\/a><\/p>\n<p>&nbsp;<\/p>\n<p><a href=\"https:\/\/www.instagram.com\/serbis_poceria\/\" rel=\"attachment wp-att-692\" class=\"broken_link\"><img decoding=\"async\" loading=\"lazy\" class=\"alignnone wp-image-1462 size-full\" src=\"https:\/\/www.serbis.es\/serbis\/blog\/wp-content\/uploads\/instagram.jpg\" alt=\"\" width=\"113\" height=\"111\" \/><\/a><\/p>\n<p>&nbsp;<\/p>\n<p><a href=\"https:\/\/es.linkedin.com\/company\/poceria-serbis\" rel=\"attachment wp-att-693\"><img decoding=\"async\" loading=\"lazy\" class=\"size-full wp-image-693 alignleft\" src=\"https:\/\/www.serbis.es\/serbis\/blog\/wp-content\/uploads\/linkedin.jpg\" alt=\"linkedin\" width=\"113\" height=\"111\" \/><\/a><\/p>\n<p>&nbsp;<\/p>\n<p>&nbsp;<\/p>\n<p>&nbsp;<\/p>\n<p>&nbsp;<\/p>\n<p><a href=\"https:\/\/www.youtube.com\/channel\/UCSIAPGXKlWyOmHRZo9YCpBQ\" rel=\"attachment wp-att-694\"><img decoding=\"async\" loading=\"lazy\" class=\"size-full wp-image-694 alignleft\" src=\"https:\/\/www.serbis.es\/serbis\/blog\/wp-content\/uploads\/youtube.jpg\" alt=\"youtube\" width=\"113\" height=\"111\" \/><\/a><\/p>\n<p>&nbsp;<\/p>\n<p>&nbsp;<\/p>\n<p>&nbsp;<\/p>\n<p>&nbsp;<\/p>\n<p><a href=\"https:\/\/vimeo.com\/user9248661\" rel=\"attachment wp-att-696\"><img decoding=\"async\" loading=\"lazy\" class=\"size-full wp-image-696 alignleft\" src=\"https:\/\/www.serbis.es\/serbis\/blog\/wp-content\/uploads\/vimeo.jpg\" alt=\"vimeo\" width=\"113\" height=\"111\" \/><\/a><\/p>\n<p>&nbsp;<\/p>\n<p>&nbsp;<\/p>\n<p>&nbsp;<\/p>\n<p>&nbsp;<\/p>\n<p><a href=\"https:\/\/www.flickr.com\/photos\/155074596@N06\/\" rel=\"attachment wp-att-698\"><img decoding=\"async\" loading=\"lazy\" class=\"size-full wp-image-698 alignleft\" src=\"https:\/\/www.serbis.es\/serbis\/blog\/wp-content\/uploads\/flickr.jpg\" alt=\"flickr\" width=\"113\" height=\"111\" \/><\/a><\/p>\n<p>&nbsp;<\/p>\n<p>&nbsp;<\/p>\n<p>&nbsp;<\/p>\n<p>&nbsp;<\/p>\n<p><a href=\"https:\/\/www.pinterest.es\/pin\/133348838938250902\/\" rel=\"attachment wp-att-697\"><img decoding=\"async\" loading=\"lazy\" class=\"size-full wp-image-697 alignleft\" src=\"https:\/\/www.serbis.es\/serbis\/blog\/wp-content\/uploads\/pinterest.jpg\" alt=\"pinterest\" width=\"113\" height=\"111\" \/><\/a><\/p>\n","protected":false},"excerpt":{"rendered":"<p>Resumimos las principales noticias que se han producido durante los \u00faltimos d\u00edas en el \u00e1mbito de las alcantarillas y el saneamiento de aguas residuales&#8230; Zamora le saca el brillo a sus alcantarillas El ayuntamiento de Zamora ha iniciado esta semana una exhaustiva campa\u00f1a de desinsectaci\u00f3n de su red de alcantarillado para frenar la expansi\u00f3n de [&hellip;]<\/p>\n","protected":false},"author":3,"featured_media":2260,"comment_status":"open","ping_status":"open","sticky":false,"template":"","format":"standard","meta":{"_mi_skip_tracking":false,"_monsterinsights_sitenote_active":false,"_monsterinsights_sitenote_note":"","_monsterinsights_sitenote_category":0},"categories":[29,4,17,5,2,26,32],"tags":[75,22,61,175,176,399,105,388,389,42,41,400,40,55],"yoast_head":"<!-- This site is optimized with the Yoast SEO plugin v20.10 - https:\/\/yoast.com\/wordpress\/plugins\/seo\/ -->\n<title>Ni la lej\u00eda mata al Covid-19 en las alcantarillas ni el caf\u00e9 desatranca - Blog de Serbis<\/title>\n<meta name=\"robots\" content=\"index, follow, max-snippet:-1, max-image-preview:large, max-video-preview:-1\" \/>\n<link rel=\"canonical\" href=\"https:\/\/www.serbis.es\/serbis\/blog\/lejia-cafe-alcantarillas-atascos\/\" \/>\n<meta property=\"og:locale\" content=\"es_ES\" \/>\n<meta property=\"og:type\" content=\"article\" \/>\n<meta property=\"og:title\" content=\"Ni la lej\u00eda mata al Covid-19 en las alcantarillas ni el caf\u00e9 desatranca - Blog de Serbis\" \/>\n<meta property=\"og:description\" content=\"Resumimos las principales noticias que se han producido durante los \u00faltimos d\u00edas en el \u00e1mbito de las alcantarillas y el saneamiento de aguas residuales&#8230; Zamora le saca el brillo a sus alcantarillas El ayuntamiento de Zamora ha iniciado esta semana una exhaustiva campa\u00f1a de desinsectaci\u00f3n de su red de alcantarillado para frenar la expansi\u00f3n de [&hellip;]\" \/>\n<meta property=\"og:url\" content=\"https:\/\/www.serbis.es\/serbis\/blog\/lejia-cafe-alcantarillas-atascos\/\" \/>\n<meta property=\"og:site_name\" content=\"Blog de Serbis\" \/>\n<meta property=\"article:author\" content=\"https:\/\/www.facebook.com\/SerbisPoceria\/\" \/>\n<meta property=\"article:published_time\" content=\"2020-05-28T15:32:02+00:00\" \/>\n<meta property=\"og:image\" content=\"https:\/\/www.serbis.es\/serbis\/blog\/wp-content\/uploads\/posos-cafe-tuberias.jpg\" \/>\n\t<meta property=\"og:image:width\" content=\"630\" \/>\n\t<meta property=\"og:image:height\" content=\"315\" \/>\n\t<meta property=\"og:image:type\" content=\"image\/jpeg\" \/>\n<meta name=\"author\" content=\"Serbis Pocer\u00eda\" \/>\n<meta name=\"twitter:label1\" content=\"Escrito por\" \/>\n\t<meta name=\"twitter:data1\" content=\"Serbis Pocer\u00eda\" \/>\n\t<meta name=\"twitter:label2\" content=\"Tiempo de lectura\" \/>\n\t<meta name=\"twitter:data2\" content=\"3 minutos\" \/>\n<script type=\"application\/ld+json\" class=\"yoast-schema-graph\">{\"@context\":\"https:\/\/schema.org\",\"@graph\":[{\"@type\":\"WebPage\",\"@id\":\"https:\/\/www.serbis.es\/serbis\/blog\/lejia-cafe-alcantarillas-atascos\/\",\"url\":\"https:\/\/www.serbis.es\/serbis\/blog\/lejia-cafe-alcantarillas-atascos\/\",\"name\":\"Ni la lej\u00eda mata al Covid-19 en las alcantarillas ni el caf\u00e9 desatranca - Blog de Serbis\",\"isPartOf\":{\"@id\":\"https:\/\/www.serbis.es\/serbis\/blog\/#website\"},\"datePublished\":\"2020-05-28T15:32:02+00:00\",\"dateModified\":\"2020-05-28T15:32:02+00:00\",\"author\":{\"@id\":\"https:\/\/www.serbis.es\/serbis\/blog\/#\/schema\/person\/449002ed602088d1463cc28957dee9ea\"},\"breadcrumb\":{\"@id\":\"https:\/\/www.serbis.es\/serbis\/blog\/lejia-cafe-alcantarillas-atascos\/#breadcrumb\"},\"inLanguage\":\"es\",\"potentialAction\":[{\"@type\":\"ReadAction\",\"target\":[\"https:\/\/www.serbis.es\/serbis\/blog\/lejia-cafe-alcantarillas-atascos\/\"]}]},{\"@type\":\"BreadcrumbList\",\"@id\":\"https:\/\/www.serbis.es\/serbis\/blog\/lejia-cafe-alcantarillas-atascos\/#breadcrumb\",\"itemListElement\":[{\"@type\":\"ListItem\",\"position\":1,\"name\":\"Portada\",\"item\":\"https:\/\/www.serbis.es\/serbis\/blog\/\"},{\"@type\":\"ListItem\",\"position\":2,\"name\":\"Ni la lej\u00eda mata al Covid-19 en las alcantarillas ni el caf\u00e9 desatranca\"}]},{\"@type\":\"WebSite\",\"@id\":\"https:\/\/www.serbis.es\/serbis\/blog\/#website\",\"url\":\"https:\/\/www.serbis.es\/serbis\/blog\/\",\"name\":\"Blog de Serbis\",\"description\":\"l\u00edderes en Espa\u00f1a en saneamiento de aguas con servicios de pocer\u00eda tradicional y sin zanjas\",\"potentialAction\":[{\"@type\":\"SearchAction\",\"target\":{\"@type\":\"EntryPoint\",\"urlTemplate\":\"https:\/\/www.serbis.es\/serbis\/blog\/?s={search_term_string}\"},\"query-input\":\"required name=search_term_string\"}],\"inLanguage\":\"es\"},{\"@type\":\"Person\",\"@id\":\"https:\/\/www.serbis.es\/serbis\/blog\/#\/schema\/person\/449002ed602088d1463cc28957dee9ea\",\"name\":\"Serbis Pocer\u00eda\",\"image\":{\"@type\":\"ImageObject\",\"inLanguage\":\"es\",\"@id\":\"https:\/\/www.serbis.es\/serbis\/blog\/#\/schema\/person\/image\/\",\"url\":\"https:\/\/secure.gravatar.com\/avatar\/1b95962073fbda6a54be252a727db96a?s=96&d=mm&r=g\",\"contentUrl\":\"https:\/\/secure.gravatar.com\/avatar\/1b95962073fbda6a54be252a727db96a?s=96&d=mm&r=g\",\"caption\":\"Serbis Pocer\u00eda\"},\"description\":\"Empresa especializada en soluciones de alcantarillado y saneamiento de agua, con gran experiencia en el sector y conocimiento de t\u00e9cnicas tanto de pocer\u00eda tradicional como de rehabilitaci\u00f3n de tuber\u00edas sin zanjas ni necesidad de obra civil\",\"sameAs\":[\"https:\/\/www.linkedin.com\/company\/poceria-serbis\",\"https:\/\/www.facebook.com\/SerbisPoceria\/\",\"https:\/\/twitter.com\/https:\/\/twitter.com\/serbis_poceria\"],\"url\":\"https:\/\/www.serbis.es\/serbis\/blog\/author\/perio_editor\/\"}]}<\/script>\n<!-- \/ Yoast SEO plugin. -->","yoast_head_json":{"title":"Ni la lej\u00eda mata al Covid-19 en las alcantarillas ni el caf\u00e9 desatranca - Blog de Serbis","robots":{"index":"index","follow":"follow","max-snippet":"max-snippet:-1","max-image-preview":"max-image-preview:large","max-video-preview":"max-video-preview:-1"},"canonical":"https:\/\/www.serbis.es\/serbis\/blog\/lejia-cafe-alcantarillas-atascos\/","og_locale":"es_ES","og_type":"article","og_title":"Ni la lej\u00eda mata al Covid-19 en las alcantarillas ni el caf\u00e9 desatranca - Blog de Serbis","og_description":"Resumimos las principales noticias que se han producido durante los \u00faltimos d\u00edas en el \u00e1mbito de las alcantarillas y el saneamiento de aguas residuales&#8230; Zamora le saca el brillo a sus alcantarillas El ayuntamiento de Zamora ha iniciado esta semana una exhaustiva campa\u00f1a de desinsectaci\u00f3n de su red de alcantarillado para frenar la expansi\u00f3n de [&hellip;]","og_url":"https:\/\/www.serbis.es\/serbis\/blog\/lejia-cafe-alcantarillas-atascos\/","og_site_name":"Blog de Serbis","article_author":"https:\/\/www.facebook.com\/SerbisPoceria\/","article_published_time":"2020-05-28T15:32:02+00:00","og_image":[{"width":630,"height":315,"url":"https:\/\/www.serbis.es\/serbis\/blog\/wp-content\/uploads\/posos-cafe-tuberias.jpg","type":"image\/jpeg"}],"author":"Serbis Pocer\u00eda","twitter_misc":{"Escrito por":"Serbis Pocer\u00eda","Tiempo de lectura":"3 minutos"},"schema":{"@context":"https:\/\/schema.org","@graph":[{"@type":"WebPage","@id":"https:\/\/www.serbis.es\/serbis\/blog\/lejia-cafe-alcantarillas-atascos\/","url":"https:\/\/www.serbis.es\/serbis\/blog\/lejia-cafe-alcantarillas-atascos\/","name":"Ni la lej\u00eda mata al Covid-19 en las alcantarillas ni el caf\u00e9 desatranca - Blog de Serbis","isPartOf":{"@id":"https:\/\/www.serbis.es\/serbis\/blog\/#website"},"datePublished":"2020-05-28T15:32:02+00:00","dateModified":"2020-05-28T15:32:02+00:00","author":{"@id":"https:\/\/www.serbis.es\/serbis\/blog\/#\/schema\/person\/449002ed602088d1463cc28957dee9ea"},"breadcrumb":{"@id":"https:\/\/www.serbis.es\/serbis\/blog\/lejia-cafe-alcantarillas-atascos\/#breadcrumb"},"inLanguage":"es","potentialAction":[{"@type":"ReadAction","target":["https:\/\/www.serbis.es\/serbis\/blog\/lejia-cafe-alcantarillas-atascos\/"]}]},{"@type":"BreadcrumbList","@id":"https:\/\/www.serbis.es\/serbis\/blog\/lejia-cafe-alcantarillas-atascos\/#breadcrumb","itemListElement":[{"@type":"ListItem","position":1,"name":"Portada","item":"https:\/\/www.serbis.es\/serbis\/blog\/"},{"@type":"ListItem","position":2,"name":"Ni la lej\u00eda mata al Covid-19 en las alcantarillas ni el caf\u00e9 desatranca"}]},{"@type":"WebSite","@id":"https:\/\/www.serbis.es\/serbis\/blog\/#website","url":"https:\/\/www.serbis.es\/serbis\/blog\/","name":"Blog de Serbis","description":"l\u00edderes en Espa\u00f1a en saneamiento de aguas con servicios de pocer\u00eda tradicional y sin zanjas","potentialAction":[{"@type":"SearchAction","target":{"@type":"EntryPoint","urlTemplate":"https:\/\/www.serbis.es\/serbis\/blog\/?s={search_term_string}"},"query-input":"required name=search_term_string"}],"inLanguage":"es"},{"@type":"Person","@id":"https:\/\/www.serbis.es\/serbis\/blog\/#\/schema\/person\/449002ed602088d1463cc28957dee9ea","name":"Serbis Pocer\u00eda","image":{"@type":"ImageObject","inLanguage":"es","@id":"https:\/\/www.serbis.es\/serbis\/blog\/#\/schema\/person\/image\/","url":"https:\/\/secure.gravatar.com\/avatar\/1b95962073fbda6a54be252a727db96a?s=96&d=mm&r=g","contentUrl":"https:\/\/secure.gravatar.com\/avatar\/1b95962073fbda6a54be252a727db96a?s=96&d=mm&r=g","caption":"Serbis Pocer\u00eda"},"description":"Empresa especializada en soluciones de alcantarillado y saneamiento de agua, con gran experiencia en el sector y conocimiento de t\u00e9cnicas tanto de pocer\u00eda tradicional como de rehabilitaci\u00f3n de tuber\u00edas sin zanjas ni necesidad de obra civil","sameAs":["https:\/\/www.linkedin.com\/company\/poceria-serbis","https:\/\/www.facebook.com\/SerbisPoceria\/","https:\/\/twitter.com\/https:\/\/twitter.com\/serbis_poceria"],"url":"https:\/\/www.serbis.es\/serbis\/blog\/author\/perio_editor\/"}]}},"_links":{"self":[{"href":"https:\/\/www.serbis.es\/serbis\/blog\/wp-json\/wp\/v2\/posts\/2250"}],"collection":[{"href":"https:\/\/www.serbis.es\/serbis\/blog\/wp-json\/wp\/v2\/posts"}],"about":[{"href":"https:\/\/www.serbis.es\/serbis\/blog\/wp-json\/wp\/v2\/types\/post"}],"author":[{"embeddable":true,"href":"https:\/\/www.serbis.es\/serbis\/blog\/wp-json\/wp\/v2\/users\/3"}],"replies":[{"embeddable":true,"href":"https:\/\/www.serbis.es\/serbis\/blog\/wp-json\/wp\/v2\/comments?post=2250"}],"version-history":[{"count":5,"href":"https:\/\/www.serbis.es\/serbis\/blog\/wp-json\/wp\/v2\/posts\/2250\/revisions"}],"predecessor-version":[{"id":2261,"href":"https:\/\/www.serbis.es\/serbis\/blog\/wp-json\/wp\/v2\/posts\/2250\/revisions\/2261"}],"wp:featuredmedia":[{"embeddable":true,"href":"https:\/\/www.serbis.es\/serbis\/blog\/wp-json\/wp\/v2\/media\/2260"}],"wp:attachment":[{"href":"https:\/\/www.serbis.es\/serbis\/blog\/wp-json\/wp\/v2\/media?parent=2250"}],"wp:term":[{"taxonomy":"category","embeddable":true,"href":"https:\/\/www.serbis.es\/serbis\/blog\/wp-json\/wp\/v2\/categories?post=2250"},{"taxonomy":"post_tag","embeddable":true,"href":"https:\/\/www.serbis.es\/serbis\/blog\/wp-json\/wp\/v2\/tags?post=2250"}],"curies":[{"name":"wp","href":"https:\/\/api.w.org\/{rel}","templated":true}]}}