{"id":2262,"date":"2020-06-04T12:18:36","date_gmt":"2020-06-04T12:18:36","guid":{"rendered":"https:\/\/www.serbis.es\/serbis\/blog\/?p=2262"},"modified":"2020-06-04T12:18:36","modified_gmt":"2020-06-04T12:18:36","slug":"inundaciones-tormentas-verano-alcantarillas","status":"publish","type":"post","link":"https:\/\/www.serbis.es\/serbis\/blog\/inundaciones-tormentas-verano-alcantarillas\/","title":{"rendered":"Hora de adelantarse a las inundaciones"},"content":{"rendered":"<p>Resumimos las principales noticias que se han producido durante los \u00faltimos d\u00edas en el \u00e1mbito de las alcantarillas y el saneamiento de aguas residuales&#8230;<\/p>\n<h3>Llegan las tormentas y, con ellas, las inundaciones en el alcantarillado<\/h3>\n<p>Cada a\u00f1o por estas fechas llegan a Espa\u00f1a las t\u00edpicas <strong>tormentas veraniegas.<\/strong> En varios minutos, las nubes descargan litros y litros de agua con much\u00edsima fuerza, lo que suele provocar problemas en las redes de alcantarillado, que <strong>no consiguen tragarse todo el agua que cae del cielo<\/strong>.<\/p>\n<p>Un buen ejemplo de ello lo hemos visto durante las \u00faltimas horas <a href=\"https:\/\/www.elcorreogallego.es\/galicia\/inundaciones-en-galicia-por-las-tormentas-MC3260853\">en Galicia<\/a>. En la ciudad de Vigo, por ejemplo, la tromba de agua provoc\u00f3 que <strong>saltaran las tapas de las alcantarillas<\/strong> en algunas calles, obligando a intervenir a los sistemas de emergencia para evitar problemas en el tr\u00e1fico. En otras calles, las tormentas <strong>derivaron en inundaciones<\/strong>.<\/p>\n<p><img decoding=\"async\" loading=\"lazy\" class=\"size-full wp-image-2263 alignnone\" src=\"https:\/\/www.serbis.es\/serbis\/blog\/wp-content\/uploads\/tormentas-inundaciones-alcantarillas.jpg\" alt=\"\" width=\"630\" height=\"315\" srcset=\"https:\/\/www.serbis.es\/serbis\/blog\/wp-content\/uploads\/tormentas-inundaciones-alcantarillas.jpg 630w, https:\/\/www.serbis.es\/serbis\/blog\/wp-content\/uploads\/tormentas-inundaciones-alcantarillas-300x150.jpg 300w, https:\/\/www.serbis.es\/serbis\/blog\/wp-content\/uploads\/tormentas-inundaciones-alcantarillas-370x185.jpg 370w\" sizes=\"(max-width: 630px) 100vw, 630px\" \/><\/p>\n<h3>El saneamiento de aguas residuales espa\u00f1ol conquista Qatar<\/h3>\n<p>Algo debe estar haciendo bien el saneamiento de aguas residuales espa\u00f1ol cuando consigue proyectos incluso fuera de Espa\u00f1a. <a href=\"https:\/\/www.elconfidencial.com\/empresas\/2020-06-02\/qatar-global-omnium-contrato-red-saneamiento_2619912\/\">La \u00faltima empresa en hacerlo<\/a> ha sido <strong>Global Omnium, matriz de Aguas de Valencia<\/strong>, que acaba de adjudicarse su mayor contrato en el extranjero, con un valor de <strong>50 millones de euros anuales<\/strong> y una duraci\u00f3n de cinco a\u00f1os prorrogables.<\/p>\n<p>En concreto, esta compa\u00f1\u00eda espa\u00f1ola se encargar\u00e1 de<strong> la operaci\u00f3n y el mantenimiento de una red de saneamiento de aguas residuales en Qatar.<\/strong> Esto implica gestionar plantas depuradoras, estaciones de bombeo, redes de agua tratada y sistemas pluviales que dan servicio a <strong>un mill\u00f3n de habitantes<\/strong>, m\u00e1s del 30% de la poblaci\u00f3n de este pa\u00eds \u00e1rabe.<\/p>\n<p><img decoding=\"async\" loading=\"lazy\" class=\"size-full wp-image-2266 alignnone\" src=\"https:\/\/www.serbis.es\/serbis\/blog\/wp-content\/uploads\/saneamiento-qatar.jpg\" alt=\"\" width=\"630\" height=\"315\" srcset=\"https:\/\/www.serbis.es\/serbis\/blog\/wp-content\/uploads\/saneamiento-qatar.jpg 630w, https:\/\/www.serbis.es\/serbis\/blog\/wp-content\/uploads\/saneamiento-qatar-300x150.jpg 300w, https:\/\/www.serbis.es\/serbis\/blog\/wp-content\/uploads\/saneamiento-qatar-370x185.jpg 370w\" sizes=\"(max-width: 630px) 100vw, 630px\" \/><\/p>\n<h3>Las aguas residuales confirman que estamos derrotando al coronavirus<\/h3>\n<p>Hace varias semanas que os informamos de que la Comunidad Valenciana iba a ser pionera en Espa\u00f1a al investigar <strong>la evoluci\u00f3n del coronavirus a partir del an\u00e1lisis de las aguas residuales<\/strong> de sus municipios. Pues <a href=\"https:\/\/www.lasprovincias.es\/comunitat\/analisis-agua-alcantarillas-bajada-coronavirus-20200602135858-nt.html\">ya tenemos los primeros resultados<\/a> de estas investigaciones y son realmente esperanzadores.<\/p>\n<p>Seg\u00fan los datos que revelan los an\u00e1lisis de las aguas residuales de una veintena de poblaciones de la provincia de Valencia, la curva de evoluci\u00f3n de <strong>la pandemia del Covid-19 ha ca\u00eddo en picado<\/strong>. En concreto, ha pasado de 1,2 millones de unidades gen\u00f3nimas por litro analizado el 12 de mayo, a 70.000 el 30 de mayo.<\/p>\n<p><img decoding=\"async\" loading=\"lazy\" class=\"size-full wp-image-2268 alignnone\" src=\"https:\/\/www.serbis.es\/serbis\/blog\/wp-content\/uploads\/saneamiento-covid-valencia.jpg\" alt=\"\" width=\"630\" height=\"315\" srcset=\"https:\/\/www.serbis.es\/serbis\/blog\/wp-content\/uploads\/saneamiento-covid-valencia.jpg 630w, https:\/\/www.serbis.es\/serbis\/blog\/wp-content\/uploads\/saneamiento-covid-valencia-300x150.jpg 300w, https:\/\/www.serbis.es\/serbis\/blog\/wp-content\/uploads\/saneamiento-covid-valencia-370x185.jpg 370w\" sizes=\"(max-width: 630px) 100vw, 630px\" \/><\/p>\n<h3>El r\u00edo Jarama se convierte en una gran alcantarilla<\/h3>\n<p>Los vecinos de la zona del Corredor del Henares, en el extremo este de Madrid,<a href=\"http:\/\/www.telemadrid.es\/programas\/buenos-dias-madrid\/Coslada-Jarama-convertido-alcantarilla-Madrid-2-2237796209--20200604123220.html\"> lamentan que el r\u00edo Jarama<\/a> se est\u00e1 convirtiendo en la alcantarilla de Madrid. El problema es consecuencia de<strong> las deficiencias existentes en la red de saneamiento de aguas residuales<\/strong>.<\/p>\n<p>Al parecer, la porquer\u00eda que est\u00e1 contaminando el r\u00edo son <strong>pl\u00e1sticos y residuos org\u00e1nicos<\/strong> que van a parar a la red pluvial de alcantarillas, para despu\u00e9s llegar al Jarama <strong>a trav\u00e9s de varios aliviaderos<\/strong>. Al<strong> desastre ecol\u00f3gico<\/strong> que podr\u00eda derivar de esta situaci\u00f3n hay que a\u00f1adir los<strong> malos olores<\/strong> que sufren los vecinos, tal como ellos mismos denuncian.<\/p>\n<p><img decoding=\"async\" loading=\"lazy\" class=\"size-full wp-image-2272 alignnone\" src=\"https:\/\/www.serbis.es\/serbis\/blog\/wp-content\/uploads\/jarama-alcantarilla.jpg\" alt=\"\" width=\"1193\" height=\"663\" srcset=\"https:\/\/www.serbis.es\/serbis\/blog\/wp-content\/uploads\/jarama-alcantarilla.jpg 1193w, https:\/\/www.serbis.es\/serbis\/blog\/wp-content\/uploads\/jarama-alcantarilla-300x167.jpg 300w, https:\/\/www.serbis.es\/serbis\/blog\/wp-content\/uploads\/jarama-alcantarilla-1024x569.jpg 1024w, https:\/\/www.serbis.es\/serbis\/blog\/wp-content\/uploads\/jarama-alcantarilla-768x427.jpg 768w, https:\/\/www.serbis.es\/serbis\/blog\/wp-content\/uploads\/jarama-alcantarilla-370x206.jpg 370w\" sizes=\"(max-width: 1193px) 100vw, 1193px\" \/><\/p>\n<p>Si quieres contarnos algo puedes llamarnos al <strong>n\u00famero de tel\u00e9fono <\/strong><strong>91 610 62 53<\/strong> y si te gusta estar informado de las noticias nacionales e internacionales m\u00e1s interesantes de las industrias de la pocer\u00eda, el alcantarillado y el saneamiento de aguas fecales, visita <a href=\"https:\/\/www.serbis.es\/\" target=\"_blank\" rel=\"noopener\"><strong>Serbis.es<\/strong><\/a> y <strong>s\u00edguenos en las redes sociales<\/strong>:<\/p>\n<p><a href=\"https:\/\/www.facebook.com\/SerbisPoceria\/\" rel=\"attachment wp-att-691\" class=\"broken_link\"><img decoding=\"async\" loading=\"lazy\" class=\"size-full wp-image-691\" src=\"https:\/\/www.serbis.es\/serbis\/blog\/wp-content\/uploads\/facebook.jpg\" alt=\"facebook\" width=\"113\" height=\"111\" \/><\/a><\/p>\n<p>&nbsp;<\/p>\n<p><a href=\"https:\/\/twitter.com\/serbis_poceria\" rel=\"attachment wp-att-692\"><img decoding=\"async\" loading=\"lazy\" class=\"size-full wp-image-692\" src=\"https:\/\/www.serbis.es\/serbis\/blog\/wp-content\/uploads\/twitter.jpg\" alt=\"twitter\" width=\"113\" height=\"111\" \/><\/a><\/p>\n<p>&nbsp;<\/p>\n<p><a href=\"https:\/\/www.instagram.com\/serbis_poceria\/\" rel=\"attachment wp-att-692\" class=\"broken_link\"><img decoding=\"async\" loading=\"lazy\" class=\"alignnone wp-image-1462 size-full\" src=\"https:\/\/www.serbis.es\/serbis\/blog\/wp-content\/uploads\/instagram.jpg\" alt=\"\" width=\"113\" height=\"111\" \/><\/a><\/p>\n<p>&nbsp;<\/p>\n<p><a href=\"https:\/\/es.linkedin.com\/company\/poceria-serbis\" rel=\"attachment wp-att-693\"><img decoding=\"async\" loading=\"lazy\" class=\"size-full wp-image-693 alignleft\" src=\"https:\/\/www.serbis.es\/serbis\/blog\/wp-content\/uploads\/linkedin.jpg\" alt=\"linkedin\" width=\"113\" height=\"111\" \/><\/a><\/p>\n<p>&nbsp;<\/p>\n<p>&nbsp;<\/p>\n<p>&nbsp;<\/p>\n<p>&nbsp;<\/p>\n<p><a href=\"https:\/\/www.youtube.com\/channel\/UCSIAPGXKlWyOmHRZo9YCpBQ\" rel=\"attachment wp-att-694\"><img decoding=\"async\" loading=\"lazy\" class=\"size-full wp-image-694 alignleft\" src=\"https:\/\/www.serbis.es\/serbis\/blog\/wp-content\/uploads\/youtube.jpg\" alt=\"youtube\" width=\"113\" height=\"111\" \/><\/a><\/p>\n<p>&nbsp;<\/p>\n<p>&nbsp;<\/p>\n<p>&nbsp;<\/p>\n<p>&nbsp;<\/p>\n<p><a href=\"https:\/\/vimeo.com\/user9248661\" rel=\"attachment wp-att-696\"><img decoding=\"async\" loading=\"lazy\" class=\"size-full wp-image-696 alignleft\" src=\"https:\/\/www.serbis.es\/serbis\/blog\/wp-content\/uploads\/vimeo.jpg\" alt=\"vimeo\" width=\"113\" height=\"111\" \/><\/a><\/p>\n<p>&nbsp;<\/p>\n<p>&nbsp;<\/p>\n<p>&nbsp;<\/p>\n<p>&nbsp;<\/p>\n<p><a href=\"https:\/\/www.flickr.com\/photos\/155074596@N06\/\" rel=\"attachment wp-att-698\"><img decoding=\"async\" loading=\"lazy\" class=\"size-full wp-image-698 alignleft\" src=\"https:\/\/www.serbis.es\/serbis\/blog\/wp-content\/uploads\/flickr.jpg\" alt=\"flickr\" width=\"113\" height=\"111\" \/><\/a><\/p>\n<p>&nbsp;<\/p>\n<p>&nbsp;<\/p>\n<p>&nbsp;<\/p>\n<p>&nbsp;<\/p>\n<p><a href=\"https:\/\/www.pinterest.es\/pin\/133348838938250902\/\" rel=\"attachment wp-att-697\"><img decoding=\"async\" loading=\"lazy\" class=\"size-full wp-image-697 alignleft\" src=\"https:\/\/www.serbis.es\/serbis\/blog\/wp-content\/uploads\/pinterest.jpg\" alt=\"pinterest\" width=\"113\" height=\"111\" \/><\/a><\/p>\n","protected":false},"excerpt":{"rendered":"<p>Resumimos las principales noticias que se han producido durante los \u00faltimos d\u00edas en el \u00e1mbito de las alcantarillas y el saneamiento de aguas residuales&#8230; Llegan las tormentas y, con ellas, las inundaciones en el alcantarillado Cada a\u00f1o por estas fechas llegan a Espa\u00f1a las t\u00edpicas tormentas veraniegas. En varios minutos, las nubes descargan litros y [&hellip;]<\/p>\n","protected":false},"author":3,"featured_media":2268,"comment_status":"open","ping_status":"open","sticky":false,"template":"","format":"standard","meta":{"_mi_skip_tracking":false,"_monsterinsights_sitenote_active":false,"_monsterinsights_sitenote_note":"","_monsterinsights_sitenote_category":0},"categories":[29,4,17,5,2,32],"tags":[111,75,22,61,175,176,36,40],"yoast_head":"<!-- This site is optimized with the Yoast SEO plugin v20.10 - https:\/\/yoast.com\/wordpress\/plugins\/seo\/ -->\n<title>Hora de adelantarse a las inundaciones - Blog de Serbis<\/title>\n<meta name=\"robots\" content=\"index, follow, max-snippet:-1, max-image-preview:large, max-video-preview:-1\" \/>\n<link rel=\"canonical\" href=\"https:\/\/www.serbis.es\/serbis\/blog\/inundaciones-tormentas-verano-alcantarillas\/\" \/>\n<meta property=\"og:locale\" content=\"es_ES\" \/>\n<meta property=\"og:type\" content=\"article\" \/>\n<meta property=\"og:title\" content=\"Hora de adelantarse a las inundaciones - Blog de Serbis\" \/>\n<meta property=\"og:description\" content=\"Resumimos las principales noticias que se han producido durante los \u00faltimos d\u00edas en el \u00e1mbito de las alcantarillas y el saneamiento de aguas residuales&#8230; Llegan las tormentas y, con ellas, las inundaciones en el alcantarillado Cada a\u00f1o por estas fechas llegan a Espa\u00f1a las t\u00edpicas tormentas veraniegas. En varios minutos, las nubes descargan litros y [&hellip;]\" \/>\n<meta property=\"og:url\" content=\"https:\/\/www.serbis.es\/serbis\/blog\/inundaciones-tormentas-verano-alcantarillas\/\" \/>\n<meta property=\"og:site_name\" content=\"Blog de Serbis\" \/>\n<meta property=\"article:author\" content=\"https:\/\/www.facebook.com\/SerbisPoceria\/\" \/>\n<meta property=\"article:published_time\" content=\"2020-06-04T12:18:36+00:00\" \/>\n<meta property=\"og:image\" content=\"https:\/\/www.serbis.es\/serbis\/blog\/wp-content\/uploads\/saneamiento-covid-valencia.jpg\" \/>\n\t<meta property=\"og:image:width\" content=\"630\" \/>\n\t<meta property=\"og:image:height\" content=\"315\" \/>\n\t<meta property=\"og:image:type\" content=\"image\/jpeg\" \/>\n<meta name=\"author\" content=\"Serbis Pocer\u00eda\" \/>\n<meta name=\"twitter:label1\" content=\"Escrito por\" \/>\n\t<meta name=\"twitter:data1\" content=\"Serbis Pocer\u00eda\" \/>\n\t<meta name=\"twitter:label2\" content=\"Tiempo de lectura\" \/>\n\t<meta name=\"twitter:data2\" content=\"3 minutos\" \/>\n<script type=\"application\/ld+json\" class=\"yoast-schema-graph\">{\"@context\":\"https:\/\/schema.org\",\"@graph\":[{\"@type\":\"WebPage\",\"@id\":\"https:\/\/www.serbis.es\/serbis\/blog\/inundaciones-tormentas-verano-alcantarillas\/\",\"url\":\"https:\/\/www.serbis.es\/serbis\/blog\/inundaciones-tormentas-verano-alcantarillas\/\",\"name\":\"Hora de adelantarse a las inundaciones - Blog de Serbis\",\"isPartOf\":{\"@id\":\"https:\/\/www.serbis.es\/serbis\/blog\/#website\"},\"datePublished\":\"2020-06-04T12:18:36+00:00\",\"dateModified\":\"2020-06-04T12:18:36+00:00\",\"author\":{\"@id\":\"https:\/\/www.serbis.es\/serbis\/blog\/#\/schema\/person\/449002ed602088d1463cc28957dee9ea\"},\"breadcrumb\":{\"@id\":\"https:\/\/www.serbis.es\/serbis\/blog\/inundaciones-tormentas-verano-alcantarillas\/#breadcrumb\"},\"inLanguage\":\"es\",\"potentialAction\":[{\"@type\":\"ReadAction\",\"target\":[\"https:\/\/www.serbis.es\/serbis\/blog\/inundaciones-tormentas-verano-alcantarillas\/\"]}]},{\"@type\":\"BreadcrumbList\",\"@id\":\"https:\/\/www.serbis.es\/serbis\/blog\/inundaciones-tormentas-verano-alcantarillas\/#breadcrumb\",\"itemListElement\":[{\"@type\":\"ListItem\",\"position\":1,\"name\":\"Portada\",\"item\":\"https:\/\/www.serbis.es\/serbis\/blog\/\"},{\"@type\":\"ListItem\",\"position\":2,\"name\":\"Hora de adelantarse a las inundaciones\"}]},{\"@type\":\"WebSite\",\"@id\":\"https:\/\/www.serbis.es\/serbis\/blog\/#website\",\"url\":\"https:\/\/www.serbis.es\/serbis\/blog\/\",\"name\":\"Blog de Serbis\",\"description\":\"l\u00edderes en Espa\u00f1a en saneamiento de aguas con servicios de pocer\u00eda tradicional y sin zanjas\",\"potentialAction\":[{\"@type\":\"SearchAction\",\"target\":{\"@type\":\"EntryPoint\",\"urlTemplate\":\"https:\/\/www.serbis.es\/serbis\/blog\/?s={search_term_string}\"},\"query-input\":\"required name=search_term_string\"}],\"inLanguage\":\"es\"},{\"@type\":\"Person\",\"@id\":\"https:\/\/www.serbis.es\/serbis\/blog\/#\/schema\/person\/449002ed602088d1463cc28957dee9ea\",\"name\":\"Serbis Pocer\u00eda\",\"image\":{\"@type\":\"ImageObject\",\"inLanguage\":\"es\",\"@id\":\"https:\/\/www.serbis.es\/serbis\/blog\/#\/schema\/person\/image\/\",\"url\":\"https:\/\/secure.gravatar.com\/avatar\/1b95962073fbda6a54be252a727db96a?s=96&d=mm&r=g\",\"contentUrl\":\"https:\/\/secure.gravatar.com\/avatar\/1b95962073fbda6a54be252a727db96a?s=96&d=mm&r=g\",\"caption\":\"Serbis Pocer\u00eda\"},\"description\":\"Empresa especializada en soluciones de alcantarillado y saneamiento de agua, con gran experiencia en el sector y conocimiento de t\u00e9cnicas tanto de pocer\u00eda tradicional como de rehabilitaci\u00f3n de tuber\u00edas sin zanjas ni necesidad de obra civil\",\"sameAs\":[\"https:\/\/www.linkedin.com\/company\/poceria-serbis\",\"https:\/\/www.facebook.com\/SerbisPoceria\/\",\"https:\/\/twitter.com\/https:\/\/twitter.com\/serbis_poceria\"],\"url\":\"https:\/\/www.serbis.es\/serbis\/blog\/author\/perio_editor\/\"}]}<\/script>\n<!-- \/ Yoast SEO plugin. -->","yoast_head_json":{"title":"Hora de adelantarse a las inundaciones - Blog de Serbis","robots":{"index":"index","follow":"follow","max-snippet":"max-snippet:-1","max-image-preview":"max-image-preview:large","max-video-preview":"max-video-preview:-1"},"canonical":"https:\/\/www.serbis.es\/serbis\/blog\/inundaciones-tormentas-verano-alcantarillas\/","og_locale":"es_ES","og_type":"article","og_title":"Hora de adelantarse a las inundaciones - Blog de Serbis","og_description":"Resumimos las principales noticias que se han producido durante los \u00faltimos d\u00edas en el \u00e1mbito de las alcantarillas y el saneamiento de aguas residuales&#8230; Llegan las tormentas y, con ellas, las inundaciones en el alcantarillado Cada a\u00f1o por estas fechas llegan a Espa\u00f1a las t\u00edpicas tormentas veraniegas. En varios minutos, las nubes descargan litros y [&hellip;]","og_url":"https:\/\/www.serbis.es\/serbis\/blog\/inundaciones-tormentas-verano-alcantarillas\/","og_site_name":"Blog de Serbis","article_author":"https:\/\/www.facebook.com\/SerbisPoceria\/","article_published_time":"2020-06-04T12:18:36+00:00","og_image":[{"width":630,"height":315,"url":"https:\/\/www.serbis.es\/serbis\/blog\/wp-content\/uploads\/saneamiento-covid-valencia.jpg","type":"image\/jpeg"}],"author":"Serbis Pocer\u00eda","twitter_misc":{"Escrito por":"Serbis Pocer\u00eda","Tiempo de lectura":"3 minutos"},"schema":{"@context":"https:\/\/schema.org","@graph":[{"@type":"WebPage","@id":"https:\/\/www.serbis.es\/serbis\/blog\/inundaciones-tormentas-verano-alcantarillas\/","url":"https:\/\/www.serbis.es\/serbis\/blog\/inundaciones-tormentas-verano-alcantarillas\/","name":"Hora de adelantarse a las inundaciones - Blog de Serbis","isPartOf":{"@id":"https:\/\/www.serbis.es\/serbis\/blog\/#website"},"datePublished":"2020-06-04T12:18:36+00:00","dateModified":"2020-06-04T12:18:36+00:00","author":{"@id":"https:\/\/www.serbis.es\/serbis\/blog\/#\/schema\/person\/449002ed602088d1463cc28957dee9ea"},"breadcrumb":{"@id":"https:\/\/www.serbis.es\/serbis\/blog\/inundaciones-tormentas-verano-alcantarillas\/#breadcrumb"},"inLanguage":"es","potentialAction":[{"@type":"ReadAction","target":["https:\/\/www.serbis.es\/serbis\/blog\/inundaciones-tormentas-verano-alcantarillas\/"]}]},{"@type":"BreadcrumbList","@id":"https:\/\/www.serbis.es\/serbis\/blog\/inundaciones-tormentas-verano-alcantarillas\/#breadcrumb","itemListElement":[{"@type":"ListItem","position":1,"name":"Portada","item":"https:\/\/www.serbis.es\/serbis\/blog\/"},{"@type":"ListItem","position":2,"name":"Hora de adelantarse a las inundaciones"}]},{"@type":"WebSite","@id":"https:\/\/www.serbis.es\/serbis\/blog\/#website","url":"https:\/\/www.serbis.es\/serbis\/blog\/","name":"Blog de Serbis","description":"l\u00edderes en Espa\u00f1a en saneamiento de aguas con servicios de pocer\u00eda tradicional y sin zanjas","potentialAction":[{"@type":"SearchAction","target":{"@type":"EntryPoint","urlTemplate":"https:\/\/www.serbis.es\/serbis\/blog\/?s={search_term_string}"},"query-input":"required name=search_term_string"}],"inLanguage":"es"},{"@type":"Person","@id":"https:\/\/www.serbis.es\/serbis\/blog\/#\/schema\/person\/449002ed602088d1463cc28957dee9ea","name":"Serbis Pocer\u00eda","image":{"@type":"ImageObject","inLanguage":"es","@id":"https:\/\/www.serbis.es\/serbis\/blog\/#\/schema\/person\/image\/","url":"https:\/\/secure.gravatar.com\/avatar\/1b95962073fbda6a54be252a727db96a?s=96&d=mm&r=g","contentUrl":"https:\/\/secure.gravatar.com\/avatar\/1b95962073fbda6a54be252a727db96a?s=96&d=mm&r=g","caption":"Serbis Pocer\u00eda"},"description":"Empresa especializada en soluciones de alcantarillado y saneamiento de agua, con gran experiencia en el sector y conocimiento de t\u00e9cnicas tanto de pocer\u00eda tradicional como de rehabilitaci\u00f3n de tuber\u00edas sin zanjas ni necesidad de obra civil","sameAs":["https:\/\/www.linkedin.com\/company\/poceria-serbis","https:\/\/www.facebook.com\/SerbisPoceria\/","https:\/\/twitter.com\/https:\/\/twitter.com\/serbis_poceria"],"url":"https:\/\/www.serbis.es\/serbis\/blog\/author\/perio_editor\/"}]}},"_links":{"self":[{"href":"https:\/\/www.serbis.es\/serbis\/blog\/wp-json\/wp\/v2\/posts\/2262"}],"collection":[{"href":"https:\/\/www.serbis.es\/serbis\/blog\/wp-json\/wp\/v2\/posts"}],"about":[{"href":"https:\/\/www.serbis.es\/serbis\/blog\/wp-json\/wp\/v2\/types\/post"}],"author":[{"embeddable":true,"href":"https:\/\/www.serbis.es\/serbis\/blog\/wp-json\/wp\/v2\/users\/3"}],"replies":[{"embeddable":true,"href":"https:\/\/www.serbis.es\/serbis\/blog\/wp-json\/wp\/v2\/comments?post=2262"}],"version-history":[{"count":4,"href":"https:\/\/www.serbis.es\/serbis\/blog\/wp-json\/wp\/v2\/posts\/2262\/revisions"}],"predecessor-version":[{"id":2273,"href":"https:\/\/www.serbis.es\/serbis\/blog\/wp-json\/wp\/v2\/posts\/2262\/revisions\/2273"}],"wp:featuredmedia":[{"embeddable":true,"href":"https:\/\/www.serbis.es\/serbis\/blog\/wp-json\/wp\/v2\/media\/2268"}],"wp:attachment":[{"href":"https:\/\/www.serbis.es\/serbis\/blog\/wp-json\/wp\/v2\/media?parent=2262"}],"wp:term":[{"taxonomy":"category","embeddable":true,"href":"https:\/\/www.serbis.es\/serbis\/blog\/wp-json\/wp\/v2\/categories?post=2262"},{"taxonomy":"post_tag","embeddable":true,"href":"https:\/\/www.serbis.es\/serbis\/blog\/wp-json\/wp\/v2\/tags?post=2262"}],"curies":[{"name":"wp","href":"https:\/\/api.w.org\/{rel}","templated":true}]}}