{"id":2274,"date":"2020-06-12T07:32:24","date_gmt":"2020-06-12T07:32:24","guid":{"rendered":"https:\/\/www.serbis.es\/serbis\/blog\/?p=2274"},"modified":"2020-06-12T07:32:24","modified_gmt":"2020-06-12T07:32:24","slug":"dia-oceanos-alcantarillas","status":"publish","type":"post","link":"https:\/\/www.serbis.es\/serbis\/blog\/dia-oceanos-alcantarillas\/","title":{"rendered":"El cuidado de los oc\u00e9anos empieza en las alcantarillas"},"content":{"rendered":"<p>Resumimos las principales noticias que se han producido durante los \u00faltimos d\u00edas en el \u00e1mbito de las alcantarillas y el saneamiento de aguas residuales&#8230;<\/p>\n<h3>Evitemos que los oc\u00e9anos se conviertan en enormes alcantarillas<\/h3>\n<p>El 8 de junio se ha celebrado, como cada a\u00f1o, <strong>el D\u00eda Mundial de los Oc\u00e9anos<\/strong>. En esta ocasi\u00f3n, las alcantarillas han sido las aut\u00e9nticas protagonistas de esta jornada conmemorativa, ya que desde las organizaciones ecologistas y desde las instituciones p\u00fablicas se ha puesto el \u00e9nfasis en la importancia de <strong>no arrojar residuos por las redes de alcantarillado<\/strong> para mantener limpio el mar.<\/p>\n<p>Un ejemplo de ello lo hemos encontrado en <strong>Pontevedra<\/strong>, donde el colectivo Proyecto Orbanajo ha lanzado una interesante <a href=\"https:\/\/www.diariodeleon.es\/articulo\/bierzo\/veintena-alcantarillas-ponferrada-pintadas-medio-ambiente\/202006051535062019257.html\">campa\u00f1a de sensibilizaci\u00f3n ciudadana<\/a> en colaboraci\u00f3n con el ayuntamiento de la ciudad gallega. En concreto, esta organizaci\u00f3n ecologista ha situado junto a una veintena de alcantarillas mensajes como <strong>\u00ab\u00a1Sabes! El mar empieza aqu\u00ed. Por favor, no tires nada al suelo\u00bb<\/strong> o \u00abEl mar empieza aqu\u00ed. No tires nada al suelo\u00bb.<\/p>\n<p>Este tipo de iniciativas son muy importantes, as\u00ed como avanzar legislativamente en la defensa de los oc\u00e9anos. Recientemente se ha aprobado en Espa\u00f1a <strong>el Anteproyecto de Ley de Residuos<\/strong>, entre cuyos objetivos se encuentra el de <strong>disminuir la contaminaci\u00f3n por pl\u00e1sticos y micropl\u00e1sticos<\/strong> en los mares.<\/p>\n<p>Pero hay que seguir dando pasos, porque <strong>s\u00f3lo un 3% de la superficie de los oc\u00e9anos se encuentra protegida<\/strong>, <a href=\"https:\/\/www.ecoticias.com\/medio-ambiente\/202653\/Dia-Mundial-de-los-Oceanos-la-alcantarilla-del-siglo-XXI\">seg\u00fan datos de Greenpeace<\/a>, quedando el 97% restante expuesta a micropl\u00e1sticos, sobrepesca, miner\u00eda de profundidad, prospecciones, productos qu\u00edmicos, cambio clim\u00e1tico\u2026 Y sobre todo, quedando a merced de toda la basura que seguimos arrojando por las redes de saneamiento de aguas residuales, en forma de <strong>toallitas, grasas, mascarillas o guantes desechables<\/strong>.<\/p>\n<p><img decoding=\"async\" loading=\"lazy\" class=\"size-full wp-image-2275 alignnone\" src=\"https:\/\/www.serbis.es\/serbis\/blog\/wp-content\/uploads\/oceano.jpg\" alt=\"\" width=\"630\" height=\"315\" srcset=\"https:\/\/www.serbis.es\/serbis\/blog\/wp-content\/uploads\/oceano.jpg 630w, https:\/\/www.serbis.es\/serbis\/blog\/wp-content\/uploads\/oceano-300x150.jpg 300w, https:\/\/www.serbis.es\/serbis\/blog\/wp-content\/uploads\/oceano-370x185.jpg 370w\" sizes=\"(max-width: 630px) 100vw, 630px\" \/><\/p>\n<h3>El alcantarillado colapsa por las tormentas en Murcia<\/h3>\n<p>Estos d\u00edas han vuelto a repetirse en la Regi\u00f3n de Murcia algunas de las escenas <strong>que ya se vivieron a finales del a\u00f1o pasado<\/strong>, cuando el fen\u00f3meno conocido como DANA (Depresi\u00f3n Aislada en Niveles Altos) provoc\u00f3 cuantiosos da\u00f1os materiales e incluso la evacuaci\u00f3n de varios cientos de personas. De nuevo,<strong> las fuertes tormentas y el granizo han azotado con fuerza<\/strong> la zona, <a href=\"http:\/\/7tvregiondemurcia.es\/el-campo-de-cartagena-se-lleva-lo-peor-del-temporal-de-tormentas-y-granizo\/\" class=\"broken_link\">provocando aut\u00e9nticos estragos<\/a>.<\/p>\n<p>Una de las localidades que han resultado m\u00e1s perjudicadas ha sido la de Cartagena, donde <strong>las bolas de granizo han alcanzado el tama\u00f1o de pelotas de ping pong<\/strong>. Los sistemas de alcantarillado han llegado a colapsar ante la imposibilidad de tragar tanto agua. Eso es lo que ha sucedido, por ejemplo, en <strong>Los Alc\u00e1zares<\/strong>, donde los arrastres de arena y las aguas que bajaban por las ramblas del municipio <strong>han terminado desbordando las alcantarillas<\/strong>.<\/p>\n<p><img decoding=\"async\" loading=\"lazy\" class=\"size-full wp-image-2277 alignnone\" src=\"https:\/\/www.serbis.es\/serbis\/blog\/wp-content\/uploads\/tormentas-murcia-alcantarillado.jpg\" alt=\"\" width=\"630\" height=\"315\" srcset=\"https:\/\/www.serbis.es\/serbis\/blog\/wp-content\/uploads\/tormentas-murcia-alcantarillado.jpg 630w, https:\/\/www.serbis.es\/serbis\/blog\/wp-content\/uploads\/tormentas-murcia-alcantarillado-300x150.jpg 300w, https:\/\/www.serbis.es\/serbis\/blog\/wp-content\/uploads\/tormentas-murcia-alcantarillado-370x185.jpg 370w\" sizes=\"(max-width: 630px) 100vw, 630px\" \/><\/p>\n<h3>Las aguas residuales de Barcelona indican que ya hab\u00eda coronavirus en enero<\/h3>\n<p>Aunque el primer caso de coronavirus en Espa\u00f1a se confirm\u00f3 <strong>el 25 de febrero<\/strong>, ya hac\u00eda m\u00e1s de un mes que el virus campaba a sus anchas por tierras espa\u00f1olas. <a href=\"https:\/\/www.lavanguardia.com\/local\/barcelona\/20200607\/481654145204\/detectados-restos-coronavirus-covid19-aguas-residuales-barcelona-enero.html\">As\u00ed lo acaban de poner de manifiesto<\/a> las aguas residuales de la ciudad de <strong>Barcelona<\/strong>.<\/p>\n<p>Seg\u00fan indica un estudio de la <strong>Universitat de Barcelona<\/strong>, el an\u00e1lisis de los restos de virus en las aguas fecales confirma que el Covid-19 ya circulaba por las alcantarillas de la ciudad <strong>desde el 15 de enero<\/strong>. Es decir, 40 d\u00edas antes de que se confirmase oficialmente el primer infectado.<\/p>\n<p><img decoding=\"async\" loading=\"lazy\" class=\"size-full wp-image-2282 alignnone\" src=\"https:\/\/www.serbis.es\/serbis\/blog\/wp-content\/uploads\/coronavirus-alcantarillas-barcelona.jpg\" alt=\"\" width=\"630\" height=\"315\" srcset=\"https:\/\/www.serbis.es\/serbis\/blog\/wp-content\/uploads\/coronavirus-alcantarillas-barcelona.jpg 630w, https:\/\/www.serbis.es\/serbis\/blog\/wp-content\/uploads\/coronavirus-alcantarillas-barcelona-300x150.jpg 300w, https:\/\/www.serbis.es\/serbis\/blog\/wp-content\/uploads\/coronavirus-alcantarillas-barcelona-370x185.jpg 370w\" sizes=\"(max-width: 630px) 100vw, 630px\" \/><\/p>\n<p>Si quieres contarnos algo puedes llamarnos al <strong>n\u00famero de tel\u00e9fono <\/strong><strong>91 610 62 53<\/strong> y si te gusta estar informado de las noticias nacionales e internacionales m\u00e1s interesantes de las industrias de la pocer\u00eda, el alcantarillado y el saneamiento de aguas fecales, visita <a href=\"https:\/\/www.serbis.es\/\" target=\"_blank\" rel=\"noopener\"><strong>Serbis.es<\/strong><\/a> y <strong>s\u00edguenos en las redes sociales<\/strong>:<\/p>\n<p><a href=\"https:\/\/www.facebook.com\/SerbisPoceria\/\" rel=\"attachment wp-att-691\" class=\"broken_link\"><img decoding=\"async\" loading=\"lazy\" class=\"size-full wp-image-691\" src=\"https:\/\/www.serbis.es\/serbis\/blog\/wp-content\/uploads\/facebook.jpg\" alt=\"facebook\" width=\"113\" height=\"111\" \/><\/a><\/p>\n<p>&nbsp;<\/p>\n<p><a href=\"https:\/\/twitter.com\/serbis_poceria\" rel=\"attachment wp-att-692\"><img decoding=\"async\" loading=\"lazy\" class=\"size-full wp-image-692\" src=\"https:\/\/www.serbis.es\/serbis\/blog\/wp-content\/uploads\/twitter.jpg\" alt=\"twitter\" width=\"113\" height=\"111\" \/><\/a><\/p>\n<p>&nbsp;<\/p>\n<p><a href=\"https:\/\/www.instagram.com\/serbis_poceria\/\" rel=\"attachment wp-att-692\" class=\"broken_link\"><img decoding=\"async\" loading=\"lazy\" class=\"alignnone wp-image-1462 size-full\" src=\"https:\/\/www.serbis.es\/serbis\/blog\/wp-content\/uploads\/instagram.jpg\" alt=\"\" width=\"113\" height=\"111\" \/><\/a><\/p>\n<p>&nbsp;<\/p>\n<p><a href=\"https:\/\/es.linkedin.com\/company\/poceria-serbis\" rel=\"attachment wp-att-693\"><img decoding=\"async\" loading=\"lazy\" class=\"size-full wp-image-693 alignleft\" src=\"https:\/\/www.serbis.es\/serbis\/blog\/wp-content\/uploads\/linkedin.jpg\" alt=\"linkedin\" width=\"113\" height=\"111\" \/><\/a><\/p>\n<p>&nbsp;<\/p>\n<p>&nbsp;<\/p>\n<p>&nbsp;<\/p>\n<p>&nbsp;<\/p>\n<p><a href=\"https:\/\/www.youtube.com\/channel\/UCSIAPGXKlWyOmHRZo9YCpBQ\" rel=\"attachment wp-att-694\"><img decoding=\"async\" loading=\"lazy\" class=\"size-full wp-image-694 alignleft\" src=\"https:\/\/www.serbis.es\/serbis\/blog\/wp-content\/uploads\/youtube.jpg\" alt=\"youtube\" width=\"113\" height=\"111\" \/><\/a><\/p>\n<p>&nbsp;<\/p>\n<p>&nbsp;<\/p>\n<p>&nbsp;<\/p>\n<p>&nbsp;<\/p>\n<p><a href=\"https:\/\/vimeo.com\/user9248661\" rel=\"attachment wp-att-696\"><img decoding=\"async\" loading=\"lazy\" class=\"size-full wp-image-696 alignleft\" src=\"https:\/\/www.serbis.es\/serbis\/blog\/wp-content\/uploads\/vimeo.jpg\" alt=\"vimeo\" width=\"113\" height=\"111\" \/><\/a><\/p>\n<p>&nbsp;<\/p>\n<p>&nbsp;<\/p>\n<p>&nbsp;<\/p>\n<p>&nbsp;<\/p>\n<p><a href=\"https:\/\/www.flickr.com\/photos\/155074596@N06\/\" rel=\"attachment wp-att-698\"><img decoding=\"async\" loading=\"lazy\" class=\"size-full wp-image-698 alignleft\" src=\"https:\/\/www.serbis.es\/serbis\/blog\/wp-content\/uploads\/flickr.jpg\" alt=\"flickr\" width=\"113\" height=\"111\" \/><\/a><\/p>\n<p>&nbsp;<\/p>\n<p>&nbsp;<\/p>\n<p>&nbsp;<\/p>\n<p>&nbsp;<\/p>\n<p><a href=\"https:\/\/www.pinterest.es\/pin\/133348838938250902\/\" rel=\"attachment wp-att-697\"><img decoding=\"async\" loading=\"lazy\" class=\"size-full wp-image-697 alignleft\" src=\"https:\/\/www.serbis.es\/serbis\/blog\/wp-content\/uploads\/pinterest.jpg\" alt=\"pinterest\" width=\"113\" height=\"111\" \/><\/a><\/p>\n","protected":false},"excerpt":{"rendered":"<p>Resumimos las principales noticias que se han producido durante los \u00faltimos d\u00edas en el \u00e1mbito de las alcantarillas y el saneamiento de aguas residuales&#8230; Evitemos que los oc\u00e9anos se conviertan en enormes alcantarillas El 8 de junio se ha celebrado, como cada a\u00f1o, el D\u00eda Mundial de los Oc\u00e9anos. En esta ocasi\u00f3n, las alcantarillas han [&hellip;]<\/p>\n","protected":false},"author":3,"featured_media":2283,"comment_status":"open","ping_status":"open","sticky":false,"template":"","format":"standard","meta":{"_mi_skip_tracking":false,"_monsterinsights_sitenote_active":false,"_monsterinsights_sitenote_note":"","_monsterinsights_sitenote_category":0},"categories":[17,5,2,32],"tags":[111,75,22,61,256,402,401,40],"yoast_head":"<!-- This site is optimized with the Yoast SEO plugin v20.10 - https:\/\/yoast.com\/wordpress\/plugins\/seo\/ -->\n<title>El cuidado de los oc\u00e9anos empieza en las alcantarillas - Blog de Serbis<\/title>\n<meta name=\"robots\" content=\"index, follow, max-snippet:-1, max-image-preview:large, max-video-preview:-1\" \/>\n<link rel=\"canonical\" href=\"https:\/\/www.serbis.es\/serbis\/blog\/dia-oceanos-alcantarillas\/\" \/>\n<meta property=\"og:locale\" content=\"es_ES\" \/>\n<meta property=\"og:type\" content=\"article\" \/>\n<meta property=\"og:title\" content=\"El cuidado de los oc\u00e9anos empieza en las alcantarillas - Blog de Serbis\" \/>\n<meta property=\"og:description\" content=\"Resumimos las principales noticias que se han producido durante los \u00faltimos d\u00edas en el \u00e1mbito de las alcantarillas y el saneamiento de aguas residuales&#8230; Evitemos que los oc\u00e9anos se conviertan en enormes alcantarillas El 8 de junio se ha celebrado, como cada a\u00f1o, el D\u00eda Mundial de los Oc\u00e9anos. En esta ocasi\u00f3n, las alcantarillas han [&hellip;]\" \/>\n<meta property=\"og:url\" content=\"https:\/\/www.serbis.es\/serbis\/blog\/dia-oceanos-alcantarillas\/\" \/>\n<meta property=\"og:site_name\" content=\"Blog de Serbis\" \/>\n<meta property=\"article:author\" content=\"https:\/\/www.facebook.com\/SerbisPoceria\/\" \/>\n<meta property=\"article:published_time\" content=\"2020-06-12T07:32:24+00:00\" \/>\n<meta property=\"og:image\" content=\"https:\/\/www.serbis.es\/serbis\/blog\/wp-content\/uploads\/oceanos.jpg\" \/>\n\t<meta property=\"og:image:width\" content=\"630\" \/>\n\t<meta property=\"og:image:height\" content=\"315\" \/>\n\t<meta property=\"og:image:type\" content=\"image\/jpeg\" \/>\n<meta name=\"author\" content=\"Serbis Pocer\u00eda\" \/>\n<meta name=\"twitter:label1\" content=\"Escrito por\" \/>\n\t<meta name=\"twitter:data1\" content=\"Serbis Pocer\u00eda\" \/>\n\t<meta name=\"twitter:label2\" content=\"Tiempo de lectura\" \/>\n\t<meta name=\"twitter:data2\" content=\"3 minutos\" \/>\n<script type=\"application\/ld+json\" class=\"yoast-schema-graph\">{\"@context\":\"https:\/\/schema.org\",\"@graph\":[{\"@type\":\"WebPage\",\"@id\":\"https:\/\/www.serbis.es\/serbis\/blog\/dia-oceanos-alcantarillas\/\",\"url\":\"https:\/\/www.serbis.es\/serbis\/blog\/dia-oceanos-alcantarillas\/\",\"name\":\"El cuidado de los oc\u00e9anos empieza en las alcantarillas - Blog de Serbis\",\"isPartOf\":{\"@id\":\"https:\/\/www.serbis.es\/serbis\/blog\/#website\"},\"datePublished\":\"2020-06-12T07:32:24+00:00\",\"dateModified\":\"2020-06-12T07:32:24+00:00\",\"author\":{\"@id\":\"https:\/\/www.serbis.es\/serbis\/blog\/#\/schema\/person\/449002ed602088d1463cc28957dee9ea\"},\"breadcrumb\":{\"@id\":\"https:\/\/www.serbis.es\/serbis\/blog\/dia-oceanos-alcantarillas\/#breadcrumb\"},\"inLanguage\":\"es\",\"potentialAction\":[{\"@type\":\"ReadAction\",\"target\":[\"https:\/\/www.serbis.es\/serbis\/blog\/dia-oceanos-alcantarillas\/\"]}]},{\"@type\":\"BreadcrumbList\",\"@id\":\"https:\/\/www.serbis.es\/serbis\/blog\/dia-oceanos-alcantarillas\/#breadcrumb\",\"itemListElement\":[{\"@type\":\"ListItem\",\"position\":1,\"name\":\"Portada\",\"item\":\"https:\/\/www.serbis.es\/serbis\/blog\/\"},{\"@type\":\"ListItem\",\"position\":2,\"name\":\"El cuidado de los oc\u00e9anos empieza en las alcantarillas\"}]},{\"@type\":\"WebSite\",\"@id\":\"https:\/\/www.serbis.es\/serbis\/blog\/#website\",\"url\":\"https:\/\/www.serbis.es\/serbis\/blog\/\",\"name\":\"Blog de Serbis\",\"description\":\"l\u00edderes en Espa\u00f1a en saneamiento de aguas con servicios de pocer\u00eda tradicional y sin zanjas\",\"potentialAction\":[{\"@type\":\"SearchAction\",\"target\":{\"@type\":\"EntryPoint\",\"urlTemplate\":\"https:\/\/www.serbis.es\/serbis\/blog\/?s={search_term_string}\"},\"query-input\":\"required name=search_term_string\"}],\"inLanguage\":\"es\"},{\"@type\":\"Person\",\"@id\":\"https:\/\/www.serbis.es\/serbis\/blog\/#\/schema\/person\/449002ed602088d1463cc28957dee9ea\",\"name\":\"Serbis Pocer\u00eda\",\"image\":{\"@type\":\"ImageObject\",\"inLanguage\":\"es\",\"@id\":\"https:\/\/www.serbis.es\/serbis\/blog\/#\/schema\/person\/image\/\",\"url\":\"https:\/\/secure.gravatar.com\/avatar\/1b95962073fbda6a54be252a727db96a?s=96&d=mm&r=g\",\"contentUrl\":\"https:\/\/secure.gravatar.com\/avatar\/1b95962073fbda6a54be252a727db96a?s=96&d=mm&r=g\",\"caption\":\"Serbis Pocer\u00eda\"},\"description\":\"Empresa especializada en soluciones de alcantarillado y saneamiento de agua, con gran experiencia en el sector y conocimiento de t\u00e9cnicas tanto de pocer\u00eda tradicional como de rehabilitaci\u00f3n de tuber\u00edas sin zanjas ni necesidad de obra civil\",\"sameAs\":[\"https:\/\/www.linkedin.com\/company\/poceria-serbis\",\"https:\/\/www.facebook.com\/SerbisPoceria\/\",\"https:\/\/twitter.com\/https:\/\/twitter.com\/serbis_poceria\"],\"url\":\"https:\/\/www.serbis.es\/serbis\/blog\/author\/perio_editor\/\"}]}<\/script>\n<!-- \/ Yoast SEO plugin. -->","yoast_head_json":{"title":"El cuidado de los oc\u00e9anos empieza en las alcantarillas - Blog de Serbis","robots":{"index":"index","follow":"follow","max-snippet":"max-snippet:-1","max-image-preview":"max-image-preview:large","max-video-preview":"max-video-preview:-1"},"canonical":"https:\/\/www.serbis.es\/serbis\/blog\/dia-oceanos-alcantarillas\/","og_locale":"es_ES","og_type":"article","og_title":"El cuidado de los oc\u00e9anos empieza en las alcantarillas - Blog de Serbis","og_description":"Resumimos las principales noticias que se han producido durante los \u00faltimos d\u00edas en el \u00e1mbito de las alcantarillas y el saneamiento de aguas residuales&#8230; Evitemos que los oc\u00e9anos se conviertan en enormes alcantarillas El 8 de junio se ha celebrado, como cada a\u00f1o, el D\u00eda Mundial de los Oc\u00e9anos. En esta ocasi\u00f3n, las alcantarillas han [&hellip;]","og_url":"https:\/\/www.serbis.es\/serbis\/blog\/dia-oceanos-alcantarillas\/","og_site_name":"Blog de Serbis","article_author":"https:\/\/www.facebook.com\/SerbisPoceria\/","article_published_time":"2020-06-12T07:32:24+00:00","og_image":[{"width":630,"height":315,"url":"https:\/\/www.serbis.es\/serbis\/blog\/wp-content\/uploads\/oceanos.jpg","type":"image\/jpeg"}],"author":"Serbis Pocer\u00eda","twitter_misc":{"Escrito por":"Serbis Pocer\u00eda","Tiempo de lectura":"3 minutos"},"schema":{"@context":"https:\/\/schema.org","@graph":[{"@type":"WebPage","@id":"https:\/\/www.serbis.es\/serbis\/blog\/dia-oceanos-alcantarillas\/","url":"https:\/\/www.serbis.es\/serbis\/blog\/dia-oceanos-alcantarillas\/","name":"El cuidado de los oc\u00e9anos empieza en las alcantarillas - Blog de Serbis","isPartOf":{"@id":"https:\/\/www.serbis.es\/serbis\/blog\/#website"},"datePublished":"2020-06-12T07:32:24+00:00","dateModified":"2020-06-12T07:32:24+00:00","author":{"@id":"https:\/\/www.serbis.es\/serbis\/blog\/#\/schema\/person\/449002ed602088d1463cc28957dee9ea"},"breadcrumb":{"@id":"https:\/\/www.serbis.es\/serbis\/blog\/dia-oceanos-alcantarillas\/#breadcrumb"},"inLanguage":"es","potentialAction":[{"@type":"ReadAction","target":["https:\/\/www.serbis.es\/serbis\/blog\/dia-oceanos-alcantarillas\/"]}]},{"@type":"BreadcrumbList","@id":"https:\/\/www.serbis.es\/serbis\/blog\/dia-oceanos-alcantarillas\/#breadcrumb","itemListElement":[{"@type":"ListItem","position":1,"name":"Portada","item":"https:\/\/www.serbis.es\/serbis\/blog\/"},{"@type":"ListItem","position":2,"name":"El cuidado de los oc\u00e9anos empieza en las alcantarillas"}]},{"@type":"WebSite","@id":"https:\/\/www.serbis.es\/serbis\/blog\/#website","url":"https:\/\/www.serbis.es\/serbis\/blog\/","name":"Blog de Serbis","description":"l\u00edderes en Espa\u00f1a en saneamiento de aguas con servicios de pocer\u00eda tradicional y sin zanjas","potentialAction":[{"@type":"SearchAction","target":{"@type":"EntryPoint","urlTemplate":"https:\/\/www.serbis.es\/serbis\/blog\/?s={search_term_string}"},"query-input":"required name=search_term_string"}],"inLanguage":"es"},{"@type":"Person","@id":"https:\/\/www.serbis.es\/serbis\/blog\/#\/schema\/person\/449002ed602088d1463cc28957dee9ea","name":"Serbis Pocer\u00eda","image":{"@type":"ImageObject","inLanguage":"es","@id":"https:\/\/www.serbis.es\/serbis\/blog\/#\/schema\/person\/image\/","url":"https:\/\/secure.gravatar.com\/avatar\/1b95962073fbda6a54be252a727db96a?s=96&d=mm&r=g","contentUrl":"https:\/\/secure.gravatar.com\/avatar\/1b95962073fbda6a54be252a727db96a?s=96&d=mm&r=g","caption":"Serbis Pocer\u00eda"},"description":"Empresa especializada en soluciones de alcantarillado y saneamiento de agua, con gran experiencia en el sector y conocimiento de t\u00e9cnicas tanto de pocer\u00eda tradicional como de rehabilitaci\u00f3n de tuber\u00edas sin zanjas ni necesidad de obra civil","sameAs":["https:\/\/www.linkedin.com\/company\/poceria-serbis","https:\/\/www.facebook.com\/SerbisPoceria\/","https:\/\/twitter.com\/https:\/\/twitter.com\/serbis_poceria"],"url":"https:\/\/www.serbis.es\/serbis\/blog\/author\/perio_editor\/"}]}},"_links":{"self":[{"href":"https:\/\/www.serbis.es\/serbis\/blog\/wp-json\/wp\/v2\/posts\/2274"}],"collection":[{"href":"https:\/\/www.serbis.es\/serbis\/blog\/wp-json\/wp\/v2\/posts"}],"about":[{"href":"https:\/\/www.serbis.es\/serbis\/blog\/wp-json\/wp\/v2\/types\/post"}],"author":[{"embeddable":true,"href":"https:\/\/www.serbis.es\/serbis\/blog\/wp-json\/wp\/v2\/users\/3"}],"replies":[{"embeddable":true,"href":"https:\/\/www.serbis.es\/serbis\/blog\/wp-json\/wp\/v2\/comments?post=2274"}],"version-history":[{"count":4,"href":"https:\/\/www.serbis.es\/serbis\/blog\/wp-json\/wp\/v2\/posts\/2274\/revisions"}],"predecessor-version":[{"id":2284,"href":"https:\/\/www.serbis.es\/serbis\/blog\/wp-json\/wp\/v2\/posts\/2274\/revisions\/2284"}],"wp:featuredmedia":[{"embeddable":true,"href":"https:\/\/www.serbis.es\/serbis\/blog\/wp-json\/wp\/v2\/media\/2283"}],"wp:attachment":[{"href":"https:\/\/www.serbis.es\/serbis\/blog\/wp-json\/wp\/v2\/media?parent=2274"}],"wp:term":[{"taxonomy":"category","embeddable":true,"href":"https:\/\/www.serbis.es\/serbis\/blog\/wp-json\/wp\/v2\/categories?post=2274"},{"taxonomy":"post_tag","embeddable":true,"href":"https:\/\/www.serbis.es\/serbis\/blog\/wp-json\/wp\/v2\/tags?post=2274"}],"curies":[{"name":"wp","href":"https:\/\/api.w.org\/{rel}","templated":true}]}}