{"id":2389,"date":"2020-08-19T22:37:56","date_gmt":"2020-08-19T22:37:56","guid":{"rendered":"https:\/\/www.serbis.es\/serbis\/blog\/?p=2389"},"modified":"2020-08-19T22:37:56","modified_gmt":"2020-08-19T22:37:56","slug":"aguas-residuales-agricultura-sequia","status":"publish","type":"post","link":"https:\/\/www.serbis.es\/serbis\/blog\/aguas-residuales-agricultura-sequia\/","title":{"rendered":"Aguas residuales recicladas para hacer frente a la sequ\u00eda"},"content":{"rendered":"<p>Resumimos las principales noticias que se han producido durante los \u00faltimos d\u00edas en el \u00e1mbito de las alcantarillas, las ca\u00f1er\u00edas, los atrancos, los atascos y\u00a0 las redes de saneamiento de aguas residuales y alcantarillado&#8230;<\/p>\n<h3>Los agricultores piden aguas residuales regeneradas para combatir la sequ\u00eda<\/h3>\n<p>Los agricultores de la provincia de <strong>Almer\u00eda<\/strong>, considerada la huerta de Europa, est\u00e1n buscando alternativas para hacer frente a la intensa sequ\u00eda que sufre Espa\u00f1a desde hace meses. En las pr\u00f3ximas semanas <strong>iniciar\u00e1n las plantaciones de la siguiente campa\u00f1a<\/strong> y el nivel de agua en los embalses se encuentra bajo m\u00ednimos\u2026<\/p>\n<p>Ante esta situaci\u00f3n, los regantes almerienses <a href=\"https:\/\/www.lavozdealmeria.com\/agricultura2000\/noticia\/8\/agricultura\/198734\/los-regantes-almerienses-quieren-las-aguas-residuales-recicladas\">consideran fundamental<\/a> que las aguas residuales generadas por pueblos y ciudades <strong>puedan reutilizarse para regar el campo<\/strong>. En concreto, estiman que las aguas regeneradas podr\u00edan aportarles m\u00e1s de 50 hect\u00f3metros c\u00fabicos extra, una cantidad <strong>equivalente a los dos trasvases de agua que recibe Almer\u00eda<\/strong> cada a\u00f1o.<\/p>\n<p><img decoding=\"async\" loading=\"lazy\" class=\"size-full wp-image-2390 alignnone\" src=\"https:\/\/www.serbis.es\/serbis\/blog\/wp-content\/uploads\/regar-almeria-aguas-regeneradas.jpg\" alt=\"\" width=\"630\" height=\"315\" srcset=\"https:\/\/www.serbis.es\/serbis\/blog\/wp-content\/uploads\/regar-almeria-aguas-regeneradas.jpg 630w, https:\/\/www.serbis.es\/serbis\/blog\/wp-content\/uploads\/regar-almeria-aguas-regeneradas-300x150.jpg 300w, https:\/\/www.serbis.es\/serbis\/blog\/wp-content\/uploads\/regar-almeria-aguas-regeneradas-370x185.jpg 370w\" sizes=\"(max-width: 630px) 100vw, 630px\" \/><\/p>\n<h3>El Canal de Isabel II destinar\u00e1 62 millones a mejorar las alcantarillas de Madrid<\/h3>\n<p>El Canal de Isabel II ha anunciado la inversi\u00f3n de 62 millones de euros en la renovaci\u00f3n de la red de alcantarillado de la Comunidad de Madrid. Las mejoras se encuadran en el denominado <strong>Plan Sanea<\/strong>, del que se beneficiar\u00e1n numerosos municipios madrile\u00f1os.<\/p>\n<p><strong>El grueso de la inversi\u00f3n<\/strong> <a href=\"https:\/\/fuenlabradanoticias.com\/art\/97227\/la-comunidad-de-madrid-y-el-ayuntamiento-de-fuenlabrada-firman-un-convenio-para-mejorar-del-alcantarillado-de-fuenlabrada\">ir\u00e1 a parar a la localidad de Fuenlabrada<\/a>, situada en el extremo sur de la regi\u00f3n. S\u00f3lo las obras que se realizar\u00e1n en la Avenida de la Hispanidad<strong> requerir\u00e1n un montante de 18 millones de euros<\/strong>, casi una tercera parte del presupuesto total del citado plan.<\/p>\n<p><img decoding=\"async\" loading=\"lazy\" class=\"size-full wp-image-2394 alignnone\" src=\"https:\/\/www.serbis.es\/serbis\/blog\/wp-content\/uploads\/canal-isabel-ii-1.jpg\" alt=\"\" width=\"630\" height=\"315\" srcset=\"https:\/\/www.serbis.es\/serbis\/blog\/wp-content\/uploads\/canal-isabel-ii-1.jpg 630w, https:\/\/www.serbis.es\/serbis\/blog\/wp-content\/uploads\/canal-isabel-ii-1-300x150.jpg 300w, https:\/\/www.serbis.es\/serbis\/blog\/wp-content\/uploads\/canal-isabel-ii-1-370x185.jpg 370w\" sizes=\"(max-width: 630px) 100vw, 630px\" \/><\/p>\n<h3>Calahorra podr\u00e1 presumir de sus Cloacas Romanas<\/h3>\n<p>La Rioja ha aprobado un proyecto para <strong>acondicionar y dar visibilidad<\/strong> a una de sus joyas arqueol\u00f3gicas: las Cloacas Romanas de la localidad de Calahorra. En concreto, <a href=\"https:\/\/nuevecuatrouno.com\/2020\/08\/14\/las-cloacas-romanas-de-calahorra-a-un-paso-mas-de-ser-una-realidad\/\" class=\"broken_link\">se destinar\u00e1 cerca de un mill\u00f3n de euros<\/a> a urbanizar los solares en los que se ubican estas antiguas canalizaciones, a construir una plaza y a <strong>modernizar el acceso a uno de los tramos<\/strong> de estas milenarias ca\u00f1er\u00edas.<\/p>\n<p>Ese mismo tramo ya fue acondicionado en el a\u00f1o 1995 por la asociaci\u00f3n Amigos de la Historia de Calahorra <strong>para que pudiera recibir visitas<\/strong>, algo que sucedi\u00f3 hasta 2002. Ahora tambi\u00e9n podr\u00eda barajarse la posibilidad de reabrir estas alcantarillas de la \u00e9poca romana al p\u00fablico, aunque el principal objetivo del proyecto es recuperar urban\u00edsticamente la zona y, sobre todo, <strong>impulsar el inter\u00e9s cient\u00edfico de estas hist\u00f3ricas cloacas.<\/strong><\/p>\n<p><img decoding=\"async\" loading=\"lazy\" class=\"size-full wp-image-2392 alignnone\" src=\"https:\/\/www.serbis.es\/serbis\/blog\/wp-content\/uploads\/cloacas-romanas-calahorra.jpg\" alt=\"\" width=\"630\" height=\"315\" srcset=\"https:\/\/www.serbis.es\/serbis\/blog\/wp-content\/uploads\/cloacas-romanas-calahorra.jpg 630w, https:\/\/www.serbis.es\/serbis\/blog\/wp-content\/uploads\/cloacas-romanas-calahorra-300x150.jpg 300w, https:\/\/www.serbis.es\/serbis\/blog\/wp-content\/uploads\/cloacas-romanas-calahorra-370x185.jpg 370w\" sizes=\"(max-width: 630px) 100vw, 630px\" \/><\/p>\n<h3>Roban en una casa y se esconden en las alcantarillas<\/h3>\n<p>Dos j\u00f3venes <a href=\"https:\/\/www.lavanguardia.com\/local\/maresme\/20200819\/482907900359\/detenidos-dos-ladrones-en-el-masnou-tras-intentar-huir-por-el-alcantarillado.html\">han sido detenidos<\/a> en la localidad de <strong>El Masnou, en la provincia de Barcelona<\/strong>, acusados de robar varias joyas en una vivienda y de esconderse posteriormente en las alcantarillas. Al parecer, los presuntos cacos terminaron en la red de alcantarillado <strong>tras ser sorprendidos por la Polic\u00eda Municipal<\/strong>.<\/p>\n<p>Los ladrones accedieron a la red de saneamiento de aguas residuales<strong> introduci\u00e9ndose por un colector de aguas pluviales<\/strong> del municipio. Su persecuci\u00f3n se prolong\u00f3 durante varias horas, hasta que finalmente fueron detenidos. Uno de ellos apareci\u00f3 empapado y<strong> con heridas que hab\u00eda sufrido al arrastrarse por las ca\u00f1er\u00edas<\/strong>.<\/p>\n<p><img decoding=\"async\" loading=\"lazy\" class=\"size-full wp-image-2397 alignnone\" src=\"https:\/\/www.serbis.es\/serbis\/blog\/wp-content\/uploads\/ladrones-alcantarillas.jpg\" alt=\"\" width=\"630\" height=\"315\" srcset=\"https:\/\/www.serbis.es\/serbis\/blog\/wp-content\/uploads\/ladrones-alcantarillas.jpg 630w, https:\/\/www.serbis.es\/serbis\/blog\/wp-content\/uploads\/ladrones-alcantarillas-300x150.jpg 300w, https:\/\/www.serbis.es\/serbis\/blog\/wp-content\/uploads\/ladrones-alcantarillas-370x185.jpg 370w\" sizes=\"(max-width: 630px) 100vw, 630px\" \/><\/p>\n<p>Si quieres contarnos algo puedes llamarnos al <strong>n\u00famero de tel\u00e9fono <\/strong><strong>91 610 62 53<\/strong> y si te gusta estar informado de las noticias nacionales e internacionales m\u00e1s interesantes de las industrias de la pocer\u00eda, el alcantarillado y el saneamiento de aguas fecales, visita <a href=\"https:\/\/www.serbis.es\/\" target=\"_blank\" rel=\"noopener\"><strong>Serbis.es<\/strong><\/a> y <strong>s\u00edguenos en las redes sociales<\/strong>:<\/p>\n<p><a href=\"https:\/\/www.facebook.com\/SerbisPoceria\/\" rel=\"attachment wp-att-691\" class=\"broken_link\"><img decoding=\"async\" loading=\"lazy\" class=\"size-full wp-image-691\" src=\"https:\/\/www.serbis.es\/serbis\/blog\/wp-content\/uploads\/facebook.jpg\" alt=\"facebook\" width=\"113\" height=\"111\" \/><\/a><\/p>\n<p>&nbsp;<\/p>\n<p><a href=\"https:\/\/twitter.com\/serbis_poceria\" rel=\"attachment wp-att-692\"><img decoding=\"async\" loading=\"lazy\" class=\"size-full wp-image-692\" src=\"https:\/\/www.serbis.es\/serbis\/blog\/wp-content\/uploads\/twitter.jpg\" alt=\"twitter\" width=\"113\" height=\"111\" \/><\/a><\/p>\n<p>&nbsp;<\/p>\n<p><a href=\"https:\/\/www.instagram.com\/serbis_poceria\/\" rel=\"attachment wp-att-692\" class=\"broken_link\"><img decoding=\"async\" loading=\"lazy\" class=\"alignnone wp-image-1462 size-full\" src=\"https:\/\/www.serbis.es\/serbis\/blog\/wp-content\/uploads\/instagram.jpg\" alt=\"\" width=\"113\" height=\"111\" \/><\/a><\/p>\n<p>&nbsp;<\/p>\n<p><a href=\"https:\/\/es.linkedin.com\/company\/poceria-serbis\" rel=\"attachment wp-att-693\"><img decoding=\"async\" loading=\"lazy\" class=\"size-full wp-image-693 alignleft\" src=\"https:\/\/www.serbis.es\/serbis\/blog\/wp-content\/uploads\/linkedin.jpg\" alt=\"linkedin\" width=\"113\" height=\"111\" \/><\/a><\/p>\n<p>&nbsp;<\/p>\n<p>&nbsp;<\/p>\n<p>&nbsp;<\/p>\n<p>&nbsp;<\/p>\n<p><a href=\"https:\/\/www.youtube.com\/channel\/UCSIAPGXKlWyOmHRZo9YCpBQ\" rel=\"attachment wp-att-694\"><img decoding=\"async\" loading=\"lazy\" class=\"size-full wp-image-694 alignleft\" src=\"https:\/\/www.serbis.es\/serbis\/blog\/wp-content\/uploads\/youtube.jpg\" alt=\"youtube\" width=\"113\" height=\"111\" \/><\/a><\/p>\n<p>&nbsp;<\/p>\n<p>&nbsp;<\/p>\n<p>&nbsp;<\/p>\n<p>&nbsp;<\/p>\n<p><a href=\"https:\/\/vimeo.com\/user9248661\" rel=\"attachment wp-att-696\"><img decoding=\"async\" loading=\"lazy\" class=\"size-full wp-image-696 alignleft\" src=\"https:\/\/www.serbis.es\/serbis\/blog\/wp-content\/uploads\/vimeo.jpg\" alt=\"vimeo\" width=\"113\" height=\"111\" \/><\/a><\/p>\n<p>&nbsp;<\/p>\n<p>&nbsp;<\/p>\n<p>&nbsp;<\/p>\n<p>&nbsp;<\/p>\n<p><a href=\"https:\/\/www.flickr.com\/photos\/155074596@N06\/\" rel=\"attachment wp-att-698\"><img decoding=\"async\" loading=\"lazy\" class=\"size-full wp-image-698 alignleft\" src=\"https:\/\/www.serbis.es\/serbis\/blog\/wp-content\/uploads\/flickr.jpg\" alt=\"flickr\" width=\"113\" height=\"111\" \/><\/a><\/p>\n<p>&nbsp;<\/p>\n<p>&nbsp;<\/p>\n<p>&nbsp;<\/p>\n<p>&nbsp;<\/p>\n<p><a href=\"https:\/\/www.pinterest.es\/pin\/133348838938250902\/\" rel=\"attachment wp-att-697\"><img decoding=\"async\" loading=\"lazy\" class=\"size-full wp-image-697 alignleft\" src=\"https:\/\/www.serbis.es\/serbis\/blog\/wp-content\/uploads\/pinterest.jpg\" alt=\"pinterest\" width=\"113\" height=\"111\" \/><\/a><\/p>\n","protected":false},"excerpt":{"rendered":"<p>Resumimos las principales noticias que se han producido durante los \u00faltimos d\u00edas en el \u00e1mbito de las alcantarillas, las ca\u00f1er\u00edas, los atrancos, los atascos y\u00a0 las redes de saneamiento de aguas residuales y alcantarillado&#8230; Los agricultores piden aguas residuales regeneradas para combatir la sequ\u00eda Los agricultores de la provincia de Almer\u00eda, considerada la huerta de [&hellip;]<\/p>\n","protected":false},"author":3,"featured_media":2398,"comment_status":"open","ping_status":"open","sticky":false,"template":"","format":"standard","meta":{"_mi_skip_tracking":false,"_monsterinsights_sitenote_active":false,"_monsterinsights_sitenote_note":"","_monsterinsights_sitenote_category":0},"categories":[17,2,32],"tags":[111,75,22,61,261,66,40,405],"yoast_head":"<!-- This site is optimized with the Yoast SEO plugin v20.10 - https:\/\/yoast.com\/wordpress\/plugins\/seo\/ -->\n<title>Aguas residuales recicladas para hacer frente a la sequ\u00eda - Blog de Serbis<\/title>\n<meta name=\"robots\" content=\"index, follow, max-snippet:-1, max-image-preview:large, max-video-preview:-1\" \/>\n<link rel=\"canonical\" href=\"https:\/\/www.serbis.es\/serbis\/blog\/aguas-residuales-agricultura-sequia\/\" \/>\n<meta property=\"og:locale\" content=\"es_ES\" \/>\n<meta property=\"og:type\" content=\"article\" \/>\n<meta property=\"og:title\" content=\"Aguas residuales recicladas para hacer frente a la sequ\u00eda - Blog de Serbis\" \/>\n<meta property=\"og:description\" content=\"Resumimos las principales noticias que se han producido durante los \u00faltimos d\u00edas en el \u00e1mbito de las alcantarillas, las ca\u00f1er\u00edas, los atrancos, los atascos y\u00a0 las redes de saneamiento de aguas residuales y alcantarillado&#8230; Los agricultores piden aguas residuales regeneradas para combatir la sequ\u00eda Los agricultores de la provincia de Almer\u00eda, considerada la huerta de [&hellip;]\" \/>\n<meta property=\"og:url\" content=\"https:\/\/www.serbis.es\/serbis\/blog\/aguas-residuales-agricultura-sequia\/\" \/>\n<meta property=\"og:site_name\" content=\"Blog de Serbis\" \/>\n<meta property=\"article:author\" content=\"https:\/\/www.facebook.com\/SerbisPoceria\/\" \/>\n<meta property=\"article:published_time\" content=\"2020-08-19T22:37:56+00:00\" \/>\n<meta property=\"og:image\" content=\"https:\/\/www.serbis.es\/serbis\/blog\/wp-content\/uploads\/aguas-residuales-sequia.jpg\" \/>\n\t<meta property=\"og:image:width\" content=\"630\" \/>\n\t<meta property=\"og:image:height\" content=\"315\" \/>\n\t<meta property=\"og:image:type\" content=\"image\/jpeg\" \/>\n<meta name=\"author\" content=\"Serbis Pocer\u00eda\" \/>\n<meta name=\"twitter:label1\" content=\"Escrito por\" \/>\n\t<meta name=\"twitter:data1\" content=\"Serbis Pocer\u00eda\" \/>\n\t<meta name=\"twitter:label2\" content=\"Tiempo de lectura\" \/>\n\t<meta name=\"twitter:data2\" content=\"3 minutos\" \/>\n<script type=\"application\/ld+json\" class=\"yoast-schema-graph\">{\"@context\":\"https:\/\/schema.org\",\"@graph\":[{\"@type\":\"WebPage\",\"@id\":\"https:\/\/www.serbis.es\/serbis\/blog\/aguas-residuales-agricultura-sequia\/\",\"url\":\"https:\/\/www.serbis.es\/serbis\/blog\/aguas-residuales-agricultura-sequia\/\",\"name\":\"Aguas residuales recicladas para hacer frente a la sequ\u00eda - Blog de Serbis\",\"isPartOf\":{\"@id\":\"https:\/\/www.serbis.es\/serbis\/blog\/#website\"},\"datePublished\":\"2020-08-19T22:37:56+00:00\",\"dateModified\":\"2020-08-19T22:37:56+00:00\",\"author\":{\"@id\":\"https:\/\/www.serbis.es\/serbis\/blog\/#\/schema\/person\/449002ed602088d1463cc28957dee9ea\"},\"breadcrumb\":{\"@id\":\"https:\/\/www.serbis.es\/serbis\/blog\/aguas-residuales-agricultura-sequia\/#breadcrumb\"},\"inLanguage\":\"es\",\"potentialAction\":[{\"@type\":\"ReadAction\",\"target\":[\"https:\/\/www.serbis.es\/serbis\/blog\/aguas-residuales-agricultura-sequia\/\"]}]},{\"@type\":\"BreadcrumbList\",\"@id\":\"https:\/\/www.serbis.es\/serbis\/blog\/aguas-residuales-agricultura-sequia\/#breadcrumb\",\"itemListElement\":[{\"@type\":\"ListItem\",\"position\":1,\"name\":\"Portada\",\"item\":\"https:\/\/www.serbis.es\/serbis\/blog\/\"},{\"@type\":\"ListItem\",\"position\":2,\"name\":\"Aguas residuales recicladas para hacer frente a la sequ\u00eda\"}]},{\"@type\":\"WebSite\",\"@id\":\"https:\/\/www.serbis.es\/serbis\/blog\/#website\",\"url\":\"https:\/\/www.serbis.es\/serbis\/blog\/\",\"name\":\"Blog de Serbis\",\"description\":\"l\u00edderes en Espa\u00f1a en saneamiento de aguas con servicios de pocer\u00eda tradicional y sin zanjas\",\"potentialAction\":[{\"@type\":\"SearchAction\",\"target\":{\"@type\":\"EntryPoint\",\"urlTemplate\":\"https:\/\/www.serbis.es\/serbis\/blog\/?s={search_term_string}\"},\"query-input\":\"required name=search_term_string\"}],\"inLanguage\":\"es\"},{\"@type\":\"Person\",\"@id\":\"https:\/\/www.serbis.es\/serbis\/blog\/#\/schema\/person\/449002ed602088d1463cc28957dee9ea\",\"name\":\"Serbis Pocer\u00eda\",\"image\":{\"@type\":\"ImageObject\",\"inLanguage\":\"es\",\"@id\":\"https:\/\/www.serbis.es\/serbis\/blog\/#\/schema\/person\/image\/\",\"url\":\"https:\/\/secure.gravatar.com\/avatar\/1b95962073fbda6a54be252a727db96a?s=96&d=mm&r=g\",\"contentUrl\":\"https:\/\/secure.gravatar.com\/avatar\/1b95962073fbda6a54be252a727db96a?s=96&d=mm&r=g\",\"caption\":\"Serbis Pocer\u00eda\"},\"description\":\"Empresa especializada en soluciones de alcantarillado y saneamiento de agua, con gran experiencia en el sector y conocimiento de t\u00e9cnicas tanto de pocer\u00eda tradicional como de rehabilitaci\u00f3n de tuber\u00edas sin zanjas ni necesidad de obra civil\",\"sameAs\":[\"https:\/\/www.linkedin.com\/company\/poceria-serbis\",\"https:\/\/www.facebook.com\/SerbisPoceria\/\",\"https:\/\/twitter.com\/https:\/\/twitter.com\/serbis_poceria\"],\"url\":\"https:\/\/www.serbis.es\/serbis\/blog\/author\/perio_editor\/\"}]}<\/script>\n<!-- \/ Yoast SEO plugin. -->","yoast_head_json":{"title":"Aguas residuales recicladas para hacer frente a la sequ\u00eda - Blog de Serbis","robots":{"index":"index","follow":"follow","max-snippet":"max-snippet:-1","max-image-preview":"max-image-preview:large","max-video-preview":"max-video-preview:-1"},"canonical":"https:\/\/www.serbis.es\/serbis\/blog\/aguas-residuales-agricultura-sequia\/","og_locale":"es_ES","og_type":"article","og_title":"Aguas residuales recicladas para hacer frente a la sequ\u00eda - Blog de Serbis","og_description":"Resumimos las principales noticias que se han producido durante los \u00faltimos d\u00edas en el \u00e1mbito de las alcantarillas, las ca\u00f1er\u00edas, los atrancos, los atascos y\u00a0 las redes de saneamiento de aguas residuales y alcantarillado&#8230; Los agricultores piden aguas residuales regeneradas para combatir la sequ\u00eda Los agricultores de la provincia de Almer\u00eda, considerada la huerta de [&hellip;]","og_url":"https:\/\/www.serbis.es\/serbis\/blog\/aguas-residuales-agricultura-sequia\/","og_site_name":"Blog de Serbis","article_author":"https:\/\/www.facebook.com\/SerbisPoceria\/","article_published_time":"2020-08-19T22:37:56+00:00","og_image":[{"width":630,"height":315,"url":"https:\/\/www.serbis.es\/serbis\/blog\/wp-content\/uploads\/aguas-residuales-sequia.jpg","type":"image\/jpeg"}],"author":"Serbis Pocer\u00eda","twitter_misc":{"Escrito por":"Serbis Pocer\u00eda","Tiempo de lectura":"3 minutos"},"schema":{"@context":"https:\/\/schema.org","@graph":[{"@type":"WebPage","@id":"https:\/\/www.serbis.es\/serbis\/blog\/aguas-residuales-agricultura-sequia\/","url":"https:\/\/www.serbis.es\/serbis\/blog\/aguas-residuales-agricultura-sequia\/","name":"Aguas residuales recicladas para hacer frente a la sequ\u00eda - Blog de Serbis","isPartOf":{"@id":"https:\/\/www.serbis.es\/serbis\/blog\/#website"},"datePublished":"2020-08-19T22:37:56+00:00","dateModified":"2020-08-19T22:37:56+00:00","author":{"@id":"https:\/\/www.serbis.es\/serbis\/blog\/#\/schema\/person\/449002ed602088d1463cc28957dee9ea"},"breadcrumb":{"@id":"https:\/\/www.serbis.es\/serbis\/blog\/aguas-residuales-agricultura-sequia\/#breadcrumb"},"inLanguage":"es","potentialAction":[{"@type":"ReadAction","target":["https:\/\/www.serbis.es\/serbis\/blog\/aguas-residuales-agricultura-sequia\/"]}]},{"@type":"BreadcrumbList","@id":"https:\/\/www.serbis.es\/serbis\/blog\/aguas-residuales-agricultura-sequia\/#breadcrumb","itemListElement":[{"@type":"ListItem","position":1,"name":"Portada","item":"https:\/\/www.serbis.es\/serbis\/blog\/"},{"@type":"ListItem","position":2,"name":"Aguas residuales recicladas para hacer frente a la sequ\u00eda"}]},{"@type":"WebSite","@id":"https:\/\/www.serbis.es\/serbis\/blog\/#website","url":"https:\/\/www.serbis.es\/serbis\/blog\/","name":"Blog de Serbis","description":"l\u00edderes en Espa\u00f1a en saneamiento de aguas con servicios de pocer\u00eda tradicional y sin zanjas","potentialAction":[{"@type":"SearchAction","target":{"@type":"EntryPoint","urlTemplate":"https:\/\/www.serbis.es\/serbis\/blog\/?s={search_term_string}"},"query-input":"required name=search_term_string"}],"inLanguage":"es"},{"@type":"Person","@id":"https:\/\/www.serbis.es\/serbis\/blog\/#\/schema\/person\/449002ed602088d1463cc28957dee9ea","name":"Serbis Pocer\u00eda","image":{"@type":"ImageObject","inLanguage":"es","@id":"https:\/\/www.serbis.es\/serbis\/blog\/#\/schema\/person\/image\/","url":"https:\/\/secure.gravatar.com\/avatar\/1b95962073fbda6a54be252a727db96a?s=96&d=mm&r=g","contentUrl":"https:\/\/secure.gravatar.com\/avatar\/1b95962073fbda6a54be252a727db96a?s=96&d=mm&r=g","caption":"Serbis Pocer\u00eda"},"description":"Empresa especializada en soluciones de alcantarillado y saneamiento de agua, con gran experiencia en el sector y conocimiento de t\u00e9cnicas tanto de pocer\u00eda tradicional como de rehabilitaci\u00f3n de tuber\u00edas sin zanjas ni necesidad de obra civil","sameAs":["https:\/\/www.linkedin.com\/company\/poceria-serbis","https:\/\/www.facebook.com\/SerbisPoceria\/","https:\/\/twitter.com\/https:\/\/twitter.com\/serbis_poceria"],"url":"https:\/\/www.serbis.es\/serbis\/blog\/author\/perio_editor\/"}]}},"_links":{"self":[{"href":"https:\/\/www.serbis.es\/serbis\/blog\/wp-json\/wp\/v2\/posts\/2389"}],"collection":[{"href":"https:\/\/www.serbis.es\/serbis\/blog\/wp-json\/wp\/v2\/posts"}],"about":[{"href":"https:\/\/www.serbis.es\/serbis\/blog\/wp-json\/wp\/v2\/types\/post"}],"author":[{"embeddable":true,"href":"https:\/\/www.serbis.es\/serbis\/blog\/wp-json\/wp\/v2\/users\/3"}],"replies":[{"embeddable":true,"href":"https:\/\/www.serbis.es\/serbis\/blog\/wp-json\/wp\/v2\/comments?post=2389"}],"version-history":[{"count":4,"href":"https:\/\/www.serbis.es\/serbis\/blog\/wp-json\/wp\/v2\/posts\/2389\/revisions"}],"predecessor-version":[{"id":2399,"href":"https:\/\/www.serbis.es\/serbis\/blog\/wp-json\/wp\/v2\/posts\/2389\/revisions\/2399"}],"wp:featuredmedia":[{"embeddable":true,"href":"https:\/\/www.serbis.es\/serbis\/blog\/wp-json\/wp\/v2\/media\/2398"}],"wp:attachment":[{"href":"https:\/\/www.serbis.es\/serbis\/blog\/wp-json\/wp\/v2\/media?parent=2389"}],"wp:term":[{"taxonomy":"category","embeddable":true,"href":"https:\/\/www.serbis.es\/serbis\/blog\/wp-json\/wp\/v2\/categories?post=2389"},{"taxonomy":"post_tag","embeddable":true,"href":"https:\/\/www.serbis.es\/serbis\/blog\/wp-json\/wp\/v2\/tags?post=2389"}],"curies":[{"name":"wp","href":"https:\/\/api.w.org\/{rel}","templated":true}]}}