{"id":2400,"date":"2020-08-27T08:33:18","date_gmt":"2020-08-27T08:33:18","guid":{"rendered":"https:\/\/www.serbis.es\/serbis\/blog\/?p=2400"},"modified":"2020-08-27T08:33:18","modified_gmt":"2020-08-27T08:33:18","slug":"piden-un-analisis-en-profundidad-de-la-relacion-entre-aguas-residuales-y-covid-19","status":"publish","type":"post","link":"https:\/\/www.serbis.es\/serbis\/blog\/piden-un-analisis-en-profundidad-de-la-relacion-entre-aguas-residuales-y-covid-19\/","title":{"rendered":"Piden un an\u00e1lisis en profundidad de la relaci\u00f3n entre aguas residuales y Covid-19"},"content":{"rendered":"<p>Resumimos las principales noticias que se han producido durante los \u00faltimos d\u00edas en el \u00e1mbito de las alcantarillas, las ca\u00f1er\u00edas, los atrancos, los atascos y\u00a0 las redes de saneamiento de aguas residuales y alcantarillado&#8230;<\/p>\n<h3>Investigadores alertan de que las aguas residuales podr\u00edan transmitir Covid-19<\/h3>\n<p>Un grupo de 35 investigadores de varios pa\u00edses <a href=\"https:\/\/www.abc.es\/ciencia\/abci-covid-19-amenaza-oculta-aguas-residuales-202008252040_noticia.html?ref=https:%2F%2Fwww.google.com%2F\">ha publicado un estudio<\/a> en el que alerta de que las aguas residuales contaminadas por coronavirus podr\u00edan expandir el virus. Los cient\u00edficos hablan de que <strong>\u00e9sta es una posibilidad que hasta ahora no se hab\u00eda barajado<\/strong>, y aunque reconocen que no hay informaci\u00f3n suficiente, <strong>reclaman una investigaci\u00f3n en profundidad<\/strong> para contar con m\u00e1s informaci\u00f3n al respecto.<\/p>\n<p>En concreto, el equipo llama a investigar si <strong>las aguas fecales que se filtran a los cursos de agua<\/strong> pueden o no actuar como fuentes de contagio. Y lo mismo suceder\u00eda con las aguas fecales depuradas <strong>que se utilizan en r\u00edos y lagos<\/strong> y con las que se utilizan para <strong>el riego de frutas y hortalizas<\/strong>. En su opini\u00f3n, urge que las estaciones depuradoras <strong>actualicen sus protocolos de desinfecci\u00f3n<\/strong> para garantizar la eliminaci\u00f3n de cualquier rastro de Covid-19.<\/p>\n<p><img decoding=\"async\" loading=\"lazy\" class=\"size-full wp-image-2408 alignnone\" src=\"https:\/\/www.serbis.es\/serbis\/blog\/wp-content\/uploads\/aguas-residuales-contagio-covid.jpg\" alt=\"\" width=\"630\" height=\"315\" srcset=\"https:\/\/www.serbis.es\/serbis\/blog\/wp-content\/uploads\/aguas-residuales-contagio-covid.jpg 630w, https:\/\/www.serbis.es\/serbis\/blog\/wp-content\/uploads\/aguas-residuales-contagio-covid-300x150.jpg 300w, https:\/\/www.serbis.es\/serbis\/blog\/wp-content\/uploads\/aguas-residuales-contagio-covid-370x185.jpg 370w\" sizes=\"(max-width: 630px) 100vw, 630px\" \/><\/p>\n<h3>La ausencia de saneamiento de aguas residuales agudiza la pandemia en Brasil<\/h3>\n<p>Contar con sistemas modernos de saneamiento de aguas residuales no s\u00f3lo resulta clave para prevenir los rebrotes de coronavirus. Su ausencia tambi\u00e9n <a href=\"https:\/\/www.elcomercio.com\/actualidad\/deficit-saneamiento-brasil-pandemia-agua.html\" class=\"broken_link\">est\u00e1 agudizando el impacto de la pandemia en pa\u00edses como Brasil<\/a>, donde<strong> 100 millones de personas subsisten sin alcantarillas<\/strong> y donde las aguas residuales se vierten al medio ambiente sin ning\u00fan tipo de tratamiento previo.<\/p>\n<p>Por todo ello, las ciudades brasile\u00f1as sin acceso a una red b\u00e1sica de alcantarillado son las que m\u00e1s est\u00e1n sufriendo los estragos de la Covid-19. El motivo es que<strong> las aguas fecales terminan mezcl\u00e1ndose con las limpias, ampliando la expansi\u00f3n del coronavirus<\/strong> a un mayor n\u00famero de personas. Para revertir esta situaci\u00f3n, el actual Gobierno de Brasil ha lanzado un plan de agua y alcantarillado que debe desarrollarse hasta 2033, pero que <strong>seguramente ya llega tarde<\/strong>.<\/p>\n<p><img decoding=\"async\" loading=\"lazy\" class=\"size-full wp-image-2401 alignnone\" src=\"https:\/\/www.serbis.es\/serbis\/blog\/wp-content\/uploads\/alcantarillas-brasil-coronavirus.jpg\" alt=\"\" width=\"630\" height=\"315\" srcset=\"https:\/\/www.serbis.es\/serbis\/blog\/wp-content\/uploads\/alcantarillas-brasil-coronavirus.jpg 630w, https:\/\/www.serbis.es\/serbis\/blog\/wp-content\/uploads\/alcantarillas-brasil-coronavirus-300x150.jpg 300w, https:\/\/www.serbis.es\/serbis\/blog\/wp-content\/uploads\/alcantarillas-brasil-coronavirus-370x185.jpg 370w\" sizes=\"(max-width: 630px) 100vw, 630px\" \/><\/p>\n<h3>Las aguas residuales de colegios y residencias, claves contra el coronavirus<\/h3>\n<p>La vuelta al cole se ha convertido en<strong> uno de los principales quebraderos de cabeza<\/strong> tanto de los padres espa\u00f1oles como de las diferentes autoridades pol\u00edticas. En caso de que finalmente abran sus puertas, estas instalaciones pueden desempe\u00f1ar <strong>un papel clave en la lucha por detener el avance del coronavirus<\/strong>, al igual que las residencias de mayores.<\/p>\n<p><a href=\"https:\/\/diariodecastillayleon.elmundo.es\/articulo\/castilla-y-leon\/control-aguas-residuales-colegios-residencias-es-clave-anticiparse-virus\/20200823203827015232.html?__twitter_impression=true\">En opini\u00f3n del vir\u00f3logo Ra\u00fal Ortiz de Lejarazu<\/a>, <strong>un an\u00e1lisis semanal<\/strong> de las aguas residuales de los espacios en los que se concentre mucha gente, como colegios o residencias de ancianos, puede ser fundamental <strong>para detectar a los infectados asintom\u00e1ticos.<\/strong> Porque, de este modo, se podr\u00e1 evitar que estas personas propaguen masivamente la Covid-19 entre otros ni\u00f1os o ancianos.<\/p>\n<p><img decoding=\"async\" loading=\"lazy\" class=\"size-full wp-image-2403 alignnone\" src=\"https:\/\/www.serbis.es\/serbis\/blog\/wp-content\/uploads\/colegios.jpg\" alt=\"\" width=\"630\" height=\"315\" srcset=\"https:\/\/www.serbis.es\/serbis\/blog\/wp-content\/uploads\/colegios.jpg 630w, https:\/\/www.serbis.es\/serbis\/blog\/wp-content\/uploads\/colegios-300x150.jpg 300w, https:\/\/www.serbis.es\/serbis\/blog\/wp-content\/uploads\/colegios-370x185.jpg 370w\" sizes=\"(max-width: 630px) 100vw, 630px\" \/><\/p>\n<p>Si quieres contarnos algo puedes llamarnos al <strong>n\u00famero de tel\u00e9fono <\/strong><strong>91 610 62 53<\/strong> y si te gusta estar informado de las noticias nacionales e internacionales m\u00e1s interesantes de las industrias de la pocer\u00eda, el alcantarillado y el saneamiento de aguas fecales, visita <a href=\"https:\/\/www.serbis.es\/\" target=\"_blank\" rel=\"noopener\"><strong>Serbis.es<\/strong><\/a> y <strong>s\u00edguenos en las redes sociales<\/strong>:<\/p>\n<p><a href=\"https:\/\/www.facebook.com\/SerbisPoceria\/\" rel=\"attachment wp-att-691\" class=\"broken_link\"><img decoding=\"async\" loading=\"lazy\" class=\"size-full wp-image-691\" src=\"https:\/\/www.serbis.es\/serbis\/blog\/wp-content\/uploads\/facebook.jpg\" alt=\"facebook\" width=\"113\" height=\"111\" \/><\/a><\/p>\n<p>&nbsp;<\/p>\n<p><a href=\"https:\/\/twitter.com\/serbis_poceria\" rel=\"attachment wp-att-692\"><img decoding=\"async\" loading=\"lazy\" class=\"size-full wp-image-692\" src=\"https:\/\/www.serbis.es\/serbis\/blog\/wp-content\/uploads\/twitter.jpg\" alt=\"twitter\" width=\"113\" height=\"111\" \/><\/a><\/p>\n<p>&nbsp;<\/p>\n<p><a href=\"https:\/\/www.instagram.com\/serbis_poceria\/\" rel=\"attachment wp-att-692\" class=\"broken_link\"><img decoding=\"async\" loading=\"lazy\" class=\"alignnone wp-image-1462 size-full\" src=\"https:\/\/www.serbis.es\/serbis\/blog\/wp-content\/uploads\/instagram.jpg\" alt=\"\" width=\"113\" height=\"111\" \/><\/a><\/p>\n<p>&nbsp;<\/p>\n<p><a href=\"https:\/\/es.linkedin.com\/company\/poceria-serbis\" rel=\"attachment wp-att-693\"><img decoding=\"async\" loading=\"lazy\" class=\"size-full wp-image-693 alignleft\" src=\"https:\/\/www.serbis.es\/serbis\/blog\/wp-content\/uploads\/linkedin.jpg\" alt=\"linkedin\" width=\"113\" height=\"111\" \/><\/a><\/p>\n<p>&nbsp;<\/p>\n<p>&nbsp;<\/p>\n<p>&nbsp;<\/p>\n<p>&nbsp;<\/p>\n<p><a href=\"https:\/\/www.youtube.com\/channel\/UCSIAPGXKlWyOmHRZo9YCpBQ\" rel=\"attachment wp-att-694\"><img decoding=\"async\" loading=\"lazy\" class=\"size-full wp-image-694 alignleft\" src=\"https:\/\/www.serbis.es\/serbis\/blog\/wp-content\/uploads\/youtube.jpg\" alt=\"youtube\" width=\"113\" height=\"111\" \/><\/a><\/p>\n<p>&nbsp;<\/p>\n<p>&nbsp;<\/p>\n<p>&nbsp;<\/p>\n<p>&nbsp;<\/p>\n<p><a href=\"https:\/\/vimeo.com\/user9248661\" rel=\"attachment wp-att-696\"><img decoding=\"async\" loading=\"lazy\" class=\"size-full wp-image-696 alignleft\" src=\"https:\/\/www.serbis.es\/serbis\/blog\/wp-content\/uploads\/vimeo.jpg\" alt=\"vimeo\" width=\"113\" height=\"111\" \/><\/a><\/p>\n<p>&nbsp;<\/p>\n<p>&nbsp;<\/p>\n<p>&nbsp;<\/p>\n<p>&nbsp;<\/p>\n<p><a href=\"https:\/\/www.flickr.com\/photos\/155074596@N06\/\" rel=\"attachment wp-att-698\"><img decoding=\"async\" loading=\"lazy\" class=\"size-full wp-image-698 alignleft\" src=\"https:\/\/www.serbis.es\/serbis\/blog\/wp-content\/uploads\/flickr.jpg\" alt=\"flickr\" width=\"113\" height=\"111\" \/><\/a><\/p>\n<p>&nbsp;<\/p>\n<p>&nbsp;<\/p>\n<p>&nbsp;<\/p>\n<p>&nbsp;<\/p>\n<p><a href=\"https:\/\/www.pinterest.es\/pin\/133348838938250902\/\" rel=\"attachment wp-att-697\"><img decoding=\"async\" loading=\"lazy\" class=\"size-full wp-image-697 alignleft\" src=\"https:\/\/www.serbis.es\/serbis\/blog\/wp-content\/uploads\/pinterest.jpg\" alt=\"pinterest\" width=\"113\" height=\"111\" \/><\/a><\/p>\n","protected":false},"excerpt":{"rendered":"<p>Resumimos las principales noticias que se han producido durante los \u00faltimos d\u00edas en el \u00e1mbito de las alcantarillas, las ca\u00f1er\u00edas, los atrancos, los atascos y\u00a0 las redes de saneamiento de aguas residuales y alcantarillado&#8230; Investigadores alertan de que las aguas residuales podr\u00edan transmitir Covid-19 Un grupo de 35 investigadores de varios pa\u00edses ha publicado un [&hellip;]<\/p>\n","protected":false},"author":3,"featured_media":2401,"comment_status":"open","ping_status":"open","sticky":false,"template":"","format":"standard","meta":{"_mi_skip_tracking":false,"_monsterinsights_sitenote_active":false,"_monsterinsights_sitenote_note":"","_monsterinsights_sitenote_category":0},"categories":[17,5,2,32,19],"tags":[111,75,22,61,388,389,59,398,109],"yoast_head":"<!-- This site is optimized with the Yoast SEO plugin v20.10 - https:\/\/yoast.com\/wordpress\/plugins\/seo\/ -->\n<title>Piden un an\u00e1lisis en profundidad de la relaci\u00f3n entre aguas residuales y Covid-19 - Blog de Serbis<\/title>\n<meta name=\"robots\" content=\"index, follow, max-snippet:-1, max-image-preview:large, max-video-preview:-1\" \/>\n<link rel=\"canonical\" href=\"https:\/\/www.serbis.es\/serbis\/blog\/piden-un-analisis-en-profundidad-de-la-relacion-entre-aguas-residuales-y-covid-19\/\" \/>\n<meta property=\"og:locale\" content=\"es_ES\" \/>\n<meta property=\"og:type\" content=\"article\" \/>\n<meta property=\"og:title\" content=\"Piden un an\u00e1lisis en profundidad de la relaci\u00f3n entre aguas residuales y Covid-19 - Blog de Serbis\" \/>\n<meta property=\"og:description\" content=\"Resumimos las principales noticias que se han producido durante los \u00faltimos d\u00edas en el \u00e1mbito de las alcantarillas, las ca\u00f1er\u00edas, los atrancos, los atascos y\u00a0 las redes de saneamiento de aguas residuales y alcantarillado&#8230; Investigadores alertan de que las aguas residuales podr\u00edan transmitir Covid-19 Un grupo de 35 investigadores de varios pa\u00edses ha publicado un [&hellip;]\" \/>\n<meta property=\"og:url\" content=\"https:\/\/www.serbis.es\/serbis\/blog\/piden-un-analisis-en-profundidad-de-la-relacion-entre-aguas-residuales-y-covid-19\/\" \/>\n<meta property=\"og:site_name\" content=\"Blog de Serbis\" \/>\n<meta property=\"article:author\" content=\"https:\/\/www.facebook.com\/SerbisPoceria\/\" \/>\n<meta property=\"article:published_time\" content=\"2020-08-27T08:33:18+00:00\" \/>\n<meta property=\"og:image\" content=\"https:\/\/www.serbis.es\/serbis\/blog\/wp-content\/uploads\/alcantarillas-brasil-coronavirus.jpg\" \/>\n\t<meta property=\"og:image:width\" content=\"630\" \/>\n\t<meta property=\"og:image:height\" content=\"315\" \/>\n\t<meta property=\"og:image:type\" content=\"image\/jpeg\" \/>\n<meta name=\"author\" content=\"Serbis Pocer\u00eda\" \/>\n<meta name=\"twitter:label1\" content=\"Escrito por\" \/>\n\t<meta name=\"twitter:data1\" content=\"Serbis Pocer\u00eda\" \/>\n\t<meta name=\"twitter:label2\" content=\"Tiempo de lectura\" \/>\n\t<meta name=\"twitter:data2\" content=\"3 minutos\" \/>\n<script type=\"application\/ld+json\" class=\"yoast-schema-graph\">{\"@context\":\"https:\/\/schema.org\",\"@graph\":[{\"@type\":\"WebPage\",\"@id\":\"https:\/\/www.serbis.es\/serbis\/blog\/piden-un-analisis-en-profundidad-de-la-relacion-entre-aguas-residuales-y-covid-19\/\",\"url\":\"https:\/\/www.serbis.es\/serbis\/blog\/piden-un-analisis-en-profundidad-de-la-relacion-entre-aguas-residuales-y-covid-19\/\",\"name\":\"Piden un an\u00e1lisis en profundidad de la relaci\u00f3n entre aguas residuales y Covid-19 - Blog de Serbis\",\"isPartOf\":{\"@id\":\"https:\/\/www.serbis.es\/serbis\/blog\/#website\"},\"datePublished\":\"2020-08-27T08:33:18+00:00\",\"dateModified\":\"2020-08-27T08:33:18+00:00\",\"author\":{\"@id\":\"https:\/\/www.serbis.es\/serbis\/blog\/#\/schema\/person\/449002ed602088d1463cc28957dee9ea\"},\"breadcrumb\":{\"@id\":\"https:\/\/www.serbis.es\/serbis\/blog\/piden-un-analisis-en-profundidad-de-la-relacion-entre-aguas-residuales-y-covid-19\/#breadcrumb\"},\"inLanguage\":\"es\",\"potentialAction\":[{\"@type\":\"ReadAction\",\"target\":[\"https:\/\/www.serbis.es\/serbis\/blog\/piden-un-analisis-en-profundidad-de-la-relacion-entre-aguas-residuales-y-covid-19\/\"]}]},{\"@type\":\"BreadcrumbList\",\"@id\":\"https:\/\/www.serbis.es\/serbis\/blog\/piden-un-analisis-en-profundidad-de-la-relacion-entre-aguas-residuales-y-covid-19\/#breadcrumb\",\"itemListElement\":[{\"@type\":\"ListItem\",\"position\":1,\"name\":\"Portada\",\"item\":\"https:\/\/www.serbis.es\/serbis\/blog\/\"},{\"@type\":\"ListItem\",\"position\":2,\"name\":\"Piden un an\u00e1lisis en profundidad de la relaci\u00f3n entre aguas residuales y Covid-19\"}]},{\"@type\":\"WebSite\",\"@id\":\"https:\/\/www.serbis.es\/serbis\/blog\/#website\",\"url\":\"https:\/\/www.serbis.es\/serbis\/blog\/\",\"name\":\"Blog de Serbis\",\"description\":\"l\u00edderes en Espa\u00f1a en saneamiento de aguas con servicios de pocer\u00eda tradicional y sin zanjas\",\"potentialAction\":[{\"@type\":\"SearchAction\",\"target\":{\"@type\":\"EntryPoint\",\"urlTemplate\":\"https:\/\/www.serbis.es\/serbis\/blog\/?s={search_term_string}\"},\"query-input\":\"required name=search_term_string\"}],\"inLanguage\":\"es\"},{\"@type\":\"Person\",\"@id\":\"https:\/\/www.serbis.es\/serbis\/blog\/#\/schema\/person\/449002ed602088d1463cc28957dee9ea\",\"name\":\"Serbis Pocer\u00eda\",\"image\":{\"@type\":\"ImageObject\",\"inLanguage\":\"es\",\"@id\":\"https:\/\/www.serbis.es\/serbis\/blog\/#\/schema\/person\/image\/\",\"url\":\"https:\/\/secure.gravatar.com\/avatar\/1b95962073fbda6a54be252a727db96a?s=96&d=mm&r=g\",\"contentUrl\":\"https:\/\/secure.gravatar.com\/avatar\/1b95962073fbda6a54be252a727db96a?s=96&d=mm&r=g\",\"caption\":\"Serbis Pocer\u00eda\"},\"description\":\"Empresa especializada en soluciones de alcantarillado y saneamiento de agua, con gran experiencia en el sector y conocimiento de t\u00e9cnicas tanto de pocer\u00eda tradicional como de rehabilitaci\u00f3n de tuber\u00edas sin zanjas ni necesidad de obra civil\",\"sameAs\":[\"https:\/\/www.linkedin.com\/company\/poceria-serbis\",\"https:\/\/www.facebook.com\/SerbisPoceria\/\",\"https:\/\/twitter.com\/https:\/\/twitter.com\/serbis_poceria\"],\"url\":\"https:\/\/www.serbis.es\/serbis\/blog\/author\/perio_editor\/\"}]}<\/script>\n<!-- \/ Yoast SEO plugin. -->","yoast_head_json":{"title":"Piden un an\u00e1lisis en profundidad de la relaci\u00f3n entre aguas residuales y Covid-19 - Blog de Serbis","robots":{"index":"index","follow":"follow","max-snippet":"max-snippet:-1","max-image-preview":"max-image-preview:large","max-video-preview":"max-video-preview:-1"},"canonical":"https:\/\/www.serbis.es\/serbis\/blog\/piden-un-analisis-en-profundidad-de-la-relacion-entre-aguas-residuales-y-covid-19\/","og_locale":"es_ES","og_type":"article","og_title":"Piden un an\u00e1lisis en profundidad de la relaci\u00f3n entre aguas residuales y Covid-19 - Blog de Serbis","og_description":"Resumimos las principales noticias que se han producido durante los \u00faltimos d\u00edas en el \u00e1mbito de las alcantarillas, las ca\u00f1er\u00edas, los atrancos, los atascos y\u00a0 las redes de saneamiento de aguas residuales y alcantarillado&#8230; Investigadores alertan de que las aguas residuales podr\u00edan transmitir Covid-19 Un grupo de 35 investigadores de varios pa\u00edses ha publicado un [&hellip;]","og_url":"https:\/\/www.serbis.es\/serbis\/blog\/piden-un-analisis-en-profundidad-de-la-relacion-entre-aguas-residuales-y-covid-19\/","og_site_name":"Blog de Serbis","article_author":"https:\/\/www.facebook.com\/SerbisPoceria\/","article_published_time":"2020-08-27T08:33:18+00:00","og_image":[{"width":630,"height":315,"url":"https:\/\/www.serbis.es\/serbis\/blog\/wp-content\/uploads\/alcantarillas-brasil-coronavirus.jpg","type":"image\/jpeg"}],"author":"Serbis Pocer\u00eda","twitter_misc":{"Escrito por":"Serbis Pocer\u00eda","Tiempo de lectura":"3 minutos"},"schema":{"@context":"https:\/\/schema.org","@graph":[{"@type":"WebPage","@id":"https:\/\/www.serbis.es\/serbis\/blog\/piden-un-analisis-en-profundidad-de-la-relacion-entre-aguas-residuales-y-covid-19\/","url":"https:\/\/www.serbis.es\/serbis\/blog\/piden-un-analisis-en-profundidad-de-la-relacion-entre-aguas-residuales-y-covid-19\/","name":"Piden un an\u00e1lisis en profundidad de la relaci\u00f3n entre aguas residuales y Covid-19 - Blog de Serbis","isPartOf":{"@id":"https:\/\/www.serbis.es\/serbis\/blog\/#website"},"datePublished":"2020-08-27T08:33:18+00:00","dateModified":"2020-08-27T08:33:18+00:00","author":{"@id":"https:\/\/www.serbis.es\/serbis\/blog\/#\/schema\/person\/449002ed602088d1463cc28957dee9ea"},"breadcrumb":{"@id":"https:\/\/www.serbis.es\/serbis\/blog\/piden-un-analisis-en-profundidad-de-la-relacion-entre-aguas-residuales-y-covid-19\/#breadcrumb"},"inLanguage":"es","potentialAction":[{"@type":"ReadAction","target":["https:\/\/www.serbis.es\/serbis\/blog\/piden-un-analisis-en-profundidad-de-la-relacion-entre-aguas-residuales-y-covid-19\/"]}]},{"@type":"BreadcrumbList","@id":"https:\/\/www.serbis.es\/serbis\/blog\/piden-un-analisis-en-profundidad-de-la-relacion-entre-aguas-residuales-y-covid-19\/#breadcrumb","itemListElement":[{"@type":"ListItem","position":1,"name":"Portada","item":"https:\/\/www.serbis.es\/serbis\/blog\/"},{"@type":"ListItem","position":2,"name":"Piden un an\u00e1lisis en profundidad de la relaci\u00f3n entre aguas residuales y Covid-19"}]},{"@type":"WebSite","@id":"https:\/\/www.serbis.es\/serbis\/blog\/#website","url":"https:\/\/www.serbis.es\/serbis\/blog\/","name":"Blog de Serbis","description":"l\u00edderes en Espa\u00f1a en saneamiento de aguas con servicios de pocer\u00eda tradicional y sin zanjas","potentialAction":[{"@type":"SearchAction","target":{"@type":"EntryPoint","urlTemplate":"https:\/\/www.serbis.es\/serbis\/blog\/?s={search_term_string}"},"query-input":"required name=search_term_string"}],"inLanguage":"es"},{"@type":"Person","@id":"https:\/\/www.serbis.es\/serbis\/blog\/#\/schema\/person\/449002ed602088d1463cc28957dee9ea","name":"Serbis Pocer\u00eda","image":{"@type":"ImageObject","inLanguage":"es","@id":"https:\/\/www.serbis.es\/serbis\/blog\/#\/schema\/person\/image\/","url":"https:\/\/secure.gravatar.com\/avatar\/1b95962073fbda6a54be252a727db96a?s=96&d=mm&r=g","contentUrl":"https:\/\/secure.gravatar.com\/avatar\/1b95962073fbda6a54be252a727db96a?s=96&d=mm&r=g","caption":"Serbis Pocer\u00eda"},"description":"Empresa especializada en soluciones de alcantarillado y saneamiento de agua, con gran experiencia en el sector y conocimiento de t\u00e9cnicas tanto de pocer\u00eda tradicional como de rehabilitaci\u00f3n de tuber\u00edas sin zanjas ni necesidad de obra civil","sameAs":["https:\/\/www.linkedin.com\/company\/poceria-serbis","https:\/\/www.facebook.com\/SerbisPoceria\/","https:\/\/twitter.com\/https:\/\/twitter.com\/serbis_poceria"],"url":"https:\/\/www.serbis.es\/serbis\/blog\/author\/perio_editor\/"}]}},"_links":{"self":[{"href":"https:\/\/www.serbis.es\/serbis\/blog\/wp-json\/wp\/v2\/posts\/2400"}],"collection":[{"href":"https:\/\/www.serbis.es\/serbis\/blog\/wp-json\/wp\/v2\/posts"}],"about":[{"href":"https:\/\/www.serbis.es\/serbis\/blog\/wp-json\/wp\/v2\/types\/post"}],"author":[{"embeddable":true,"href":"https:\/\/www.serbis.es\/serbis\/blog\/wp-json\/wp\/v2\/users\/3"}],"replies":[{"embeddable":true,"href":"https:\/\/www.serbis.es\/serbis\/blog\/wp-json\/wp\/v2\/comments?post=2400"}],"version-history":[{"count":4,"href":"https:\/\/www.serbis.es\/serbis\/blog\/wp-json\/wp\/v2\/posts\/2400\/revisions"}],"predecessor-version":[{"id":2409,"href":"https:\/\/www.serbis.es\/serbis\/blog\/wp-json\/wp\/v2\/posts\/2400\/revisions\/2409"}],"wp:featuredmedia":[{"embeddable":true,"href":"https:\/\/www.serbis.es\/serbis\/blog\/wp-json\/wp\/v2\/media\/2401"}],"wp:attachment":[{"href":"https:\/\/www.serbis.es\/serbis\/blog\/wp-json\/wp\/v2\/media?parent=2400"}],"wp:term":[{"taxonomy":"category","embeddable":true,"href":"https:\/\/www.serbis.es\/serbis\/blog\/wp-json\/wp\/v2\/categories?post=2400"},{"taxonomy":"post_tag","embeddable":true,"href":"https:\/\/www.serbis.es\/serbis\/blog\/wp-json\/wp\/v2\/tags?post=2400"}],"curies":[{"name":"wp","href":"https:\/\/api.w.org\/{rel}","templated":true}]}}