{"id":2519,"date":"2020-11-20T00:54:23","date_gmt":"2020-11-20T00:54:23","guid":{"rendered":"https:\/\/www.serbis.es\/serbis\/blog\/?p=2519"},"modified":"2020-11-20T00:54:46","modified_gmt":"2020-11-20T00:54:46","slug":"saneamiento-aguas-residuales-dia-retrete","status":"publish","type":"post","link":"https:\/\/www.serbis.es\/serbis\/blog\/saneamiento-aguas-residuales-dia-retrete\/","title":{"rendered":"Dioses, avances y conmemoraciones relacionadas con el saneamiento"},"content":{"rendered":"<p>Resumimos las principales noticias de los \u00faltimos d\u00edas en el \u00e1mbito de las alcantarillas, las ca\u00f1er\u00edas, los atrancos, los atascos y\u00a0 las redes de saneamiento de aguas residuales y alcantarillado. La lucha contra el coronavirus a trav\u00e9s del estudio de las aguas residuales sigue siendo la nota predominante&#8230;<\/p>\n<h3>Aparece un dios griego en las alcantarillas de Atenas<\/h3>\n<p>En las alcantarillas uno puede encontrarse pr\u00e1cticamente de todo&#8230; Lo \u00faltimo ha sido <a href=\"https:\/\/www.republica.com\/2020\/11\/15\/una-cabeza-de-hermes-aparece-en-atenas-en-la-renovacion-del-alcantarillado\/#\" class=\"broken_link\">la cabeza de una deidad de la antigua Grecia<\/a>, concretamente de <strong>Hermes, el dios mensajero<\/strong>. El descubrimiento ha tenido lugar en el alcantarillado del centro de Atenas, donde actualmente <strong>se est\u00e1n realizando trabajos de mejora<\/strong>.<\/p>\n<p>La escultura se encontraba a una profundidad de 1,30 metros y podr\u00eda ser obra <strong>del artista Alc\u00e1menes<\/strong>. As\u00ed lo han se\u00f1alado fuentes del Gobierno griego, que tambi\u00e9n han apuntado la idea que la cabeza podr\u00eda ser <strong>el fragmento de una columna<\/strong> cuyo origen se situar\u00eda <strong>entre los siglos IV y III antes de Cristo<\/strong>. La pregunta es, por tanto, \u00bfc\u00f3mo ha llegado hasta las cloacas?<\/p>\n<p><img decoding=\"async\" loading=\"lazy\" class=\"size-full wp-image-2521 alignnone\" src=\"https:\/\/www.serbis.es\/serbis\/blog\/wp-content\/uploads\/hermes-alcantarillas-grecia.jpg\" alt=\"\" width=\"630\" height=\"315\" srcset=\"https:\/\/www.serbis.es\/serbis\/blog\/wp-content\/uploads\/hermes-alcantarillas-grecia.jpg 630w, https:\/\/www.serbis.es\/serbis\/blog\/wp-content\/uploads\/hermes-alcantarillas-grecia-300x150.jpg 300w, https:\/\/www.serbis.es\/serbis\/blog\/wp-content\/uploads\/hermes-alcantarillas-grecia-370x185.jpg 370w\" sizes=\"(max-width: 630px) 100vw, 630px\" \/><\/p>\n<h3>Modernizan la estaci\u00f3n que regenerar\u00e1 las aguas residuales de Madrid Nuevo Norte<\/h3>\n<p>El mayor desarrollo urban\u00edstico de Europa, Madrid Nuevo Norte, <a href=\"https:\/\/www.iagua.es\/noticias\/ayuntamiento-madrid\/renovada-depuradora-valdebebas-tratara-aguas-residuales-madrid-nuevo\" class=\"broken_link\">sigue dando los primeros pasos<\/a> para su nacimiento. Lo \u00faltimo ha sido la aprobaci\u00f3n de <strong>la renovaci\u00f3n de la estaci\u00f3n regeneradora de aguas residuales de Valdebebas<\/strong>, a la que llegar\u00e1n las aguas fecales de los vecinos que habitar\u00e1n las viviendas de la denominada <strong>Operaci\u00f3n Chamart\u00edn<\/strong>.<\/p>\n<p>Esta instalaci\u00f3n <strong>fue inaugurada en 1982 y ampliada en 2000<\/strong>, por lo que se ha quedado obsoleta para las condiciones biol\u00f3gicas a las que se deben tratar actualmente las aguas residuales para eliminar los nutrientes. Y tambi\u00e9n para dar servicio a los miles de vecinos que residir\u00e1n en este gigantesco desarrollo urban\u00edstico del norte de Madrid, que se sumar\u00e1 al resto de <strong>distritos que ya env\u00edan sus aguas residuales a la estaci\u00f3n de Valdebebas<\/strong>: Fuencarral-El Pardo, Ciudad Lineal, Hortaleza, Barajas y parte de Paracuellos del Jarama.<\/p>\n<p><img decoding=\"async\" loading=\"lazy\" class=\"size-full wp-image-2523 alignnone\" src=\"https:\/\/www.serbis.es\/serbis\/blog\/wp-content\/uploads\/madrid-nuevo-norte-aguas-residuales.jpg\" alt=\"\" width=\"630\" height=\"315\" srcset=\"https:\/\/www.serbis.es\/serbis\/blog\/wp-content\/uploads\/madrid-nuevo-norte-aguas-residuales.jpg 630w, https:\/\/www.serbis.es\/serbis\/blog\/wp-content\/uploads\/madrid-nuevo-norte-aguas-residuales-300x150.jpg 300w, https:\/\/www.serbis.es\/serbis\/blog\/wp-content\/uploads\/madrid-nuevo-norte-aguas-residuales-370x185.jpg 370w\" sizes=\"(max-width: 630px) 100vw, 630px\" \/><\/p>\n<h3>Prueban unas mallas que retienen la porquer\u00eda de las aguas residuales<\/h3>\n<p>Varios municipios catalanes han servido como campo de pruebas de <a href=\"https:\/\/www.residuosprofesional.com\/mallas-contencion-residuos\/\">un nuevo sistema que filtra las aguas residuales<\/a>. Se trata de unas mallas de contenci\u00f3n que <strong>se sit\u00faan en los colectores de aguas fecales<\/strong> y que tienen capacidad para retener <strong>de tres a cinco toneladas de residuos<\/strong> al a\u00f1o.<\/p>\n<p>El sistema, que ya se utiliza en otros pa\u00edses, es una soluci\u00f3n para evitar que la porquer\u00eda<strong> termine contaminando r\u00edos y mares<\/strong>. Resulta especialmente \u00fatil en \u00e9pocas de fuertes lluvias, que es cuando m\u00e1s toneladas de residuos llegan a las redes de alcantarillado, desde donde van a parar a los colectores. Se calcula que el sistema de saneamiento de una ciudad de tama\u00f1o mediano tiene <strong>entre 150 y 200 puntos en los que se pueden instalar<\/strong> estas mallas.<\/p>\n<p><img decoding=\"async\" loading=\"lazy\" class=\"size-full wp-image-2525 alignnone\" src=\"https:\/\/www.serbis.es\/serbis\/blog\/wp-content\/uploads\/mallas-aguas-residuales.jpg\" alt=\"\" width=\"630\" height=\"315\" srcset=\"https:\/\/www.serbis.es\/serbis\/blog\/wp-content\/uploads\/mallas-aguas-residuales.jpg 630w, https:\/\/www.serbis.es\/serbis\/blog\/wp-content\/uploads\/mallas-aguas-residuales-300x150.jpg 300w, https:\/\/www.serbis.es\/serbis\/blog\/wp-content\/uploads\/mallas-aguas-residuales-370x185.jpg 370w\" sizes=\"(max-width: 630px) 100vw, 630px\" \/><\/p>\n<h3>El D\u00eda Mundial del Retrete nos recuerda lo afortunados que somos por tenerlo<\/h3>\n<p>Cada 19 de noviembre <a href=\"https:\/\/www.rtve.es\/television\/20201118\/dia-mundial-retrete-necesidad-mundial\/2057702.shtml\">se celebra el D\u00eda Mundial del Retrete<\/a>, una fecha establecida por la ONU para reclamar para toda la humanidad <strong>un espacio sencillo, gratuito y saneado en el que poder defecar.<\/strong> Y la petici\u00f3n est\u00e1 justificada, ya que <strong>4.200 millones de personas<\/strong> todav\u00eda carecen de un acceso seguro al saneamiento de las aguas residuales.<\/p>\n<p>Seg\u00fan los datos de Naciones Unidas, todav\u00eda h<strong>ay 673 millones de habitantes del planeta que se ven obligados a aliviarse al aire libre<\/strong>, ya sea en una orilla o un bosque. Esto produce millones de muertes en todo el mundo cada a\u00f1o, as\u00ed como <strong>la propagaci\u00f3n del c\u00f3lera, la fiebre tifoidea, la Covid-19<\/strong> y otras enfermedades mortales. Por todo lo anterior, si por algo debemos sentirnos afortunados los espa\u00f1oles es por disfrutar de un retrete en el que desahogarnos sin ning\u00fan tipo de riesgo.<\/p>\n<p><img decoding=\"async\" loading=\"lazy\" class=\"size-full wp-image-2528 alignnone\" src=\"https:\/\/www.serbis.es\/serbis\/blog\/wp-content\/uploads\/dia-mundial-retrete.jpg\" alt=\"\" width=\"630\" height=\"315\" srcset=\"https:\/\/www.serbis.es\/serbis\/blog\/wp-content\/uploads\/dia-mundial-retrete.jpg 630w, https:\/\/www.serbis.es\/serbis\/blog\/wp-content\/uploads\/dia-mundial-retrete-300x150.jpg 300w, https:\/\/www.serbis.es\/serbis\/blog\/wp-content\/uploads\/dia-mundial-retrete-370x185.jpg 370w\" sizes=\"(max-width: 630px) 100vw, 630px\" \/><\/p>\n<p>Si quieres contarnos algo puedes llamarnos al <strong>n\u00famero de tel\u00e9fono <\/strong><strong>91 610 62 53<\/strong> y si te gusta estar informado de las noticias nacionales e internacionales m\u00e1s interesantes de las industrias de la pocer\u00eda, el alcantarillado y el saneamiento de aguas fecales, visita <a href=\"https:\/\/www.serbis.es\/\" target=\"_blank\" rel=\"noopener\"><strong>Serbis.es<\/strong><\/a> y <strong>s\u00edguenos en las redes sociales<\/strong>:<\/p>\n<p><a href=\"https:\/\/www.facebook.com\/SerbisPoceria\/\" rel=\"attachment wp-att-691\" class=\"broken_link\"><img decoding=\"async\" loading=\"lazy\" class=\"size-full wp-image-691\" src=\"https:\/\/www.serbis.es\/serbis\/blog\/wp-content\/uploads\/facebook.jpg\" alt=\"facebook\" width=\"113\" height=\"111\" \/><\/a><\/p>\n<p>&nbsp;<\/p>\n<p><a href=\"https:\/\/twitter.com\/serbis_poceria\" rel=\"attachment wp-att-692\"><img decoding=\"async\" loading=\"lazy\" class=\"size-full wp-image-692\" src=\"https:\/\/www.serbis.es\/serbis\/blog\/wp-content\/uploads\/twitter.jpg\" alt=\"twitter\" width=\"113\" height=\"111\" \/><\/a><\/p>\n<p>&nbsp;<\/p>\n<p><a href=\"https:\/\/www.instagram.com\/serbis_poceria\/\" rel=\"attachment wp-att-692\" class=\"broken_link\"><img decoding=\"async\" loading=\"lazy\" class=\"alignnone wp-image-1462 size-full\" src=\"https:\/\/www.serbis.es\/serbis\/blog\/wp-content\/uploads\/instagram.jpg\" alt=\"\" width=\"113\" height=\"111\" \/><\/a><\/p>\n<p>&nbsp;<\/p>\n<p><a href=\"https:\/\/es.linkedin.com\/company\/poceria-serbis\" rel=\"attachment wp-att-693\"><img decoding=\"async\" loading=\"lazy\" class=\"size-full wp-image-693 alignleft\" src=\"https:\/\/www.serbis.es\/serbis\/blog\/wp-content\/uploads\/linkedin.jpg\" alt=\"linkedin\" width=\"113\" height=\"111\" \/><\/a><\/p>\n<p>&nbsp;<\/p>\n<p>&nbsp;<\/p>\n<p>&nbsp;<\/p>\n<p>&nbsp;<\/p>\n<p><a href=\"https:\/\/www.youtube.com\/channel\/UCSIAPGXKlWyOmHRZo9YCpBQ\" rel=\"attachment wp-att-694\"><img decoding=\"async\" loading=\"lazy\" class=\"size-full wp-image-694 alignleft\" src=\"https:\/\/www.serbis.es\/serbis\/blog\/wp-content\/uploads\/youtube.jpg\" alt=\"youtube\" width=\"113\" height=\"111\" \/><\/a><\/p>\n<p>&nbsp;<\/p>\n<p>&nbsp;<\/p>\n<p>&nbsp;<\/p>\n<p>&nbsp;<\/p>\n<p><a href=\"https:\/\/vimeo.com\/user9248661\" rel=\"attachment wp-att-696\"><img decoding=\"async\" loading=\"lazy\" class=\"size-full wp-image-696 alignleft\" src=\"https:\/\/www.serbis.es\/serbis\/blog\/wp-content\/uploads\/vimeo.jpg\" alt=\"vimeo\" width=\"113\" height=\"111\" \/><\/a><\/p>\n<p>&nbsp;<\/p>\n<p>&nbsp;<\/p>\n<p>&nbsp;<\/p>\n<p>&nbsp;<\/p>\n<p><a href=\"https:\/\/www.flickr.com\/photos\/155074596@N06\/\" rel=\"attachment wp-att-698\"><img decoding=\"async\" loading=\"lazy\" class=\"size-full wp-image-698 alignleft\" src=\"https:\/\/www.serbis.es\/serbis\/blog\/wp-content\/uploads\/flickr.jpg\" alt=\"flickr\" width=\"113\" height=\"111\" \/><\/a><\/p>\n<p>&nbsp;<\/p>\n<p>&nbsp;<\/p>\n<p>&nbsp;<\/p>\n<p>&nbsp;<\/p>\n<p><a href=\"https:\/\/www.pinterest.es\/pin\/133348838938250902\/\" rel=\"attachment wp-att-697\"><img decoding=\"async\" loading=\"lazy\" class=\"size-full wp-image-697 alignleft\" src=\"https:\/\/www.serbis.es\/serbis\/blog\/wp-content\/uploads\/pinterest.jpg\" alt=\"pinterest\" width=\"113\" height=\"111\" \/><\/a><\/p>\n","protected":false},"excerpt":{"rendered":"<p>Resumimos las principales noticias de los \u00faltimos d\u00edas en el \u00e1mbito de las alcantarillas, las ca\u00f1er\u00edas, los atrancos, los atascos y\u00a0 las redes de saneamiento de aguas residuales y alcantarillado. La lucha contra el coronavirus a trav\u00e9s del estudio de las aguas residuales sigue siendo la nota predominante&#8230; Aparece un dios griego en las alcantarillas [&hellip;]<\/p>\n","protected":false},"author":3,"featured_media":2528,"comment_status":"open","ping_status":"open","sticky":false,"template":"","format":"standard","meta":{"_mi_skip_tracking":false,"_monsterinsights_sitenote_active":false,"_monsterinsights_sitenote_note":"","_monsterinsights_sitenote_category":0},"categories":[17,5,2,32],"tags":[111,75,22,61,413,198,166,40,167],"yoast_head":"<!-- This site is optimized with the Yoast SEO plugin v20.10 - https:\/\/yoast.com\/wordpress\/plugins\/seo\/ -->\n<title>Dioses, avances y conmemoraciones relacionadas con el saneamiento - Blog de Serbis<\/title>\n<meta name=\"robots\" content=\"index, follow, max-snippet:-1, max-image-preview:large, max-video-preview:-1\" \/>\n<link rel=\"canonical\" href=\"https:\/\/www.serbis.es\/serbis\/blog\/saneamiento-aguas-residuales-dia-retrete\/\" \/>\n<meta property=\"og:locale\" content=\"es_ES\" \/>\n<meta property=\"og:type\" content=\"article\" \/>\n<meta property=\"og:title\" content=\"Dioses, avances y conmemoraciones relacionadas con el saneamiento - Blog de Serbis\" \/>\n<meta property=\"og:description\" content=\"Resumimos las principales noticias de los \u00faltimos d\u00edas en el \u00e1mbito de las alcantarillas, las ca\u00f1er\u00edas, los atrancos, los atascos y\u00a0 las redes de saneamiento de aguas residuales y alcantarillado. La lucha contra el coronavirus a trav\u00e9s del estudio de las aguas residuales sigue siendo la nota predominante&#8230; Aparece un dios griego en las alcantarillas [&hellip;]\" \/>\n<meta property=\"og:url\" content=\"https:\/\/www.serbis.es\/serbis\/blog\/saneamiento-aguas-residuales-dia-retrete\/\" \/>\n<meta property=\"og:site_name\" content=\"Blog de Serbis\" \/>\n<meta property=\"article:author\" content=\"https:\/\/www.facebook.com\/SerbisPoceria\/\" \/>\n<meta property=\"article:published_time\" content=\"2020-11-20T00:54:23+00:00\" \/>\n<meta property=\"article:modified_time\" content=\"2020-11-20T00:54:46+00:00\" \/>\n<meta property=\"og:image\" content=\"https:\/\/www.serbis.es\/serbis\/blog\/wp-content\/uploads\/dia-mundial-retrete.jpg\" \/>\n\t<meta property=\"og:image:width\" content=\"630\" \/>\n\t<meta property=\"og:image:height\" content=\"315\" \/>\n\t<meta property=\"og:image:type\" content=\"image\/jpeg\" \/>\n<meta name=\"author\" content=\"Serbis Pocer\u00eda\" \/>\n<meta name=\"twitter:label1\" content=\"Escrito por\" \/>\n\t<meta name=\"twitter:data1\" content=\"Serbis Pocer\u00eda\" \/>\n\t<meta name=\"twitter:label2\" content=\"Tiempo de lectura\" \/>\n\t<meta name=\"twitter:data2\" content=\"4 minutos\" \/>\n<script type=\"application\/ld+json\" class=\"yoast-schema-graph\">{\"@context\":\"https:\/\/schema.org\",\"@graph\":[{\"@type\":\"WebPage\",\"@id\":\"https:\/\/www.serbis.es\/serbis\/blog\/saneamiento-aguas-residuales-dia-retrete\/\",\"url\":\"https:\/\/www.serbis.es\/serbis\/blog\/saneamiento-aguas-residuales-dia-retrete\/\",\"name\":\"Dioses, avances y conmemoraciones relacionadas con el saneamiento - Blog de Serbis\",\"isPartOf\":{\"@id\":\"https:\/\/www.serbis.es\/serbis\/blog\/#website\"},\"datePublished\":\"2020-11-20T00:54:23+00:00\",\"dateModified\":\"2020-11-20T00:54:46+00:00\",\"author\":{\"@id\":\"https:\/\/www.serbis.es\/serbis\/blog\/#\/schema\/person\/449002ed602088d1463cc28957dee9ea\"},\"breadcrumb\":{\"@id\":\"https:\/\/www.serbis.es\/serbis\/blog\/saneamiento-aguas-residuales-dia-retrete\/#breadcrumb\"},\"inLanguage\":\"es\",\"potentialAction\":[{\"@type\":\"ReadAction\",\"target\":[\"https:\/\/www.serbis.es\/serbis\/blog\/saneamiento-aguas-residuales-dia-retrete\/\"]}]},{\"@type\":\"BreadcrumbList\",\"@id\":\"https:\/\/www.serbis.es\/serbis\/blog\/saneamiento-aguas-residuales-dia-retrete\/#breadcrumb\",\"itemListElement\":[{\"@type\":\"ListItem\",\"position\":1,\"name\":\"Portada\",\"item\":\"https:\/\/www.serbis.es\/serbis\/blog\/\"},{\"@type\":\"ListItem\",\"position\":2,\"name\":\"Dioses, avances y conmemoraciones relacionadas con el saneamiento\"}]},{\"@type\":\"WebSite\",\"@id\":\"https:\/\/www.serbis.es\/serbis\/blog\/#website\",\"url\":\"https:\/\/www.serbis.es\/serbis\/blog\/\",\"name\":\"Blog de Serbis\",\"description\":\"l\u00edderes en Espa\u00f1a en saneamiento de aguas con servicios de pocer\u00eda tradicional y sin zanjas\",\"potentialAction\":[{\"@type\":\"SearchAction\",\"target\":{\"@type\":\"EntryPoint\",\"urlTemplate\":\"https:\/\/www.serbis.es\/serbis\/blog\/?s={search_term_string}\"},\"query-input\":\"required name=search_term_string\"}],\"inLanguage\":\"es\"},{\"@type\":\"Person\",\"@id\":\"https:\/\/www.serbis.es\/serbis\/blog\/#\/schema\/person\/449002ed602088d1463cc28957dee9ea\",\"name\":\"Serbis Pocer\u00eda\",\"image\":{\"@type\":\"ImageObject\",\"inLanguage\":\"es\",\"@id\":\"https:\/\/www.serbis.es\/serbis\/blog\/#\/schema\/person\/image\/\",\"url\":\"https:\/\/secure.gravatar.com\/avatar\/1b95962073fbda6a54be252a727db96a?s=96&d=mm&r=g\",\"contentUrl\":\"https:\/\/secure.gravatar.com\/avatar\/1b95962073fbda6a54be252a727db96a?s=96&d=mm&r=g\",\"caption\":\"Serbis Pocer\u00eda\"},\"description\":\"Empresa especializada en soluciones de alcantarillado y saneamiento de agua, con gran experiencia en el sector y conocimiento de t\u00e9cnicas tanto de pocer\u00eda tradicional como de rehabilitaci\u00f3n de tuber\u00edas sin zanjas ni necesidad de obra civil\",\"sameAs\":[\"https:\/\/www.linkedin.com\/company\/poceria-serbis\",\"https:\/\/www.facebook.com\/SerbisPoceria\/\",\"https:\/\/twitter.com\/https:\/\/twitter.com\/serbis_poceria\"],\"url\":\"https:\/\/www.serbis.es\/serbis\/blog\/author\/perio_editor\/\"}]}<\/script>\n<!-- \/ Yoast SEO plugin. -->","yoast_head_json":{"title":"Dioses, avances y conmemoraciones relacionadas con el saneamiento - Blog de Serbis","robots":{"index":"index","follow":"follow","max-snippet":"max-snippet:-1","max-image-preview":"max-image-preview:large","max-video-preview":"max-video-preview:-1"},"canonical":"https:\/\/www.serbis.es\/serbis\/blog\/saneamiento-aguas-residuales-dia-retrete\/","og_locale":"es_ES","og_type":"article","og_title":"Dioses, avances y conmemoraciones relacionadas con el saneamiento - Blog de Serbis","og_description":"Resumimos las principales noticias de los \u00faltimos d\u00edas en el \u00e1mbito de las alcantarillas, las ca\u00f1er\u00edas, los atrancos, los atascos y\u00a0 las redes de saneamiento de aguas residuales y alcantarillado. La lucha contra el coronavirus a trav\u00e9s del estudio de las aguas residuales sigue siendo la nota predominante&#8230; Aparece un dios griego en las alcantarillas [&hellip;]","og_url":"https:\/\/www.serbis.es\/serbis\/blog\/saneamiento-aguas-residuales-dia-retrete\/","og_site_name":"Blog de Serbis","article_author":"https:\/\/www.facebook.com\/SerbisPoceria\/","article_published_time":"2020-11-20T00:54:23+00:00","article_modified_time":"2020-11-20T00:54:46+00:00","og_image":[{"width":630,"height":315,"url":"https:\/\/www.serbis.es\/serbis\/blog\/wp-content\/uploads\/dia-mundial-retrete.jpg","type":"image\/jpeg"}],"author":"Serbis Pocer\u00eda","twitter_misc":{"Escrito por":"Serbis Pocer\u00eda","Tiempo de lectura":"4 minutos"},"schema":{"@context":"https:\/\/schema.org","@graph":[{"@type":"WebPage","@id":"https:\/\/www.serbis.es\/serbis\/blog\/saneamiento-aguas-residuales-dia-retrete\/","url":"https:\/\/www.serbis.es\/serbis\/blog\/saneamiento-aguas-residuales-dia-retrete\/","name":"Dioses, avances y conmemoraciones relacionadas con el saneamiento - Blog de Serbis","isPartOf":{"@id":"https:\/\/www.serbis.es\/serbis\/blog\/#website"},"datePublished":"2020-11-20T00:54:23+00:00","dateModified":"2020-11-20T00:54:46+00:00","author":{"@id":"https:\/\/www.serbis.es\/serbis\/blog\/#\/schema\/person\/449002ed602088d1463cc28957dee9ea"},"breadcrumb":{"@id":"https:\/\/www.serbis.es\/serbis\/blog\/saneamiento-aguas-residuales-dia-retrete\/#breadcrumb"},"inLanguage":"es","potentialAction":[{"@type":"ReadAction","target":["https:\/\/www.serbis.es\/serbis\/blog\/saneamiento-aguas-residuales-dia-retrete\/"]}]},{"@type":"BreadcrumbList","@id":"https:\/\/www.serbis.es\/serbis\/blog\/saneamiento-aguas-residuales-dia-retrete\/#breadcrumb","itemListElement":[{"@type":"ListItem","position":1,"name":"Portada","item":"https:\/\/www.serbis.es\/serbis\/blog\/"},{"@type":"ListItem","position":2,"name":"Dioses, avances y conmemoraciones relacionadas con el saneamiento"}]},{"@type":"WebSite","@id":"https:\/\/www.serbis.es\/serbis\/blog\/#website","url":"https:\/\/www.serbis.es\/serbis\/blog\/","name":"Blog de Serbis","description":"l\u00edderes en Espa\u00f1a en saneamiento de aguas con servicios de pocer\u00eda tradicional y sin zanjas","potentialAction":[{"@type":"SearchAction","target":{"@type":"EntryPoint","urlTemplate":"https:\/\/www.serbis.es\/serbis\/blog\/?s={search_term_string}"},"query-input":"required name=search_term_string"}],"inLanguage":"es"},{"@type":"Person","@id":"https:\/\/www.serbis.es\/serbis\/blog\/#\/schema\/person\/449002ed602088d1463cc28957dee9ea","name":"Serbis Pocer\u00eda","image":{"@type":"ImageObject","inLanguage":"es","@id":"https:\/\/www.serbis.es\/serbis\/blog\/#\/schema\/person\/image\/","url":"https:\/\/secure.gravatar.com\/avatar\/1b95962073fbda6a54be252a727db96a?s=96&d=mm&r=g","contentUrl":"https:\/\/secure.gravatar.com\/avatar\/1b95962073fbda6a54be252a727db96a?s=96&d=mm&r=g","caption":"Serbis Pocer\u00eda"},"description":"Empresa especializada en soluciones de alcantarillado y saneamiento de agua, con gran experiencia en el sector y conocimiento de t\u00e9cnicas tanto de pocer\u00eda tradicional como de rehabilitaci\u00f3n de tuber\u00edas sin zanjas ni necesidad de obra civil","sameAs":["https:\/\/www.linkedin.com\/company\/poceria-serbis","https:\/\/www.facebook.com\/SerbisPoceria\/","https:\/\/twitter.com\/https:\/\/twitter.com\/serbis_poceria"],"url":"https:\/\/www.serbis.es\/serbis\/blog\/author\/perio_editor\/"}]}},"_links":{"self":[{"href":"https:\/\/www.serbis.es\/serbis\/blog\/wp-json\/wp\/v2\/posts\/2519"}],"collection":[{"href":"https:\/\/www.serbis.es\/serbis\/blog\/wp-json\/wp\/v2\/posts"}],"about":[{"href":"https:\/\/www.serbis.es\/serbis\/blog\/wp-json\/wp\/v2\/types\/post"}],"author":[{"embeddable":true,"href":"https:\/\/www.serbis.es\/serbis\/blog\/wp-json\/wp\/v2\/users\/3"}],"replies":[{"embeddable":true,"href":"https:\/\/www.serbis.es\/serbis\/blog\/wp-json\/wp\/v2\/comments?post=2519"}],"version-history":[{"count":5,"href":"https:\/\/www.serbis.es\/serbis\/blog\/wp-json\/wp\/v2\/posts\/2519\/revisions"}],"predecessor-version":[{"id":2529,"href":"https:\/\/www.serbis.es\/serbis\/blog\/wp-json\/wp\/v2\/posts\/2519\/revisions\/2529"}],"wp:featuredmedia":[{"embeddable":true,"href":"https:\/\/www.serbis.es\/serbis\/blog\/wp-json\/wp\/v2\/media\/2528"}],"wp:attachment":[{"href":"https:\/\/www.serbis.es\/serbis\/blog\/wp-json\/wp\/v2\/media?parent=2519"}],"wp:term":[{"taxonomy":"category","embeddable":true,"href":"https:\/\/www.serbis.es\/serbis\/blog\/wp-json\/wp\/v2\/categories?post=2519"},{"taxonomy":"post_tag","embeddable":true,"href":"https:\/\/www.serbis.es\/serbis\/blog\/wp-json\/wp\/v2\/tags?post=2519"}],"curies":[{"name":"wp","href":"https:\/\/api.w.org\/{rel}","templated":true}]}}