{"id":2550,"date":"2020-12-11T12:22:53","date_gmt":"2020-12-11T12:22:53","guid":{"rendered":"https:\/\/www.serbis.es\/serbis\/blog\/?p=2550"},"modified":"2020-12-11T12:22:53","modified_gmt":"2020-12-11T12:22:53","slug":"aguas-residuales-biogas-combustible","status":"publish","type":"post","link":"https:\/\/www.serbis.es\/serbis\/blog\/aguas-residuales-biogas-combustible\/","title":{"rendered":"Las aguas residuales abren la puerta a una movilidad m\u00e1s ecol\u00f3gica"},"content":{"rendered":"<p>Resumimos las principales noticias de los \u00faltimos d\u00edas en el \u00e1mbito de las alcantarillas, las ca\u00f1er\u00edas, los atrancos, los atascos y\u00a0 las redes de saneamiento de aguas residuales y alcantarillado. La lucha contra el coronavirus a trav\u00e9s del estudio de las aguas residuales sigue siendo la nota predominante&#8230;<\/p>\n<h3>Una depuradora gallega transforma las aguas residuales en combustible<\/h3>\n<p>Una investigaci\u00f3n desarrollada por varias instituciones espa\u00f1olas est\u00e1 tratando de transformar las aguas residuales en <strong>combustible no contaminante<\/strong>. Puesta en marcha en 2016, la iniciativa ya <a href=\"https:\/\/www.elespanol.com\/invertia\/empresas\/energia\/20201205\/aprovechar-aguas-residuales-producir-biometano-solucion-innovadora\/540947414_0.html\">est\u00e1 empezando a ofrecer sus primeros resultados<\/a>. El objetivo es <strong>generar biometano o biog\u00e1s a partir de las aguas residuales<\/strong>, un gas parecido al gas natural pero libre de emisiones contaminantes.<\/p>\n<p>El proyecto est\u00e1 demostrando su potencial en <strong>la depuradora de aguas residuales de Bens, en A Coru\u00f1a<\/strong>, la primera planta de metanaci\u00f3n biol\u00f3gica de Espa\u00f1a. De hecho, el biometano generado por estas instalaciones ya se est\u00e1 empezando a utilizar como combustible <strong>en varias furgonetas y autobuses municipales<\/strong> que participan actualmente en un prometedor proyecto piloto.<\/p>\n<p><img decoding=\"async\" loading=\"lazy\" class=\"size-full wp-image-2552 alignnone\" src=\"https:\/\/www.serbis.es\/serbis\/blog\/wp-content\/uploads\/depuradora-bens.jpg\" alt=\"\" width=\"630\" height=\"315\" srcset=\"https:\/\/www.serbis.es\/serbis\/blog\/wp-content\/uploads\/depuradora-bens.jpg 630w, https:\/\/www.serbis.es\/serbis\/blog\/wp-content\/uploads\/depuradora-bens-300x150.jpg 300w, https:\/\/www.serbis.es\/serbis\/blog\/wp-content\/uploads\/depuradora-bens-370x185.jpg 370w\" sizes=\"(max-width: 630px) 100vw, 630px\" \/><\/p>\n<h3>El coronavirus se abre paso en las alcantarillas de Nueva York<\/h3>\n<p>Las autoridades de Nueva York, al igual que las de las principales ciudades de todo el mundo, est\u00e1n investigando intensamente <a href=\"https:\/\/www.infobae.com\/america\/the-new-york-times\/2020\/12\/10\/lo-que-las-alcantarillas-de-la-ciudad-de-nueva-york-revelan-sobre-el-coronavirus-es-preocupante\/\">la presencia de coronavirus<\/a> en las redes de alcantarillado y saneamiento de aguas residuales. El objetivo es <strong>anticiparse a la evoluci\u00f3n de la pandemia<\/strong> a trav\u00e9s de las heces fecales que los contagiados expulsan por sus inodoros, incluso cuando son <strong>asintom\u00e1ticos o presintom\u00e1ticos<\/strong>.<\/p>\n<p>Los \u00faltimos datos recolectados en la ciudad m\u00e1s famosa de Estados Unidos revelan <strong>un aumento de la presencia del virus<\/strong> en todas las zonas de Nueva York, coincidiendo con la cresta de la segunda ola del virus en tierras americanas. Los resultados est\u00e1n siendo tan negativos que han llevado a los investigadores a creer que se hab\u00edan topado con un error, pero la persistencia de los altos niveles de virus pone de manifiesto que, efectivamente, <strong>la situaci\u00f3n est\u00e1 descontrolada<\/strong>.<\/p>\n<p>Analizar las aguas residuales de Nueva York supone un reto colosal, pues la ciudad cuenta con <strong>12.000 kil\u00f3metros de tuber\u00edas<\/strong> por las que pasan cada d\u00eda <strong>entre 5.000 y 11.000 millones de litros de aguas fecales<\/strong>. Precisamente esas mastod\u00f3nticas dimensiones dificultan enormemente la tarea de los investigadores, especialmente para definir con exactitud <strong>cu\u00e1les son los barrios en los que la Covid-19 tiene m\u00e1s fuerza<\/strong>. Por eso, estas labores se est\u00e1n complementando con la realizaci\u00f3n de pruebas presenciales, que en el caso de Nueva York parecen ser la mejor f\u00f3rmula para seguir el rastro del coronavirus.<\/p>\n<p><img decoding=\"async\" loading=\"lazy\" class=\"size-full wp-image-2554 alignnone\" src=\"https:\/\/www.serbis.es\/serbis\/blog\/wp-content\/uploads\/nueva-york-alcantarillas-coronavirus.jpg\" alt=\"\" width=\"630\" height=\"315\" srcset=\"https:\/\/www.serbis.es\/serbis\/blog\/wp-content\/uploads\/nueva-york-alcantarillas-coronavirus.jpg 630w, https:\/\/www.serbis.es\/serbis\/blog\/wp-content\/uploads\/nueva-york-alcantarillas-coronavirus-300x150.jpg 300w, https:\/\/www.serbis.es\/serbis\/blog\/wp-content\/uploads\/nueva-york-alcantarillas-coronavirus-370x185.jpg 370w\" sizes=\"(max-width: 630px) 100vw, 630px\" \/><\/p>\n<h3>Dos ciclistas chocan con una tapa de alcantarilla mal colocada<\/h3>\n<p>Dos aficionados al ciclismo han sufrido <strong>graves lesiones f\u00edsicas<\/strong> por culpa de una tapa de alcantarilla que sobresal\u00eda en la calzada. El lamentable suceso ha ocurrido en la localidad madrile\u00f1a de <strong>Majadahonda<\/strong>, tal como uno de los damnificados <a href=\"https:\/\/majadahondamagazin.es\/una-alcantarilla-en-mal-estado-provoca-el-grave-accidente-de-dos-ciclistas-en-majadahonda-172782\">ha denunciado estos d\u00edas<\/a>.<\/p>\n<p>Aparte de lamentar el p\u00e9simo estado en el que se encuentra la red de alcantarillado en la zona, los ciclistas han querido hacer p\u00fablico lo ocurrido <strong>para evitar accidentes similares<\/strong> en el futuro. El punto en cuesti\u00f3n es <strong>el n\u00famero 9 de la Avenida de Espa\u00f1a<\/strong> de Majadahonda, en el que hay tres tapas de registro de las que una se encuentra mal colocada.<\/p>\n<p><img decoding=\"async\" loading=\"lazy\" class=\"size-full wp-image-2557 alignnone\" src=\"https:\/\/www.serbis.es\/serbis\/blog\/wp-content\/uploads\/ciclistas-alcantarilla.jpg\" alt=\"\" width=\"630\" height=\"315\" srcset=\"https:\/\/www.serbis.es\/serbis\/blog\/wp-content\/uploads\/ciclistas-alcantarilla.jpg 630w, https:\/\/www.serbis.es\/serbis\/blog\/wp-content\/uploads\/ciclistas-alcantarilla-300x150.jpg 300w, https:\/\/www.serbis.es\/serbis\/blog\/wp-content\/uploads\/ciclistas-alcantarilla-370x185.jpg 370w\" sizes=\"(max-width: 630px) 100vw, 630px\" \/><\/p>\n<p>Si quieres contarnos algo puedes llamarnos al <strong>n\u00famero de tel\u00e9fono <\/strong><strong>91 610 62 53<\/strong> y si te gusta estar informado de las noticias nacionales e internacionales m\u00e1s interesantes de las industrias de la pocer\u00eda, el alcantarillado y el saneamiento de aguas fecales, visita <a href=\"https:\/\/www.serbis.es\/\" target=\"_blank\" rel=\"noopener\"><strong>Serbis.es<\/strong><\/a> y <strong>s\u00edguenos en las redes sociales<\/strong>:<\/p>\n<p><a href=\"https:\/\/www.facebook.com\/SerbisPoceria\/\" rel=\"attachment wp-att-691\" class=\"broken_link\"><img decoding=\"async\" loading=\"lazy\" class=\"size-full wp-image-691\" src=\"https:\/\/www.serbis.es\/serbis\/blog\/wp-content\/uploads\/facebook.jpg\" alt=\"facebook\" width=\"113\" height=\"111\" \/><\/a><\/p>\n<p>&nbsp;<\/p>\n<p><a href=\"https:\/\/twitter.com\/serbis_poceria\" rel=\"attachment wp-att-692\"><img decoding=\"async\" loading=\"lazy\" class=\"size-full wp-image-692\" src=\"https:\/\/www.serbis.es\/serbis\/blog\/wp-content\/uploads\/twitter.jpg\" alt=\"twitter\" width=\"113\" height=\"111\" \/><\/a><\/p>\n<p>&nbsp;<\/p>\n<p><a href=\"https:\/\/www.instagram.com\/serbis_poceria\/\" rel=\"attachment wp-att-692\" class=\"broken_link\"><img decoding=\"async\" loading=\"lazy\" class=\"alignnone wp-image-1462 size-full\" src=\"https:\/\/www.serbis.es\/serbis\/blog\/wp-content\/uploads\/instagram.jpg\" alt=\"\" width=\"113\" height=\"111\" \/><\/a><\/p>\n<p>&nbsp;<\/p>\n<p><a href=\"https:\/\/es.linkedin.com\/company\/poceria-serbis\" rel=\"attachment wp-att-693\"><img decoding=\"async\" loading=\"lazy\" class=\"size-full wp-image-693 alignleft\" src=\"https:\/\/www.serbis.es\/serbis\/blog\/wp-content\/uploads\/linkedin.jpg\" alt=\"linkedin\" width=\"113\" height=\"111\" \/><\/a><\/p>\n<p>&nbsp;<\/p>\n<p>&nbsp;<\/p>\n<p>&nbsp;<\/p>\n<p>&nbsp;<\/p>\n<p><a href=\"https:\/\/www.youtube.com\/channel\/UCSIAPGXKlWyOmHRZo9YCpBQ\" rel=\"attachment wp-att-694\"><img decoding=\"async\" loading=\"lazy\" class=\"size-full wp-image-694 alignleft\" src=\"https:\/\/www.serbis.es\/serbis\/blog\/wp-content\/uploads\/youtube.jpg\" alt=\"youtube\" width=\"113\" height=\"111\" \/><\/a><\/p>\n<p>&nbsp;<\/p>\n<p>&nbsp;<\/p>\n<p>&nbsp;<\/p>\n<p>&nbsp;<\/p>\n<p><a href=\"https:\/\/vimeo.com\/user9248661\" rel=\"attachment wp-att-696\"><img decoding=\"async\" loading=\"lazy\" class=\"size-full wp-image-696 alignleft\" src=\"https:\/\/www.serbis.es\/serbis\/blog\/wp-content\/uploads\/vimeo.jpg\" alt=\"vimeo\" width=\"113\" height=\"111\" \/><\/a><\/p>\n<p>&nbsp;<\/p>\n<p>&nbsp;<\/p>\n<p>&nbsp;<\/p>\n<p>&nbsp;<\/p>\n<p><a href=\"https:\/\/www.flickr.com\/photos\/155074596@N06\/\" rel=\"attachment wp-att-698\"><img decoding=\"async\" loading=\"lazy\" class=\"size-full wp-image-698 alignleft\" src=\"https:\/\/www.serbis.es\/serbis\/blog\/wp-content\/uploads\/flickr.jpg\" alt=\"flickr\" width=\"113\" height=\"111\" \/><\/a><\/p>\n<p>&nbsp;<\/p>\n<p>&nbsp;<\/p>\n<p>&nbsp;<\/p>\n<p>&nbsp;<\/p>\n<p><a href=\"https:\/\/www.pinterest.es\/pin\/133348838938250902\/\" rel=\"attachment wp-att-697\"><img decoding=\"async\" loading=\"lazy\" class=\"size-full wp-image-697 alignleft\" src=\"https:\/\/www.serbis.es\/serbis\/blog\/wp-content\/uploads\/pinterest.jpg\" alt=\"pinterest\" width=\"113\" height=\"111\" \/><\/a><\/p>\n","protected":false},"excerpt":{"rendered":"<p>Resumimos las principales noticias de los \u00faltimos d\u00edas en el \u00e1mbito de las alcantarillas, las ca\u00f1er\u00edas, los atrancos, los atascos y\u00a0 las redes de saneamiento de aguas residuales y alcantarillado. La lucha contra el coronavirus a trav\u00e9s del estudio de las aguas residuales sigue siendo la nota predominante&#8230; Una depuradora gallega transforma las aguas residuales [&hellip;]<\/p>\n","protected":false},"author":3,"featured_media":2558,"comment_status":"open","ping_status":"open","sticky":false,"template":"","format":"standard","meta":{"_mi_skip_tracking":false,"_monsterinsights_sitenote_active":false,"_monsterinsights_sitenote_note":"","_monsterinsights_sitenote_category":0},"categories":[17,2,32],"tags":[111,75,61,415,416,261,73],"yoast_head":"<!-- This site is optimized with the Yoast SEO plugin v20.10 - https:\/\/yoast.com\/wordpress\/plugins\/seo\/ -->\n<title>Las aguas residuales abren la puerta a una movilidad m\u00e1s ecol\u00f3gica - Blog de Serbis<\/title>\n<meta name=\"robots\" content=\"index, follow, max-snippet:-1, max-image-preview:large, max-video-preview:-1\" \/>\n<link rel=\"canonical\" href=\"https:\/\/www.serbis.es\/serbis\/blog\/aguas-residuales-biogas-combustible\/\" \/>\n<meta property=\"og:locale\" content=\"es_ES\" \/>\n<meta property=\"og:type\" content=\"article\" \/>\n<meta property=\"og:title\" content=\"Las aguas residuales abren la puerta a una movilidad m\u00e1s ecol\u00f3gica - Blog de Serbis\" \/>\n<meta property=\"og:description\" content=\"Resumimos las principales noticias de los \u00faltimos d\u00edas en el \u00e1mbito de las alcantarillas, las ca\u00f1er\u00edas, los atrancos, los atascos y\u00a0 las redes de saneamiento de aguas residuales y alcantarillado. La lucha contra el coronavirus a trav\u00e9s del estudio de las aguas residuales sigue siendo la nota predominante&#8230; Una depuradora gallega transforma las aguas residuales [&hellip;]\" \/>\n<meta property=\"og:url\" content=\"https:\/\/www.serbis.es\/serbis\/blog\/aguas-residuales-biogas-combustible\/\" \/>\n<meta property=\"og:site_name\" content=\"Blog de Serbis\" \/>\n<meta property=\"article:author\" content=\"https:\/\/www.facebook.com\/SerbisPoceria\/\" \/>\n<meta property=\"article:published_time\" content=\"2020-12-11T12:22:53+00:00\" \/>\n<meta property=\"og:image\" content=\"https:\/\/www.serbis.es\/serbis\/blog\/wp-content\/uploads\/coches-aguas-residuales.jpg\" \/>\n\t<meta property=\"og:image:width\" content=\"630\" \/>\n\t<meta property=\"og:image:height\" content=\"315\" \/>\n\t<meta property=\"og:image:type\" content=\"image\/jpeg\" \/>\n<meta name=\"author\" content=\"Serbis Pocer\u00eda\" \/>\n<meta name=\"twitter:label1\" content=\"Escrito por\" \/>\n\t<meta name=\"twitter:data1\" content=\"Serbis Pocer\u00eda\" \/>\n\t<meta name=\"twitter:label2\" content=\"Tiempo de lectura\" \/>\n\t<meta name=\"twitter:data2\" content=\"3 minutos\" \/>\n<script type=\"application\/ld+json\" class=\"yoast-schema-graph\">{\"@context\":\"https:\/\/schema.org\",\"@graph\":[{\"@type\":\"WebPage\",\"@id\":\"https:\/\/www.serbis.es\/serbis\/blog\/aguas-residuales-biogas-combustible\/\",\"url\":\"https:\/\/www.serbis.es\/serbis\/blog\/aguas-residuales-biogas-combustible\/\",\"name\":\"Las aguas residuales abren la puerta a una movilidad m\u00e1s ecol\u00f3gica - Blog de Serbis\",\"isPartOf\":{\"@id\":\"https:\/\/www.serbis.es\/serbis\/blog\/#website\"},\"datePublished\":\"2020-12-11T12:22:53+00:00\",\"dateModified\":\"2020-12-11T12:22:53+00:00\",\"author\":{\"@id\":\"https:\/\/www.serbis.es\/serbis\/blog\/#\/schema\/person\/449002ed602088d1463cc28957dee9ea\"},\"breadcrumb\":{\"@id\":\"https:\/\/www.serbis.es\/serbis\/blog\/aguas-residuales-biogas-combustible\/#breadcrumb\"},\"inLanguage\":\"es\",\"potentialAction\":[{\"@type\":\"ReadAction\",\"target\":[\"https:\/\/www.serbis.es\/serbis\/blog\/aguas-residuales-biogas-combustible\/\"]}]},{\"@type\":\"BreadcrumbList\",\"@id\":\"https:\/\/www.serbis.es\/serbis\/blog\/aguas-residuales-biogas-combustible\/#breadcrumb\",\"itemListElement\":[{\"@type\":\"ListItem\",\"position\":1,\"name\":\"Portada\",\"item\":\"https:\/\/www.serbis.es\/serbis\/blog\/\"},{\"@type\":\"ListItem\",\"position\":2,\"name\":\"Las aguas residuales abren la puerta a una movilidad m\u00e1s ecol\u00f3gica\"}]},{\"@type\":\"WebSite\",\"@id\":\"https:\/\/www.serbis.es\/serbis\/blog\/#website\",\"url\":\"https:\/\/www.serbis.es\/serbis\/blog\/\",\"name\":\"Blog de Serbis\",\"description\":\"l\u00edderes en Espa\u00f1a en saneamiento de aguas con servicios de pocer\u00eda tradicional y sin zanjas\",\"potentialAction\":[{\"@type\":\"SearchAction\",\"target\":{\"@type\":\"EntryPoint\",\"urlTemplate\":\"https:\/\/www.serbis.es\/serbis\/blog\/?s={search_term_string}\"},\"query-input\":\"required name=search_term_string\"}],\"inLanguage\":\"es\"},{\"@type\":\"Person\",\"@id\":\"https:\/\/www.serbis.es\/serbis\/blog\/#\/schema\/person\/449002ed602088d1463cc28957dee9ea\",\"name\":\"Serbis Pocer\u00eda\",\"image\":{\"@type\":\"ImageObject\",\"inLanguage\":\"es\",\"@id\":\"https:\/\/www.serbis.es\/serbis\/blog\/#\/schema\/person\/image\/\",\"url\":\"https:\/\/secure.gravatar.com\/avatar\/1b95962073fbda6a54be252a727db96a?s=96&d=mm&r=g\",\"contentUrl\":\"https:\/\/secure.gravatar.com\/avatar\/1b95962073fbda6a54be252a727db96a?s=96&d=mm&r=g\",\"caption\":\"Serbis Pocer\u00eda\"},\"description\":\"Empresa especializada en soluciones de alcantarillado y saneamiento de agua, con gran experiencia en el sector y conocimiento de t\u00e9cnicas tanto de pocer\u00eda tradicional como de rehabilitaci\u00f3n de tuber\u00edas sin zanjas ni necesidad de obra civil\",\"sameAs\":[\"https:\/\/www.linkedin.com\/company\/poceria-serbis\",\"https:\/\/www.facebook.com\/SerbisPoceria\/\",\"https:\/\/twitter.com\/https:\/\/twitter.com\/serbis_poceria\"],\"url\":\"https:\/\/www.serbis.es\/serbis\/blog\/author\/perio_editor\/\"}]}<\/script>\n<!-- \/ Yoast SEO plugin. -->","yoast_head_json":{"title":"Las aguas residuales abren la puerta a una movilidad m\u00e1s ecol\u00f3gica - Blog de Serbis","robots":{"index":"index","follow":"follow","max-snippet":"max-snippet:-1","max-image-preview":"max-image-preview:large","max-video-preview":"max-video-preview:-1"},"canonical":"https:\/\/www.serbis.es\/serbis\/blog\/aguas-residuales-biogas-combustible\/","og_locale":"es_ES","og_type":"article","og_title":"Las aguas residuales abren la puerta a una movilidad m\u00e1s ecol\u00f3gica - Blog de Serbis","og_description":"Resumimos las principales noticias de los \u00faltimos d\u00edas en el \u00e1mbito de las alcantarillas, las ca\u00f1er\u00edas, los atrancos, los atascos y\u00a0 las redes de saneamiento de aguas residuales y alcantarillado. La lucha contra el coronavirus a trav\u00e9s del estudio de las aguas residuales sigue siendo la nota predominante&#8230; Una depuradora gallega transforma las aguas residuales [&hellip;]","og_url":"https:\/\/www.serbis.es\/serbis\/blog\/aguas-residuales-biogas-combustible\/","og_site_name":"Blog de Serbis","article_author":"https:\/\/www.facebook.com\/SerbisPoceria\/","article_published_time":"2020-12-11T12:22:53+00:00","og_image":[{"width":630,"height":315,"url":"https:\/\/www.serbis.es\/serbis\/blog\/wp-content\/uploads\/coches-aguas-residuales.jpg","type":"image\/jpeg"}],"author":"Serbis Pocer\u00eda","twitter_misc":{"Escrito por":"Serbis Pocer\u00eda","Tiempo de lectura":"3 minutos"},"schema":{"@context":"https:\/\/schema.org","@graph":[{"@type":"WebPage","@id":"https:\/\/www.serbis.es\/serbis\/blog\/aguas-residuales-biogas-combustible\/","url":"https:\/\/www.serbis.es\/serbis\/blog\/aguas-residuales-biogas-combustible\/","name":"Las aguas residuales abren la puerta a una movilidad m\u00e1s ecol\u00f3gica - Blog de Serbis","isPartOf":{"@id":"https:\/\/www.serbis.es\/serbis\/blog\/#website"},"datePublished":"2020-12-11T12:22:53+00:00","dateModified":"2020-12-11T12:22:53+00:00","author":{"@id":"https:\/\/www.serbis.es\/serbis\/blog\/#\/schema\/person\/449002ed602088d1463cc28957dee9ea"},"breadcrumb":{"@id":"https:\/\/www.serbis.es\/serbis\/blog\/aguas-residuales-biogas-combustible\/#breadcrumb"},"inLanguage":"es","potentialAction":[{"@type":"ReadAction","target":["https:\/\/www.serbis.es\/serbis\/blog\/aguas-residuales-biogas-combustible\/"]}]},{"@type":"BreadcrumbList","@id":"https:\/\/www.serbis.es\/serbis\/blog\/aguas-residuales-biogas-combustible\/#breadcrumb","itemListElement":[{"@type":"ListItem","position":1,"name":"Portada","item":"https:\/\/www.serbis.es\/serbis\/blog\/"},{"@type":"ListItem","position":2,"name":"Las aguas residuales abren la puerta a una movilidad m\u00e1s ecol\u00f3gica"}]},{"@type":"WebSite","@id":"https:\/\/www.serbis.es\/serbis\/blog\/#website","url":"https:\/\/www.serbis.es\/serbis\/blog\/","name":"Blog de Serbis","description":"l\u00edderes en Espa\u00f1a en saneamiento de aguas con servicios de pocer\u00eda tradicional y sin zanjas","potentialAction":[{"@type":"SearchAction","target":{"@type":"EntryPoint","urlTemplate":"https:\/\/www.serbis.es\/serbis\/blog\/?s={search_term_string}"},"query-input":"required name=search_term_string"}],"inLanguage":"es"},{"@type":"Person","@id":"https:\/\/www.serbis.es\/serbis\/blog\/#\/schema\/person\/449002ed602088d1463cc28957dee9ea","name":"Serbis Pocer\u00eda","image":{"@type":"ImageObject","inLanguage":"es","@id":"https:\/\/www.serbis.es\/serbis\/blog\/#\/schema\/person\/image\/","url":"https:\/\/secure.gravatar.com\/avatar\/1b95962073fbda6a54be252a727db96a?s=96&d=mm&r=g","contentUrl":"https:\/\/secure.gravatar.com\/avatar\/1b95962073fbda6a54be252a727db96a?s=96&d=mm&r=g","caption":"Serbis Pocer\u00eda"},"description":"Empresa especializada en soluciones de alcantarillado y saneamiento de agua, con gran experiencia en el sector y conocimiento de t\u00e9cnicas tanto de pocer\u00eda tradicional como de rehabilitaci\u00f3n de tuber\u00edas sin zanjas ni necesidad de obra civil","sameAs":["https:\/\/www.linkedin.com\/company\/poceria-serbis","https:\/\/www.facebook.com\/SerbisPoceria\/","https:\/\/twitter.com\/https:\/\/twitter.com\/serbis_poceria"],"url":"https:\/\/www.serbis.es\/serbis\/blog\/author\/perio_editor\/"}]}},"_links":{"self":[{"href":"https:\/\/www.serbis.es\/serbis\/blog\/wp-json\/wp\/v2\/posts\/2550"}],"collection":[{"href":"https:\/\/www.serbis.es\/serbis\/blog\/wp-json\/wp\/v2\/posts"}],"about":[{"href":"https:\/\/www.serbis.es\/serbis\/blog\/wp-json\/wp\/v2\/types\/post"}],"author":[{"embeddable":true,"href":"https:\/\/www.serbis.es\/serbis\/blog\/wp-json\/wp\/v2\/users\/3"}],"replies":[{"embeddable":true,"href":"https:\/\/www.serbis.es\/serbis\/blog\/wp-json\/wp\/v2\/comments?post=2550"}],"version-history":[{"count":4,"href":"https:\/\/www.serbis.es\/serbis\/blog\/wp-json\/wp\/v2\/posts\/2550\/revisions"}],"predecessor-version":[{"id":2559,"href":"https:\/\/www.serbis.es\/serbis\/blog\/wp-json\/wp\/v2\/posts\/2550\/revisions\/2559"}],"wp:featuredmedia":[{"embeddable":true,"href":"https:\/\/www.serbis.es\/serbis\/blog\/wp-json\/wp\/v2\/media\/2558"}],"wp:attachment":[{"href":"https:\/\/www.serbis.es\/serbis\/blog\/wp-json\/wp\/v2\/media?parent=2550"}],"wp:term":[{"taxonomy":"category","embeddable":true,"href":"https:\/\/www.serbis.es\/serbis\/blog\/wp-json\/wp\/v2\/categories?post=2550"},{"taxonomy":"post_tag","embeddable":true,"href":"https:\/\/www.serbis.es\/serbis\/blog\/wp-json\/wp\/v2\/tags?post=2550"}],"curies":[{"name":"wp","href":"https:\/\/api.w.org\/{rel}","templated":true}]}}