{"id":2628,"date":"2021-02-18T14:11:22","date_gmt":"2021-02-18T14:11:22","guid":{"rendered":"https:\/\/www.serbis.es\/serbis\/blog\/?p=2628"},"modified":"2021-02-18T14:12:56","modified_gmt":"2021-02-18T14:12:56","slug":"aguas-residuales-covid-alcantarillas","status":"publish","type":"post","link":"https:\/\/www.serbis.es\/serbis\/blog\/aguas-residuales-covid-alcantarillas\/","title":{"rendered":"Hacen p\u00fablica la informaci\u00f3n sobre Covid-19 en aguas residuales"},"content":{"rendered":"<p>Resumimos las principales noticias publicadas durante los \u00faltimos d\u00edas por los medios de comunicaci\u00f3n en el \u00e1mbito de las alcantarillas, las ca\u00f1er\u00edas, los atrancos, los atascos y las redes de alcantarillado&#8230;<\/p>\n<h3>Comprueba qu\u00e9 dicen las aguas residuales de tu zona sobre el Covid<\/h3>\n<p><img decoding=\"async\" loading=\"lazy\" class=\"size-full wp-image-2629 alignnone\" src=\"https:\/\/www.serbis.es\/serbis\/blog\/wp-content\/uploads\/aguas-residuales-vigia-madrid-mapa.jpg\" alt=\"\" width=\"630\" height=\"315\" srcset=\"https:\/\/www.serbis.es\/serbis\/blog\/wp-content\/uploads\/aguas-residuales-vigia-madrid-mapa.jpg 630w, https:\/\/www.serbis.es\/serbis\/blog\/wp-content\/uploads\/aguas-residuales-vigia-madrid-mapa-300x150.jpg 300w, https:\/\/www.serbis.es\/serbis\/blog\/wp-content\/uploads\/aguas-residuales-vigia-madrid-mapa-370x185.jpg 370w\" sizes=\"(max-width: 630px) 100vw, 630px\" \/><\/p>\n<p>La Comunidad de Madrid ha hecho p\u00fablicos los datos recogidos por <strong>el sistema de vigilancia Vig\u00eda, que se encarga de analizar las aguas residuales<\/strong> de los diferentes barrios y municipios de la regi\u00f3n para comprobar la evoluci\u00f3n de la pandemia. El resultado es este mapa interactivo, que cualquiera puede visitar a trav\u00e9s de <a href=\"https:\/\/www.canaldeisabelsegunda.es\/mapa-vigia\" class=\"broken_link\">la web del Canal de Isabel II<\/a>.<\/p>\n<p>La imagen adjudica <strong>diferentes colores en funci\u00f3n de los niveles de coronavirus detectados<\/strong> en las aguas residuales de cada zona, correspondiendo el azul oscuro al panorama m\u00e1s preocupante. Para la elaboraci\u00f3n de esta infograf\u00eda se tiene en cuenta <strong>la informaci\u00f3n recogida semanalmente por los 289 puntos de rastreo<\/strong> que se han establecido en la red de saneamiento y alcantarillado de la Comunidad de Madrid.<\/p>\n<h3>Aguas fecales en el barrio de San Blas por una alcantarilla atrancada<\/h3>\n<p><img decoding=\"async\" loading=\"lazy\" class=\"size-full wp-image-2638 alignnone\" src=\"https:\/\/www.serbis.es\/serbis\/blog\/wp-content\/uploads\/atasco-alcantarilla.jpg\" alt=\"\" width=\"630\" height=\"315\" srcset=\"https:\/\/www.serbis.es\/serbis\/blog\/wp-content\/uploads\/atasco-alcantarilla.jpg 630w, https:\/\/www.serbis.es\/serbis\/blog\/wp-content\/uploads\/atasco-alcantarilla-300x150.jpg 300w, https:\/\/www.serbis.es\/serbis\/blog\/wp-content\/uploads\/atasco-alcantarilla-370x185.jpg 370w\" sizes=\"(max-width: 630px) 100vw, 630px\" \/><\/p>\n<p>Los vecinos del barrio madrile\u00f1o de San Blas llevan <strong>m\u00e1s de dos meses<\/strong> sorteando <a href=\"https:\/\/www.telemadrid.es\/programas\/buenos-dias-madrid\/Vecinos-San-Blas-anegados-alcantarilla-2-2312488742--20210208121051.html\">las aguas fecales que salen de una alcantarilla atascada<\/a>. Al parecer, el atranco es consecuencia de que <strong>las ra\u00edces subterr\u00e1neas de un \u00e1rbol cercano habr\u00edan reventado una tuber\u00eda<\/strong> de la red de saneamiento de aguas residuales.<\/p>\n<p>Las autoridades (Ayuntamiento de Madrid y Canal de Isabel II) ya est\u00e1n informadas del problema, que de momento <strong>no ha sido solucionado<\/strong>. Los vecinos exigen que se tale el \u00e1rbol y se repare la tuber\u00eda afectada para evitar que las aguas fecales sigan brotando y, con ellas, <strong>los malos olores.<\/strong><\/p>\n<h3>Los principales enemigos de las ca\u00f1er\u00edas<\/h3>\n<p><img decoding=\"async\" loading=\"lazy\" class=\"size-full wp-image-2632 alignnone\" src=\"https:\/\/www.serbis.es\/serbis\/blog\/wp-content\/uploads\/grasa.jpg\" alt=\"\" width=\"630\" height=\"315\" srcset=\"https:\/\/www.serbis.es\/serbis\/blog\/wp-content\/uploads\/grasa.jpg 630w, https:\/\/www.serbis.es\/serbis\/blog\/wp-content\/uploads\/grasa-300x150.jpg 300w, https:\/\/www.serbis.es\/serbis\/blog\/wp-content\/uploads\/grasa-370x185.jpg 370w\" sizes=\"(max-width: 630px) 100vw, 630px\" \/><\/p>\n<p>Hay residuos que mucha gente a\u00fan tira por <strong>el fregadero, el WC o el sumidero<\/strong> a pesar de que pueden causar<strong> atrancos y atascos<\/strong> en las redes de saneamiento de aguas residuales. Entre estos <a href=\"https:\/\/www.businessinsider.es\/11-cosas-no-deberias-tirar-nunca-desague-798575\">enemigos de las ca\u00f1er\u00edas<\/a> destacan<strong> los aceites<\/strong> en todas sus versiones (aceite para cocinar, grasas y, por supuesto, aceite de coches), que no solo provocan tremendos<strong> tapones al juntarse con otros residuos<\/strong> cuando se endurecen, sino que adem\u00e1s son perjudiciales para el medio ambiente.<\/p>\n<p>Los productos <strong>farmac\u00e9uticos<\/strong> tambi\u00e9n se sit\u00faan entre los principales enemigos de nuestros sistemas de alcantarillado, pues las infraestructuras de depuraci\u00f3n y tratamiento de aguas residuales no est\u00e1n preparadas para filtrar <strong>los componentes qu\u00edmicos de los medicamentos<\/strong>. Y lo mismo sucede con otros residuos que a veces arrojamos por el desag\u00fce, como <strong>la pintura o la lej\u00eda<\/strong>.<\/p>\n<p>Algunos <strong>alimentos<\/strong> tambi\u00e9n resultan muy perjudiciales para las ca\u00f1er\u00edas y suelen ser responsables de muchas de las acciones de desatascos y desatrancos que realizamos las empresas de pocer\u00eda o fontaner\u00eda. Son los casos del <strong>arroz, la pasta, las c\u00e1scaras de huevo, los posos del caf\u00e9 o incluso la harina<\/strong>. Por eso, siempre que puedas arroja estos desperdicios al cubo de la basura.<\/p>\n<h3>Jap\u00f3n vende souvenirs con las alcantarillas de Pok\u00e9mon<\/h3>\n<p><img decoding=\"async\" loading=\"lazy\" class=\"size-full wp-image-2635 alignnone\" src=\"https:\/\/www.serbis.es\/serbis\/blog\/wp-content\/uploads\/alcantarillas-pokemon-1.jpg\" alt=\"\" width=\"630\" height=\"315\" srcset=\"https:\/\/www.serbis.es\/serbis\/blog\/wp-content\/uploads\/alcantarillas-pokemon-1.jpg 630w, https:\/\/www.serbis.es\/serbis\/blog\/wp-content\/uploads\/alcantarillas-pokemon-1-300x150.jpg 300w, https:\/\/www.serbis.es\/serbis\/blog\/wp-content\/uploads\/alcantarillas-pokemon-1-370x185.jpg 370w\" sizes=\"(max-width: 630px) 100vw, 630px\" \/><\/p>\n<p>En anteriores ocasiones hemos hablado ya de <a href=\"https:\/\/www.serbis.es\/serbis\/blog\/perros-drones-pokemon-alcantarillas\/\">las famosas alcantarillas de Pok\u00e9mon<\/a>, presentes en muchas ciudades de Jap\u00f3n fruto de un acuerdo alcanzado en su d\u00eda por el Gobierno japon\u00e9s y la empresa Pok\u00e9mon Company. El proyecto resultante, <a href=\"https:\/\/local.pokemon.jp\/en\/\">Pok\u00e9mon Local Acts<\/a>, ten\u00eda como objetivo <strong>aprovechar el tir\u00f3n publicitario del videojuego Pok\u00e9mon Go para promocionar el turismo en Jap\u00f3n<\/strong> a trav\u00e9s de distintos productos de merchandising.<\/p>\n<p>Estos souvenirs inclu\u00edan art\u00edculos de menaje, mascotas e incluso productos gastron\u00f3micos&#8230; Y tambi\u00e9n, las tapas del alcantarillado decoradas con motivos Pok\u00e9mon. <strong>Ya hay m\u00e1s de 100 tapas de este tipo<\/strong>, que pueden localizarse visitando <a href=\"https:\/\/local.pokemon.jp\/manhole\/\">la web de Pok\u00e9 Lids<\/a>. Adem\u00e1s, se ha puesto en marcha todo un <a href=\"https:\/\/www.vidaextra.com\/cultura\/todos-negocios-que-tiene-pokemon-merchandising-tapas-alcantarillas-duda-surrealista\">fen\u00f3meno de merchandising<\/a> ligado a estas alcantarillas, <strong>con tazas o posavasos<\/strong> que muestran algunos de los dise\u00f1os que se han utilizado para decorar las redes de saneamiento de aguas residuales de Jap\u00f3n.<\/p>\n<p>*Si quieres contarnos algo puedes llamarnos al <strong>n\u00famero de tel\u00e9fono <\/strong><strong>91 610 62 53<\/strong> y si te gusta estar informado de las noticias nacionales e internacionales m\u00e1s interesantes de las industrias de la pocer\u00eda, el alcantarillado y el saneamiento de aguas fecales, visita <a href=\"https:\/\/www.serbis.es\/\" target=\"_blank\" rel=\"noopener\"><strong>Serbis.es<\/strong><\/a> y <strong>s\u00edguenos en las redes sociales<\/strong>:<\/p>\n<p><a href=\"https:\/\/www.facebook.com\/SerbisPoceria\/\" rel=\"attachment wp-att-691\" class=\"broken_link\"><img decoding=\"async\" loading=\"lazy\" class=\"size-full wp-image-691\" src=\"https:\/\/www.serbis.es\/serbis\/blog\/wp-content\/uploads\/facebook.jpg\" alt=\"facebook\" width=\"113\" height=\"111\" \/><\/a><\/p>\n<p>&nbsp;<\/p>\n<p><a href=\"https:\/\/twitter.com\/serbis_poceria\" rel=\"attachment wp-att-692\"><img decoding=\"async\" loading=\"lazy\" class=\"size-full wp-image-692\" src=\"https:\/\/www.serbis.es\/serbis\/blog\/wp-content\/uploads\/twitter.jpg\" alt=\"twitter\" width=\"113\" height=\"111\" \/><\/a><\/p>\n<p>&nbsp;<\/p>\n<p><a href=\"https:\/\/www.instagram.com\/serbis_poceria\/\" rel=\"attachment wp-att-692\" class=\"broken_link\"><img decoding=\"async\" loading=\"lazy\" class=\"alignnone wp-image-1462 size-full\" src=\"https:\/\/www.serbis.es\/serbis\/blog\/wp-content\/uploads\/instagram.jpg\" alt=\"\" width=\"113\" height=\"111\" \/><\/a><\/p>\n<p>&nbsp;<\/p>\n<p><a href=\"https:\/\/es.linkedin.com\/company\/poceria-serbis\" rel=\"attachment wp-att-693\"><img decoding=\"async\" loading=\"lazy\" class=\"size-full wp-image-693 alignleft\" src=\"https:\/\/www.serbis.es\/serbis\/blog\/wp-content\/uploads\/linkedin.jpg\" alt=\"linkedin\" width=\"113\" height=\"111\" \/><\/a><\/p>\n<p>&nbsp;<\/p>\n<p>&nbsp;<\/p>\n<p>&nbsp;<\/p>\n<p>&nbsp;<\/p>\n<p><a href=\"https:\/\/www.youtube.com\/channel\/UCSIAPGXKlWyOmHRZo9YCpBQ\" rel=\"attachment wp-att-694\"><img decoding=\"async\" loading=\"lazy\" class=\"size-full wp-image-694 alignleft\" src=\"https:\/\/www.serbis.es\/serbis\/blog\/wp-content\/uploads\/youtube.jpg\" alt=\"youtube\" width=\"113\" height=\"111\" \/><\/a><\/p>\n<p>&nbsp;<\/p>\n<p>&nbsp;<\/p>\n<p>&nbsp;<\/p>\n<p>&nbsp;<\/p>\n<p><a href=\"https:\/\/vimeo.com\/user9248661\" rel=\"attachment wp-att-696\"><img decoding=\"async\" loading=\"lazy\" class=\"size-full wp-image-696 alignleft\" src=\"https:\/\/www.serbis.es\/serbis\/blog\/wp-content\/uploads\/vimeo.jpg\" alt=\"vimeo\" width=\"113\" height=\"111\" \/><\/a><\/p>\n<p>&nbsp;<\/p>\n<p>&nbsp;<\/p>\n<p>&nbsp;<\/p>\n<p>&nbsp;<\/p>\n<p><a href=\"https:\/\/www.flickr.com\/photos\/155074596@N06\/\" rel=\"attachment wp-att-698\"><img decoding=\"async\" loading=\"lazy\" class=\"size-full wp-image-698 alignleft\" src=\"https:\/\/www.serbis.es\/serbis\/blog\/wp-content\/uploads\/flickr.jpg\" alt=\"flickr\" width=\"113\" height=\"111\" \/><\/a><\/p>\n<p>&nbsp;<\/p>\n<p>&nbsp;<\/p>\n<p>&nbsp;<\/p>\n<p>&nbsp;<\/p>\n<p><a href=\"https:\/\/www.pinterest.es\/pin\/133348838938250902\/\" rel=\"attachment wp-att-697\"><img decoding=\"async\" loading=\"lazy\" class=\"size-full wp-image-697 alignleft\" src=\"https:\/\/www.serbis.es\/serbis\/blog\/wp-content\/uploads\/pinterest.jpg\" alt=\"pinterest\" width=\"113\" height=\"111\" \/><\/a><\/p>\n","protected":false},"excerpt":{"rendered":"<p>Resumimos las principales noticias publicadas durante los \u00faltimos d\u00edas por los medios de comunicaci\u00f3n en el \u00e1mbito de las alcantarillas, las ca\u00f1er\u00edas, los atrancos, los atascos y las redes de alcantarillado&#8230; Comprueba qu\u00e9 dicen las aguas residuales de tu zona sobre el Covid La Comunidad de Madrid ha hecho p\u00fablicos los datos recogidos por el [&hellip;]<\/p>\n","protected":false},"author":3,"featured_media":2596,"comment_status":"open","ping_status":"open","sticky":false,"template":"","format":"standard","meta":{"_mi_skip_tracking":false,"_monsterinsights_sitenote_active":false,"_monsterinsights_sitenote_note":"","_monsterinsights_sitenote_category":0},"categories":[29,4,17,2,26,32,19],"tags":[111,75,22,61,102,101,40],"yoast_head":"<!-- This site is optimized with the Yoast SEO plugin v20.10 - https:\/\/yoast.com\/wordpress\/plugins\/seo\/ -->\n<title>Hacen p\u00fablica la informaci\u00f3n sobre Covid-19 en aguas residuales - Blog de Serbis<\/title>\n<meta name=\"robots\" content=\"index, follow, max-snippet:-1, max-image-preview:large, max-video-preview:-1\" \/>\n<link rel=\"canonical\" href=\"https:\/\/www.serbis.es\/serbis\/blog\/aguas-residuales-covid-alcantarillas\/\" \/>\n<meta property=\"og:locale\" content=\"es_ES\" \/>\n<meta property=\"og:type\" content=\"article\" \/>\n<meta property=\"og:title\" content=\"Hacen p\u00fablica la informaci\u00f3n sobre Covid-19 en aguas residuales - Blog de Serbis\" \/>\n<meta property=\"og:description\" content=\"Resumimos las principales noticias publicadas durante los \u00faltimos d\u00edas por los medios de comunicaci\u00f3n en el \u00e1mbito de las alcantarillas, las ca\u00f1er\u00edas, los atrancos, los atascos y las redes de alcantarillado&#8230; Comprueba qu\u00e9 dicen las aguas residuales de tu zona sobre el Covid La Comunidad de Madrid ha hecho p\u00fablicos los datos recogidos por el [&hellip;]\" \/>\n<meta property=\"og:url\" content=\"https:\/\/www.serbis.es\/serbis\/blog\/aguas-residuales-covid-alcantarillas\/\" \/>\n<meta property=\"og:site_name\" content=\"Blog de Serbis\" \/>\n<meta property=\"article:author\" content=\"https:\/\/www.facebook.com\/SerbisPoceria\/\" \/>\n<meta property=\"article:published_time\" content=\"2021-02-18T14:11:22+00:00\" \/>\n<meta property=\"article:modified_time\" content=\"2021-02-18T14:12:56+00:00\" \/>\n<meta property=\"og:image\" content=\"https:\/\/www.serbis.es\/serbis\/blog\/wp-content\/uploads\/alcantarillas-1.jpg\" \/>\n\t<meta property=\"og:image:width\" content=\"630\" \/>\n\t<meta property=\"og:image:height\" content=\"315\" \/>\n\t<meta property=\"og:image:type\" content=\"image\/jpeg\" \/>\n<meta name=\"author\" content=\"Serbis Pocer\u00eda\" \/>\n<meta name=\"twitter:label1\" content=\"Escrito por\" \/>\n\t<meta name=\"twitter:data1\" content=\"Serbis Pocer\u00eda\" \/>\n\t<meta name=\"twitter:label2\" content=\"Tiempo de lectura\" \/>\n\t<meta name=\"twitter:data2\" content=\"4 minutos\" \/>\n<script type=\"application\/ld+json\" class=\"yoast-schema-graph\">{\"@context\":\"https:\/\/schema.org\",\"@graph\":[{\"@type\":\"WebPage\",\"@id\":\"https:\/\/www.serbis.es\/serbis\/blog\/aguas-residuales-covid-alcantarillas\/\",\"url\":\"https:\/\/www.serbis.es\/serbis\/blog\/aguas-residuales-covid-alcantarillas\/\",\"name\":\"Hacen p\u00fablica la informaci\u00f3n sobre Covid-19 en aguas residuales - Blog de Serbis\",\"isPartOf\":{\"@id\":\"https:\/\/www.serbis.es\/serbis\/blog\/#website\"},\"datePublished\":\"2021-02-18T14:11:22+00:00\",\"dateModified\":\"2021-02-18T14:12:56+00:00\",\"author\":{\"@id\":\"https:\/\/www.serbis.es\/serbis\/blog\/#\/schema\/person\/449002ed602088d1463cc28957dee9ea\"},\"breadcrumb\":{\"@id\":\"https:\/\/www.serbis.es\/serbis\/blog\/aguas-residuales-covid-alcantarillas\/#breadcrumb\"},\"inLanguage\":\"es\",\"potentialAction\":[{\"@type\":\"ReadAction\",\"target\":[\"https:\/\/www.serbis.es\/serbis\/blog\/aguas-residuales-covid-alcantarillas\/\"]}]},{\"@type\":\"BreadcrumbList\",\"@id\":\"https:\/\/www.serbis.es\/serbis\/blog\/aguas-residuales-covid-alcantarillas\/#breadcrumb\",\"itemListElement\":[{\"@type\":\"ListItem\",\"position\":1,\"name\":\"Portada\",\"item\":\"https:\/\/www.serbis.es\/serbis\/blog\/\"},{\"@type\":\"ListItem\",\"position\":2,\"name\":\"Hacen p\u00fablica la informaci\u00f3n sobre Covid-19 en aguas residuales\"}]},{\"@type\":\"WebSite\",\"@id\":\"https:\/\/www.serbis.es\/serbis\/blog\/#website\",\"url\":\"https:\/\/www.serbis.es\/serbis\/blog\/\",\"name\":\"Blog de Serbis\",\"description\":\"l\u00edderes en Espa\u00f1a en saneamiento de aguas con servicios de pocer\u00eda tradicional y sin zanjas\",\"potentialAction\":[{\"@type\":\"SearchAction\",\"target\":{\"@type\":\"EntryPoint\",\"urlTemplate\":\"https:\/\/www.serbis.es\/serbis\/blog\/?s={search_term_string}\"},\"query-input\":\"required name=search_term_string\"}],\"inLanguage\":\"es\"},{\"@type\":\"Person\",\"@id\":\"https:\/\/www.serbis.es\/serbis\/blog\/#\/schema\/person\/449002ed602088d1463cc28957dee9ea\",\"name\":\"Serbis Pocer\u00eda\",\"image\":{\"@type\":\"ImageObject\",\"inLanguage\":\"es\",\"@id\":\"https:\/\/www.serbis.es\/serbis\/blog\/#\/schema\/person\/image\/\",\"url\":\"https:\/\/secure.gravatar.com\/avatar\/1b95962073fbda6a54be252a727db96a?s=96&d=mm&r=g\",\"contentUrl\":\"https:\/\/secure.gravatar.com\/avatar\/1b95962073fbda6a54be252a727db96a?s=96&d=mm&r=g\",\"caption\":\"Serbis Pocer\u00eda\"},\"description\":\"Empresa especializada en soluciones de alcantarillado y saneamiento de agua, con gran experiencia en el sector y conocimiento de t\u00e9cnicas tanto de pocer\u00eda tradicional como de rehabilitaci\u00f3n de tuber\u00edas sin zanjas ni necesidad de obra civil\",\"sameAs\":[\"https:\/\/www.linkedin.com\/company\/poceria-serbis\",\"https:\/\/www.facebook.com\/SerbisPoceria\/\",\"https:\/\/twitter.com\/https:\/\/twitter.com\/serbis_poceria\"],\"url\":\"https:\/\/www.serbis.es\/serbis\/blog\/author\/perio_editor\/\"}]}<\/script>\n<!-- \/ Yoast SEO plugin. -->","yoast_head_json":{"title":"Hacen p\u00fablica la informaci\u00f3n sobre Covid-19 en aguas residuales - Blog de Serbis","robots":{"index":"index","follow":"follow","max-snippet":"max-snippet:-1","max-image-preview":"max-image-preview:large","max-video-preview":"max-video-preview:-1"},"canonical":"https:\/\/www.serbis.es\/serbis\/blog\/aguas-residuales-covid-alcantarillas\/","og_locale":"es_ES","og_type":"article","og_title":"Hacen p\u00fablica la informaci\u00f3n sobre Covid-19 en aguas residuales - Blog de Serbis","og_description":"Resumimos las principales noticias publicadas durante los \u00faltimos d\u00edas por los medios de comunicaci\u00f3n en el \u00e1mbito de las alcantarillas, las ca\u00f1er\u00edas, los atrancos, los atascos y las redes de alcantarillado&#8230; Comprueba qu\u00e9 dicen las aguas residuales de tu zona sobre el Covid La Comunidad de Madrid ha hecho p\u00fablicos los datos recogidos por el [&hellip;]","og_url":"https:\/\/www.serbis.es\/serbis\/blog\/aguas-residuales-covid-alcantarillas\/","og_site_name":"Blog de Serbis","article_author":"https:\/\/www.facebook.com\/SerbisPoceria\/","article_published_time":"2021-02-18T14:11:22+00:00","article_modified_time":"2021-02-18T14:12:56+00:00","og_image":[{"width":630,"height":315,"url":"https:\/\/www.serbis.es\/serbis\/blog\/wp-content\/uploads\/alcantarillas-1.jpg","type":"image\/jpeg"}],"author":"Serbis Pocer\u00eda","twitter_misc":{"Escrito por":"Serbis Pocer\u00eda","Tiempo de lectura":"4 minutos"},"schema":{"@context":"https:\/\/schema.org","@graph":[{"@type":"WebPage","@id":"https:\/\/www.serbis.es\/serbis\/blog\/aguas-residuales-covid-alcantarillas\/","url":"https:\/\/www.serbis.es\/serbis\/blog\/aguas-residuales-covid-alcantarillas\/","name":"Hacen p\u00fablica la informaci\u00f3n sobre Covid-19 en aguas residuales - Blog de Serbis","isPartOf":{"@id":"https:\/\/www.serbis.es\/serbis\/blog\/#website"},"datePublished":"2021-02-18T14:11:22+00:00","dateModified":"2021-02-18T14:12:56+00:00","author":{"@id":"https:\/\/www.serbis.es\/serbis\/blog\/#\/schema\/person\/449002ed602088d1463cc28957dee9ea"},"breadcrumb":{"@id":"https:\/\/www.serbis.es\/serbis\/blog\/aguas-residuales-covid-alcantarillas\/#breadcrumb"},"inLanguage":"es","potentialAction":[{"@type":"ReadAction","target":["https:\/\/www.serbis.es\/serbis\/blog\/aguas-residuales-covid-alcantarillas\/"]}]},{"@type":"BreadcrumbList","@id":"https:\/\/www.serbis.es\/serbis\/blog\/aguas-residuales-covid-alcantarillas\/#breadcrumb","itemListElement":[{"@type":"ListItem","position":1,"name":"Portada","item":"https:\/\/www.serbis.es\/serbis\/blog\/"},{"@type":"ListItem","position":2,"name":"Hacen p\u00fablica la informaci\u00f3n sobre Covid-19 en aguas residuales"}]},{"@type":"WebSite","@id":"https:\/\/www.serbis.es\/serbis\/blog\/#website","url":"https:\/\/www.serbis.es\/serbis\/blog\/","name":"Blog de Serbis","description":"l\u00edderes en Espa\u00f1a en saneamiento de aguas con servicios de pocer\u00eda tradicional y sin zanjas","potentialAction":[{"@type":"SearchAction","target":{"@type":"EntryPoint","urlTemplate":"https:\/\/www.serbis.es\/serbis\/blog\/?s={search_term_string}"},"query-input":"required name=search_term_string"}],"inLanguage":"es"},{"@type":"Person","@id":"https:\/\/www.serbis.es\/serbis\/blog\/#\/schema\/person\/449002ed602088d1463cc28957dee9ea","name":"Serbis Pocer\u00eda","image":{"@type":"ImageObject","inLanguage":"es","@id":"https:\/\/www.serbis.es\/serbis\/blog\/#\/schema\/person\/image\/","url":"https:\/\/secure.gravatar.com\/avatar\/1b95962073fbda6a54be252a727db96a?s=96&d=mm&r=g","contentUrl":"https:\/\/secure.gravatar.com\/avatar\/1b95962073fbda6a54be252a727db96a?s=96&d=mm&r=g","caption":"Serbis Pocer\u00eda"},"description":"Empresa especializada en soluciones de alcantarillado y saneamiento de agua, con gran experiencia en el sector y conocimiento de t\u00e9cnicas tanto de pocer\u00eda tradicional como de rehabilitaci\u00f3n de tuber\u00edas sin zanjas ni necesidad de obra civil","sameAs":["https:\/\/www.linkedin.com\/company\/poceria-serbis","https:\/\/www.facebook.com\/SerbisPoceria\/","https:\/\/twitter.com\/https:\/\/twitter.com\/serbis_poceria"],"url":"https:\/\/www.serbis.es\/serbis\/blog\/author\/perio_editor\/"}]}},"_links":{"self":[{"href":"https:\/\/www.serbis.es\/serbis\/blog\/wp-json\/wp\/v2\/posts\/2628"}],"collection":[{"href":"https:\/\/www.serbis.es\/serbis\/blog\/wp-json\/wp\/v2\/posts"}],"about":[{"href":"https:\/\/www.serbis.es\/serbis\/blog\/wp-json\/wp\/v2\/types\/post"}],"author":[{"embeddable":true,"href":"https:\/\/www.serbis.es\/serbis\/blog\/wp-json\/wp\/v2\/users\/3"}],"replies":[{"embeddable":true,"href":"https:\/\/www.serbis.es\/serbis\/blog\/wp-json\/wp\/v2\/comments?post=2628"}],"version-history":[{"count":6,"href":"https:\/\/www.serbis.es\/serbis\/blog\/wp-json\/wp\/v2\/posts\/2628\/revisions"}],"predecessor-version":[{"id":2640,"href":"https:\/\/www.serbis.es\/serbis\/blog\/wp-json\/wp\/v2\/posts\/2628\/revisions\/2640"}],"wp:featuredmedia":[{"embeddable":true,"href":"https:\/\/www.serbis.es\/serbis\/blog\/wp-json\/wp\/v2\/media\/2596"}],"wp:attachment":[{"href":"https:\/\/www.serbis.es\/serbis\/blog\/wp-json\/wp\/v2\/media?parent=2628"}],"wp:term":[{"taxonomy":"category","embeddable":true,"href":"https:\/\/www.serbis.es\/serbis\/blog\/wp-json\/wp\/v2\/categories?post=2628"},{"taxonomy":"post_tag","embeddable":true,"href":"https:\/\/www.serbis.es\/serbis\/blog\/wp-json\/wp\/v2\/tags?post=2628"}],"curies":[{"name":"wp","href":"https:\/\/api.w.org\/{rel}","templated":true}]}}