{"id":2767,"date":"2021-05-20T12:18:02","date_gmt":"2021-05-20T12:18:02","guid":{"rendered":"https:\/\/www.serbis.es\/serbis\/blog\/?p=2767"},"modified":"2021-05-20T12:18:02","modified_gmt":"2021-05-20T12:18:02","slug":"alcantarilla-romana-siglo-i","status":"publish","type":"post","link":"https:\/\/www.serbis.es\/serbis\/blog\/alcantarilla-romana-siglo-i\/","title":{"rendered":"Exploran una alcantarilla romana del siglo I"},"content":{"rendered":"<p>Resumimos las principales noticias publicadas durante los \u00faltimos d\u00edas por los medios de comunicaci\u00f3n en el \u00e1mbito de las alcantarillas, las ca\u00f1er\u00edas, los atrancos, los atascos y las redes de alcantarillado&#8230;<\/p>\n<h3>Una depuradora para salvar la costa tinerfe\u00f1a<\/h3>\n<p><img decoding=\"async\" loading=\"lazy\" class=\"size-full wp-image-2768 alignnone\" src=\"https:\/\/www.serbis.es\/serbis\/blog\/wp-content\/uploads\/aguas-residuales-tenerife.jpg\" alt=\"\" width=\"630\" height=\"315\" srcset=\"https:\/\/www.serbis.es\/serbis\/blog\/wp-content\/uploads\/aguas-residuales-tenerife.jpg 630w, https:\/\/www.serbis.es\/serbis\/blog\/wp-content\/uploads\/aguas-residuales-tenerife-300x150.jpg 300w, https:\/\/www.serbis.es\/serbis\/blog\/wp-content\/uploads\/aguas-residuales-tenerife-370x185.jpg 370w\" sizes=\"(max-width: 630px) 100vw, 630px\" \/><\/p>\n<p>Entre enero y febrero del a\u00f1o pasado <strong>fue necesario cerrar al ba\u00f1o<\/strong> el tramo de la costa tinerfe\u00f1a comprendido entre <strong>Radazul y Bocacangrejo<\/strong>, poblaciones situadas a menos de 15 kil\u00f3metros al sur de Santa Cruz de Tenerife, la capital insular. La raz\u00f3n de aquel cierre fueron varios <strong>vertidos de aguas residuales al Oc\u00e9ano Atl\u00e1ntico<\/strong> procedentes de una urbanizaci\u00f3n y un pol\u00edgono industrial situados en esa parte de la isla.<\/p>\n<p>Para que esa situaci\u00f3n no vuelva a repetirse <a href=\"https:\/\/www.eldia.es\/tenerife\/2021\/05\/17\/campana-primer-poligono-depura-aguas-51899604.html\">se va a poner en funcionamiento<\/a> la nueva <strong>estaci\u00f3n depuradora de aguas residuales (EDAR) de La Campana<\/strong>, en el municipio de El Rosario. Esta infraestructura tendr\u00e1 capacidad para tratar un caudal medio de 250 metros c\u00fabicos de aguas residuales cada d\u00eda, dar\u00e1 cobertura a las cerca de 270 empresas ubicadas en el mencionado pol\u00edgono industrial y contar\u00e1 con <strong>una estaci\u00f3n de bombeo y un moderno sistema de depuraci\u00f3n<\/strong>, entre otras instalaciones.<\/p>\n<h3>Viaje al centro de la tierra<\/h3>\n<p><img decoding=\"async\" loading=\"lazy\" class=\"size-full wp-image-2770 alignnone\" src=\"https:\/\/www.serbis.es\/serbis\/blog\/wp-content\/uploads\/poceros.jpg\" alt=\"\" width=\"630\" height=\"315\" srcset=\"https:\/\/www.serbis.es\/serbis\/blog\/wp-content\/uploads\/poceros.jpg 630w, https:\/\/www.serbis.es\/serbis\/blog\/wp-content\/uploads\/poceros-300x150.jpg 300w, https:\/\/www.serbis.es\/serbis\/blog\/wp-content\/uploads\/poceros-370x185.jpg 370w\" sizes=\"(max-width: 630px) 100vw, 630px\" \/><\/p>\n<p>Un grupo de espele\u00f3logos de la <strong>Asociaci\u00f3n Andaluza de Exploraciones Subterr\u00e1neas<\/strong> ha explorado por primera vez en muchos siglos una galer\u00eda subterr\u00e1nea de aguas residuales<strong> de la \u00e9poca Romana<\/strong>. Conocida como <strong>Mina de la calle Sevilla<\/strong>, la canalizaci\u00f3n est\u00e1 situada en el municipio sevillano de <strong>Carmona<\/strong>.<\/p>\n<p>Esta espectacular obra de ingenier\u00eda corresponde al<strong> siglo I<\/strong>, est\u00e1 situada a unos 10 metros de profundidad y tiene una <strong>longitud de cien metros<\/strong>. A lo largo del recorrido, <a href=\"https:\/\/www.niusdiario.es\/cultura\/artes\/espeleologos-arqueologos-entrar-galeria-romana-subterranea-carmona-inexplorada_18_3128745228.html\">los espele\u00f3logos se han encontrado<\/a> tramos por los que \u00fanicamente ha podido transitar uno de ellos, al ser muy estrechos, estar llenos de agua, <strong>haber sufrido derrumbamientos<\/strong> o incluso estar repletos de estalactitas.<\/p>\n<h3>Las alcantarillas de C\u00f3rdoba, contra las meadas de los perros<\/h3>\n<p><img decoding=\"async\" loading=\"lazy\" class=\"size-full wp-image-2772 alignnone\" src=\"https:\/\/www.serbis.es\/serbis\/blog\/wp-content\/uploads\/cordoba-alcantarillas.jpg\" alt=\"\" width=\"630\" height=\"315\" srcset=\"https:\/\/www.serbis.es\/serbis\/blog\/wp-content\/uploads\/cordoba-alcantarillas.jpg 630w, https:\/\/www.serbis.es\/serbis\/blog\/wp-content\/uploads\/cordoba-alcantarillas-300x150.jpg 300w, https:\/\/www.serbis.es\/serbis\/blog\/wp-content\/uploads\/cordoba-alcantarillas-370x185.jpg 370w\" sizes=\"(max-width: 630px) 100vw, 630px\" \/><\/p>\n<p>Durante los \u00faltimos tiempos se han puesto en marcha numerosas campa\u00f1as de sensibilizaci\u00f3n ciudadana vinculadas con las alcantarillas, habitualmente relacionadas con la importancia de no arrojar por ellas residuos, porque luego terminan <strong>contaminando los mares y oc\u00e9anos<\/strong>. Ahora, en C\u00f3rdoba acaban de lanzar una iniciativa que nunca hab\u00edamos visto antes, relacionada con <strong>las meadas de los perros<\/strong>.<\/p>\n<p><a href=\"https:\/\/www.cordobahoy.es\/articulo\/la-ciudad\/campana-sadeco-miccikones-canionas-llegara\/20210518195922096649.html\">La campa\u00f1a<\/a> se llama <strong>Pipic\u00e1n<\/strong> e incluye la silueta de un perro y el mensaje <strong>\u00abPip\u00ed aqu\u00ed\u00bb<\/strong> junto a diferentes puntos de la red de alcantarillado. Aunque el objetivo es reducir las micciones por la v\u00eda p\u00fablica y otras zonas de la ciudad cordobesa, <strong>no se trata de convertir las alcantarillas en inodoros,<\/strong> sino de concienciar a los vecinos sobre este problema y que se acostumbren a llevar siempre una botella con <strong>agua caliente y vinagre<\/strong> para arrojarlo sobre las micciones de sus perros.<\/p>\n<h3>Las aguas residuales invaden la casa de una familia de Alicante<\/h3>\n<p><img decoding=\"async\" loading=\"lazy\" class=\"size-full wp-image-2774 alignnone\" src=\"https:\/\/www.serbis.es\/serbis\/blog\/wp-content\/uploads\/aguas-residuales-alicante.jpg\" alt=\"\" width=\"630\" height=\"315\" srcset=\"https:\/\/www.serbis.es\/serbis\/blog\/wp-content\/uploads\/aguas-residuales-alicante.jpg 630w, https:\/\/www.serbis.es\/serbis\/blog\/wp-content\/uploads\/aguas-residuales-alicante-300x150.jpg 300w, https:\/\/www.serbis.es\/serbis\/blog\/wp-content\/uploads\/aguas-residuales-alicante-370x185.jpg 370w\" sizes=\"(max-width: 630px) 100vw, 630px\" \/><\/p>\n<p>Una familia alicantina <a href=\"https:\/\/www.cuatro.com\/cuatroaldia\/vivir-aguas-fecales-denuncia-desesperada-vecinos_18_3140820392.html\">ha denunciado<\/a> la lamentable situaci\u00f3n que sufre en su propio domicilio. Todo empez\u00f3 como <strong>un problema en la red de alcantarillado<\/strong> municipal que en teor\u00eda se solucionar\u00eda en un par de meses, pero que ya <strong>ha superado el a\u00f1o de duraci\u00f3n<\/strong>.<\/p>\n<p>Lo peor es que desde el Ayuntamiento de Alicante todav\u00eda <strong>no les han dado una soluci\u00f3n<\/strong>. Y mientras tanto, esta familia (en la que hay varios ni\u00f1os) se ve obligada a convivir diariamente con <strong>bacterias, ruidos, malos olores,<\/strong> ansiol\u00edticos y miedo a inundaciones&#8230;<\/p>\n<p>&nbsp;<\/p>\n<p>*Si quieres contarnos algo puedes llamarnos al <strong>n\u00famero de tel\u00e9fono <\/strong><strong>91 610 62 53<\/strong> y si te gusta estar informado de las noticias nacionales e internacionales m\u00e1s interesantes de las industrias de la pocer\u00eda, el alcantarillado y el saneamiento de aguas fecales, visita <a href=\"https:\/\/www.serbis.es\/\" target=\"_blank\" rel=\"noopener\"><strong>Serbis.es<\/strong><\/a> y <strong>s\u00edguenos en las redes sociales<\/strong>:<\/p>\n<p><a href=\"https:\/\/www.facebook.com\/SerbisPoceria\/\" rel=\"attachment wp-att-691\" class=\"broken_link\"><img decoding=\"async\" loading=\"lazy\" class=\"size-full wp-image-691\" src=\"https:\/\/www.serbis.es\/serbis\/blog\/wp-content\/uploads\/facebook.jpg\" alt=\"facebook\" width=\"113\" height=\"111\" \/><\/a><\/p>\n<p>&nbsp;<\/p>\n<p><a href=\"https:\/\/twitter.com\/serbis_poceria\" rel=\"attachment wp-att-692\"><img decoding=\"async\" loading=\"lazy\" class=\"size-full wp-image-692\" src=\"https:\/\/www.serbis.es\/serbis\/blog\/wp-content\/uploads\/twitter.jpg\" alt=\"twitter\" width=\"113\" height=\"111\" \/><\/a><\/p>\n<p>&nbsp;<\/p>\n<p><a href=\"https:\/\/www.instagram.com\/serbis_poceria\/\" rel=\"attachment wp-att-692\" class=\"broken_link\"><img decoding=\"async\" loading=\"lazy\" class=\"alignnone wp-image-1462 size-full\" src=\"https:\/\/www.serbis.es\/serbis\/blog\/wp-content\/uploads\/instagram.jpg\" alt=\"\" width=\"113\" height=\"111\" \/><\/a><\/p>\n<p>&nbsp;<\/p>\n<p><a href=\"https:\/\/es.linkedin.com\/company\/poceria-serbis\" rel=\"attachment wp-att-693\"><img decoding=\"async\" loading=\"lazy\" class=\"size-full wp-image-693 alignleft\" src=\"https:\/\/www.serbis.es\/serbis\/blog\/wp-content\/uploads\/linkedin.jpg\" alt=\"linkedin\" width=\"113\" height=\"111\" \/><\/a><\/p>\n<p>&nbsp;<\/p>\n<p>&nbsp;<\/p>\n<p>&nbsp;<\/p>\n<p>&nbsp;<\/p>\n<p><a href=\"https:\/\/www.youtube.com\/channel\/UCSIAPGXKlWyOmHRZo9YCpBQ\" rel=\"attachment wp-att-694\"><img decoding=\"async\" loading=\"lazy\" class=\"size-full wp-image-694 alignleft\" src=\"https:\/\/www.serbis.es\/serbis\/blog\/wp-content\/uploads\/youtube.jpg\" alt=\"youtube\" width=\"113\" height=\"111\" \/><\/a><\/p>\n<p>&nbsp;<\/p>\n<p>&nbsp;<\/p>\n<p>&nbsp;<\/p>\n<p>&nbsp;<\/p>\n<p><a href=\"https:\/\/vimeo.com\/user9248661\" rel=\"attachment wp-att-696\"><img decoding=\"async\" loading=\"lazy\" class=\"size-full wp-image-696 alignleft\" src=\"https:\/\/www.serbis.es\/serbis\/blog\/wp-content\/uploads\/vimeo.jpg\" alt=\"vimeo\" width=\"113\" height=\"111\" \/><\/a><\/p>\n<p>&nbsp;<\/p>\n<p>&nbsp;<\/p>\n<p>&nbsp;<\/p>\n<p>&nbsp;<\/p>\n<p><a href=\"https:\/\/www.flickr.com\/photos\/155074596@N06\/\" rel=\"attachment wp-att-698\"><img decoding=\"async\" loading=\"lazy\" class=\"size-full wp-image-698 alignleft\" src=\"https:\/\/www.serbis.es\/serbis\/blog\/wp-content\/uploads\/flickr.jpg\" alt=\"flickr\" width=\"113\" height=\"111\" \/><\/a><\/p>\n<p>&nbsp;<\/p>\n<p>&nbsp;<\/p>\n<p>&nbsp;<\/p>\n<p>&nbsp;<\/p>\n<p><a href=\"https:\/\/www.pinterest.es\/pin\/133348838938250902\/\" rel=\"attachment wp-att-697\"><img decoding=\"async\" loading=\"lazy\" class=\"size-full wp-image-697 alignleft\" src=\"https:\/\/www.serbis.es\/serbis\/blog\/wp-content\/uploads\/pinterest.jpg\" alt=\"pinterest\" width=\"113\" height=\"111\" \/><\/a><\/p>\n","protected":false},"excerpt":{"rendered":"<p>Resumimos las principales noticias publicadas durante los \u00faltimos d\u00edas por los medios de comunicaci\u00f3n en el \u00e1mbito de las alcantarillas, las ca\u00f1er\u00edas, los atrancos, los atascos y las redes de alcantarillado&#8230; Una depuradora para salvar la costa tinerfe\u00f1a Entre enero y febrero del a\u00f1o pasado fue necesario cerrar al ba\u00f1o el tramo de la costa [&hellip;]<\/p>\n","protected":false},"author":3,"featured_media":2770,"comment_status":"open","ping_status":"open","sticky":false,"template":"","format":"standard","meta":{"_mi_skip_tracking":false,"_monsterinsights_sitenote_active":false,"_monsterinsights_sitenote_note":"","_monsterinsights_sitenote_category":0},"categories":[17,5,2,32,19],"tags":[111,75,22,61,106,429,430],"yoast_head":"<!-- This site is optimized with the Yoast SEO plugin v20.10 - https:\/\/yoast.com\/wordpress\/plugins\/seo\/ -->\n<title>Exploran una alcantarilla romana del siglo I - Blog de Serbis<\/title>\n<meta name=\"robots\" content=\"index, follow, max-snippet:-1, max-image-preview:large, max-video-preview:-1\" \/>\n<link rel=\"canonical\" href=\"https:\/\/www.serbis.es\/serbis\/blog\/alcantarilla-romana-siglo-i\/\" \/>\n<meta property=\"og:locale\" content=\"es_ES\" \/>\n<meta property=\"og:type\" content=\"article\" \/>\n<meta property=\"og:title\" content=\"Exploran una alcantarilla romana del siglo I - Blog de Serbis\" \/>\n<meta property=\"og:description\" content=\"Resumimos las principales noticias publicadas durante los \u00faltimos d\u00edas por los medios de comunicaci\u00f3n en el \u00e1mbito de las alcantarillas, las ca\u00f1er\u00edas, los atrancos, los atascos y las redes de alcantarillado&#8230; Una depuradora para salvar la costa tinerfe\u00f1a Entre enero y febrero del a\u00f1o pasado fue necesario cerrar al ba\u00f1o el tramo de la costa [&hellip;]\" \/>\n<meta property=\"og:url\" content=\"https:\/\/www.serbis.es\/serbis\/blog\/alcantarilla-romana-siglo-i\/\" \/>\n<meta property=\"og:site_name\" content=\"Blog de Serbis\" \/>\n<meta property=\"article:author\" content=\"https:\/\/www.facebook.com\/SerbisPoceria\/\" \/>\n<meta property=\"article:published_time\" content=\"2021-05-20T12:18:02+00:00\" \/>\n<meta property=\"og:image\" content=\"https:\/\/www.serbis.es\/serbis\/blog\/wp-content\/uploads\/poceros.jpg\" \/>\n\t<meta property=\"og:image:width\" content=\"630\" \/>\n\t<meta property=\"og:image:height\" content=\"315\" \/>\n\t<meta property=\"og:image:type\" content=\"image\/jpeg\" \/>\n<meta name=\"author\" content=\"Serbis Pocer\u00eda\" \/>\n<meta name=\"twitter:label1\" content=\"Escrito por\" \/>\n\t<meta name=\"twitter:data1\" content=\"Serbis Pocer\u00eda\" \/>\n\t<meta name=\"twitter:label2\" content=\"Tiempo de lectura\" \/>\n\t<meta name=\"twitter:data2\" content=\"3 minutos\" \/>\n<script type=\"application\/ld+json\" class=\"yoast-schema-graph\">{\"@context\":\"https:\/\/schema.org\",\"@graph\":[{\"@type\":\"WebPage\",\"@id\":\"https:\/\/www.serbis.es\/serbis\/blog\/alcantarilla-romana-siglo-i\/\",\"url\":\"https:\/\/www.serbis.es\/serbis\/blog\/alcantarilla-romana-siglo-i\/\",\"name\":\"Exploran una alcantarilla romana del siglo I - Blog de Serbis\",\"isPartOf\":{\"@id\":\"https:\/\/www.serbis.es\/serbis\/blog\/#website\"},\"datePublished\":\"2021-05-20T12:18:02+00:00\",\"dateModified\":\"2021-05-20T12:18:02+00:00\",\"author\":{\"@id\":\"https:\/\/www.serbis.es\/serbis\/blog\/#\/schema\/person\/449002ed602088d1463cc28957dee9ea\"},\"breadcrumb\":{\"@id\":\"https:\/\/www.serbis.es\/serbis\/blog\/alcantarilla-romana-siglo-i\/#breadcrumb\"},\"inLanguage\":\"es\",\"potentialAction\":[{\"@type\":\"ReadAction\",\"target\":[\"https:\/\/www.serbis.es\/serbis\/blog\/alcantarilla-romana-siglo-i\/\"]}]},{\"@type\":\"BreadcrumbList\",\"@id\":\"https:\/\/www.serbis.es\/serbis\/blog\/alcantarilla-romana-siglo-i\/#breadcrumb\",\"itemListElement\":[{\"@type\":\"ListItem\",\"position\":1,\"name\":\"Portada\",\"item\":\"https:\/\/www.serbis.es\/serbis\/blog\/\"},{\"@type\":\"ListItem\",\"position\":2,\"name\":\"Exploran una alcantarilla romana del siglo I\"}]},{\"@type\":\"WebSite\",\"@id\":\"https:\/\/www.serbis.es\/serbis\/blog\/#website\",\"url\":\"https:\/\/www.serbis.es\/serbis\/blog\/\",\"name\":\"Blog de Serbis\",\"description\":\"l\u00edderes en Espa\u00f1a en saneamiento de aguas con servicios de pocer\u00eda tradicional y sin zanjas\",\"potentialAction\":[{\"@type\":\"SearchAction\",\"target\":{\"@type\":\"EntryPoint\",\"urlTemplate\":\"https:\/\/www.serbis.es\/serbis\/blog\/?s={search_term_string}\"},\"query-input\":\"required name=search_term_string\"}],\"inLanguage\":\"es\"},{\"@type\":\"Person\",\"@id\":\"https:\/\/www.serbis.es\/serbis\/blog\/#\/schema\/person\/449002ed602088d1463cc28957dee9ea\",\"name\":\"Serbis Pocer\u00eda\",\"image\":{\"@type\":\"ImageObject\",\"inLanguage\":\"es\",\"@id\":\"https:\/\/www.serbis.es\/serbis\/blog\/#\/schema\/person\/image\/\",\"url\":\"https:\/\/secure.gravatar.com\/avatar\/1b95962073fbda6a54be252a727db96a?s=96&d=mm&r=g\",\"contentUrl\":\"https:\/\/secure.gravatar.com\/avatar\/1b95962073fbda6a54be252a727db96a?s=96&d=mm&r=g\",\"caption\":\"Serbis Pocer\u00eda\"},\"description\":\"Empresa especializada en soluciones de alcantarillado y saneamiento de agua, con gran experiencia en el sector y conocimiento de t\u00e9cnicas tanto de pocer\u00eda tradicional como de rehabilitaci\u00f3n de tuber\u00edas sin zanjas ni necesidad de obra civil\",\"sameAs\":[\"https:\/\/www.linkedin.com\/company\/poceria-serbis\",\"https:\/\/www.facebook.com\/SerbisPoceria\/\",\"https:\/\/twitter.com\/https:\/\/twitter.com\/serbis_poceria\"],\"url\":\"https:\/\/www.serbis.es\/serbis\/blog\/author\/perio_editor\/\"}]}<\/script>\n<!-- \/ Yoast SEO plugin. -->","yoast_head_json":{"title":"Exploran una alcantarilla romana del siglo I - Blog de Serbis","robots":{"index":"index","follow":"follow","max-snippet":"max-snippet:-1","max-image-preview":"max-image-preview:large","max-video-preview":"max-video-preview:-1"},"canonical":"https:\/\/www.serbis.es\/serbis\/blog\/alcantarilla-romana-siglo-i\/","og_locale":"es_ES","og_type":"article","og_title":"Exploran una alcantarilla romana del siglo I - Blog de Serbis","og_description":"Resumimos las principales noticias publicadas durante los \u00faltimos d\u00edas por los medios de comunicaci\u00f3n en el \u00e1mbito de las alcantarillas, las ca\u00f1er\u00edas, los atrancos, los atascos y las redes de alcantarillado&#8230; Una depuradora para salvar la costa tinerfe\u00f1a Entre enero y febrero del a\u00f1o pasado fue necesario cerrar al ba\u00f1o el tramo de la costa [&hellip;]","og_url":"https:\/\/www.serbis.es\/serbis\/blog\/alcantarilla-romana-siglo-i\/","og_site_name":"Blog de Serbis","article_author":"https:\/\/www.facebook.com\/SerbisPoceria\/","article_published_time":"2021-05-20T12:18:02+00:00","og_image":[{"width":630,"height":315,"url":"https:\/\/www.serbis.es\/serbis\/blog\/wp-content\/uploads\/poceros.jpg","type":"image\/jpeg"}],"author":"Serbis Pocer\u00eda","twitter_misc":{"Escrito por":"Serbis Pocer\u00eda","Tiempo de lectura":"3 minutos"},"schema":{"@context":"https:\/\/schema.org","@graph":[{"@type":"WebPage","@id":"https:\/\/www.serbis.es\/serbis\/blog\/alcantarilla-romana-siglo-i\/","url":"https:\/\/www.serbis.es\/serbis\/blog\/alcantarilla-romana-siglo-i\/","name":"Exploran una alcantarilla romana del siglo I - Blog de Serbis","isPartOf":{"@id":"https:\/\/www.serbis.es\/serbis\/blog\/#website"},"datePublished":"2021-05-20T12:18:02+00:00","dateModified":"2021-05-20T12:18:02+00:00","author":{"@id":"https:\/\/www.serbis.es\/serbis\/blog\/#\/schema\/person\/449002ed602088d1463cc28957dee9ea"},"breadcrumb":{"@id":"https:\/\/www.serbis.es\/serbis\/blog\/alcantarilla-romana-siglo-i\/#breadcrumb"},"inLanguage":"es","potentialAction":[{"@type":"ReadAction","target":["https:\/\/www.serbis.es\/serbis\/blog\/alcantarilla-romana-siglo-i\/"]}]},{"@type":"BreadcrumbList","@id":"https:\/\/www.serbis.es\/serbis\/blog\/alcantarilla-romana-siglo-i\/#breadcrumb","itemListElement":[{"@type":"ListItem","position":1,"name":"Portada","item":"https:\/\/www.serbis.es\/serbis\/blog\/"},{"@type":"ListItem","position":2,"name":"Exploran una alcantarilla romana del siglo I"}]},{"@type":"WebSite","@id":"https:\/\/www.serbis.es\/serbis\/blog\/#website","url":"https:\/\/www.serbis.es\/serbis\/blog\/","name":"Blog de Serbis","description":"l\u00edderes en Espa\u00f1a en saneamiento de aguas con servicios de pocer\u00eda tradicional y sin zanjas","potentialAction":[{"@type":"SearchAction","target":{"@type":"EntryPoint","urlTemplate":"https:\/\/www.serbis.es\/serbis\/blog\/?s={search_term_string}"},"query-input":"required name=search_term_string"}],"inLanguage":"es"},{"@type":"Person","@id":"https:\/\/www.serbis.es\/serbis\/blog\/#\/schema\/person\/449002ed602088d1463cc28957dee9ea","name":"Serbis Pocer\u00eda","image":{"@type":"ImageObject","inLanguage":"es","@id":"https:\/\/www.serbis.es\/serbis\/blog\/#\/schema\/person\/image\/","url":"https:\/\/secure.gravatar.com\/avatar\/1b95962073fbda6a54be252a727db96a?s=96&d=mm&r=g","contentUrl":"https:\/\/secure.gravatar.com\/avatar\/1b95962073fbda6a54be252a727db96a?s=96&d=mm&r=g","caption":"Serbis Pocer\u00eda"},"description":"Empresa especializada en soluciones de alcantarillado y saneamiento de agua, con gran experiencia en el sector y conocimiento de t\u00e9cnicas tanto de pocer\u00eda tradicional como de rehabilitaci\u00f3n de tuber\u00edas sin zanjas ni necesidad de obra civil","sameAs":["https:\/\/www.linkedin.com\/company\/poceria-serbis","https:\/\/www.facebook.com\/SerbisPoceria\/","https:\/\/twitter.com\/https:\/\/twitter.com\/serbis_poceria"],"url":"https:\/\/www.serbis.es\/serbis\/blog\/author\/perio_editor\/"}]}},"_links":{"self":[{"href":"https:\/\/www.serbis.es\/serbis\/blog\/wp-json\/wp\/v2\/posts\/2767"}],"collection":[{"href":"https:\/\/www.serbis.es\/serbis\/blog\/wp-json\/wp\/v2\/posts"}],"about":[{"href":"https:\/\/www.serbis.es\/serbis\/blog\/wp-json\/wp\/v2\/types\/post"}],"author":[{"embeddable":true,"href":"https:\/\/www.serbis.es\/serbis\/blog\/wp-json\/wp\/v2\/users\/3"}],"replies":[{"embeddable":true,"href":"https:\/\/www.serbis.es\/serbis\/blog\/wp-json\/wp\/v2\/comments?post=2767"}],"version-history":[{"count":4,"href":"https:\/\/www.serbis.es\/serbis\/blog\/wp-json\/wp\/v2\/posts\/2767\/revisions"}],"predecessor-version":[{"id":2775,"href":"https:\/\/www.serbis.es\/serbis\/blog\/wp-json\/wp\/v2\/posts\/2767\/revisions\/2775"}],"wp:featuredmedia":[{"embeddable":true,"href":"https:\/\/www.serbis.es\/serbis\/blog\/wp-json\/wp\/v2\/media\/2770"}],"wp:attachment":[{"href":"https:\/\/www.serbis.es\/serbis\/blog\/wp-json\/wp\/v2\/media?parent=2767"}],"wp:term":[{"taxonomy":"category","embeddable":true,"href":"https:\/\/www.serbis.es\/serbis\/blog\/wp-json\/wp\/v2\/categories?post=2767"},{"taxonomy":"post_tag","embeddable":true,"href":"https:\/\/www.serbis.es\/serbis\/blog\/wp-json\/wp\/v2\/tags?post=2767"}],"curies":[{"name":"wp","href":"https:\/\/api.w.org\/{rel}","templated":true}]}}