{"id":2860,"date":"2021-07-22T15:46:21","date_gmt":"2021-07-22T15:46:21","guid":{"rendered":"https:\/\/www.serbis.es\/serbis\/blog\/?p=2860"},"modified":"2021-07-22T15:46:21","modified_gmt":"2021-07-22T15:46:21","slug":"plan-depuracion-saneamiento-espana","status":"publish","type":"post","link":"https:\/\/www.serbis.es\/serbis\/blog\/plan-depuracion-saneamiento-espana\/","title":{"rendered":"Un nuevo plan de depuraci\u00f3n y saneamiento para Espa\u00f1a"},"content":{"rendered":"<p>Resumimos las principales noticias publicadas durante los \u00faltimos d\u00edas por los medios de comunicaci\u00f3n en el \u00e1mbito de las alcantarillas, las ca\u00f1er\u00edas, los atrancos, los atascos y las redes de alcantarillado&#8230;<\/p>\n<h3>Luz verde al nuevo plan de depuraci\u00f3n y saneamiento<\/h3>\n<p><img decoding=\"async\" loading=\"lazy\" class=\"size-full wp-image-2861 alignnone\" src=\"https:\/\/www.serbis.es\/serbis\/blog\/wp-content\/uploads\/plan-depuracion-saneamiento.jpg\" alt=\"\" width=\"630\" height=\"315\" srcset=\"https:\/\/www.serbis.es\/serbis\/blog\/wp-content\/uploads\/plan-depuracion-saneamiento.jpg 630w, https:\/\/www.serbis.es\/serbis\/blog\/wp-content\/uploads\/plan-depuracion-saneamiento-300x150.jpg 300w, https:\/\/www.serbis.es\/serbis\/blog\/wp-content\/uploads\/plan-depuracion-saneamiento-370x185.jpg 370w\" sizes=\"(max-width: 630px) 100vw, 630px\" \/><\/p>\n<p>El Ministerio para la Transici\u00f3n Ecol\u00f3gica y el Reto Demogr\u00e1fico <a href=\"https:\/\/www.aguasresiduales.info\/revista\/noticias\/el-miteco-da-luz-verde-al-plan-nacional-sobre-depu-TARvP\">ha dado luz verde<\/a> al <strong>Plan Nacional de Depuraci\u00f3n, Saneamiento, Eficiencia, Ahorro y Reutilizaci\u00f3n<\/strong>, conocido como <strong>Plan DSEAR<\/strong>. De este modo, Espa\u00f1a cuenta con un nuevo marco jur\u00eddico con el que actualizar sus estrategias en pol\u00edtica de agua, saneamiento, depuraci\u00f3n y reutilizaci\u00f3n.<\/p>\n<p>El objetivo del Plan DSEAR, elaborado por el Gobierno en coordinaci\u00f3n con los distintos agentes implicados en la gesti\u00f3n del agua, es <strong>actualizar los planes hidrol\u00f3gicos, fomentar la cooperaci\u00f3n de las distintas administraciones p\u00fablicas e identificar las actuaciones<\/strong> a realizar durante los pr\u00f3ximos a\u00f1os. En concreto, las medidas incluidas en el plan deber\u00e1n materializarse en el periodo 2022-2027.<\/p>\n<h3>Espa\u00f1a lleva el saneamiento al Amazonas peruano<\/h3>\n<p><img decoding=\"async\" loading=\"lazy\" class=\"size-full wp-image-2865 alignnone\" src=\"https:\/\/www.serbis.es\/serbis\/blog\/wp-content\/uploads\/amazonas-saneamiento.jpg\" alt=\"\" width=\"630\" height=\"315\" srcset=\"https:\/\/www.serbis.es\/serbis\/blog\/wp-content\/uploads\/amazonas-saneamiento.jpg 630w, https:\/\/www.serbis.es\/serbis\/blog\/wp-content\/uploads\/amazonas-saneamiento-300x150.jpg 300w, https:\/\/www.serbis.es\/serbis\/blog\/wp-content\/uploads\/amazonas-saneamiento-370x185.jpg 370w\" sizes=\"(max-width: 630px) 100vw, 630px\" \/><\/p>\n<p>El programa <strong>Agua para la Amazon\u00eda peruana<\/strong>, desarrollado durante los \u00faltimos siete a\u00f1os, ha permitido que miles de habitantes de varias regiones de Per\u00fa <a href=\"https:\/\/www.elagoradiario.com\/agua\/colaboracion-agua-saneamiento-amazonia-peru\/\" class=\"broken_link\">hayan accedido por primera vez<\/a> a los servicios de <strong>agua potable y saneamiento<\/strong>. Detr\u00e1s de este proyecto se encuentran una organizaci\u00f3n espa\u00f1ola y otra supranacional:<strong> la Fundaci\u00f3n Aquae y Unicef<\/strong>.<\/p>\n<p>El objetivo del programa era extender los servicios relacionados con el agua a diferentes <strong>zonas agr\u00edcolas<\/strong> peruanas y actuar de manera preventiva contra algunos de los <strong>riesgos vinculados al calentamiento global<\/strong>. De este modo, miles de familias han visto c\u00f3mo sus viviendas pasaban a disponer de <strong>ba\u00f1os ecol\u00f3gicos y lavabos para el aseo diario<\/strong>, lo que supone una incuestionable mejora en su calidad de vida.<\/p>\n<h3>Las plantas depuradoras de aguas residuales, un foco de superpat\u00f3genos<\/h3>\n<p><img decoding=\"async\" loading=\"lazy\" class=\"size-full wp-image-2863 alignnone\" src=\"https:\/\/www.serbis.es\/serbis\/blog\/wp-content\/uploads\/depuradoras-aguas-residuales-patogenos.jpg\" alt=\"\" width=\"630\" height=\"315\" srcset=\"https:\/\/www.serbis.es\/serbis\/blog\/wp-content\/uploads\/depuradoras-aguas-residuales-patogenos.jpg 630w, https:\/\/www.serbis.es\/serbis\/blog\/wp-content\/uploads\/depuradoras-aguas-residuales-patogenos-300x150.jpg 300w, https:\/\/www.serbis.es\/serbis\/blog\/wp-content\/uploads\/depuradoras-aguas-residuales-patogenos-370x185.jpg 370w\" sizes=\"(max-width: 630px) 100vw, 630px\" \/><\/p>\n<p><a href=\"https:\/\/www.agenciasinc.es\/Noticias\/Las-bacterias-superresistentes-de-las-plantas-depuradoras-amenazan-la-salud-global\">Una investigaci\u00f3n cient\u00edfica<\/a> ha demostrado que las plantas de depuraci\u00f3n y tratamiento de aguas residuales que utilizan <strong>biotecnolog\u00edas ambientales<\/strong> constituyen el hogar perfecto para los superpat\u00f3genos que amenazan nuestra salud. En concreto, el estudio indica que los microbios utilizados son v\u00e1lidos para purificar las aguas, pero conllevan serios peligros por <strong>incubar pat\u00f3genos y genes de resistencia antimicrobiana<\/strong>.<\/p>\n<p>A largo plazo, los pat\u00f3genos nacidos en las estaciones depuradoras de aguas residuales se multiplican y transforman para sobrevivir, <strong>aumentando su resistencia a los medicamentos antimicrobianos.<\/strong> Estos peligrosos superpat\u00f3genos suponen una amenaza para los humanos, a los que pueden contaminar<strong> a trav\u00e9s del contacto con aguas regeneradas, con aerosoles o a trav\u00e9s de los alimentos<\/strong> surgidos de los cultivos que son regados con las aguas procedentes de las plantas de tratamiento.<\/p>\n<h3>Unas alcantarillas del siglo XXI para Barcelona<\/h3>\n<p><img decoding=\"async\" loading=\"lazy\" class=\"size-full wp-image-2868 alignnone\" src=\"https:\/\/www.serbis.es\/serbis\/blog\/wp-content\/uploads\/alcantarillado-barcelona-digital.jpg\" alt=\"\" width=\"630\" height=\"315\" srcset=\"https:\/\/www.serbis.es\/serbis\/blog\/wp-content\/uploads\/alcantarillado-barcelona-digital.jpg 630w, https:\/\/www.serbis.es\/serbis\/blog\/wp-content\/uploads\/alcantarillado-barcelona-digital-300x150.jpg 300w, https:\/\/www.serbis.es\/serbis\/blog\/wp-content\/uploads\/alcantarillado-barcelona-digital-370x185.jpg 370w\" sizes=\"(max-width: 630px) 100vw, 630px\" \/><\/p>\n<p>Analizar <strong>los h\u00e1bitos alimenticios y la resistencia a los antibi\u00f3ticos<\/strong> de un determinado grupo de habitantes o evaluar los daos ambientales producidos por los aceites y la grasa&#8230; Estas son algunas de las tareas que <a href=\"https:\/\/espanol.cgtn.com\/n\/2021-07-22\/FFdDIA\/la-digitalizacion-del-alcantarillado-en-barcelona-generara-beneficios-para-las-necesidades-de-la-ciudad\/index.html\">podr\u00e1n hacerse con mucha m\u00e1s precisi\u00f3n en Barcelona<\/a> gracias a <strong>ScoreWater<\/strong>, un proyecto que <strong>monitoriza los sistemas de saneamiento de aguas residuales<\/strong> de Barcelona.<\/p>\n<p>El objetivo de esta iniciativa es utilizar toda la informaci\u00f3n recabada en las alcantarillas para <strong>digitalizar los servicios h\u00eddricos<\/strong> de la ciudad. Para conseguirlo, el proyecto analiza la gesti\u00f3n de las aguas residuales, pero tambi\u00e9n los h\u00e1bitos de consumo o los factores sanitarios de los distintos barrios de Barcelona. El programa cuenta con <strong>el respaldo de la Uni\u00f3n Europea<\/strong> y pretende convertirse en la base del <strong>alcantarillado del siglo XXI<\/strong>.<\/p>\n<p>&nbsp;<\/p>\n<p>*Si quieres contarnos algo puedes llamarnos al <strong>n\u00famero de tel\u00e9fono <\/strong><strong>91 610 62 53<\/strong> y si te gusta estar informado de las noticias nacionales e internacionales m\u00e1s interesantes de las industrias de la pocer\u00eda, el alcantarillado y el saneamiento de aguas fecales, visita <a href=\"https:\/\/www.serbis.es\/\" target=\"_blank\" rel=\"noopener\"><strong>Serbis.es<\/strong><\/a> y <strong>s\u00edguenos en las redes sociales<\/strong>:<\/p>\n<p><a href=\"https:\/\/www.facebook.com\/SerbisPoceria\/\" rel=\"attachment wp-att-691\" class=\"broken_link\"><img decoding=\"async\" loading=\"lazy\" class=\"size-full wp-image-691\" src=\"https:\/\/www.serbis.es\/serbis\/blog\/wp-content\/uploads\/facebook.jpg\" alt=\"facebook\" width=\"113\" height=\"111\" \/><\/a><\/p>\n<p>&nbsp;<\/p>\n<p><a href=\"https:\/\/twitter.com\/serbis_poceria\" rel=\"attachment wp-att-692\"><img decoding=\"async\" loading=\"lazy\" class=\"size-full wp-image-692\" src=\"https:\/\/www.serbis.es\/serbis\/blog\/wp-content\/uploads\/twitter.jpg\" alt=\"twitter\" width=\"113\" height=\"111\" \/><\/a><\/p>\n<p>&nbsp;<\/p>\n<p><a href=\"https:\/\/www.instagram.com\/serbis_poceria\/\" rel=\"attachment wp-att-692\" class=\"broken_link\"><img decoding=\"async\" loading=\"lazy\" class=\"alignnone wp-image-1462 size-full\" src=\"https:\/\/www.serbis.es\/serbis\/blog\/wp-content\/uploads\/instagram.jpg\" alt=\"\" width=\"113\" height=\"111\" \/><\/a><\/p>\n<p>&nbsp;<\/p>\n<p><a href=\"https:\/\/es.linkedin.com\/company\/poceria-serbis\" rel=\"attachment wp-att-693\"><img decoding=\"async\" loading=\"lazy\" class=\"size-full wp-image-693 alignleft\" src=\"https:\/\/www.serbis.es\/serbis\/blog\/wp-content\/uploads\/linkedin.jpg\" alt=\"linkedin\" width=\"113\" height=\"111\" \/><\/a><\/p>\n<p>&nbsp;<\/p>\n<p>&nbsp;<\/p>\n<p>&nbsp;<\/p>\n<p>&nbsp;<\/p>\n<p><a href=\"https:\/\/www.youtube.com\/channel\/UCSIAPGXKlWyOmHRZo9YCpBQ\" rel=\"attachment wp-att-694\"><img decoding=\"async\" loading=\"lazy\" class=\"size-full wp-image-694 alignleft\" src=\"https:\/\/www.serbis.es\/serbis\/blog\/wp-content\/uploads\/youtube.jpg\" alt=\"youtube\" width=\"113\" height=\"111\" \/><\/a><\/p>\n<p>&nbsp;<\/p>\n<p>&nbsp;<\/p>\n<p>&nbsp;<\/p>\n<p>&nbsp;<\/p>\n<p><a href=\"https:\/\/vimeo.com\/user9248661\" rel=\"attachment wp-att-696\"><img decoding=\"async\" loading=\"lazy\" class=\"size-full wp-image-696 alignleft\" src=\"https:\/\/www.serbis.es\/serbis\/blog\/wp-content\/uploads\/vimeo.jpg\" alt=\"vimeo\" width=\"113\" height=\"111\" \/><\/a><\/p>\n<p>&nbsp;<\/p>\n<p>&nbsp;<\/p>\n<p>&nbsp;<\/p>\n<p>&nbsp;<\/p>\n<p><a href=\"https:\/\/www.flickr.com\/photos\/155074596@N06\/\" rel=\"attachment wp-att-698\"><img decoding=\"async\" loading=\"lazy\" class=\"size-full wp-image-698 alignleft\" src=\"https:\/\/www.serbis.es\/serbis\/blog\/wp-content\/uploads\/flickr.jpg\" alt=\"flickr\" width=\"113\" height=\"111\" \/><\/a><\/p>\n<p>&nbsp;<\/p>\n<p>&nbsp;<\/p>\n<p>&nbsp;<\/p>\n<p>&nbsp;<\/p>\n<p><a href=\"https:\/\/www.pinterest.es\/pin\/133348838938250902\/\" rel=\"attachment wp-att-697\"><img decoding=\"async\" loading=\"lazy\" class=\"size-full wp-image-697 alignleft\" src=\"https:\/\/www.serbis.es\/serbis\/blog\/wp-content\/uploads\/pinterest.jpg\" alt=\"pinterest\" width=\"113\" height=\"111\" \/><\/a><\/p>\n","protected":false},"excerpt":{"rendered":"<p>Resumimos las principales noticias publicadas durante los \u00faltimos d\u00edas por los medios de comunicaci\u00f3n en el \u00e1mbito de las alcantarillas, las ca\u00f1er\u00edas, los atrancos, los atascos y las redes de alcantarillado&#8230; Luz verde al nuevo plan de depuraci\u00f3n y saneamiento El Ministerio para la Transici\u00f3n Ecol\u00f3gica y el Reto Demogr\u00e1fico ha dado luz verde al [&hellip;]<\/p>\n","protected":false},"author":3,"featured_media":2868,"comment_status":"open","ping_status":"open","sticky":false,"template":"","format":"standard","meta":{"_mi_skip_tracking":false,"_monsterinsights_sitenote_active":false,"_monsterinsights_sitenote_note":"","_monsterinsights_sitenote_category":0},"categories":[17,5,2,32],"tags":[22,61,350,181,351],"yoast_head":"<!-- This site is optimized with the Yoast SEO plugin v20.10 - https:\/\/yoast.com\/wordpress\/plugins\/seo\/ -->\n<title>Un nuevo plan de depuraci\u00f3n y saneamiento para Espa\u00f1a - Blog de Serbis<\/title>\n<meta name=\"robots\" content=\"index, follow, max-snippet:-1, max-image-preview:large, max-video-preview:-1\" \/>\n<link rel=\"canonical\" href=\"https:\/\/www.serbis.es\/serbis\/blog\/plan-depuracion-saneamiento-espana\/\" \/>\n<meta property=\"og:locale\" content=\"es_ES\" \/>\n<meta property=\"og:type\" content=\"article\" \/>\n<meta property=\"og:title\" content=\"Un nuevo plan de depuraci\u00f3n y saneamiento para Espa\u00f1a - Blog de Serbis\" \/>\n<meta property=\"og:description\" content=\"Resumimos las principales noticias publicadas durante los \u00faltimos d\u00edas por los medios de comunicaci\u00f3n en el \u00e1mbito de las alcantarillas, las ca\u00f1er\u00edas, los atrancos, los atascos y las redes de alcantarillado&#8230; Luz verde al nuevo plan de depuraci\u00f3n y saneamiento El Ministerio para la Transici\u00f3n Ecol\u00f3gica y el Reto Demogr\u00e1fico ha dado luz verde al [&hellip;]\" \/>\n<meta property=\"og:url\" content=\"https:\/\/www.serbis.es\/serbis\/blog\/plan-depuracion-saneamiento-espana\/\" \/>\n<meta property=\"og:site_name\" content=\"Blog de Serbis\" \/>\n<meta property=\"article:author\" content=\"https:\/\/www.facebook.com\/SerbisPoceria\/\" \/>\n<meta property=\"article:published_time\" content=\"2021-07-22T15:46:21+00:00\" \/>\n<meta property=\"og:image\" content=\"https:\/\/www.serbis.es\/serbis\/blog\/wp-content\/uploads\/alcantarillado-barcelona-digital.jpg\" \/>\n\t<meta property=\"og:image:width\" content=\"630\" \/>\n\t<meta property=\"og:image:height\" content=\"315\" \/>\n\t<meta property=\"og:image:type\" content=\"image\/jpeg\" \/>\n<meta name=\"author\" content=\"Serbis Pocer\u00eda\" \/>\n<meta name=\"twitter:label1\" content=\"Escrito por\" \/>\n\t<meta name=\"twitter:data1\" content=\"Serbis Pocer\u00eda\" \/>\n\t<meta name=\"twitter:label2\" content=\"Tiempo de lectura\" \/>\n\t<meta name=\"twitter:data2\" content=\"3 minutos\" \/>\n<script type=\"application\/ld+json\" class=\"yoast-schema-graph\">{\"@context\":\"https:\/\/schema.org\",\"@graph\":[{\"@type\":\"WebPage\",\"@id\":\"https:\/\/www.serbis.es\/serbis\/blog\/plan-depuracion-saneamiento-espana\/\",\"url\":\"https:\/\/www.serbis.es\/serbis\/blog\/plan-depuracion-saneamiento-espana\/\",\"name\":\"Un nuevo plan de depuraci\u00f3n y saneamiento para Espa\u00f1a - Blog de Serbis\",\"isPartOf\":{\"@id\":\"https:\/\/www.serbis.es\/serbis\/blog\/#website\"},\"datePublished\":\"2021-07-22T15:46:21+00:00\",\"dateModified\":\"2021-07-22T15:46:21+00:00\",\"author\":{\"@id\":\"https:\/\/www.serbis.es\/serbis\/blog\/#\/schema\/person\/449002ed602088d1463cc28957dee9ea\"},\"breadcrumb\":{\"@id\":\"https:\/\/www.serbis.es\/serbis\/blog\/plan-depuracion-saneamiento-espana\/#breadcrumb\"},\"inLanguage\":\"es\",\"potentialAction\":[{\"@type\":\"ReadAction\",\"target\":[\"https:\/\/www.serbis.es\/serbis\/blog\/plan-depuracion-saneamiento-espana\/\"]}]},{\"@type\":\"BreadcrumbList\",\"@id\":\"https:\/\/www.serbis.es\/serbis\/blog\/plan-depuracion-saneamiento-espana\/#breadcrumb\",\"itemListElement\":[{\"@type\":\"ListItem\",\"position\":1,\"name\":\"Portada\",\"item\":\"https:\/\/www.serbis.es\/serbis\/blog\/\"},{\"@type\":\"ListItem\",\"position\":2,\"name\":\"Un nuevo plan de depuraci\u00f3n y saneamiento para Espa\u00f1a\"}]},{\"@type\":\"WebSite\",\"@id\":\"https:\/\/www.serbis.es\/serbis\/blog\/#website\",\"url\":\"https:\/\/www.serbis.es\/serbis\/blog\/\",\"name\":\"Blog de Serbis\",\"description\":\"l\u00edderes en Espa\u00f1a en saneamiento de aguas con servicios de pocer\u00eda tradicional y sin zanjas\",\"potentialAction\":[{\"@type\":\"SearchAction\",\"target\":{\"@type\":\"EntryPoint\",\"urlTemplate\":\"https:\/\/www.serbis.es\/serbis\/blog\/?s={search_term_string}\"},\"query-input\":\"required name=search_term_string\"}],\"inLanguage\":\"es\"},{\"@type\":\"Person\",\"@id\":\"https:\/\/www.serbis.es\/serbis\/blog\/#\/schema\/person\/449002ed602088d1463cc28957dee9ea\",\"name\":\"Serbis Pocer\u00eda\",\"image\":{\"@type\":\"ImageObject\",\"inLanguage\":\"es\",\"@id\":\"https:\/\/www.serbis.es\/serbis\/blog\/#\/schema\/person\/image\/\",\"url\":\"https:\/\/secure.gravatar.com\/avatar\/1b95962073fbda6a54be252a727db96a?s=96&d=mm&r=g\",\"contentUrl\":\"https:\/\/secure.gravatar.com\/avatar\/1b95962073fbda6a54be252a727db96a?s=96&d=mm&r=g\",\"caption\":\"Serbis Pocer\u00eda\"},\"description\":\"Empresa especializada en soluciones de alcantarillado y saneamiento de agua, con gran experiencia en el sector y conocimiento de t\u00e9cnicas tanto de pocer\u00eda tradicional como de rehabilitaci\u00f3n de tuber\u00edas sin zanjas ni necesidad de obra civil\",\"sameAs\":[\"https:\/\/www.linkedin.com\/company\/poceria-serbis\",\"https:\/\/www.facebook.com\/SerbisPoceria\/\",\"https:\/\/twitter.com\/https:\/\/twitter.com\/serbis_poceria\"],\"url\":\"https:\/\/www.serbis.es\/serbis\/blog\/author\/perio_editor\/\"}]}<\/script>\n<!-- \/ Yoast SEO plugin. -->","yoast_head_json":{"title":"Un nuevo plan de depuraci\u00f3n y saneamiento para Espa\u00f1a - Blog de Serbis","robots":{"index":"index","follow":"follow","max-snippet":"max-snippet:-1","max-image-preview":"max-image-preview:large","max-video-preview":"max-video-preview:-1"},"canonical":"https:\/\/www.serbis.es\/serbis\/blog\/plan-depuracion-saneamiento-espana\/","og_locale":"es_ES","og_type":"article","og_title":"Un nuevo plan de depuraci\u00f3n y saneamiento para Espa\u00f1a - Blog de Serbis","og_description":"Resumimos las principales noticias publicadas durante los \u00faltimos d\u00edas por los medios de comunicaci\u00f3n en el \u00e1mbito de las alcantarillas, las ca\u00f1er\u00edas, los atrancos, los atascos y las redes de alcantarillado&#8230; Luz verde al nuevo plan de depuraci\u00f3n y saneamiento El Ministerio para la Transici\u00f3n Ecol\u00f3gica y el Reto Demogr\u00e1fico ha dado luz verde al [&hellip;]","og_url":"https:\/\/www.serbis.es\/serbis\/blog\/plan-depuracion-saneamiento-espana\/","og_site_name":"Blog de Serbis","article_author":"https:\/\/www.facebook.com\/SerbisPoceria\/","article_published_time":"2021-07-22T15:46:21+00:00","og_image":[{"width":630,"height":315,"url":"https:\/\/www.serbis.es\/serbis\/blog\/wp-content\/uploads\/alcantarillado-barcelona-digital.jpg","type":"image\/jpeg"}],"author":"Serbis Pocer\u00eda","twitter_misc":{"Escrito por":"Serbis Pocer\u00eda","Tiempo de lectura":"3 minutos"},"schema":{"@context":"https:\/\/schema.org","@graph":[{"@type":"WebPage","@id":"https:\/\/www.serbis.es\/serbis\/blog\/plan-depuracion-saneamiento-espana\/","url":"https:\/\/www.serbis.es\/serbis\/blog\/plan-depuracion-saneamiento-espana\/","name":"Un nuevo plan de depuraci\u00f3n y saneamiento para Espa\u00f1a - Blog de Serbis","isPartOf":{"@id":"https:\/\/www.serbis.es\/serbis\/blog\/#website"},"datePublished":"2021-07-22T15:46:21+00:00","dateModified":"2021-07-22T15:46:21+00:00","author":{"@id":"https:\/\/www.serbis.es\/serbis\/blog\/#\/schema\/person\/449002ed602088d1463cc28957dee9ea"},"breadcrumb":{"@id":"https:\/\/www.serbis.es\/serbis\/blog\/plan-depuracion-saneamiento-espana\/#breadcrumb"},"inLanguage":"es","potentialAction":[{"@type":"ReadAction","target":["https:\/\/www.serbis.es\/serbis\/blog\/plan-depuracion-saneamiento-espana\/"]}]},{"@type":"BreadcrumbList","@id":"https:\/\/www.serbis.es\/serbis\/blog\/plan-depuracion-saneamiento-espana\/#breadcrumb","itemListElement":[{"@type":"ListItem","position":1,"name":"Portada","item":"https:\/\/www.serbis.es\/serbis\/blog\/"},{"@type":"ListItem","position":2,"name":"Un nuevo plan de depuraci\u00f3n y saneamiento para Espa\u00f1a"}]},{"@type":"WebSite","@id":"https:\/\/www.serbis.es\/serbis\/blog\/#website","url":"https:\/\/www.serbis.es\/serbis\/blog\/","name":"Blog de Serbis","description":"l\u00edderes en Espa\u00f1a en saneamiento de aguas con servicios de pocer\u00eda tradicional y sin zanjas","potentialAction":[{"@type":"SearchAction","target":{"@type":"EntryPoint","urlTemplate":"https:\/\/www.serbis.es\/serbis\/blog\/?s={search_term_string}"},"query-input":"required name=search_term_string"}],"inLanguage":"es"},{"@type":"Person","@id":"https:\/\/www.serbis.es\/serbis\/blog\/#\/schema\/person\/449002ed602088d1463cc28957dee9ea","name":"Serbis Pocer\u00eda","image":{"@type":"ImageObject","inLanguage":"es","@id":"https:\/\/www.serbis.es\/serbis\/blog\/#\/schema\/person\/image\/","url":"https:\/\/secure.gravatar.com\/avatar\/1b95962073fbda6a54be252a727db96a?s=96&d=mm&r=g","contentUrl":"https:\/\/secure.gravatar.com\/avatar\/1b95962073fbda6a54be252a727db96a?s=96&d=mm&r=g","caption":"Serbis Pocer\u00eda"},"description":"Empresa especializada en soluciones de alcantarillado y saneamiento de agua, con gran experiencia en el sector y conocimiento de t\u00e9cnicas tanto de pocer\u00eda tradicional como de rehabilitaci\u00f3n de tuber\u00edas sin zanjas ni necesidad de obra civil","sameAs":["https:\/\/www.linkedin.com\/company\/poceria-serbis","https:\/\/www.facebook.com\/SerbisPoceria\/","https:\/\/twitter.com\/https:\/\/twitter.com\/serbis_poceria"],"url":"https:\/\/www.serbis.es\/serbis\/blog\/author\/perio_editor\/"}]}},"_links":{"self":[{"href":"https:\/\/www.serbis.es\/serbis\/blog\/wp-json\/wp\/v2\/posts\/2860"}],"collection":[{"href":"https:\/\/www.serbis.es\/serbis\/blog\/wp-json\/wp\/v2\/posts"}],"about":[{"href":"https:\/\/www.serbis.es\/serbis\/blog\/wp-json\/wp\/v2\/types\/post"}],"author":[{"embeddable":true,"href":"https:\/\/www.serbis.es\/serbis\/blog\/wp-json\/wp\/v2\/users\/3"}],"replies":[{"embeddable":true,"href":"https:\/\/www.serbis.es\/serbis\/blog\/wp-json\/wp\/v2\/comments?post=2860"}],"version-history":[{"count":4,"href":"https:\/\/www.serbis.es\/serbis\/blog\/wp-json\/wp\/v2\/posts\/2860\/revisions"}],"predecessor-version":[{"id":2869,"href":"https:\/\/www.serbis.es\/serbis\/blog\/wp-json\/wp\/v2\/posts\/2860\/revisions\/2869"}],"wp:featuredmedia":[{"embeddable":true,"href":"https:\/\/www.serbis.es\/serbis\/blog\/wp-json\/wp\/v2\/media\/2868"}],"wp:attachment":[{"href":"https:\/\/www.serbis.es\/serbis\/blog\/wp-json\/wp\/v2\/media?parent=2860"}],"wp:term":[{"taxonomy":"category","embeddable":true,"href":"https:\/\/www.serbis.es\/serbis\/blog\/wp-json\/wp\/v2\/categories?post=2860"},{"taxonomy":"post_tag","embeddable":true,"href":"https:\/\/www.serbis.es\/serbis\/blog\/wp-json\/wp\/v2\/tags?post=2860"}],"curies":[{"name":"wp","href":"https:\/\/api.w.org\/{rel}","templated":true}]}}