{"id":2970,"date":"2021-10-07T07:40:20","date_gmt":"2021-10-07T07:40:20","guid":{"rendered":"https:\/\/www.serbis.es\/serbis\/blog\/?p=2970"},"modified":"2021-10-07T07:40:20","modified_gmt":"2021-10-07T07:40:20","slug":"alcantarillas-la-palma-volcan","status":"publish","type":"post","link":"https:\/\/www.serbis.es\/serbis\/blog\/alcantarillas-la-palma-volcan\/","title":{"rendered":"Riesgo de inundaciones en La Palma por las cenizas del volc\u00e1n"},"content":{"rendered":"<p>Resumimos las principales noticias publicadas durante los \u00faltimos d\u00edas por los medios de comunicaci\u00f3n en el \u00e1mbito de las alcantarillas, las ca\u00f1er\u00edas, los atrancos, los atascos y las redes de alcantarillado&#8230;<\/p>\n<h3>El volc\u00e1n llena de ceniza las alcantarillas de La Palma<\/h3>\n<p><img decoding=\"async\" loading=\"lazy\" class=\"size-full wp-image-2975 alignnone\" src=\"https:\/\/www.serbis.es\/serbis\/blog\/wp-content\/uploads\/ceniza-alcantarillas-la-palma.jpg\" alt=\"\" width=\"630\" height=\"315\" srcset=\"https:\/\/www.serbis.es\/serbis\/blog\/wp-content\/uploads\/ceniza-alcantarillas-la-palma.jpg 630w, https:\/\/www.serbis.es\/serbis\/blog\/wp-content\/uploads\/ceniza-alcantarillas-la-palma-300x150.jpg 300w, https:\/\/www.serbis.es\/serbis\/blog\/wp-content\/uploads\/ceniza-alcantarillas-la-palma-370x185.jpg 370w\" sizes=\"(max-width: 630px) 100vw, 630px\" \/><\/p>\n<p>La isla de <strong>La Palma<\/strong> sigue sufriendo su particular tormenta perfecta como consecuencia de <strong>la erupci\u00f3n del volc\u00e1n de Cumbre Vieja<\/strong>. Si no era suficiente con la desaparici\u00f3n de pueblos enteros absorbidos por la lava, ahora se corre el <strong>riesgo de sufrir inundaciones<\/strong> por el colapso de las alcantarillas.<\/p>\n<p>La raz\u00f3n es sencilla: la ceniza esparcida por toda la isla no solo ensucia calles y coches, sino que tambi\u00e9n termina deposit\u00e1ndose <a href=\"https:\/\/www.cuatro.com\/cuatroaldia\/peligros-ceniza-volcan-la-palma-alcantarillas-inundaciones-tejados-derrumbes_18_3213274847.html\">en las bocas de la red de alcantarillado<\/a>. En caso de lluvia, <strong>esta ceniza se transformar\u00eda en una peligrosa pasta<\/strong> que podr\u00eda atascar el sistema de saneamiento de aguas residuales, <strong>provocando inundaciones<\/strong>. Por esta raz\u00f3n, los operarios de pocer\u00eda de <strong>la m\u00e1s bonita de las Islas Canarias<\/strong> est\u00e1n desatascando las alcantarillas.<\/p>\n<h3>La ciudad de Toledo ampl\u00eda su red de alcantarillado<\/h3>\n<p><img decoding=\"async\" loading=\"lazy\" class=\"size-full wp-image-2971 alignnone\" src=\"https:\/\/www.serbis.es\/serbis\/blog\/wp-content\/uploads\/alcantarillado-toledo.jpg\" alt=\"\" width=\"630\" height=\"315\" srcset=\"https:\/\/www.serbis.es\/serbis\/blog\/wp-content\/uploads\/alcantarillado-toledo.jpg 630w, https:\/\/www.serbis.es\/serbis\/blog\/wp-content\/uploads\/alcantarillado-toledo-300x150.jpg 300w, https:\/\/www.serbis.es\/serbis\/blog\/wp-content\/uploads\/alcantarillado-toledo-370x185.jpg 370w\" sizes=\"(max-width: 630px) 100vw, 630px\" \/><\/p>\n<p>Las fuertes lluvias registradas durante los \u00faltimos tiempos han puesto de manifiesto la necesidad de <strong>modernizar el sistema de alcantarillado<\/strong> de la ciudad de Toledo. En concreto, los trabajos se concentrar\u00e1n <strong>en la zona del bulevar<\/strong> de la capital de Castilla-La Mancha, donde las tormentas suelen traducirse en episodios de<strong> fuertes inundaciones.<\/strong><\/p>\n<p><a href=\"https:\/\/www.latribunadetoledo.es\/Noticia\/Z52F335F0-D7AC-4C58-4F92BE99631AE7E7\/202110\/El-Ayuntamiento-ampliara-el-alcantarillado-del-bulevar\">Una de las primeras actuaciones<\/a> ser\u00e1<strong> la ampliaci\u00f3n de algunos desag\u00fces<\/strong> que ya existen, pero cuya capacidad se ha demostrado insuficiente en cap\u00edtulos de fuertes tormentas. Tambi\u00e9n se va a acometer <strong>una nueva canalizaci\u00f3n<\/strong> con el objetivo de evacuar las aguas de las viviendas y llevarlas hasta el r\u00edo Tajo. Finalmente, el Ayuntamiento de Toledo<strong> limpiar\u00e1 el arroyo<\/strong>, actualmente repleto de piedras y residuos, para posteriormente acondicionarlo.<\/p>\n<h3>Vilagarc\u00eda de Arousa utiliza c\u00e1maras para detectar vertidos<\/h3>\n<p><img decoding=\"async\" loading=\"lazy\" class=\"size-full wp-image-2973 alignnone\" src=\"https:\/\/www.serbis.es\/serbis\/blog\/wp-content\/uploads\/vertidos-vilagarcia-arousa.jpg\" alt=\"\" width=\"630\" height=\"315\" srcset=\"https:\/\/www.serbis.es\/serbis\/blog\/wp-content\/uploads\/vertidos-vilagarcia-arousa.jpg 630w, https:\/\/www.serbis.es\/serbis\/blog\/wp-content\/uploads\/vertidos-vilagarcia-arousa-300x150.jpg 300w, https:\/\/www.serbis.es\/serbis\/blog\/wp-content\/uploads\/vertidos-vilagarcia-arousa-370x185.jpg 370w\" sizes=\"(max-width: 630px) 100vw, 630px\" \/><\/p>\n<p>El Ayuntamiento de <strong>Vilagarc\u00eda de Arousa<\/strong>, en la provincia gallega de <strong>Pontevedra<\/strong>, ha tenido que recurrir a <strong>c\u00e1maras de vigilancia por control remoto<\/strong> para detectar <a href=\"https:\/\/www.lavozdegalicia.es\/noticia\/somosmar\/2021\/10\/05\/colocan-camaras-alcantarillas-detectar-vertidos-aguas-puerto\/0003_202110A5C3993.htm\">el origen de unos vertidos de aguas residuales<\/a><strong> en el puerto<\/strong> de la localidad. La investigaci\u00f3n ha durado m\u00e1s de un a\u00f1o, pero finalmente ha permitido encontrar el origen del problema.<\/p>\n<p>Las c\u00e1maras inicialmente vigilaban el interior de<strong> las canalizaciones de la red de saneamiento<\/strong> de aguas residuales en busca de posibles fisuras que fueran responsables de los vertidos. Al no encontrarlas, hubo que ampliar el \u00e1mbito de actuaci\u00f3n, hasta que finalmente se descubri\u00f3 que dos edificios del municipio<strong> ten\u00edan conectadas sus tuber\u00edas a la red pluvial<\/strong> en lugar de al sistema de alcantarillado.<\/p>\n<h3>Las alcantarillas ayudaron a los jud\u00edos ucranianos a escapar de los nazis<\/h3>\n<p><img decoding=\"async\" loading=\"lazy\" class=\"size-full wp-image-2977 alignnone\" src=\"https:\/\/www.serbis.es\/serbis\/blog\/wp-content\/uploads\/alcantarillas-ucrania-segunda-guerra-mundial.jpg\" alt=\"\" width=\"630\" height=\"315\" srcset=\"https:\/\/www.serbis.es\/serbis\/blog\/wp-content\/uploads\/alcantarillas-ucrania-segunda-guerra-mundial.jpg 630w, https:\/\/www.serbis.es\/serbis\/blog\/wp-content\/uploads\/alcantarillas-ucrania-segunda-guerra-mundial-300x150.jpg 300w, https:\/\/www.serbis.es\/serbis\/blog\/wp-content\/uploads\/alcantarillas-ucrania-segunda-guerra-mundial-370x185.jpg 370w\" sizes=\"(max-width: 630px) 100vw, 630px\" \/><\/p>\n<p><strong>Las alcantarillas albergan en su interior much\u00edsima historia<\/strong>. No solo porque en algunos casos su construcci\u00f3n data de \u00e9pocas tan remotas como el Imperio Romano, sino porque han jugado un papel protagonista en algunos de los acontecimientos m\u00e1s importantes de la historia. Es el caso del <strong>sistema de alcantarillado de la ciudad de Lviv, en Ucrania<\/strong>, que fue trascendental durante la Segunda Guerra Mundial.<\/p>\n<p>En concreto, decenas de jud\u00edos ucranianos pudieron escapar del horror nazi <strong>excavando t\u00faneles desde sus viviendas hasta las cloacas<\/strong> cuando las fuerzas alemanas ocuparon la ciudad. Ahora, <a href=\"https:\/\/www.infobae.com\/america\/mundo\/2021\/10\/06\/la-red-de-tuneles-y-escondites-subterraneos-que-usaron-los-judios-para-escapar-de-los-nazis-en-ucrania\/\">un equipo de investigadores ha descubierto<\/a> algunos de esos <strong>refugios y escondites<\/strong> que aquellos ucranianos hab\u00edan construido con sus propias manos (en muchos casos, con un simple martillo), durante su incursi\u00f3n <strong>hacia las profundidades de la red de saneamiento<\/strong> de aguas residuales.<\/p>\n<p>&nbsp;<\/p>\n<p>*Si quieres contarnos algo puedes llamarnos al <strong>n\u00famero de tel\u00e9fono <\/strong><strong>91 610 62 53<\/strong> y si te gusta estar informado de las noticias nacionales e internacionales m\u00e1s interesantes de las industrias de la pocer\u00eda, el alcantarillado y el saneamiento de aguas fecales, visita <a href=\"https:\/\/www.serbis.es\/\" target=\"_blank\" rel=\"noopener\"><strong>Serbis.es<\/strong><\/a> y <strong>s\u00edguenos en las redes sociales<\/strong>:<\/p>\n<p><a href=\"https:\/\/www.facebook.com\/SerbisPoceria\/\" rel=\"attachment wp-att-691\" class=\"broken_link\"><img decoding=\"async\" loading=\"lazy\" class=\"size-full wp-image-691\" src=\"https:\/\/www.serbis.es\/serbis\/blog\/wp-content\/uploads\/facebook.jpg\" alt=\"facebook\" width=\"113\" height=\"111\" \/><\/a><\/p>\n<p>&nbsp;<\/p>\n<p><a href=\"https:\/\/twitter.com\/serbis_poceria\" rel=\"attachment wp-att-692\"><img decoding=\"async\" loading=\"lazy\" class=\"size-full wp-image-692\" src=\"https:\/\/www.serbis.es\/serbis\/blog\/wp-content\/uploads\/twitter.jpg\" alt=\"twitter\" width=\"113\" height=\"111\" \/><\/a><\/p>\n<p>&nbsp;<\/p>\n<p><a href=\"https:\/\/www.instagram.com\/serbis_poceria\/\" rel=\"attachment wp-att-692\" class=\"broken_link\"><img decoding=\"async\" loading=\"lazy\" class=\"alignnone wp-image-1462 size-full\" src=\"https:\/\/www.serbis.es\/serbis\/blog\/wp-content\/uploads\/instagram.jpg\" alt=\"\" width=\"113\" height=\"111\" \/><\/a><\/p>\n<p>&nbsp;<\/p>\n<p><a href=\"https:\/\/es.linkedin.com\/company\/poceria-serbis\" rel=\"attachment wp-att-693\"><img decoding=\"async\" loading=\"lazy\" class=\"size-full wp-image-693 alignleft\" src=\"https:\/\/www.serbis.es\/serbis\/blog\/wp-content\/uploads\/linkedin.jpg\" alt=\"linkedin\" width=\"113\" height=\"111\" \/><\/a><\/p>\n<p>&nbsp;<\/p>\n<p>&nbsp;<\/p>\n<p>&nbsp;<\/p>\n<p>&nbsp;<\/p>\n<p><a href=\"https:\/\/www.youtube.com\/channel\/UCSIAPGXKlWyOmHRZo9YCpBQ\" rel=\"attachment wp-att-694\"><img decoding=\"async\" loading=\"lazy\" class=\"size-full wp-image-694 alignleft\" src=\"https:\/\/www.serbis.es\/serbis\/blog\/wp-content\/uploads\/youtube.jpg\" alt=\"youtube\" width=\"113\" height=\"111\" \/><\/a><\/p>\n<p>&nbsp;<\/p>\n<p>&nbsp;<\/p>\n<p>&nbsp;<\/p>\n<p>&nbsp;<\/p>\n<p><a href=\"https:\/\/vimeo.com\/user9248661\" rel=\"attachment wp-att-696\"><img decoding=\"async\" loading=\"lazy\" class=\"size-full wp-image-696 alignleft\" src=\"https:\/\/www.serbis.es\/serbis\/blog\/wp-content\/uploads\/vimeo.jpg\" alt=\"vimeo\" width=\"113\" height=\"111\" \/><\/a><\/p>\n<p>&nbsp;<\/p>\n<p>&nbsp;<\/p>\n<p>&nbsp;<\/p>\n<p>&nbsp;<\/p>\n<p><a href=\"https:\/\/www.flickr.com\/photos\/155074596@N06\/\" rel=\"attachment wp-att-698\"><img decoding=\"async\" loading=\"lazy\" class=\"size-full wp-image-698 alignleft\" src=\"https:\/\/www.serbis.es\/serbis\/blog\/wp-content\/uploads\/flickr.jpg\" alt=\"flickr\" width=\"113\" height=\"111\" \/><\/a><\/p>\n<p>&nbsp;<\/p>\n<p>&nbsp;<\/p>\n<p>&nbsp;<\/p>\n<p>&nbsp;<\/p>\n<p><a href=\"https:\/\/www.pinterest.es\/pin\/133348838938250902\/\" rel=\"attachment wp-att-697\"><img decoding=\"async\" loading=\"lazy\" class=\"size-full wp-image-697 alignleft\" src=\"https:\/\/www.serbis.es\/serbis\/blog\/wp-content\/uploads\/pinterest.jpg\" alt=\"pinterest\" width=\"113\" height=\"111\" \/><\/a><\/p>\n","protected":false},"excerpt":{"rendered":"<p>Resumimos las principales noticias publicadas durante los \u00faltimos d\u00edas por los medios de comunicaci\u00f3n en el \u00e1mbito de las alcantarillas, las ca\u00f1er\u00edas, los atrancos, los atascos y las redes de alcantarillado&#8230; El volc\u00e1n llena de ceniza las alcantarillas de La Palma La isla de La Palma sigue sufriendo su particular tormenta perfecta como consecuencia de [&hellip;]<\/p>\n","protected":false},"author":3,"featured_media":2978,"comment_status":"open","ping_status":"open","sticky":false,"template":"","format":"standard","meta":{"_mi_skip_tracking":false,"_monsterinsights_sitenote_active":false,"_monsterinsights_sitenote_note":"","_monsterinsights_sitenote_category":0},"categories":[29,4,17,5,2,32],"tags":[75,22,61,102,101,446,165,164,40,445],"yoast_head":"<!-- This site is optimized with the Yoast SEO plugin v20.10 - https:\/\/yoast.com\/wordpress\/plugins\/seo\/ -->\n<title>Riesgo de inundaciones en La Palma por las cenizas del volc\u00e1n - Blog de Serbis<\/title>\n<meta name=\"robots\" content=\"index, follow, max-snippet:-1, max-image-preview:large, max-video-preview:-1\" \/>\n<link rel=\"canonical\" href=\"https:\/\/www.serbis.es\/serbis\/blog\/alcantarillas-la-palma-volcan\/\" \/>\n<meta property=\"og:locale\" content=\"es_ES\" \/>\n<meta property=\"og:type\" content=\"article\" \/>\n<meta property=\"og:title\" content=\"Riesgo de inundaciones en La Palma por las cenizas del volc\u00e1n - Blog de Serbis\" \/>\n<meta property=\"og:description\" content=\"Resumimos las principales noticias publicadas durante los \u00faltimos d\u00edas por los medios de comunicaci\u00f3n en el \u00e1mbito de las alcantarillas, las ca\u00f1er\u00edas, los atrancos, los atascos y las redes de alcantarillado&#8230; El volc\u00e1n llena de ceniza las alcantarillas de La Palma La isla de La Palma sigue sufriendo su particular tormenta perfecta como consecuencia de [&hellip;]\" \/>\n<meta property=\"og:url\" content=\"https:\/\/www.serbis.es\/serbis\/blog\/alcantarillas-la-palma-volcan\/\" \/>\n<meta property=\"og:site_name\" content=\"Blog de Serbis\" \/>\n<meta property=\"article:author\" content=\"https:\/\/www.facebook.com\/SerbisPoceria\/\" \/>\n<meta property=\"article:published_time\" content=\"2021-10-07T07:40:20+00:00\" \/>\n<meta property=\"og:image\" content=\"https:\/\/www.serbis.es\/serbis\/blog\/wp-content\/uploads\/ceniza-lapalma.jpg\" \/>\n\t<meta property=\"og:image:width\" content=\"630\" \/>\n\t<meta property=\"og:image:height\" content=\"315\" \/>\n\t<meta property=\"og:image:type\" content=\"image\/jpeg\" \/>\n<meta name=\"author\" content=\"Serbis Pocer\u00eda\" \/>\n<meta name=\"twitter:label1\" content=\"Escrito por\" \/>\n\t<meta name=\"twitter:data1\" content=\"Serbis Pocer\u00eda\" \/>\n\t<meta name=\"twitter:label2\" content=\"Tiempo de lectura\" \/>\n\t<meta name=\"twitter:data2\" content=\"3 minutos\" \/>\n<script type=\"application\/ld+json\" class=\"yoast-schema-graph\">{\"@context\":\"https:\/\/schema.org\",\"@graph\":[{\"@type\":\"WebPage\",\"@id\":\"https:\/\/www.serbis.es\/serbis\/blog\/alcantarillas-la-palma-volcan\/\",\"url\":\"https:\/\/www.serbis.es\/serbis\/blog\/alcantarillas-la-palma-volcan\/\",\"name\":\"Riesgo de inundaciones en La Palma por las cenizas del volc\u00e1n - Blog de Serbis\",\"isPartOf\":{\"@id\":\"https:\/\/www.serbis.es\/serbis\/blog\/#website\"},\"datePublished\":\"2021-10-07T07:40:20+00:00\",\"dateModified\":\"2021-10-07T07:40:20+00:00\",\"author\":{\"@id\":\"https:\/\/www.serbis.es\/serbis\/blog\/#\/schema\/person\/449002ed602088d1463cc28957dee9ea\"},\"breadcrumb\":{\"@id\":\"https:\/\/www.serbis.es\/serbis\/blog\/alcantarillas-la-palma-volcan\/#breadcrumb\"},\"inLanguage\":\"es\",\"potentialAction\":[{\"@type\":\"ReadAction\",\"target\":[\"https:\/\/www.serbis.es\/serbis\/blog\/alcantarillas-la-palma-volcan\/\"]}]},{\"@type\":\"BreadcrumbList\",\"@id\":\"https:\/\/www.serbis.es\/serbis\/blog\/alcantarillas-la-palma-volcan\/#breadcrumb\",\"itemListElement\":[{\"@type\":\"ListItem\",\"position\":1,\"name\":\"Portada\",\"item\":\"https:\/\/www.serbis.es\/serbis\/blog\/\"},{\"@type\":\"ListItem\",\"position\":2,\"name\":\"Riesgo de inundaciones en La Palma por las cenizas del volc\u00e1n\"}]},{\"@type\":\"WebSite\",\"@id\":\"https:\/\/www.serbis.es\/serbis\/blog\/#website\",\"url\":\"https:\/\/www.serbis.es\/serbis\/blog\/\",\"name\":\"Blog de Serbis\",\"description\":\"l\u00edderes en Espa\u00f1a en saneamiento de aguas con servicios de pocer\u00eda tradicional y sin zanjas\",\"potentialAction\":[{\"@type\":\"SearchAction\",\"target\":{\"@type\":\"EntryPoint\",\"urlTemplate\":\"https:\/\/www.serbis.es\/serbis\/blog\/?s={search_term_string}\"},\"query-input\":\"required name=search_term_string\"}],\"inLanguage\":\"es\"},{\"@type\":\"Person\",\"@id\":\"https:\/\/www.serbis.es\/serbis\/blog\/#\/schema\/person\/449002ed602088d1463cc28957dee9ea\",\"name\":\"Serbis Pocer\u00eda\",\"image\":{\"@type\":\"ImageObject\",\"inLanguage\":\"es\",\"@id\":\"https:\/\/www.serbis.es\/serbis\/blog\/#\/schema\/person\/image\/\",\"url\":\"https:\/\/secure.gravatar.com\/avatar\/1b95962073fbda6a54be252a727db96a?s=96&d=mm&r=g\",\"contentUrl\":\"https:\/\/secure.gravatar.com\/avatar\/1b95962073fbda6a54be252a727db96a?s=96&d=mm&r=g\",\"caption\":\"Serbis Pocer\u00eda\"},\"description\":\"Empresa especializada en soluciones de alcantarillado y saneamiento de agua, con gran experiencia en el sector y conocimiento de t\u00e9cnicas tanto de pocer\u00eda tradicional como de rehabilitaci\u00f3n de tuber\u00edas sin zanjas ni necesidad de obra civil\",\"sameAs\":[\"https:\/\/www.linkedin.com\/company\/poceria-serbis\",\"https:\/\/www.facebook.com\/SerbisPoceria\/\",\"https:\/\/twitter.com\/https:\/\/twitter.com\/serbis_poceria\"],\"url\":\"https:\/\/www.serbis.es\/serbis\/blog\/author\/perio_editor\/\"}]}<\/script>\n<!-- \/ Yoast SEO plugin. -->","yoast_head_json":{"title":"Riesgo de inundaciones en La Palma por las cenizas del volc\u00e1n - Blog de Serbis","robots":{"index":"index","follow":"follow","max-snippet":"max-snippet:-1","max-image-preview":"max-image-preview:large","max-video-preview":"max-video-preview:-1"},"canonical":"https:\/\/www.serbis.es\/serbis\/blog\/alcantarillas-la-palma-volcan\/","og_locale":"es_ES","og_type":"article","og_title":"Riesgo de inundaciones en La Palma por las cenizas del volc\u00e1n - Blog de Serbis","og_description":"Resumimos las principales noticias publicadas durante los \u00faltimos d\u00edas por los medios de comunicaci\u00f3n en el \u00e1mbito de las alcantarillas, las ca\u00f1er\u00edas, los atrancos, los atascos y las redes de alcantarillado&#8230; El volc\u00e1n llena de ceniza las alcantarillas de La Palma La isla de La Palma sigue sufriendo su particular tormenta perfecta como consecuencia de [&hellip;]","og_url":"https:\/\/www.serbis.es\/serbis\/blog\/alcantarillas-la-palma-volcan\/","og_site_name":"Blog de Serbis","article_author":"https:\/\/www.facebook.com\/SerbisPoceria\/","article_published_time":"2021-10-07T07:40:20+00:00","og_image":[{"width":630,"height":315,"url":"https:\/\/www.serbis.es\/serbis\/blog\/wp-content\/uploads\/ceniza-lapalma.jpg","type":"image\/jpeg"}],"author":"Serbis Pocer\u00eda","twitter_misc":{"Escrito por":"Serbis Pocer\u00eda","Tiempo de lectura":"3 minutos"},"schema":{"@context":"https:\/\/schema.org","@graph":[{"@type":"WebPage","@id":"https:\/\/www.serbis.es\/serbis\/blog\/alcantarillas-la-palma-volcan\/","url":"https:\/\/www.serbis.es\/serbis\/blog\/alcantarillas-la-palma-volcan\/","name":"Riesgo de inundaciones en La Palma por las cenizas del volc\u00e1n - Blog de Serbis","isPartOf":{"@id":"https:\/\/www.serbis.es\/serbis\/blog\/#website"},"datePublished":"2021-10-07T07:40:20+00:00","dateModified":"2021-10-07T07:40:20+00:00","author":{"@id":"https:\/\/www.serbis.es\/serbis\/blog\/#\/schema\/person\/449002ed602088d1463cc28957dee9ea"},"breadcrumb":{"@id":"https:\/\/www.serbis.es\/serbis\/blog\/alcantarillas-la-palma-volcan\/#breadcrumb"},"inLanguage":"es","potentialAction":[{"@type":"ReadAction","target":["https:\/\/www.serbis.es\/serbis\/blog\/alcantarillas-la-palma-volcan\/"]}]},{"@type":"BreadcrumbList","@id":"https:\/\/www.serbis.es\/serbis\/blog\/alcantarillas-la-palma-volcan\/#breadcrumb","itemListElement":[{"@type":"ListItem","position":1,"name":"Portada","item":"https:\/\/www.serbis.es\/serbis\/blog\/"},{"@type":"ListItem","position":2,"name":"Riesgo de inundaciones en La Palma por las cenizas del volc\u00e1n"}]},{"@type":"WebSite","@id":"https:\/\/www.serbis.es\/serbis\/blog\/#website","url":"https:\/\/www.serbis.es\/serbis\/blog\/","name":"Blog de Serbis","description":"l\u00edderes en Espa\u00f1a en saneamiento de aguas con servicios de pocer\u00eda tradicional y sin zanjas","potentialAction":[{"@type":"SearchAction","target":{"@type":"EntryPoint","urlTemplate":"https:\/\/www.serbis.es\/serbis\/blog\/?s={search_term_string}"},"query-input":"required name=search_term_string"}],"inLanguage":"es"},{"@type":"Person","@id":"https:\/\/www.serbis.es\/serbis\/blog\/#\/schema\/person\/449002ed602088d1463cc28957dee9ea","name":"Serbis Pocer\u00eda","image":{"@type":"ImageObject","inLanguage":"es","@id":"https:\/\/www.serbis.es\/serbis\/blog\/#\/schema\/person\/image\/","url":"https:\/\/secure.gravatar.com\/avatar\/1b95962073fbda6a54be252a727db96a?s=96&d=mm&r=g","contentUrl":"https:\/\/secure.gravatar.com\/avatar\/1b95962073fbda6a54be252a727db96a?s=96&d=mm&r=g","caption":"Serbis Pocer\u00eda"},"description":"Empresa especializada en soluciones de alcantarillado y saneamiento de agua, con gran experiencia en el sector y conocimiento de t\u00e9cnicas tanto de pocer\u00eda tradicional como de rehabilitaci\u00f3n de tuber\u00edas sin zanjas ni necesidad de obra civil","sameAs":["https:\/\/www.linkedin.com\/company\/poceria-serbis","https:\/\/www.facebook.com\/SerbisPoceria\/","https:\/\/twitter.com\/https:\/\/twitter.com\/serbis_poceria"],"url":"https:\/\/www.serbis.es\/serbis\/blog\/author\/perio_editor\/"}]}},"_links":{"self":[{"href":"https:\/\/www.serbis.es\/serbis\/blog\/wp-json\/wp\/v2\/posts\/2970"}],"collection":[{"href":"https:\/\/www.serbis.es\/serbis\/blog\/wp-json\/wp\/v2\/posts"}],"about":[{"href":"https:\/\/www.serbis.es\/serbis\/blog\/wp-json\/wp\/v2\/types\/post"}],"author":[{"embeddable":true,"href":"https:\/\/www.serbis.es\/serbis\/blog\/wp-json\/wp\/v2\/users\/3"}],"replies":[{"embeddable":true,"href":"https:\/\/www.serbis.es\/serbis\/blog\/wp-json\/wp\/v2\/comments?post=2970"}],"version-history":[{"count":4,"href":"https:\/\/www.serbis.es\/serbis\/blog\/wp-json\/wp\/v2\/posts\/2970\/revisions"}],"predecessor-version":[{"id":2979,"href":"https:\/\/www.serbis.es\/serbis\/blog\/wp-json\/wp\/v2\/posts\/2970\/revisions\/2979"}],"wp:featuredmedia":[{"embeddable":true,"href":"https:\/\/www.serbis.es\/serbis\/blog\/wp-json\/wp\/v2\/media\/2978"}],"wp:attachment":[{"href":"https:\/\/www.serbis.es\/serbis\/blog\/wp-json\/wp\/v2\/media?parent=2970"}],"wp:term":[{"taxonomy":"category","embeddable":true,"href":"https:\/\/www.serbis.es\/serbis\/blog\/wp-json\/wp\/v2\/categories?post=2970"},{"taxonomy":"post_tag","embeddable":true,"href":"https:\/\/www.serbis.es\/serbis\/blog\/wp-json\/wp\/v2\/tags?post=2970"}],"curies":[{"name":"wp","href":"https:\/\/api.w.org\/{rel}","templated":true}]}}