{"id":3028,"date":"2021-11-18T08:39:58","date_gmt":"2021-11-18T08:39:58","guid":{"rendered":"https:\/\/www.serbis.es\/serbis\/blog\/?p=3028"},"modified":"2021-11-18T08:40:12","modified_gmt":"2021-11-18T08:40:12","slug":"saneamiento-inodoros","status":"publish","type":"post","link":"https:\/\/www.serbis.es\/serbis\/blog\/saneamiento-inodoros\/","title":{"rendered":"El saneamiento y los inodoros nos importan, y mucho"},"content":{"rendered":"<p>Te mostramos una selecci\u00f3n de las principales noticias aparecidas durante los \u00faltimos d\u00edas en Espa\u00f1a y el mundo en relaci\u00f3n con las alcantarillas y los sistemas de saneamiento de aguas residuales, as\u00ed como con las ca\u00f1er\u00edas, las tuber\u00edas, los atrancos y los atascos&#8230;<\/p>\n<h3>D\u00eda Mundial del Retrete 2021<\/h3>\n<p><img decoding=\"async\" loading=\"lazy\" class=\"size-full wp-image-3036 alignnone\" src=\"https:\/\/www.serbis.es\/serbis\/blog\/wp-content\/uploads\/dia-mundia-retrete.jpg\" alt=\"\" width=\"630\" height=\"315\" srcset=\"https:\/\/www.serbis.es\/serbis\/blog\/wp-content\/uploads\/dia-mundia-retrete.jpg 630w, https:\/\/www.serbis.es\/serbis\/blog\/wp-content\/uploads\/dia-mundia-retrete-300x150.jpg 300w, https:\/\/www.serbis.es\/serbis\/blog\/wp-content\/uploads\/dia-mundia-retrete-370x185.jpg 370w\" sizes=\"(max-width: 630px) 100vw, 630px\" \/><\/p>\n<p>Este 19 de noviembre se ha celebrado <a href=\"https:\/\/www.diariocritico.com\/sociedad\/19-de-noviembre-dia-mundial-del-retrete\" class=\"broken_link\">una nueva edici\u00f3n<\/a> del <strong>D\u00eda Mundial del Retrete<\/strong>, la jornada que desde 2001 aboga por extender en todo el mundo una <strong>\u00abdefecaci\u00f3n sin riesgos\u00bb<\/strong>. Y la celebraci\u00f3n sigue siendo pertinente, porque la ONU calcula que todav\u00eda hay 3.600 millones de personas que carecen de acceso a <strong>servicios de saneamiento<\/strong> de aguas residuales, lo que provoca la muerte anual de m\u00e1s de<strong> 700.000 ni\u00f1os<\/strong> menores de cinco a\u00f1os.<\/p>\n<p>El lema elegido para el D\u00eda Mundial del Retrete de 2021 se pregunta <strong>\u00ab\u00bfA qui\u00e9n le importan los retretes?\u00bb<\/strong>. Su objetivo no es otro que poner de relevancia<strong> la importancia de los inodoros y los sistemas de saneamiento<\/strong> de aguas residuales, cuya extensi\u00f3n es uno de los Objetivos de Desarrollo Sostenible de la ONU para el a\u00f1o 2030. Por ese motivo, y porque se estima que <strong>2.000 millones de personas todav\u00eda se abastecen de aguas contaminadas<\/strong> por heces, los retretes importan, y mucho.<\/p>\n<h3>El dinero europeo moderniza el saneamiento espa\u00f1ol<\/h3>\n<p><img decoding=\"async\" loading=\"lazy\" class=\"size-full wp-image-3033 alignnone\" src=\"https:\/\/www.serbis.es\/serbis\/blog\/wp-content\/uploads\/depuradora-aguas-residuales-2.jpg\" alt=\"\" width=\"630\" height=\"315\" srcset=\"https:\/\/www.serbis.es\/serbis\/blog\/wp-content\/uploads\/depuradora-aguas-residuales-2.jpg 630w, https:\/\/www.serbis.es\/serbis\/blog\/wp-content\/uploads\/depuradora-aguas-residuales-2-300x150.jpg 300w, https:\/\/www.serbis.es\/serbis\/blog\/wp-content\/uploads\/depuradora-aguas-residuales-2-370x185.jpg 370w\" sizes=\"(max-width: 630px) 100vw, 630px\" \/><\/p>\n<p>Bien utilizados, los fondos europeos siempre son garant\u00eda de mejoras. Y no solo en el \u00e1mbito de la agricultura o los transportes, sino tambi\u00e9n en el del saneamiento de aguas residuales. Un buen ejemplo de ello lo encontramos en las provincias de <strong>Valencia y Alicante<\/strong>, donde <a href=\"https:\/\/www.informacion.es\/alicante\/2021\/11\/15\/mejoras-cuatro-depuradoras-agua-residuales-59547724.html\">han finalizado o est\u00e1n en marcha<\/a> <strong>cuatro proyectos financiados por la Uni\u00f3n Europea<\/strong> para construir o modernizar otras tantas estaciones depuradoras de aguas residuales (EDAR).<\/p>\n<p>Para empezar, la depuradora del municipio alicantino de <strong>Villena<\/strong> ha recibido 8,75 millones de euros para mejorar la calidad de las aguas tratadas. Y no salimos de Alicante, porque en <strong>Almorad\u00ed<\/strong> se est\u00e1 construyendo una nueva EDAR que implicar\u00e1 una inversi\u00f3n de 20,2 millones de euros. Pasamos ahora a Valencia, donde se est\u00e1 edificando la macrodepuradora de <strong>Cheste-Chiva<\/strong>, cuyo presupuesto ronda los 20 millones de euros. Y terminamos en <strong>B\u00e9tera<\/strong>, tambi\u00e9n en la provincia de Valencia, donde el dinero europeo (concretamente 7,9 millones de euros) ha permitido ampliar y modernizar la depuradora del municipio.<\/p>\n<h3>La EDAR de Almer\u00eda depura las aguas y produce biog\u00e1s y f\u00f3sforo<\/h3>\n<p><img decoding=\"async\" loading=\"lazy\" class=\"size-full wp-image-3031 alignnone\" src=\"https:\/\/www.serbis.es\/serbis\/blog\/wp-content\/uploads\/depuradora-aguas-residuales-almeria.jpg\" alt=\"\" width=\"630\" height=\"315\" srcset=\"https:\/\/www.serbis.es\/serbis\/blog\/wp-content\/uploads\/depuradora-aguas-residuales-almeria.jpg 630w, https:\/\/www.serbis.es\/serbis\/blog\/wp-content\/uploads\/depuradora-aguas-residuales-almeria-300x150.jpg 300w, https:\/\/www.serbis.es\/serbis\/blog\/wp-content\/uploads\/depuradora-aguas-residuales-almeria-370x185.jpg 370w\" sizes=\"(max-width: 630px) 100vw, 630px\" \/><\/p>\n<p>Almer\u00eda es la capital espa\u00f1ola en la que <strong>menos llueve<\/strong> y, tal vez por ello, uno de los lugares en los que <a href=\"https:\/\/www.abc.es\/espana\/abci-superdepuradora-aguas-residuales-almeria-consigue-agua-limpia-biogas-y-fosforo-202111142057_video.html\">m\u00e1s importancia se le otorga al agua.<\/a> Para garantizar su aprovechamiento, la ciudad andaluza cuenta con una gran <strong>Estaci\u00f3n Depuradora de Aguas Residuales (EDAR)<\/strong> que no solo realiza un <strong>tratamiento convencional<\/strong> de las aguas fecales, sino muchas cosas m\u00e1s.<\/p>\n<p>Para empezar, en estas instalaciones est\u00e1n implantando un nuevo sistema de tratamiento <strong>m\u00e1s eficiente y menos contaminante<\/strong> que el tradicional, que adem\u00e1s permite<strong> producir biog\u00e1s<\/strong>. De igual modo, los lodos de esta depuradora no solo se utilizan como compostaje, sino que tambi\u00e9n se est\u00e1 recuperando de manera experimental un recurso muy limitado y muy <strong>necesario para la agricultura como es el f\u00f3sforo<\/strong>.<\/p>\n<h3>El Ej\u00e9rcito limpia las alcantarillas de La Palma<\/h3>\n<p><img decoding=\"async\" loading=\"lazy\" class=\"size-full wp-image-3029 alignnone\" src=\"https:\/\/www.serbis.es\/serbis\/blog\/wp-content\/uploads\/ejercito-palma-alcantarillas.jpg\" alt=\"\" width=\"630\" height=\"315\" srcset=\"https:\/\/www.serbis.es\/serbis\/blog\/wp-content\/uploads\/ejercito-palma-alcantarillas.jpg 630w, https:\/\/www.serbis.es\/serbis\/blog\/wp-content\/uploads\/ejercito-palma-alcantarillas-300x150.jpg 300w, https:\/\/www.serbis.es\/serbis\/blog\/wp-content\/uploads\/ejercito-palma-alcantarillas-370x185.jpg 370w\" sizes=\"(max-width: 630px) 100vw, 630px\" \/><\/p>\n<p>Los vecinos de isla de <strong>La Palma, en Canarias<\/strong>, siguen sufriendo su particular tormenta perfecta. A la erupci\u00f3n del volc\u00e1n de <strong>Cumbre Vieja<\/strong>, cuya lava se ha tragado pueblos enteros, y la lluvia de ceniza, que amenza la calidad del aire, se suma ahora la <strong>previsi\u00f3n de lluvias<\/strong> para los pr\u00f3ximos d\u00edas, que<strong> podr\u00edan provocar inundaciones<\/strong> en varias zonas de la isla.<\/p>\n<p>Para impedir nuevas desgracias,<strong> la Unidad Militar de Emergencias<\/strong> <a href=\"https:\/\/www.eldiario.es\/canariasahora\/sociedad\/militares-limpian-contrarreloj-cenizas-volcan-alcantarillas-palma-prevision-lluvias_1_8489105.html\">est\u00e1 limpiando todos los imbornales<\/a> de la red de alcantarillado de municipios como Tazacorte, con el objetivo de <strong>retirar la ceniza volc\u00e1nica acumulada<\/strong> en ellos. El objetivo es prevenir que esta ceniza entre en contacto con el agua, pues <strong>una vez mojada su peso se multiplica<\/strong> y puede provocar da\u00f1os mucho mayores.<\/p>\n<p>&nbsp;<\/p>\n<p>*Si quieres contarnos algo puedes llamarnos al <strong>n\u00famero de tel\u00e9fono <\/strong><strong>91 610 62 53<\/strong> y si te gusta estar informado de las noticias nacionales e internacionales m\u00e1s interesantes de las industrias de la pocer\u00eda, el alcantarillado y el saneamiento de aguas fecales, visita <a href=\"https:\/\/www.serbis.es\/\" target=\"_blank\" rel=\"noopener\"><strong>Serbis.es<\/strong><\/a> y <strong>s\u00edguenos en las redes sociales<\/strong>:<\/p>\n<p><a href=\"https:\/\/www.facebook.com\/SerbisPoceria\/\" rel=\"attachment wp-att-691\" class=\"broken_link\"><img decoding=\"async\" loading=\"lazy\" class=\"size-full wp-image-691\" src=\"https:\/\/www.serbis.es\/serbis\/blog\/wp-content\/uploads\/facebook.jpg\" alt=\"facebook\" width=\"113\" height=\"111\" \/><\/a><\/p>\n<p>&nbsp;<\/p>\n<p><a href=\"https:\/\/twitter.com\/serbis_poceria\" rel=\"attachment wp-att-692\"><img decoding=\"async\" loading=\"lazy\" class=\"size-full wp-image-692\" src=\"https:\/\/www.serbis.es\/serbis\/blog\/wp-content\/uploads\/twitter.jpg\" alt=\"twitter\" width=\"113\" height=\"111\" \/><\/a><\/p>\n<p>&nbsp;<\/p>\n<p><a href=\"https:\/\/www.instagram.com\/serbis_poceria\/\" rel=\"attachment wp-att-692\" class=\"broken_link\"><img decoding=\"async\" loading=\"lazy\" class=\"alignnone wp-image-1462 size-full\" src=\"https:\/\/www.serbis.es\/serbis\/blog\/wp-content\/uploads\/instagram.jpg\" alt=\"\" width=\"113\" height=\"111\" \/><\/a><\/p>\n<p>&nbsp;<\/p>\n<p><a href=\"https:\/\/es.linkedin.com\/company\/poceria-serbis\" rel=\"attachment wp-att-693\"><img decoding=\"async\" loading=\"lazy\" class=\"size-full wp-image-693 alignleft\" src=\"https:\/\/www.serbis.es\/serbis\/blog\/wp-content\/uploads\/linkedin.jpg\" alt=\"linkedin\" width=\"113\" height=\"111\" \/><\/a><\/p>\n<p>&nbsp;<\/p>\n<p>&nbsp;<\/p>\n<p>&nbsp;<\/p>\n<p>&nbsp;<\/p>\n<p><a href=\"https:\/\/www.youtube.com\/channel\/UCSIAPGXKlWyOmHRZo9YCpBQ\" rel=\"attachment wp-att-694\"><img decoding=\"async\" loading=\"lazy\" class=\"size-full wp-image-694 alignleft\" src=\"https:\/\/www.serbis.es\/serbis\/blog\/wp-content\/uploads\/youtube.jpg\" alt=\"youtube\" width=\"113\" height=\"111\" \/><\/a><\/p>\n<p>&nbsp;<\/p>\n<p>&nbsp;<\/p>\n<p>&nbsp;<\/p>\n<p>&nbsp;<\/p>\n<p><a href=\"https:\/\/vimeo.com\/user9248661\" rel=\"attachment wp-att-696\"><img decoding=\"async\" loading=\"lazy\" class=\"size-full wp-image-696 alignleft\" src=\"https:\/\/www.serbis.es\/serbis\/blog\/wp-content\/uploads\/vimeo.jpg\" alt=\"vimeo\" width=\"113\" height=\"111\" \/><\/a><\/p>\n<p>&nbsp;<\/p>\n<p>&nbsp;<\/p>\n<p>&nbsp;<\/p>\n<p>&nbsp;<\/p>\n<p><a href=\"https:\/\/www.flickr.com\/photos\/155074596@N06\/\" rel=\"attachment wp-att-698\"><img decoding=\"async\" loading=\"lazy\" class=\"size-full wp-image-698 alignleft\" src=\"https:\/\/www.serbis.es\/serbis\/blog\/wp-content\/uploads\/flickr.jpg\" alt=\"flickr\" width=\"113\" height=\"111\" \/><\/a><\/p>\n<p>&nbsp;<\/p>\n<p>&nbsp;<\/p>\n<p>&nbsp;<\/p>\n<p>&nbsp;<\/p>\n<p><a href=\"https:\/\/www.pinterest.es\/pin\/133348838938250902\/\" rel=\"attachment wp-att-697\"><img decoding=\"async\" loading=\"lazy\" class=\"size-full wp-image-697 alignleft\" src=\"https:\/\/www.serbis.es\/serbis\/blog\/wp-content\/uploads\/pinterest.jpg\" alt=\"pinterest\" width=\"113\" height=\"111\" \/><\/a><\/p>\n","protected":false},"excerpt":{"rendered":"<p>Te mostramos una selecci\u00f3n de las principales noticias aparecidas durante los \u00faltimos d\u00edas en Espa\u00f1a y el mundo en relaci\u00f3n con las alcantarillas y los sistemas de saneamiento de aguas residuales, as\u00ed como con las ca\u00f1er\u00edas, las tuber\u00edas, los atrancos y los atascos&#8230; D\u00eda Mundial del Retrete 2021 Este 19 de noviembre se ha celebrado [&hellip;]<\/p>\n","protected":false},"author":3,"featured_media":3033,"comment_status":"open","ping_status":"open","sticky":false,"template":"","format":"standard","meta":{"_mi_skip_tracking":false,"_monsterinsights_sitenote_active":false,"_monsterinsights_sitenote_note":"","_monsterinsights_sitenote_category":0},"categories":[17,5,2,32],"tags":[22,61,198,166,181],"yoast_head":"<!-- This site is optimized with the Yoast SEO plugin v20.10 - https:\/\/yoast.com\/wordpress\/plugins\/seo\/ -->\n<title>El saneamiento y los inodoros nos importan, y mucho - Blog de Serbis<\/title>\n<meta name=\"robots\" content=\"index, follow, max-snippet:-1, max-image-preview:large, max-video-preview:-1\" \/>\n<link rel=\"canonical\" href=\"https:\/\/www.serbis.es\/serbis\/blog\/saneamiento-inodoros\/\" \/>\n<meta property=\"og:locale\" content=\"es_ES\" \/>\n<meta property=\"og:type\" content=\"article\" \/>\n<meta property=\"og:title\" content=\"El saneamiento y los inodoros nos importan, y mucho - Blog de Serbis\" \/>\n<meta property=\"og:description\" content=\"Te mostramos una selecci\u00f3n de las principales noticias aparecidas durante los \u00faltimos d\u00edas en Espa\u00f1a y el mundo en relaci\u00f3n con las alcantarillas y los sistemas de saneamiento de aguas residuales, as\u00ed como con las ca\u00f1er\u00edas, las tuber\u00edas, los atrancos y los atascos&#8230; D\u00eda Mundial del Retrete 2021 Este 19 de noviembre se ha celebrado [&hellip;]\" \/>\n<meta property=\"og:url\" content=\"https:\/\/www.serbis.es\/serbis\/blog\/saneamiento-inodoros\/\" \/>\n<meta property=\"og:site_name\" content=\"Blog de Serbis\" \/>\n<meta property=\"article:author\" content=\"https:\/\/www.facebook.com\/SerbisPoceria\/\" \/>\n<meta property=\"article:published_time\" content=\"2021-11-18T08:39:58+00:00\" \/>\n<meta property=\"article:modified_time\" content=\"2021-11-18T08:40:12+00:00\" \/>\n<meta property=\"og:image\" content=\"https:\/\/www.serbis.es\/serbis\/blog\/wp-content\/uploads\/depuradora-aguas-residuales-2.jpg\" \/>\n\t<meta property=\"og:image:width\" content=\"630\" \/>\n\t<meta property=\"og:image:height\" content=\"315\" \/>\n\t<meta property=\"og:image:type\" content=\"image\/jpeg\" \/>\n<meta name=\"author\" content=\"Serbis Pocer\u00eda\" \/>\n<meta name=\"twitter:label1\" content=\"Escrito por\" \/>\n\t<meta name=\"twitter:data1\" content=\"Serbis Pocer\u00eda\" \/>\n\t<meta name=\"twitter:label2\" content=\"Tiempo de lectura\" \/>\n\t<meta name=\"twitter:data2\" content=\"4 minutos\" \/>\n<script type=\"application\/ld+json\" class=\"yoast-schema-graph\">{\"@context\":\"https:\/\/schema.org\",\"@graph\":[{\"@type\":\"WebPage\",\"@id\":\"https:\/\/www.serbis.es\/serbis\/blog\/saneamiento-inodoros\/\",\"url\":\"https:\/\/www.serbis.es\/serbis\/blog\/saneamiento-inodoros\/\",\"name\":\"El saneamiento y los inodoros nos importan, y mucho - Blog de Serbis\",\"isPartOf\":{\"@id\":\"https:\/\/www.serbis.es\/serbis\/blog\/#website\"},\"datePublished\":\"2021-11-18T08:39:58+00:00\",\"dateModified\":\"2021-11-18T08:40:12+00:00\",\"author\":{\"@id\":\"https:\/\/www.serbis.es\/serbis\/blog\/#\/schema\/person\/449002ed602088d1463cc28957dee9ea\"},\"breadcrumb\":{\"@id\":\"https:\/\/www.serbis.es\/serbis\/blog\/saneamiento-inodoros\/#breadcrumb\"},\"inLanguage\":\"es\",\"potentialAction\":[{\"@type\":\"ReadAction\",\"target\":[\"https:\/\/www.serbis.es\/serbis\/blog\/saneamiento-inodoros\/\"]}]},{\"@type\":\"BreadcrumbList\",\"@id\":\"https:\/\/www.serbis.es\/serbis\/blog\/saneamiento-inodoros\/#breadcrumb\",\"itemListElement\":[{\"@type\":\"ListItem\",\"position\":1,\"name\":\"Portada\",\"item\":\"https:\/\/www.serbis.es\/serbis\/blog\/\"},{\"@type\":\"ListItem\",\"position\":2,\"name\":\"El saneamiento y los inodoros nos importan, y mucho\"}]},{\"@type\":\"WebSite\",\"@id\":\"https:\/\/www.serbis.es\/serbis\/blog\/#website\",\"url\":\"https:\/\/www.serbis.es\/serbis\/blog\/\",\"name\":\"Blog de Serbis\",\"description\":\"l\u00edderes en Espa\u00f1a en saneamiento de aguas con servicios de pocer\u00eda tradicional y sin zanjas\",\"potentialAction\":[{\"@type\":\"SearchAction\",\"target\":{\"@type\":\"EntryPoint\",\"urlTemplate\":\"https:\/\/www.serbis.es\/serbis\/blog\/?s={search_term_string}\"},\"query-input\":\"required name=search_term_string\"}],\"inLanguage\":\"es\"},{\"@type\":\"Person\",\"@id\":\"https:\/\/www.serbis.es\/serbis\/blog\/#\/schema\/person\/449002ed602088d1463cc28957dee9ea\",\"name\":\"Serbis Pocer\u00eda\",\"image\":{\"@type\":\"ImageObject\",\"inLanguage\":\"es\",\"@id\":\"https:\/\/www.serbis.es\/serbis\/blog\/#\/schema\/person\/image\/\",\"url\":\"https:\/\/secure.gravatar.com\/avatar\/1b95962073fbda6a54be252a727db96a?s=96&d=mm&r=g\",\"contentUrl\":\"https:\/\/secure.gravatar.com\/avatar\/1b95962073fbda6a54be252a727db96a?s=96&d=mm&r=g\",\"caption\":\"Serbis Pocer\u00eda\"},\"description\":\"Empresa especializada en soluciones de alcantarillado y saneamiento de agua, con gran experiencia en el sector y conocimiento de t\u00e9cnicas tanto de pocer\u00eda tradicional como de rehabilitaci\u00f3n de tuber\u00edas sin zanjas ni necesidad de obra civil\",\"sameAs\":[\"https:\/\/www.linkedin.com\/company\/poceria-serbis\",\"https:\/\/www.facebook.com\/SerbisPoceria\/\",\"https:\/\/twitter.com\/https:\/\/twitter.com\/serbis_poceria\"],\"url\":\"https:\/\/www.serbis.es\/serbis\/blog\/author\/perio_editor\/\"}]}<\/script>\n<!-- \/ Yoast SEO plugin. -->","yoast_head_json":{"title":"El saneamiento y los inodoros nos importan, y mucho - Blog de Serbis","robots":{"index":"index","follow":"follow","max-snippet":"max-snippet:-1","max-image-preview":"max-image-preview:large","max-video-preview":"max-video-preview:-1"},"canonical":"https:\/\/www.serbis.es\/serbis\/blog\/saneamiento-inodoros\/","og_locale":"es_ES","og_type":"article","og_title":"El saneamiento y los inodoros nos importan, y mucho - Blog de Serbis","og_description":"Te mostramos una selecci\u00f3n de las principales noticias aparecidas durante los \u00faltimos d\u00edas en Espa\u00f1a y el mundo en relaci\u00f3n con las alcantarillas y los sistemas de saneamiento de aguas residuales, as\u00ed como con las ca\u00f1er\u00edas, las tuber\u00edas, los atrancos y los atascos&#8230; D\u00eda Mundial del Retrete 2021 Este 19 de noviembre se ha celebrado [&hellip;]","og_url":"https:\/\/www.serbis.es\/serbis\/blog\/saneamiento-inodoros\/","og_site_name":"Blog de Serbis","article_author":"https:\/\/www.facebook.com\/SerbisPoceria\/","article_published_time":"2021-11-18T08:39:58+00:00","article_modified_time":"2021-11-18T08:40:12+00:00","og_image":[{"width":630,"height":315,"url":"https:\/\/www.serbis.es\/serbis\/blog\/wp-content\/uploads\/depuradora-aguas-residuales-2.jpg","type":"image\/jpeg"}],"author":"Serbis Pocer\u00eda","twitter_misc":{"Escrito por":"Serbis Pocer\u00eda","Tiempo de lectura":"4 minutos"},"schema":{"@context":"https:\/\/schema.org","@graph":[{"@type":"WebPage","@id":"https:\/\/www.serbis.es\/serbis\/blog\/saneamiento-inodoros\/","url":"https:\/\/www.serbis.es\/serbis\/blog\/saneamiento-inodoros\/","name":"El saneamiento y los inodoros nos importan, y mucho - Blog de Serbis","isPartOf":{"@id":"https:\/\/www.serbis.es\/serbis\/blog\/#website"},"datePublished":"2021-11-18T08:39:58+00:00","dateModified":"2021-11-18T08:40:12+00:00","author":{"@id":"https:\/\/www.serbis.es\/serbis\/blog\/#\/schema\/person\/449002ed602088d1463cc28957dee9ea"},"breadcrumb":{"@id":"https:\/\/www.serbis.es\/serbis\/blog\/saneamiento-inodoros\/#breadcrumb"},"inLanguage":"es","potentialAction":[{"@type":"ReadAction","target":["https:\/\/www.serbis.es\/serbis\/blog\/saneamiento-inodoros\/"]}]},{"@type":"BreadcrumbList","@id":"https:\/\/www.serbis.es\/serbis\/blog\/saneamiento-inodoros\/#breadcrumb","itemListElement":[{"@type":"ListItem","position":1,"name":"Portada","item":"https:\/\/www.serbis.es\/serbis\/blog\/"},{"@type":"ListItem","position":2,"name":"El saneamiento y los inodoros nos importan, y mucho"}]},{"@type":"WebSite","@id":"https:\/\/www.serbis.es\/serbis\/blog\/#website","url":"https:\/\/www.serbis.es\/serbis\/blog\/","name":"Blog de Serbis","description":"l\u00edderes en Espa\u00f1a en saneamiento de aguas con servicios de pocer\u00eda tradicional y sin zanjas","potentialAction":[{"@type":"SearchAction","target":{"@type":"EntryPoint","urlTemplate":"https:\/\/www.serbis.es\/serbis\/blog\/?s={search_term_string}"},"query-input":"required name=search_term_string"}],"inLanguage":"es"},{"@type":"Person","@id":"https:\/\/www.serbis.es\/serbis\/blog\/#\/schema\/person\/449002ed602088d1463cc28957dee9ea","name":"Serbis Pocer\u00eda","image":{"@type":"ImageObject","inLanguage":"es","@id":"https:\/\/www.serbis.es\/serbis\/blog\/#\/schema\/person\/image\/","url":"https:\/\/secure.gravatar.com\/avatar\/1b95962073fbda6a54be252a727db96a?s=96&d=mm&r=g","contentUrl":"https:\/\/secure.gravatar.com\/avatar\/1b95962073fbda6a54be252a727db96a?s=96&d=mm&r=g","caption":"Serbis Pocer\u00eda"},"description":"Empresa especializada en soluciones de alcantarillado y saneamiento de agua, con gran experiencia en el sector y conocimiento de t\u00e9cnicas tanto de pocer\u00eda tradicional como de rehabilitaci\u00f3n de tuber\u00edas sin zanjas ni necesidad de obra civil","sameAs":["https:\/\/www.linkedin.com\/company\/poceria-serbis","https:\/\/www.facebook.com\/SerbisPoceria\/","https:\/\/twitter.com\/https:\/\/twitter.com\/serbis_poceria"],"url":"https:\/\/www.serbis.es\/serbis\/blog\/author\/perio_editor\/"}]}},"_links":{"self":[{"href":"https:\/\/www.serbis.es\/serbis\/blog\/wp-json\/wp\/v2\/posts\/3028"}],"collection":[{"href":"https:\/\/www.serbis.es\/serbis\/blog\/wp-json\/wp\/v2\/posts"}],"about":[{"href":"https:\/\/www.serbis.es\/serbis\/blog\/wp-json\/wp\/v2\/types\/post"}],"author":[{"embeddable":true,"href":"https:\/\/www.serbis.es\/serbis\/blog\/wp-json\/wp\/v2\/users\/3"}],"replies":[{"embeddable":true,"href":"https:\/\/www.serbis.es\/serbis\/blog\/wp-json\/wp\/v2\/comments?post=3028"}],"version-history":[{"count":6,"href":"https:\/\/www.serbis.es\/serbis\/blog\/wp-json\/wp\/v2\/posts\/3028\/revisions"}],"predecessor-version":[{"id":3038,"href":"https:\/\/www.serbis.es\/serbis\/blog\/wp-json\/wp\/v2\/posts\/3028\/revisions\/3038"}],"wp:featuredmedia":[{"embeddable":true,"href":"https:\/\/www.serbis.es\/serbis\/blog\/wp-json\/wp\/v2\/media\/3033"}],"wp:attachment":[{"href":"https:\/\/www.serbis.es\/serbis\/blog\/wp-json\/wp\/v2\/media?parent=3028"}],"wp:term":[{"taxonomy":"category","embeddable":true,"href":"https:\/\/www.serbis.es\/serbis\/blog\/wp-json\/wp\/v2\/categories?post=3028"},{"taxonomy":"post_tag","embeddable":true,"href":"https:\/\/www.serbis.es\/serbis\/blog\/wp-json\/wp\/v2\/tags?post=3028"}],"curies":[{"name":"wp","href":"https:\/\/api.w.org\/{rel}","templated":true}]}}