{"id":3049,"date":"2021-12-02T09:18:49","date_gmt":"2021-12-02T09:18:49","guid":{"rendered":"https:\/\/www.serbis.es\/serbis\/blog\/?p=3049"},"modified":"2021-12-02T09:18:49","modified_gmt":"2021-12-02T09:18:49","slug":"aguas-residuales-pandemias-sequias","status":"publish","type":"post","link":"https:\/\/www.serbis.es\/serbis\/blog\/aguas-residuales-pandemias-sequias\/","title":{"rendered":"Las aguas residuales, claves contra pandemias y sequ\u00edas"},"content":{"rendered":"<p>Te mostramos una selecci\u00f3n de las principales noticias aparecidas durante los \u00faltimos d\u00edas en Espa\u00f1a y el mundo en relaci\u00f3n con las alcantarillas y los sistemas de saneamiento de aguas residuales, as\u00ed como con las ca\u00f1er\u00edas, las tuber\u00edas, los atrancos y los atascos&#8230;<\/p>\n<h3>Las alcantarillas indican que \u00d3micron podr\u00eda llevar semanas en Espa\u00f1a<\/h3>\n<p><img decoding=\"async\" loading=\"lazy\" class=\"size-full wp-image-3055 alignnone\" src=\"https:\/\/www.serbis.es\/serbis\/blog\/wp-content\/uploads\/omicron-aguas-residuales.jpg\" alt=\"\" width=\"630\" height=\"315\" srcset=\"https:\/\/www.serbis.es\/serbis\/blog\/wp-content\/uploads\/omicron-aguas-residuales.jpg 630w, https:\/\/www.serbis.es\/serbis\/blog\/wp-content\/uploads\/omicron-aguas-residuales-300x150.jpg 300w, https:\/\/www.serbis.es\/serbis\/blog\/wp-content\/uploads\/omicron-aguas-residuales-370x185.jpg 370w\" sizes=\"(max-width: 630px) 100vw, 630px\" \/><\/p>\n<p><strong>\u00d3micron<\/strong>, la variante del Covid-19 detectada recientemente en <strong>Sud\u00e1frica<\/strong>, podr\u00eda llevar circulando por nuestro pa\u00eds m\u00e1s tiempo del que pens\u00e1bamos. Sin ir m\u00e1s lejos,<strong> los \u00faltimos an\u00e1lisis de las aguas residuales realizados en Catalu\u00f1a<\/strong> <a href=\"https:\/\/www.abc.es\/espana\/catalunya\/abci-generalitat-estudia-si-variante-omicron-esta-aguas-residuales-catalanas-desde-hace-semanas-202112011251_noticia.html\">han mostrado indicios<\/a> de que esta nueva versi\u00f3n del coronavirus podr\u00eda haber llegado a la regi\u00f3n catalana durante<strong> las \u00faltimas semanas de noviembre<\/strong>.<\/p>\n<p>Las autoridades sanitarias de Catalu\u00f1a est\u00e1n tratando de contrastar estas sospechas. Para ello, han iniciado<strong> la secuenciaci\u00f3n del 20% de las pruebas PCR<\/strong> realizadas durante las \u00faltimas semanas. El objetivo es confirmar si, efectivamente, \u00d3micron lleg\u00f3 a Espa\u00f1a antes de lo que se pensaba, pues se trata de una variante del Covid-19 en teor\u00eda <strong>mucho m\u00e1s contagiosa que la original<\/strong>, denominada Delta.<\/p>\n<h3>Convertir las depuradoras de aguas residuales en embalses<\/h3>\n<p><img decoding=\"async\" loading=\"lazy\" class=\"size-full wp-image-3052 alignnone\" src=\"https:\/\/www.serbis.es\/serbis\/blog\/wp-content\/uploads\/reutilizar-aguas-residuales.jpg\" alt=\"\" width=\"630\" height=\"315\" srcset=\"https:\/\/www.serbis.es\/serbis\/blog\/wp-content\/uploads\/reutilizar-aguas-residuales.jpg 630w, https:\/\/www.serbis.es\/serbis\/blog\/wp-content\/uploads\/reutilizar-aguas-residuales-300x150.jpg 300w, https:\/\/www.serbis.es\/serbis\/blog\/wp-content\/uploads\/reutilizar-aguas-residuales-370x185.jpg 370w\" sizes=\"(max-width: 630px) 100vw, 630px\" \/><\/p>\n<p>Apostar por la regeneraci\u00f3n de las aguas residuales se ha convertido en una de las principales v\u00edas para dar forma a una <strong>econom\u00eda circular que reduzca el consumo de agua<\/strong> y, de paso, el impacto sobre los ecosistemas acu\u00e1ticos. Por eso, la Uni\u00f3n Europea est\u00e1 animando a los estados comunitarios a impulsar <strong>el reciclaje de las aguas fecales<\/strong>.<\/p>\n<p>Para que este deseo se convierta en realidad es necesario invertir en <strong>estaciones depuradoras de aguas residuales modernas<\/strong>. <a href=\"https:\/\/blogs.elconfidencial.com\/medioambiente\/ecogallego\/2021-11-28\/agua-regenerada-depuradora-cambio-climatico_3331464\/\">La tecnolog\u00eda ya existe<\/a>, pero falta voluntad para fomentar las alianzas entre empresas y administraciones. El objetivo es dar una segunda vida a las aguas fecales para que puedan ser reutilizadas en <strong>la industria, el campo, las fuentes p\u00fablicas, el baldeo de las calles, el riego de las zonas verdes<\/strong>.<\/p>\n<h3>Las tres claves del saneamiento de aguas residuales<\/h3>\n<p><img decoding=\"async\" loading=\"lazy\" class=\"size-full wp-image-3050 alignnone\" src=\"https:\/\/www.serbis.es\/serbis\/blog\/wp-content\/uploads\/aguas-residuales-6.jpg\" alt=\"\" width=\"630\" height=\"315\" srcset=\"https:\/\/www.serbis.es\/serbis\/blog\/wp-content\/uploads\/aguas-residuales-6.jpg 630w, https:\/\/www.serbis.es\/serbis\/blog\/wp-content\/uploads\/aguas-residuales-6-300x150.jpg 300w, https:\/\/www.serbis.es\/serbis\/blog\/wp-content\/uploads\/aguas-residuales-6-370x185.jpg 370w\" sizes=\"(max-width: 630px) 100vw, 630px\" \/><\/p>\n<p>Tres son los \u00e1mbitos en los que es necesario actuar para conseguir que el saneamiento de aguas residuales sea un derecho humano de car\u00e1cter universal: <strong>el t\u00e9cnico, el financiero y el institucional<\/strong>. As\u00ed lo se\u00f1al\u00f3 Franc Cortada, director general de Oxfam Interm\u00f3n, durante <a href=\"https:\/\/www.lavanguardia.com\/economia\/20211126\/7890228\/avances-tecnologicos-financieros-politicos-saneamiento-agua-brl.html\">un reciente encuentro<\/a> organizado con motivo del D\u00eda Mundial del Saneamiento.<\/p>\n<p>Todav\u00eda hay alrededor de <strong>3.700 millones de personas<\/strong>, casi la mitad de la publicaci\u00f3n mundial, sin acceso a sistemas de saneamiento de aguas residuales. Para revertir la situaci\u00f3n es necesario apostar por los avances t\u00e9cnicos (creando <strong>infraestructuras h\u00eddricas<\/strong> eficientes e innovadoras), pero sobre todo hay que conseguir <strong>la financiaci\u00f3n y el apoyo institucional<\/strong> necesarios para universalizar el alcantarillado.<\/p>\n<p>&nbsp;<\/p>\n<p>*Si quieres contarnos algo puedes llamarnos al <strong>n\u00famero de tel\u00e9fono <\/strong><strong>91 610 62 53<\/strong> y si te gusta estar informado de las noticias nacionales e internacionales m\u00e1s interesantes de las industrias de la pocer\u00eda, el alcantarillado y el saneamiento de aguas fecales, visita <a href=\"https:\/\/www.serbis.es\/\" target=\"_blank\" rel=\"noopener\"><strong>Serbis.es<\/strong><\/a> y <strong>s\u00edguenos en las redes sociales<\/strong>:<\/p>\n<p><a href=\"https:\/\/www.facebook.com\/SerbisPoceria\/\" rel=\"attachment wp-att-691\" class=\"broken_link\"><img decoding=\"async\" loading=\"lazy\" class=\"size-full wp-image-691\" src=\"https:\/\/www.serbis.es\/serbis\/blog\/wp-content\/uploads\/facebook.jpg\" alt=\"facebook\" width=\"113\" height=\"111\" \/><\/a><\/p>\n<p>&nbsp;<\/p>\n<p><a href=\"https:\/\/twitter.com\/serbis_poceria\" rel=\"attachment wp-att-692\"><img decoding=\"async\" loading=\"lazy\" class=\"size-full wp-image-692\" src=\"https:\/\/www.serbis.es\/serbis\/blog\/wp-content\/uploads\/twitter.jpg\" alt=\"twitter\" width=\"113\" height=\"111\" \/><\/a><\/p>\n<p>&nbsp;<\/p>\n<p><a href=\"https:\/\/www.instagram.com\/serbis_poceria\/\" rel=\"attachment wp-att-692\" class=\"broken_link\"><img decoding=\"async\" loading=\"lazy\" class=\"alignnone wp-image-1462 size-full\" src=\"https:\/\/www.serbis.es\/serbis\/blog\/wp-content\/uploads\/instagram.jpg\" alt=\"\" width=\"113\" height=\"111\" \/><\/a><\/p>\n<p>&nbsp;<\/p>\n<p><a href=\"https:\/\/es.linkedin.com\/company\/poceria-serbis\" rel=\"attachment wp-att-693\"><img decoding=\"async\" loading=\"lazy\" class=\"size-full wp-image-693 alignleft\" src=\"https:\/\/www.serbis.es\/serbis\/blog\/wp-content\/uploads\/linkedin.jpg\" alt=\"linkedin\" width=\"113\" height=\"111\" \/><\/a><\/p>\n<p>&nbsp;<\/p>\n<p>&nbsp;<\/p>\n<p>&nbsp;<\/p>\n<p>&nbsp;<\/p>\n<p><a href=\"https:\/\/www.youtube.com\/channel\/UCSIAPGXKlWyOmHRZo9YCpBQ\" rel=\"attachment wp-att-694\"><img decoding=\"async\" loading=\"lazy\" class=\"size-full wp-image-694 alignleft\" src=\"https:\/\/www.serbis.es\/serbis\/blog\/wp-content\/uploads\/youtube.jpg\" alt=\"youtube\" width=\"113\" height=\"111\" \/><\/a><\/p>\n<p>&nbsp;<\/p>\n<p>&nbsp;<\/p>\n<p>&nbsp;<\/p>\n<p>&nbsp;<\/p>\n<p><a href=\"https:\/\/vimeo.com\/user9248661\" rel=\"attachment wp-att-696\"><img decoding=\"async\" loading=\"lazy\" class=\"size-full wp-image-696 alignleft\" src=\"https:\/\/www.serbis.es\/serbis\/blog\/wp-content\/uploads\/vimeo.jpg\" alt=\"vimeo\" width=\"113\" height=\"111\" \/><\/a><\/p>\n<p>&nbsp;<\/p>\n<p>&nbsp;<\/p>\n<p>&nbsp;<\/p>\n<p>&nbsp;<\/p>\n<p><a href=\"https:\/\/www.flickr.com\/photos\/155074596@N06\/\" rel=\"attachment wp-att-698\"><img decoding=\"async\" loading=\"lazy\" class=\"size-full wp-image-698 alignleft\" src=\"https:\/\/www.serbis.es\/serbis\/blog\/wp-content\/uploads\/flickr.jpg\" alt=\"flickr\" width=\"113\" height=\"111\" \/><\/a><\/p>\n<p>&nbsp;<\/p>\n<p>&nbsp;<\/p>\n<p>&nbsp;<\/p>\n<p>&nbsp;<\/p>\n<p><a href=\"https:\/\/www.pinterest.es\/pin\/133348838938250902\/\" rel=\"attachment wp-att-697\"><img decoding=\"async\" loading=\"lazy\" class=\"size-full wp-image-697 alignleft\" src=\"https:\/\/www.serbis.es\/serbis\/blog\/wp-content\/uploads\/pinterest.jpg\" alt=\"pinterest\" width=\"113\" height=\"111\" \/><\/a><\/p>\n","protected":false},"excerpt":{"rendered":"<p>Te mostramos una selecci\u00f3n de las principales noticias aparecidas durante los \u00faltimos d\u00edas en Espa\u00f1a y el mundo en relaci\u00f3n con las alcantarillas y los sistemas de saneamiento de aguas residuales, as\u00ed como con las ca\u00f1er\u00edas, las tuber\u00edas, los atrancos y los atascos&#8230; Las alcantarillas indican que \u00d3micron podr\u00eda llevar semanas en Espa\u00f1a \u00d3micron, la [&hellip;]<\/p>\n","protected":false},"author":3,"featured_media":3050,"comment_status":"open","ping_status":"open","sticky":false,"template":"","format":"standard","meta":{"_mi_skip_tracking":false,"_monsterinsights_sitenote_active":false,"_monsterinsights_sitenote_note":"","_monsterinsights_sitenote_category":0},"categories":[17,5,2,32],"tags":[22,61,350,40,351],"yoast_head":"<!-- This site is optimized with the Yoast SEO plugin v20.10 - https:\/\/yoast.com\/wordpress\/plugins\/seo\/ -->\n<title>Las aguas residuales, claves contra pandemias y sequ\u00edas - Blog de Serbis<\/title>\n<meta name=\"robots\" content=\"index, follow, max-snippet:-1, max-image-preview:large, max-video-preview:-1\" \/>\n<link rel=\"canonical\" href=\"https:\/\/www.serbis.es\/serbis\/blog\/aguas-residuales-pandemias-sequias\/\" \/>\n<meta property=\"og:locale\" content=\"es_ES\" \/>\n<meta property=\"og:type\" content=\"article\" \/>\n<meta property=\"og:title\" content=\"Las aguas residuales, claves contra pandemias y sequ\u00edas - Blog de Serbis\" \/>\n<meta property=\"og:description\" content=\"Te mostramos una selecci\u00f3n de las principales noticias aparecidas durante los \u00faltimos d\u00edas en Espa\u00f1a y el mundo en relaci\u00f3n con las alcantarillas y los sistemas de saneamiento de aguas residuales, as\u00ed como con las ca\u00f1er\u00edas, las tuber\u00edas, los atrancos y los atascos&#8230; Las alcantarillas indican que \u00d3micron podr\u00eda llevar semanas en Espa\u00f1a \u00d3micron, la [&hellip;]\" \/>\n<meta property=\"og:url\" content=\"https:\/\/www.serbis.es\/serbis\/blog\/aguas-residuales-pandemias-sequias\/\" \/>\n<meta property=\"og:site_name\" content=\"Blog de Serbis\" \/>\n<meta property=\"article:author\" content=\"https:\/\/www.facebook.com\/SerbisPoceria\/\" \/>\n<meta property=\"article:published_time\" content=\"2021-12-02T09:18:49+00:00\" \/>\n<meta property=\"og:image\" content=\"https:\/\/www.serbis.es\/serbis\/blog\/wp-content\/uploads\/aguas-residuales-6.jpg\" \/>\n\t<meta property=\"og:image:width\" content=\"630\" \/>\n\t<meta property=\"og:image:height\" content=\"315\" \/>\n\t<meta property=\"og:image:type\" content=\"image\/jpeg\" \/>\n<meta name=\"author\" content=\"Serbis Pocer\u00eda\" \/>\n<meta name=\"twitter:label1\" content=\"Escrito por\" \/>\n\t<meta name=\"twitter:data1\" content=\"Serbis Pocer\u00eda\" \/>\n\t<meta name=\"twitter:label2\" content=\"Tiempo de lectura\" \/>\n\t<meta name=\"twitter:data2\" content=\"3 minutos\" \/>\n<script type=\"application\/ld+json\" class=\"yoast-schema-graph\">{\"@context\":\"https:\/\/schema.org\",\"@graph\":[{\"@type\":\"WebPage\",\"@id\":\"https:\/\/www.serbis.es\/serbis\/blog\/aguas-residuales-pandemias-sequias\/\",\"url\":\"https:\/\/www.serbis.es\/serbis\/blog\/aguas-residuales-pandemias-sequias\/\",\"name\":\"Las aguas residuales, claves contra pandemias y sequ\u00edas - Blog de Serbis\",\"isPartOf\":{\"@id\":\"https:\/\/www.serbis.es\/serbis\/blog\/#website\"},\"datePublished\":\"2021-12-02T09:18:49+00:00\",\"dateModified\":\"2021-12-02T09:18:49+00:00\",\"author\":{\"@id\":\"https:\/\/www.serbis.es\/serbis\/blog\/#\/schema\/person\/449002ed602088d1463cc28957dee9ea\"},\"breadcrumb\":{\"@id\":\"https:\/\/www.serbis.es\/serbis\/blog\/aguas-residuales-pandemias-sequias\/#breadcrumb\"},\"inLanguage\":\"es\",\"potentialAction\":[{\"@type\":\"ReadAction\",\"target\":[\"https:\/\/www.serbis.es\/serbis\/blog\/aguas-residuales-pandemias-sequias\/\"]}]},{\"@type\":\"BreadcrumbList\",\"@id\":\"https:\/\/www.serbis.es\/serbis\/blog\/aguas-residuales-pandemias-sequias\/#breadcrumb\",\"itemListElement\":[{\"@type\":\"ListItem\",\"position\":1,\"name\":\"Portada\",\"item\":\"https:\/\/www.serbis.es\/serbis\/blog\/\"},{\"@type\":\"ListItem\",\"position\":2,\"name\":\"Las aguas residuales, claves contra pandemias y sequ\u00edas\"}]},{\"@type\":\"WebSite\",\"@id\":\"https:\/\/www.serbis.es\/serbis\/blog\/#website\",\"url\":\"https:\/\/www.serbis.es\/serbis\/blog\/\",\"name\":\"Blog de Serbis\",\"description\":\"l\u00edderes en Espa\u00f1a en saneamiento de aguas con servicios de pocer\u00eda tradicional y sin zanjas\",\"potentialAction\":[{\"@type\":\"SearchAction\",\"target\":{\"@type\":\"EntryPoint\",\"urlTemplate\":\"https:\/\/www.serbis.es\/serbis\/blog\/?s={search_term_string}\"},\"query-input\":\"required name=search_term_string\"}],\"inLanguage\":\"es\"},{\"@type\":\"Person\",\"@id\":\"https:\/\/www.serbis.es\/serbis\/blog\/#\/schema\/person\/449002ed602088d1463cc28957dee9ea\",\"name\":\"Serbis Pocer\u00eda\",\"image\":{\"@type\":\"ImageObject\",\"inLanguage\":\"es\",\"@id\":\"https:\/\/www.serbis.es\/serbis\/blog\/#\/schema\/person\/image\/\",\"url\":\"https:\/\/secure.gravatar.com\/avatar\/1b95962073fbda6a54be252a727db96a?s=96&d=mm&r=g\",\"contentUrl\":\"https:\/\/secure.gravatar.com\/avatar\/1b95962073fbda6a54be252a727db96a?s=96&d=mm&r=g\",\"caption\":\"Serbis Pocer\u00eda\"},\"description\":\"Empresa especializada en soluciones de alcantarillado y saneamiento de agua, con gran experiencia en el sector y conocimiento de t\u00e9cnicas tanto de pocer\u00eda tradicional como de rehabilitaci\u00f3n de tuber\u00edas sin zanjas ni necesidad de obra civil\",\"sameAs\":[\"https:\/\/www.linkedin.com\/company\/poceria-serbis\",\"https:\/\/www.facebook.com\/SerbisPoceria\/\",\"https:\/\/twitter.com\/https:\/\/twitter.com\/serbis_poceria\"],\"url\":\"https:\/\/www.serbis.es\/serbis\/blog\/author\/perio_editor\/\"}]}<\/script>\n<!-- \/ Yoast SEO plugin. -->","yoast_head_json":{"title":"Las aguas residuales, claves contra pandemias y sequ\u00edas - Blog de Serbis","robots":{"index":"index","follow":"follow","max-snippet":"max-snippet:-1","max-image-preview":"max-image-preview:large","max-video-preview":"max-video-preview:-1"},"canonical":"https:\/\/www.serbis.es\/serbis\/blog\/aguas-residuales-pandemias-sequias\/","og_locale":"es_ES","og_type":"article","og_title":"Las aguas residuales, claves contra pandemias y sequ\u00edas - Blog de Serbis","og_description":"Te mostramos una selecci\u00f3n de las principales noticias aparecidas durante los \u00faltimos d\u00edas en Espa\u00f1a y el mundo en relaci\u00f3n con las alcantarillas y los sistemas de saneamiento de aguas residuales, as\u00ed como con las ca\u00f1er\u00edas, las tuber\u00edas, los atrancos y los atascos&#8230; Las alcantarillas indican que \u00d3micron podr\u00eda llevar semanas en Espa\u00f1a \u00d3micron, la [&hellip;]","og_url":"https:\/\/www.serbis.es\/serbis\/blog\/aguas-residuales-pandemias-sequias\/","og_site_name":"Blog de Serbis","article_author":"https:\/\/www.facebook.com\/SerbisPoceria\/","article_published_time":"2021-12-02T09:18:49+00:00","og_image":[{"width":630,"height":315,"url":"https:\/\/www.serbis.es\/serbis\/blog\/wp-content\/uploads\/aguas-residuales-6.jpg","type":"image\/jpeg"}],"author":"Serbis Pocer\u00eda","twitter_misc":{"Escrito por":"Serbis Pocer\u00eda","Tiempo de lectura":"3 minutos"},"schema":{"@context":"https:\/\/schema.org","@graph":[{"@type":"WebPage","@id":"https:\/\/www.serbis.es\/serbis\/blog\/aguas-residuales-pandemias-sequias\/","url":"https:\/\/www.serbis.es\/serbis\/blog\/aguas-residuales-pandemias-sequias\/","name":"Las aguas residuales, claves contra pandemias y sequ\u00edas - Blog de Serbis","isPartOf":{"@id":"https:\/\/www.serbis.es\/serbis\/blog\/#website"},"datePublished":"2021-12-02T09:18:49+00:00","dateModified":"2021-12-02T09:18:49+00:00","author":{"@id":"https:\/\/www.serbis.es\/serbis\/blog\/#\/schema\/person\/449002ed602088d1463cc28957dee9ea"},"breadcrumb":{"@id":"https:\/\/www.serbis.es\/serbis\/blog\/aguas-residuales-pandemias-sequias\/#breadcrumb"},"inLanguage":"es","potentialAction":[{"@type":"ReadAction","target":["https:\/\/www.serbis.es\/serbis\/blog\/aguas-residuales-pandemias-sequias\/"]}]},{"@type":"BreadcrumbList","@id":"https:\/\/www.serbis.es\/serbis\/blog\/aguas-residuales-pandemias-sequias\/#breadcrumb","itemListElement":[{"@type":"ListItem","position":1,"name":"Portada","item":"https:\/\/www.serbis.es\/serbis\/blog\/"},{"@type":"ListItem","position":2,"name":"Las aguas residuales, claves contra pandemias y sequ\u00edas"}]},{"@type":"WebSite","@id":"https:\/\/www.serbis.es\/serbis\/blog\/#website","url":"https:\/\/www.serbis.es\/serbis\/blog\/","name":"Blog de Serbis","description":"l\u00edderes en Espa\u00f1a en saneamiento de aguas con servicios de pocer\u00eda tradicional y sin zanjas","potentialAction":[{"@type":"SearchAction","target":{"@type":"EntryPoint","urlTemplate":"https:\/\/www.serbis.es\/serbis\/blog\/?s={search_term_string}"},"query-input":"required name=search_term_string"}],"inLanguage":"es"},{"@type":"Person","@id":"https:\/\/www.serbis.es\/serbis\/blog\/#\/schema\/person\/449002ed602088d1463cc28957dee9ea","name":"Serbis Pocer\u00eda","image":{"@type":"ImageObject","inLanguage":"es","@id":"https:\/\/www.serbis.es\/serbis\/blog\/#\/schema\/person\/image\/","url":"https:\/\/secure.gravatar.com\/avatar\/1b95962073fbda6a54be252a727db96a?s=96&d=mm&r=g","contentUrl":"https:\/\/secure.gravatar.com\/avatar\/1b95962073fbda6a54be252a727db96a?s=96&d=mm&r=g","caption":"Serbis Pocer\u00eda"},"description":"Empresa especializada en soluciones de alcantarillado y saneamiento de agua, con gran experiencia en el sector y conocimiento de t\u00e9cnicas tanto de pocer\u00eda tradicional como de rehabilitaci\u00f3n de tuber\u00edas sin zanjas ni necesidad de obra civil","sameAs":["https:\/\/www.linkedin.com\/company\/poceria-serbis","https:\/\/www.facebook.com\/SerbisPoceria\/","https:\/\/twitter.com\/https:\/\/twitter.com\/serbis_poceria"],"url":"https:\/\/www.serbis.es\/serbis\/blog\/author\/perio_editor\/"}]}},"_links":{"self":[{"href":"https:\/\/www.serbis.es\/serbis\/blog\/wp-json\/wp\/v2\/posts\/3049"}],"collection":[{"href":"https:\/\/www.serbis.es\/serbis\/blog\/wp-json\/wp\/v2\/posts"}],"about":[{"href":"https:\/\/www.serbis.es\/serbis\/blog\/wp-json\/wp\/v2\/types\/post"}],"author":[{"embeddable":true,"href":"https:\/\/www.serbis.es\/serbis\/blog\/wp-json\/wp\/v2\/users\/3"}],"replies":[{"embeddable":true,"href":"https:\/\/www.serbis.es\/serbis\/blog\/wp-json\/wp\/v2\/comments?post=3049"}],"version-history":[{"count":3,"href":"https:\/\/www.serbis.es\/serbis\/blog\/wp-json\/wp\/v2\/posts\/3049\/revisions"}],"predecessor-version":[{"id":3056,"href":"https:\/\/www.serbis.es\/serbis\/blog\/wp-json\/wp\/v2\/posts\/3049\/revisions\/3056"}],"wp:featuredmedia":[{"embeddable":true,"href":"https:\/\/www.serbis.es\/serbis\/blog\/wp-json\/wp\/v2\/media\/3050"}],"wp:attachment":[{"href":"https:\/\/www.serbis.es\/serbis\/blog\/wp-json\/wp\/v2\/media?parent=3049"}],"wp:term":[{"taxonomy":"category","embeddable":true,"href":"https:\/\/www.serbis.es\/serbis\/blog\/wp-json\/wp\/v2\/categories?post=3049"},{"taxonomy":"post_tag","embeddable":true,"href":"https:\/\/www.serbis.es\/serbis\/blog\/wp-json\/wp\/v2\/tags?post=3049"}],"curies":[{"name":"wp","href":"https:\/\/api.w.org\/{rel}","templated":true}]}}