{"id":3064,"date":"2021-12-16T16:15:55","date_gmt":"2021-12-16T16:15:55","guid":{"rendered":"https:\/\/www.serbis.es\/serbis\/blog\/?p=3064"},"modified":"2021-12-16T16:15:55","modified_gmt":"2021-12-16T16:15:55","slug":"madrid-mejora-su-saneamiento-y-se-prepara-para-otra-ola","status":"publish","type":"post","link":"https:\/\/www.serbis.es\/serbis\/blog\/madrid-mejora-su-saneamiento-y-se-prepara-para-otra-ola\/","title":{"rendered":"Madrid mejora su saneamiento y se prepara para otra ola"},"content":{"rendered":"<p>Te mostramos una selecci\u00f3n de las principales noticias aparecidas durante los \u00faltimos d\u00edas en Espa\u00f1a y el mundo en relaci\u00f3n con las alcantarillas y los sistemas de saneamiento de aguas residuales, as\u00ed como con las ca\u00f1er\u00edas, las tuber\u00edas, los atrancos y los atascos&#8230;<\/p>\n<h3>Madrid modernizar\u00e1 25 depuradoras de aguas residuales<\/h3>\n<p><img decoding=\"async\" loading=\"lazy\" class=\"size-full wp-image-3066 alignnone\" src=\"https:\/\/www.serbis.es\/serbis\/blog\/wp-content\/uploads\/canal-isabel-ii-2.jpg\" alt=\"\" width=\"630\" height=\"315\" srcset=\"https:\/\/www.serbis.es\/serbis\/blog\/wp-content\/uploads\/canal-isabel-ii-2.jpg 630w, https:\/\/www.serbis.es\/serbis\/blog\/wp-content\/uploads\/canal-isabel-ii-2-300x150.jpg 300w, https:\/\/www.serbis.es\/serbis\/blog\/wp-content\/uploads\/canal-isabel-ii-2-370x185.jpg 370w\" sizes=\"(max-width: 630px) 100vw, 630px\" \/><\/p>\n<p>El Gobierno de la Comunidad de Madrid <a href=\"https:\/\/torrelodones.info\/2021\/12\/13\/la-comunidad-invierte-en-la-mejora-de-25-depuradoras-de-aguas-residuales\/\">ha dado luz verde<\/a> a los trabajos de mejora de un total de<strong> 25 estaciones depuradoras de aguas residuales (EDAR)<\/strong> de las cuencas del Alto Manzanares y el Guadarrama. Las actuaciones contar\u00e1n con un presupuesto de <strong>6,6 millones de euros<\/strong> y tienen como objetivo mejorar<strong> la calidad medioambiental y la eficiencia energ\u00e9tica<\/strong> de estas instalaciones.<\/p>\n<p>Las depuradoras gestionadas por el Canal de Isabel II incluidas en la iniciativa tienen capacidad para tratar alrededor de <strong>60 hect\u00f3metros c\u00fabicos de aguas residuales cada a\u00f1o<\/strong>. La mayor parte de la inversi\u00f3n ir\u00e1 a parar a la EDAR de Navarrosillos, en <strong>Colmenar Viejo<\/strong>, que experimentar\u00e1 una remodelaci\u00f3n integral. Tambi\u00e9n se actuar\u00e1 con especial intensidad en la EDAR de Arroyo del Soto, situada en el municipio de <strong>M\u00f3stoles<\/strong>.<\/p>\n<h3>Las aguas residuales anticipan una nueva ola de Covid en Madrid<\/h3>\n<p><img decoding=\"async\" loading=\"lazy\" class=\"size-full wp-image-3072 alignnone\" src=\"https:\/\/www.serbis.es\/serbis\/blog\/wp-content\/uploads\/covid-madrid-vigia.jpg\" alt=\"\" width=\"630\" height=\"315\" srcset=\"https:\/\/www.serbis.es\/serbis\/blog\/wp-content\/uploads\/covid-madrid-vigia.jpg 630w, https:\/\/www.serbis.es\/serbis\/blog\/wp-content\/uploads\/covid-madrid-vigia-300x150.jpg 300w, https:\/\/www.serbis.es\/serbis\/blog\/wp-content\/uploads\/covid-madrid-vigia-370x185.jpg 370w\" sizes=\"(max-width: 630px) 100vw, 630px\" \/><\/p>\n<p>El rastreo del coronavirus en las aguas residuales ha sido una herramienta fundamental desde poco despu\u00e9s del estallido de la crisis sanitaria para <strong>analizar la evoluci\u00f3n de la pandemia y anticiparse a posibles rebrotes.<\/strong> Y lo que ahora dicen las aguas fecales, al menos en Madrid, es que nos adentramos de lleno en <a href=\"https:\/\/www.elindependiente.com\/vida-sana\/salud\/2021\/12\/15\/la-presencia-de-covid-en-aguas-residuales-madrilenas-aumenta-de-forma-significativa-este-mes\/\">una nueva ola de Covid-19<\/a>.<\/p>\n<p>As\u00ed lo ponen de manifiesto los datos del <strong>sistema Vig\u00eda<\/strong>, puesto en marcha hace algo m\u00e1s de un a\u00f1o por la Comunidad de Madrid y el Canal de Isabel II para rastrear las redes de saneamiento y alcantarillado en busca del virus. <strong>El aumento de su presencia este mes de diciembre est\u00e1 siendo muy significativo<\/strong>, tanto en la capital madrile\u00f1a como en el conjunto de la regi\u00f3n, pese a que ven\u00edamos de dos meses seguidos en m\u00ednimos hist\u00f3ricos.<\/p>\n<h3>Almer\u00eda lanza una nueva campa\u00f1a contra las toallitas<\/h3>\n<p><img decoding=\"async\" loading=\"lazy\" class=\"size-full wp-image-3068 alignnone\" src=\"https:\/\/www.serbis.es\/serbis\/blog\/wp-content\/uploads\/toallitas-almeria.jpg\" alt=\"\" width=\"630\" height=\"315\" srcset=\"https:\/\/www.serbis.es\/serbis\/blog\/wp-content\/uploads\/toallitas-almeria.jpg 630w, https:\/\/www.serbis.es\/serbis\/blog\/wp-content\/uploads\/toallitas-almeria-300x150.jpg 300w, https:\/\/www.serbis.es\/serbis\/blog\/wp-content\/uploads\/toallitas-almeria-370x185.jpg 370w\" sizes=\"(max-width: 630px) 100vw, 630px\" \/><\/p>\n<p>La acumulaci\u00f3n de las famosas <strong>toallitas h\u00famedas<\/strong> sigue siendo el principal enemigo de las redes de alcantarillado y saneamiento de aguas residuales. Por eso, cada poco tiempo sale a la palestra una nueva campa\u00f1a de sensibilizaci\u00f3n en alguna ciudad espa\u00f1ola. <a href=\"https:\/\/www.almeriaciudad.es\/ayuntamiento-y-aqualia-ponen-en-marcha-la-campana-nolotires-para-concienciar-sobre-las-consecuencias-de-tirar-residuos-por-el-wc\/\" class=\"broken_link\">La \u00faltima en hacerlo<\/a> ha sido <strong>Almer\u00eda<\/strong>, bajo el lema <strong>#Nolotires. El inodoro nunca como papelera<\/strong>.<\/p>\n<p>El objetivo es conseguir que los almerienses tomen conciencia de la magnitud de un problema que tiene un enorme impacto econ\u00f3mico y medioambiental. No en vano, cada a\u00f1o se arrojan a los inodoros de la ciudad <strong>m\u00e1s de 1.000 toneladas de residuos s\u00f3lidos<\/strong> que deber\u00edan terminar en el cubo de la basura y que son responsables de <strong>tapones, atrancos y atascos<\/strong>. Y no solo hablamos de toallitas h\u00famedas, sino tambi\u00e9n de otros residuos tan contaminantes como <strong>los pa\u00f1ales o las compresas<\/strong>.<\/p>\n<h3>Las alcantarillas de Vitoria ya no dan abasto<\/h3>\n<p><img decoding=\"async\" loading=\"lazy\" class=\"size-full wp-image-3070 alignnone\" src=\"https:\/\/www.serbis.es\/serbis\/blog\/wp-content\/uploads\/limpieza-alcantarillas.jpg\" alt=\"\" width=\"630\" height=\"315\" srcset=\"https:\/\/www.serbis.es\/serbis\/blog\/wp-content\/uploads\/limpieza-alcantarillas.jpg 630w, https:\/\/www.serbis.es\/serbis\/blog\/wp-content\/uploads\/limpieza-alcantarillas-300x150.jpg 300w, https:\/\/www.serbis.es\/serbis\/blog\/wp-content\/uploads\/limpieza-alcantarillas-370x185.jpg 370w\" sizes=\"(max-width: 630px) 100vw, 630px\" \/><\/p>\n<p>Hace varias semanas que la lluvia viene cayendo de manera incesante sobre algunas regiones del norte de Espa\u00f1a, como el <strong>Pa\u00eds Vasco o Navarra<\/strong>. De hecho, en la ciudad de Vitoria <strong>las alcantarillas y los sumideros<\/strong> <a href=\"https:\/\/nortexpres.com\/vitoria-se-acuerda-ahora-de-las-hojas-en-alcantarillas\/\">empiezan a estar al l\u00edmite de su capacidad<\/a>, lo que se est\u00e1 traduciendo en <strong>inundaciones<\/strong>.<\/p>\n<p>As\u00ed lo denuncian algunos vecinos de la capital vasca, que aseguran que <strong>la falta de limpieza de la red de saneamiento<\/strong> ha provocado la acumulaci\u00f3n de <strong>hojas de los \u00e1rboles<\/strong> en los aliviaderos. Esto, a su vez, se estar\u00eda traduciendo en la aparici\u00f3n de <strong>atascos y atrancos<\/strong> en los momentos de lluvias m\u00e1s intensas.<\/p>\n<p>&nbsp;<\/p>\n<p>*Si quieres contarnos algo puedes llamarnos al <strong>n\u00famero de tel\u00e9fono <\/strong><strong>91 610 62 53<\/strong> y si te gusta estar informado de las noticias nacionales e internacionales m\u00e1s interesantes de las industrias de la pocer\u00eda, el alcantarillado y el saneamiento de aguas fecales, visita <a href=\"https:\/\/www.serbis.es\/\" target=\"_blank\" rel=\"noopener\"><strong>Serbis.es<\/strong><\/a> y <strong>s\u00edguenos en las redes sociales<\/strong>:<\/p>\n<p><a href=\"https:\/\/www.facebook.com\/SerbisPoceria\/\" rel=\"attachment wp-att-691\" class=\"broken_link\"><img decoding=\"async\" loading=\"lazy\" class=\"size-full wp-image-691\" src=\"https:\/\/www.serbis.es\/serbis\/blog\/wp-content\/uploads\/facebook.jpg\" alt=\"facebook\" width=\"113\" height=\"111\" \/><\/a><\/p>\n<p>&nbsp;<\/p>\n<p><a href=\"https:\/\/twitter.com\/serbis_poceria\" rel=\"attachment wp-att-692\"><img decoding=\"async\" loading=\"lazy\" class=\"size-full wp-image-692\" src=\"https:\/\/www.serbis.es\/serbis\/blog\/wp-content\/uploads\/twitter.jpg\" alt=\"twitter\" width=\"113\" height=\"111\" \/><\/a><\/p>\n<p>&nbsp;<\/p>\n<p><a href=\"https:\/\/www.instagram.com\/serbis_poceria\/\" rel=\"attachment wp-att-692\" class=\"broken_link\"><img decoding=\"async\" loading=\"lazy\" class=\"alignnone wp-image-1462 size-full\" src=\"https:\/\/www.serbis.es\/serbis\/blog\/wp-content\/uploads\/instagram.jpg\" alt=\"\" width=\"113\" height=\"111\" \/><\/a><\/p>\n<p>&nbsp;<\/p>\n<p><a href=\"https:\/\/es.linkedin.com\/company\/poceria-serbis\" rel=\"attachment wp-att-693\"><img decoding=\"async\" loading=\"lazy\" class=\"size-full wp-image-693 alignleft\" src=\"https:\/\/www.serbis.es\/serbis\/blog\/wp-content\/uploads\/linkedin.jpg\" alt=\"linkedin\" width=\"113\" height=\"111\" \/><\/a><\/p>\n<p>&nbsp;<\/p>\n<p>&nbsp;<\/p>\n<p>&nbsp;<\/p>\n<p>&nbsp;<\/p>\n<p><a href=\"https:\/\/www.youtube.com\/channel\/UCSIAPGXKlWyOmHRZo9YCpBQ\" rel=\"attachment wp-att-694\"><img decoding=\"async\" loading=\"lazy\" class=\"size-full wp-image-694 alignleft\" src=\"https:\/\/www.serbis.es\/serbis\/blog\/wp-content\/uploads\/youtube.jpg\" alt=\"youtube\" width=\"113\" height=\"111\" \/><\/a><\/p>\n<p>&nbsp;<\/p>\n<p>&nbsp;<\/p>\n<p>&nbsp;<\/p>\n<p>&nbsp;<\/p>\n<p><a href=\"https:\/\/vimeo.com\/user9248661\" rel=\"attachment wp-att-696\"><img decoding=\"async\" loading=\"lazy\" class=\"size-full wp-image-696 alignleft\" src=\"https:\/\/www.serbis.es\/serbis\/blog\/wp-content\/uploads\/vimeo.jpg\" alt=\"vimeo\" width=\"113\" height=\"111\" \/><\/a><\/p>\n<p>&nbsp;<\/p>\n<p>&nbsp;<\/p>\n<p>&nbsp;<\/p>\n<p>&nbsp;<\/p>\n<p><a href=\"https:\/\/www.flickr.com\/photos\/155074596@N06\/\" rel=\"attachment wp-att-698\"><img decoding=\"async\" loading=\"lazy\" class=\"size-full wp-image-698 alignleft\" src=\"https:\/\/www.serbis.es\/serbis\/blog\/wp-content\/uploads\/flickr.jpg\" alt=\"flickr\" width=\"113\" height=\"111\" \/><\/a><\/p>\n<p>&nbsp;<\/p>\n<p>&nbsp;<\/p>\n<p>&nbsp;<\/p>\n<p>&nbsp;<\/p>\n<p><a href=\"https:\/\/www.pinterest.es\/pin\/133348838938250902\/\" rel=\"attachment wp-att-697\"><img decoding=\"async\" loading=\"lazy\" class=\"size-full wp-image-697 alignleft\" src=\"https:\/\/www.serbis.es\/serbis\/blog\/wp-content\/uploads\/pinterest.jpg\" alt=\"pinterest\" width=\"113\" height=\"111\" \/><\/a><\/p>\n","protected":false},"excerpt":{"rendered":"<p>Te mostramos una selecci\u00f3n de las principales noticias aparecidas durante los \u00faltimos d\u00edas en Espa\u00f1a y el mundo en relaci\u00f3n con las alcantarillas y los sistemas de saneamiento de aguas residuales, as\u00ed como con las ca\u00f1er\u00edas, las tuber\u00edas, los atrancos y los atascos&#8230; Madrid modernizar\u00e1 25 depuradoras de aguas residuales El Gobierno de la Comunidad [&hellip;]<\/p>\n","protected":false},"author":3,"featured_media":3072,"comment_status":"open","ping_status":"open","sticky":false,"template":"","format":"standard","meta":{"_mi_skip_tracking":false,"_monsterinsights_sitenote_active":false,"_monsterinsights_sitenote_note":"","_monsterinsights_sitenote_category":0},"categories":[17,2,32],"tags":[111,75,22,61,388,391,451,398,40,452],"yoast_head":"<!-- This site is optimized with the Yoast SEO plugin v20.10 - https:\/\/yoast.com\/wordpress\/plugins\/seo\/ -->\n<title>Madrid mejora su saneamiento y se prepara para otra ola - Blog de Serbis<\/title>\n<meta name=\"robots\" content=\"index, follow, max-snippet:-1, max-image-preview:large, max-video-preview:-1\" \/>\n<link rel=\"canonical\" href=\"https:\/\/www.serbis.es\/serbis\/blog\/madrid-mejora-su-saneamiento-y-se-prepara-para-otra-ola\/\" \/>\n<meta property=\"og:locale\" content=\"es_ES\" \/>\n<meta property=\"og:type\" content=\"article\" \/>\n<meta property=\"og:title\" content=\"Madrid mejora su saneamiento y se prepara para otra ola - Blog de Serbis\" \/>\n<meta property=\"og:description\" content=\"Te mostramos una selecci\u00f3n de las principales noticias aparecidas durante los \u00faltimos d\u00edas en Espa\u00f1a y el mundo en relaci\u00f3n con las alcantarillas y los sistemas de saneamiento de aguas residuales, as\u00ed como con las ca\u00f1er\u00edas, las tuber\u00edas, los atrancos y los atascos&#8230; Madrid modernizar\u00e1 25 depuradoras de aguas residuales El Gobierno de la Comunidad [&hellip;]\" \/>\n<meta property=\"og:url\" content=\"https:\/\/www.serbis.es\/serbis\/blog\/madrid-mejora-su-saneamiento-y-se-prepara-para-otra-ola\/\" \/>\n<meta property=\"og:site_name\" content=\"Blog de Serbis\" \/>\n<meta property=\"article:author\" content=\"https:\/\/www.facebook.com\/SerbisPoceria\/\" \/>\n<meta property=\"article:published_time\" content=\"2021-12-16T16:15:55+00:00\" \/>\n<meta property=\"og:image\" content=\"https:\/\/www.serbis.es\/serbis\/blog\/wp-content\/uploads\/covid-madrid-vigia.jpg\" \/>\n\t<meta property=\"og:image:width\" content=\"630\" \/>\n\t<meta property=\"og:image:height\" content=\"315\" \/>\n\t<meta property=\"og:image:type\" content=\"image\/jpeg\" \/>\n<meta name=\"author\" content=\"Serbis Pocer\u00eda\" \/>\n<meta name=\"twitter:label1\" content=\"Escrito por\" \/>\n\t<meta name=\"twitter:data1\" content=\"Serbis Pocer\u00eda\" \/>\n\t<meta name=\"twitter:label2\" content=\"Tiempo de lectura\" \/>\n\t<meta name=\"twitter:data2\" content=\"4 minutos\" \/>\n<script type=\"application\/ld+json\" class=\"yoast-schema-graph\">{\"@context\":\"https:\/\/schema.org\",\"@graph\":[{\"@type\":\"WebPage\",\"@id\":\"https:\/\/www.serbis.es\/serbis\/blog\/madrid-mejora-su-saneamiento-y-se-prepara-para-otra-ola\/\",\"url\":\"https:\/\/www.serbis.es\/serbis\/blog\/madrid-mejora-su-saneamiento-y-se-prepara-para-otra-ola\/\",\"name\":\"Madrid mejora su saneamiento y se prepara para otra ola - Blog de Serbis\",\"isPartOf\":{\"@id\":\"https:\/\/www.serbis.es\/serbis\/blog\/#website\"},\"datePublished\":\"2021-12-16T16:15:55+00:00\",\"dateModified\":\"2021-12-16T16:15:55+00:00\",\"author\":{\"@id\":\"https:\/\/www.serbis.es\/serbis\/blog\/#\/schema\/person\/449002ed602088d1463cc28957dee9ea\"},\"breadcrumb\":{\"@id\":\"https:\/\/www.serbis.es\/serbis\/blog\/madrid-mejora-su-saneamiento-y-se-prepara-para-otra-ola\/#breadcrumb\"},\"inLanguage\":\"es\",\"potentialAction\":[{\"@type\":\"ReadAction\",\"target\":[\"https:\/\/www.serbis.es\/serbis\/blog\/madrid-mejora-su-saneamiento-y-se-prepara-para-otra-ola\/\"]}]},{\"@type\":\"BreadcrumbList\",\"@id\":\"https:\/\/www.serbis.es\/serbis\/blog\/madrid-mejora-su-saneamiento-y-se-prepara-para-otra-ola\/#breadcrumb\",\"itemListElement\":[{\"@type\":\"ListItem\",\"position\":1,\"name\":\"Portada\",\"item\":\"https:\/\/www.serbis.es\/serbis\/blog\/\"},{\"@type\":\"ListItem\",\"position\":2,\"name\":\"Madrid mejora su saneamiento y se prepara para otra ola\"}]},{\"@type\":\"WebSite\",\"@id\":\"https:\/\/www.serbis.es\/serbis\/blog\/#website\",\"url\":\"https:\/\/www.serbis.es\/serbis\/blog\/\",\"name\":\"Blog de Serbis\",\"description\":\"l\u00edderes en Espa\u00f1a en saneamiento de aguas con servicios de pocer\u00eda tradicional y sin zanjas\",\"potentialAction\":[{\"@type\":\"SearchAction\",\"target\":{\"@type\":\"EntryPoint\",\"urlTemplate\":\"https:\/\/www.serbis.es\/serbis\/blog\/?s={search_term_string}\"},\"query-input\":\"required name=search_term_string\"}],\"inLanguage\":\"es\"},{\"@type\":\"Person\",\"@id\":\"https:\/\/www.serbis.es\/serbis\/blog\/#\/schema\/person\/449002ed602088d1463cc28957dee9ea\",\"name\":\"Serbis Pocer\u00eda\",\"image\":{\"@type\":\"ImageObject\",\"inLanguage\":\"es\",\"@id\":\"https:\/\/www.serbis.es\/serbis\/blog\/#\/schema\/person\/image\/\",\"url\":\"https:\/\/secure.gravatar.com\/avatar\/1b95962073fbda6a54be252a727db96a?s=96&d=mm&r=g\",\"contentUrl\":\"https:\/\/secure.gravatar.com\/avatar\/1b95962073fbda6a54be252a727db96a?s=96&d=mm&r=g\",\"caption\":\"Serbis Pocer\u00eda\"},\"description\":\"Empresa especializada en soluciones de alcantarillado y saneamiento de agua, con gran experiencia en el sector y conocimiento de t\u00e9cnicas tanto de pocer\u00eda tradicional como de rehabilitaci\u00f3n de tuber\u00edas sin zanjas ni necesidad de obra civil\",\"sameAs\":[\"https:\/\/www.linkedin.com\/company\/poceria-serbis\",\"https:\/\/www.facebook.com\/SerbisPoceria\/\",\"https:\/\/twitter.com\/https:\/\/twitter.com\/serbis_poceria\"],\"url\":\"https:\/\/www.serbis.es\/serbis\/blog\/author\/perio_editor\/\"}]}<\/script>\n<!-- \/ Yoast SEO plugin. -->","yoast_head_json":{"title":"Madrid mejora su saneamiento y se prepara para otra ola - Blog de Serbis","robots":{"index":"index","follow":"follow","max-snippet":"max-snippet:-1","max-image-preview":"max-image-preview:large","max-video-preview":"max-video-preview:-1"},"canonical":"https:\/\/www.serbis.es\/serbis\/blog\/madrid-mejora-su-saneamiento-y-se-prepara-para-otra-ola\/","og_locale":"es_ES","og_type":"article","og_title":"Madrid mejora su saneamiento y se prepara para otra ola - Blog de Serbis","og_description":"Te mostramos una selecci\u00f3n de las principales noticias aparecidas durante los \u00faltimos d\u00edas en Espa\u00f1a y el mundo en relaci\u00f3n con las alcantarillas y los sistemas de saneamiento de aguas residuales, as\u00ed como con las ca\u00f1er\u00edas, las tuber\u00edas, los atrancos y los atascos&#8230; Madrid modernizar\u00e1 25 depuradoras de aguas residuales El Gobierno de la Comunidad [&hellip;]","og_url":"https:\/\/www.serbis.es\/serbis\/blog\/madrid-mejora-su-saneamiento-y-se-prepara-para-otra-ola\/","og_site_name":"Blog de Serbis","article_author":"https:\/\/www.facebook.com\/SerbisPoceria\/","article_published_time":"2021-12-16T16:15:55+00:00","og_image":[{"width":630,"height":315,"url":"https:\/\/www.serbis.es\/serbis\/blog\/wp-content\/uploads\/covid-madrid-vigia.jpg","type":"image\/jpeg"}],"author":"Serbis Pocer\u00eda","twitter_misc":{"Escrito por":"Serbis Pocer\u00eda","Tiempo de lectura":"4 minutos"},"schema":{"@context":"https:\/\/schema.org","@graph":[{"@type":"WebPage","@id":"https:\/\/www.serbis.es\/serbis\/blog\/madrid-mejora-su-saneamiento-y-se-prepara-para-otra-ola\/","url":"https:\/\/www.serbis.es\/serbis\/blog\/madrid-mejora-su-saneamiento-y-se-prepara-para-otra-ola\/","name":"Madrid mejora su saneamiento y se prepara para otra ola - Blog de Serbis","isPartOf":{"@id":"https:\/\/www.serbis.es\/serbis\/blog\/#website"},"datePublished":"2021-12-16T16:15:55+00:00","dateModified":"2021-12-16T16:15:55+00:00","author":{"@id":"https:\/\/www.serbis.es\/serbis\/blog\/#\/schema\/person\/449002ed602088d1463cc28957dee9ea"},"breadcrumb":{"@id":"https:\/\/www.serbis.es\/serbis\/blog\/madrid-mejora-su-saneamiento-y-se-prepara-para-otra-ola\/#breadcrumb"},"inLanguage":"es","potentialAction":[{"@type":"ReadAction","target":["https:\/\/www.serbis.es\/serbis\/blog\/madrid-mejora-su-saneamiento-y-se-prepara-para-otra-ola\/"]}]},{"@type":"BreadcrumbList","@id":"https:\/\/www.serbis.es\/serbis\/blog\/madrid-mejora-su-saneamiento-y-se-prepara-para-otra-ola\/#breadcrumb","itemListElement":[{"@type":"ListItem","position":1,"name":"Portada","item":"https:\/\/www.serbis.es\/serbis\/blog\/"},{"@type":"ListItem","position":2,"name":"Madrid mejora su saneamiento y se prepara para otra ola"}]},{"@type":"WebSite","@id":"https:\/\/www.serbis.es\/serbis\/blog\/#website","url":"https:\/\/www.serbis.es\/serbis\/blog\/","name":"Blog de Serbis","description":"l\u00edderes en Espa\u00f1a en saneamiento de aguas con servicios de pocer\u00eda tradicional y sin zanjas","potentialAction":[{"@type":"SearchAction","target":{"@type":"EntryPoint","urlTemplate":"https:\/\/www.serbis.es\/serbis\/blog\/?s={search_term_string}"},"query-input":"required name=search_term_string"}],"inLanguage":"es"},{"@type":"Person","@id":"https:\/\/www.serbis.es\/serbis\/blog\/#\/schema\/person\/449002ed602088d1463cc28957dee9ea","name":"Serbis Pocer\u00eda","image":{"@type":"ImageObject","inLanguage":"es","@id":"https:\/\/www.serbis.es\/serbis\/blog\/#\/schema\/person\/image\/","url":"https:\/\/secure.gravatar.com\/avatar\/1b95962073fbda6a54be252a727db96a?s=96&d=mm&r=g","contentUrl":"https:\/\/secure.gravatar.com\/avatar\/1b95962073fbda6a54be252a727db96a?s=96&d=mm&r=g","caption":"Serbis Pocer\u00eda"},"description":"Empresa especializada en soluciones de alcantarillado y saneamiento de agua, con gran experiencia en el sector y conocimiento de t\u00e9cnicas tanto de pocer\u00eda tradicional como de rehabilitaci\u00f3n de tuber\u00edas sin zanjas ni necesidad de obra civil","sameAs":["https:\/\/www.linkedin.com\/company\/poceria-serbis","https:\/\/www.facebook.com\/SerbisPoceria\/","https:\/\/twitter.com\/https:\/\/twitter.com\/serbis_poceria"],"url":"https:\/\/www.serbis.es\/serbis\/blog\/author\/perio_editor\/"}]}},"_links":{"self":[{"href":"https:\/\/www.serbis.es\/serbis\/blog\/wp-json\/wp\/v2\/posts\/3064"}],"collection":[{"href":"https:\/\/www.serbis.es\/serbis\/blog\/wp-json\/wp\/v2\/posts"}],"about":[{"href":"https:\/\/www.serbis.es\/serbis\/blog\/wp-json\/wp\/v2\/types\/post"}],"author":[{"embeddable":true,"href":"https:\/\/www.serbis.es\/serbis\/blog\/wp-json\/wp\/v2\/users\/3"}],"replies":[{"embeddable":true,"href":"https:\/\/www.serbis.es\/serbis\/blog\/wp-json\/wp\/v2\/comments?post=3064"}],"version-history":[{"count":4,"href":"https:\/\/www.serbis.es\/serbis\/blog\/wp-json\/wp\/v2\/posts\/3064\/revisions"}],"predecessor-version":[{"id":3073,"href":"https:\/\/www.serbis.es\/serbis\/blog\/wp-json\/wp\/v2\/posts\/3064\/revisions\/3073"}],"wp:featuredmedia":[{"embeddable":true,"href":"https:\/\/www.serbis.es\/serbis\/blog\/wp-json\/wp\/v2\/media\/3072"}],"wp:attachment":[{"href":"https:\/\/www.serbis.es\/serbis\/blog\/wp-json\/wp\/v2\/media?parent=3064"}],"wp:term":[{"taxonomy":"category","embeddable":true,"href":"https:\/\/www.serbis.es\/serbis\/blog\/wp-json\/wp\/v2\/categories?post=3064"},{"taxonomy":"post_tag","embeddable":true,"href":"https:\/\/www.serbis.es\/serbis\/blog\/wp-json\/wp\/v2\/tags?post=3064"}],"curies":[{"name":"wp","href":"https:\/\/api.w.org\/{rel}","templated":true}]}}