{"id":3083,"date":"2021-12-28T23:11:48","date_gmt":"2021-12-28T23:11:48","guid":{"rendered":"https:\/\/www.serbis.es\/serbis\/blog\/?p=3083"},"modified":"2021-12-29T09:08:13","modified_gmt":"2021-12-29T09:08:13","slug":"aguas-residuales-acuiferos","status":"publish","type":"post","link":"https:\/\/www.serbis.es\/serbis\/blog\/aguas-residuales-acuiferos\/","title":{"rendered":"Aguas residuales con aguas subterr\u00e1neas: un peligroso c\u00f3ctel"},"content":{"rendered":"<p>A continuaci\u00f3n incluimos un peque\u00f1o resumen de algunas de las noticias m\u00e1s importantes que se han publicado durante los \u00faltimos d\u00edas tanto en Espa\u00f1a como en el mundo hispanohablante en relaci\u00f3n con las alcantarillas, los sistemas de saneamiento de aguas residuales, las canalizaciones, las ca\u00f1er\u00edas, las tuber\u00edas, los atrancos y los atascos&#8230;<\/p>\n<h3>\u00bfPor qu\u00e9 el cambio clim\u00e1tico puede colapsar las alcantarillas?<\/h3>\n<p><img decoding=\"async\" loading=\"lazy\" class=\"size-full wp-image-3087 alignnone\" src=\"https:\/\/www.serbis.es\/serbis\/blog\/wp-content\/uploads\/aguas-residuales-subterraneas.jpg\" alt=\"\" width=\"630\" height=\"315\" srcset=\"https:\/\/www.serbis.es\/serbis\/blog\/wp-content\/uploads\/aguas-residuales-subterraneas.jpg 630w, https:\/\/www.serbis.es\/serbis\/blog\/wp-content\/uploads\/aguas-residuales-subterraneas-300x150.jpg 300w, https:\/\/www.serbis.es\/serbis\/blog\/wp-content\/uploads\/aguas-residuales-subterraneas-370x185.jpg 370w\" sizes=\"(max-width: 630px) 100vw, 630px\" \/><\/p>\n<p>El cambio clim\u00e1tico constituye una seria amenaza para millones de personas por la subida del nivel del mar, que puede poner en peligro un importante n\u00famero de poblaciones costeras en todo el mundo. Pero tambi\u00e9n supone un problema por <strong>el aumento del nivel de las aguas subterr\u00e1neas<\/strong>, que en algunos pa\u00edses puede provocar aut\u00e9nticos <strong>colapsos en las redes de alcantarillado<\/strong> y saneamiento de aguas residuales.<\/p>\n<p><a href=\"https:\/\/www.technologyreview.es\/s\/13865\/aguas-subterraneas-la-gran-amenaza-silenciosa-del-cambio-climatico\">Algunas de las principales ciudades de EEUU<\/a>, como <strong>Boston<\/strong>, se encuentran en esta situaci\u00f3n porque sus alcantarillas cuentan con <strong>enormes grietas por su deficiente estado de conservaci\u00f3n y mantenimiento<\/strong>. Cuando el nivel de las aguas subterr\u00e1neas sube, estas aguas se cuelan por las grietas de las redes de alcantarillado colapsando las canalizaciones y frenando el paso a las aguas residuales, <strong>provocando el vertido de estas aguas en r\u00edos y mares.<\/strong><\/p>\n<p>En periodos de fuertes lluvias la situaci\u00f3n es a\u00fan m\u00e1s grave, especialmente en los casos de aquellas ciudades en las que <strong>las aguas residuales circulan por las mismas canalizaciones que las pluviales<\/strong>. Por todo lo anterior, conviene actuar cuanto antes en materia de conservaci\u00f3n y mantenimiento de las alcantarillas para que el calentamiento global no coja desprevenidas a las redes de saneamiento de aguas residuales de medio planeta.<\/p>\n<h3>Aguas residuales en los acu\u00edferos subterr\u00e1neos de Marbella<\/h3>\n<p><img decoding=\"async\" loading=\"lazy\" class=\"size-full wp-image-3090 alignnone\" src=\"https:\/\/www.serbis.es\/serbis\/blog\/wp-content\/uploads\/marbella-aguas-residuales.jpg\" alt=\"\" width=\"630\" height=\"315\" srcset=\"https:\/\/www.serbis.es\/serbis\/blog\/wp-content\/uploads\/marbella-aguas-residuales.jpg 630w, https:\/\/www.serbis.es\/serbis\/blog\/wp-content\/uploads\/marbella-aguas-residuales-300x150.jpg 300w, https:\/\/www.serbis.es\/serbis\/blog\/wp-content\/uploads\/marbella-aguas-residuales-370x185.jpg 370w\" sizes=\"(max-width: 630px) 100vw, 630px\" \/><\/p>\n<p>Esta noticia parece contradecir a la anterior, pero en ralidad lo que demuestra es la capacidad del ser humano para convertir los problemas en oportunidades: la localidad malague\u00f1a de Marbella va a albergar durante los tres pr\u00f3ximos a\u00f1os <a href=\"https:\/\/www.informacion.es\/medio-ambiente\/2021\/12\/25\/nueva-vida-aguas-residuales-depuradas-61019567.html\">un innovador proyecto<\/a> que tiene como objetivo <strong>dar una segunda vida a las aguas residuales<\/strong>. Tras su paso por las estaciones de tratamiento y depuraci\u00f3n, el objetivo es <strong>introducirlas en los acu\u00edferos subterr\u00e1neos<\/strong> para recargarlos e incrementar su volumen hasta en un 15%.<\/p>\n<p>El proyecto piloto se llama <strong>LIFE Matrix<\/strong> y persigue el prop\u00f3sito de <strong>reutilizar hasta 50.000 metros c\u00fabicos de agua regenerada<\/strong>. Paralelamente, la iniciativa tambi\u00e9n persigue reducir el consumo energ\u00e9tico y la emisi\u00f3n de gases contaminantes hasta en un 99% respecto a otras t\u00e9cnicas utilizadas para la recarga de los acu\u00edferos subterr\u00e1neos.<\/p>\n<h3>Ning\u00fan hospital sin saneamiento de aguas residuales<\/h3>\n<p><img decoding=\"async\" loading=\"lazy\" class=\"size-full wp-image-3084 alignnone\" src=\"https:\/\/www.serbis.es\/serbis\/blog\/wp-content\/uploads\/hospitales-aguas-residuales.jpg\" alt=\"\" width=\"630\" height=\"315\" srcset=\"https:\/\/www.serbis.es\/serbis\/blog\/wp-content\/uploads\/hospitales-aguas-residuales.jpg 630w, https:\/\/www.serbis.es\/serbis\/blog\/wp-content\/uploads\/hospitales-aguas-residuales-300x150.jpg 300w, https:\/\/www.serbis.es\/serbis\/blog\/wp-content\/uploads\/hospitales-aguas-residuales-370x185.jpg 370w\" sizes=\"(max-width: 630px) 100vw, 630px\" \/><\/p>\n<p>Muchos hospitales y centros de salud de todo el mundo todav\u00eda <a href=\"https:\/\/www.elagoradiario.com\/agua\/agua-y-salud\/alianza-amigos-higiene-saneamiento-agua-hospitales\/\" class=\"broken_link\">carecen de instalaciones de saneamiento de aguas residuales<\/a>. Esta situaci\u00f3n constituye un serio peligro para la salud de las poblaciones colindantes, al verterse al medio ambiente <strong>aguas residuales no tratadas y lodos fecales que pueden incluir antibi\u00f3ticos, pat\u00f3genos o genes resistentes<\/strong>. Este tipo de vertidos pueden incrementar la resistencia de los microbios, lo que puede traducirse en el desarrollo de futuras enfermedades y en el agravamiento de las ya existentes.<\/p>\n<p>La buena noticia es que las inversiones necesarias no son muy costosas y tienen un beneficio muy elevado: concretamente, de <strong>1,5 d\u00f3lares por cada d\u00f3lar que se invierte<\/strong>. Al fin y al cabo, mejorar la higiene de los centros sanitarios disminuye el n\u00famero de <strong>infecciones<\/strong> (cuyo tratamiento suele ser muy costoso), adem\u00e1s de <strong>ahorrar tiempo<\/strong> a los profesionales sanitarios y, por tanto, <strong>mejorar la utilizaci\u00f3n de los servicios<\/strong> de salud.<\/p>\n<p>&nbsp;<\/p>\n<p>*Si quieres contarnos algo puedes llamarnos al <strong>n\u00famero de tel\u00e9fono <\/strong><strong>91 610 62 53<\/strong> y si te gusta estar informado de las noticias nacionales e internacionales m\u00e1s interesantes de las industrias de la pocer\u00eda, el alcantarillado y el saneamiento de aguas fecales, visita <a href=\"https:\/\/www.serbis.es\/\" target=\"_blank\" rel=\"noopener\"><strong>Serbis.es<\/strong><\/a> y <strong>s\u00edguenos en las redes sociales<\/strong>:<\/p>\n<p><a href=\"https:\/\/www.facebook.com\/SerbisPoceria\/\" rel=\"attachment wp-att-691\" class=\"broken_link\"><img decoding=\"async\" loading=\"lazy\" class=\"size-full wp-image-691\" src=\"https:\/\/www.serbis.es\/serbis\/blog\/wp-content\/uploads\/facebook.jpg\" alt=\"facebook\" width=\"113\" height=\"111\" \/><\/a><\/p>\n<p>&nbsp;<\/p>\n<p><a href=\"https:\/\/twitter.com\/serbis_poceria\" rel=\"attachment wp-att-692\"><img decoding=\"async\" loading=\"lazy\" class=\"size-full wp-image-692\" src=\"https:\/\/www.serbis.es\/serbis\/blog\/wp-content\/uploads\/twitter.jpg\" alt=\"twitter\" width=\"113\" height=\"111\" \/><\/a><\/p>\n<p>&nbsp;<\/p>\n<p><a href=\"https:\/\/www.instagram.com\/serbis_poceria\/\" rel=\"attachment wp-att-692\" class=\"broken_link\"><img decoding=\"async\" loading=\"lazy\" class=\"alignnone wp-image-1462 size-full\" src=\"https:\/\/www.serbis.es\/serbis\/blog\/wp-content\/uploads\/instagram.jpg\" alt=\"\" width=\"113\" height=\"111\" \/><\/a><\/p>\n<p>&nbsp;<\/p>\n<p><a href=\"https:\/\/es.linkedin.com\/company\/poceria-serbis\" rel=\"attachment wp-att-693\"><img decoding=\"async\" loading=\"lazy\" class=\"size-full wp-image-693 alignleft\" src=\"https:\/\/www.serbis.es\/serbis\/blog\/wp-content\/uploads\/linkedin.jpg\" alt=\"linkedin\" width=\"113\" height=\"111\" \/><\/a><\/p>\n<p>&nbsp;<\/p>\n<p>&nbsp;<\/p>\n<p>&nbsp;<\/p>\n<p>&nbsp;<\/p>\n<p><a href=\"https:\/\/www.youtube.com\/channel\/UCSIAPGXKlWyOmHRZo9YCpBQ\" rel=\"attachment wp-att-694\"><img decoding=\"async\" loading=\"lazy\" class=\"size-full wp-image-694 alignleft\" src=\"https:\/\/www.serbis.es\/serbis\/blog\/wp-content\/uploads\/youtube.jpg\" alt=\"youtube\" width=\"113\" height=\"111\" \/><\/a><\/p>\n<p>&nbsp;<\/p>\n<p>&nbsp;<\/p>\n<p>&nbsp;<\/p>\n<p>&nbsp;<\/p>\n<p><a href=\"https:\/\/vimeo.com\/user9248661\" rel=\"attachment wp-att-696\"><img decoding=\"async\" loading=\"lazy\" class=\"size-full wp-image-696 alignleft\" src=\"https:\/\/www.serbis.es\/serbis\/blog\/wp-content\/uploads\/vimeo.jpg\" alt=\"vimeo\" width=\"113\" height=\"111\" \/><\/a><\/p>\n<p>&nbsp;<\/p>\n<p>&nbsp;<\/p>\n<p>&nbsp;<\/p>\n<p>&nbsp;<\/p>\n<p><a href=\"https:\/\/www.flickr.com\/photos\/155074596@N06\/\" rel=\"attachment wp-att-698\"><img decoding=\"async\" loading=\"lazy\" class=\"size-full wp-image-698 alignleft\" src=\"https:\/\/www.serbis.es\/serbis\/blog\/wp-content\/uploads\/flickr.jpg\" alt=\"flickr\" width=\"113\" height=\"111\" \/><\/a><\/p>\n<p>&nbsp;<\/p>\n<p>&nbsp;<\/p>\n<p>&nbsp;<\/p>\n<p>&nbsp;<\/p>\n<p><a href=\"https:\/\/www.pinterest.es\/pin\/133348838938250902\/\" rel=\"attachment wp-att-697\"><img decoding=\"async\" loading=\"lazy\" class=\"size-full wp-image-697 alignleft\" src=\"https:\/\/www.serbis.es\/serbis\/blog\/wp-content\/uploads\/pinterest.jpg\" alt=\"pinterest\" width=\"113\" height=\"111\" \/><\/a><\/p>\n<p>&nbsp;<\/p>\n","protected":false},"excerpt":{"rendered":"<p>A continuaci\u00f3n incluimos un peque\u00f1o resumen de algunas de las noticias m\u00e1s importantes que se han publicado durante los \u00faltimos d\u00edas tanto en Espa\u00f1a como en el mundo hispanohablante en relaci\u00f3n con las alcantarillas, los sistemas de saneamiento de aguas residuales, las canalizaciones, las ca\u00f1er\u00edas, las tuber\u00edas, los atrancos y los atascos&#8230; \u00bfPor qu\u00e9 el [&hellip;]<\/p>\n","protected":false},"author":3,"featured_media":3087,"comment_status":"open","ping_status":"open","sticky":false,"template":"","format":"standard","meta":{"_mi_skip_tracking":false,"_monsterinsights_sitenote_active":false,"_monsterinsights_sitenote_note":"","_monsterinsights_sitenote_category":0},"categories":[29,4,5,2,32],"tags":[111,75,22,61,238,59,40,109],"yoast_head":"<!-- This site is optimized with the Yoast SEO plugin v20.10 - https:\/\/yoast.com\/wordpress\/plugins\/seo\/ -->\n<title>Aguas residuales con aguas subterr\u00e1neas: un peligroso c\u00f3ctel - Blog de Serbis<\/title>\n<meta name=\"robots\" content=\"index, follow, max-snippet:-1, max-image-preview:large, max-video-preview:-1\" \/>\n<link rel=\"canonical\" href=\"https:\/\/www.serbis.es\/serbis\/blog\/aguas-residuales-acuiferos\/\" \/>\n<meta property=\"og:locale\" content=\"es_ES\" \/>\n<meta property=\"og:type\" content=\"article\" \/>\n<meta property=\"og:title\" content=\"Aguas residuales con aguas subterr\u00e1neas: un peligroso c\u00f3ctel - Blog de Serbis\" \/>\n<meta property=\"og:description\" content=\"A continuaci\u00f3n incluimos un peque\u00f1o resumen de algunas de las noticias m\u00e1s importantes que se han publicado durante los \u00faltimos d\u00edas tanto en Espa\u00f1a como en el mundo hispanohablante en relaci\u00f3n con las alcantarillas, los sistemas de saneamiento de aguas residuales, las canalizaciones, las ca\u00f1er\u00edas, las tuber\u00edas, los atrancos y los atascos&#8230; \u00bfPor qu\u00e9 el [&hellip;]\" \/>\n<meta property=\"og:url\" content=\"https:\/\/www.serbis.es\/serbis\/blog\/aguas-residuales-acuiferos\/\" \/>\n<meta property=\"og:site_name\" content=\"Blog de Serbis\" \/>\n<meta property=\"article:author\" content=\"https:\/\/www.facebook.com\/SerbisPoceria\/\" \/>\n<meta property=\"article:published_time\" content=\"2021-12-28T23:11:48+00:00\" \/>\n<meta property=\"article:modified_time\" content=\"2021-12-29T09:08:13+00:00\" \/>\n<meta property=\"og:image\" content=\"https:\/\/www.serbis.es\/serbis\/blog\/wp-content\/uploads\/aguas-residuales-subterraneas.jpg\" \/>\n\t<meta property=\"og:image:width\" content=\"630\" \/>\n\t<meta property=\"og:image:height\" content=\"315\" \/>\n\t<meta property=\"og:image:type\" content=\"image\/jpeg\" \/>\n<meta name=\"author\" content=\"Serbis Pocer\u00eda\" \/>\n<meta name=\"twitter:label1\" content=\"Escrito por\" \/>\n\t<meta name=\"twitter:data1\" content=\"Serbis Pocer\u00eda\" \/>\n\t<meta name=\"twitter:label2\" content=\"Tiempo de lectura\" \/>\n\t<meta name=\"twitter:data2\" content=\"3 minutos\" \/>\n<script type=\"application\/ld+json\" class=\"yoast-schema-graph\">{\"@context\":\"https:\/\/schema.org\",\"@graph\":[{\"@type\":\"WebPage\",\"@id\":\"https:\/\/www.serbis.es\/serbis\/blog\/aguas-residuales-acuiferos\/\",\"url\":\"https:\/\/www.serbis.es\/serbis\/blog\/aguas-residuales-acuiferos\/\",\"name\":\"Aguas residuales con aguas subterr\u00e1neas: un peligroso c\u00f3ctel - Blog de Serbis\",\"isPartOf\":{\"@id\":\"https:\/\/www.serbis.es\/serbis\/blog\/#website\"},\"datePublished\":\"2021-12-28T23:11:48+00:00\",\"dateModified\":\"2021-12-29T09:08:13+00:00\",\"author\":{\"@id\":\"https:\/\/www.serbis.es\/serbis\/blog\/#\/schema\/person\/449002ed602088d1463cc28957dee9ea\"},\"breadcrumb\":{\"@id\":\"https:\/\/www.serbis.es\/serbis\/blog\/aguas-residuales-acuiferos\/#breadcrumb\"},\"inLanguage\":\"es\",\"potentialAction\":[{\"@type\":\"ReadAction\",\"target\":[\"https:\/\/www.serbis.es\/serbis\/blog\/aguas-residuales-acuiferos\/\"]}]},{\"@type\":\"BreadcrumbList\",\"@id\":\"https:\/\/www.serbis.es\/serbis\/blog\/aguas-residuales-acuiferos\/#breadcrumb\",\"itemListElement\":[{\"@type\":\"ListItem\",\"position\":1,\"name\":\"Portada\",\"item\":\"https:\/\/www.serbis.es\/serbis\/blog\/\"},{\"@type\":\"ListItem\",\"position\":2,\"name\":\"Aguas residuales con aguas subterr\u00e1neas: un peligroso c\u00f3ctel\"}]},{\"@type\":\"WebSite\",\"@id\":\"https:\/\/www.serbis.es\/serbis\/blog\/#website\",\"url\":\"https:\/\/www.serbis.es\/serbis\/blog\/\",\"name\":\"Blog de Serbis\",\"description\":\"l\u00edderes en Espa\u00f1a en saneamiento de aguas con servicios de pocer\u00eda tradicional y sin zanjas\",\"potentialAction\":[{\"@type\":\"SearchAction\",\"target\":{\"@type\":\"EntryPoint\",\"urlTemplate\":\"https:\/\/www.serbis.es\/serbis\/blog\/?s={search_term_string}\"},\"query-input\":\"required name=search_term_string\"}],\"inLanguage\":\"es\"},{\"@type\":\"Person\",\"@id\":\"https:\/\/www.serbis.es\/serbis\/blog\/#\/schema\/person\/449002ed602088d1463cc28957dee9ea\",\"name\":\"Serbis Pocer\u00eda\",\"image\":{\"@type\":\"ImageObject\",\"inLanguage\":\"es\",\"@id\":\"https:\/\/www.serbis.es\/serbis\/blog\/#\/schema\/person\/image\/\",\"url\":\"https:\/\/secure.gravatar.com\/avatar\/1b95962073fbda6a54be252a727db96a?s=96&d=mm&r=g\",\"contentUrl\":\"https:\/\/secure.gravatar.com\/avatar\/1b95962073fbda6a54be252a727db96a?s=96&d=mm&r=g\",\"caption\":\"Serbis Pocer\u00eda\"},\"description\":\"Empresa especializada en soluciones de alcantarillado y saneamiento de agua, con gran experiencia en el sector y conocimiento de t\u00e9cnicas tanto de pocer\u00eda tradicional como de rehabilitaci\u00f3n de tuber\u00edas sin zanjas ni necesidad de obra civil\",\"sameAs\":[\"https:\/\/www.linkedin.com\/company\/poceria-serbis\",\"https:\/\/www.facebook.com\/SerbisPoceria\/\",\"https:\/\/twitter.com\/https:\/\/twitter.com\/serbis_poceria\"],\"url\":\"https:\/\/www.serbis.es\/serbis\/blog\/author\/perio_editor\/\"}]}<\/script>\n<!-- \/ Yoast SEO plugin. -->","yoast_head_json":{"title":"Aguas residuales con aguas subterr\u00e1neas: un peligroso c\u00f3ctel - Blog de Serbis","robots":{"index":"index","follow":"follow","max-snippet":"max-snippet:-1","max-image-preview":"max-image-preview:large","max-video-preview":"max-video-preview:-1"},"canonical":"https:\/\/www.serbis.es\/serbis\/blog\/aguas-residuales-acuiferos\/","og_locale":"es_ES","og_type":"article","og_title":"Aguas residuales con aguas subterr\u00e1neas: un peligroso c\u00f3ctel - Blog de Serbis","og_description":"A continuaci\u00f3n incluimos un peque\u00f1o resumen de algunas de las noticias m\u00e1s importantes que se han publicado durante los \u00faltimos d\u00edas tanto en Espa\u00f1a como en el mundo hispanohablante en relaci\u00f3n con las alcantarillas, los sistemas de saneamiento de aguas residuales, las canalizaciones, las ca\u00f1er\u00edas, las tuber\u00edas, los atrancos y los atascos&#8230; \u00bfPor qu\u00e9 el [&hellip;]","og_url":"https:\/\/www.serbis.es\/serbis\/blog\/aguas-residuales-acuiferos\/","og_site_name":"Blog de Serbis","article_author":"https:\/\/www.facebook.com\/SerbisPoceria\/","article_published_time":"2021-12-28T23:11:48+00:00","article_modified_time":"2021-12-29T09:08:13+00:00","og_image":[{"width":630,"height":315,"url":"https:\/\/www.serbis.es\/serbis\/blog\/wp-content\/uploads\/aguas-residuales-subterraneas.jpg","type":"image\/jpeg"}],"author":"Serbis Pocer\u00eda","twitter_misc":{"Escrito por":"Serbis Pocer\u00eda","Tiempo de lectura":"3 minutos"},"schema":{"@context":"https:\/\/schema.org","@graph":[{"@type":"WebPage","@id":"https:\/\/www.serbis.es\/serbis\/blog\/aguas-residuales-acuiferos\/","url":"https:\/\/www.serbis.es\/serbis\/blog\/aguas-residuales-acuiferos\/","name":"Aguas residuales con aguas subterr\u00e1neas: un peligroso c\u00f3ctel - Blog de Serbis","isPartOf":{"@id":"https:\/\/www.serbis.es\/serbis\/blog\/#website"},"datePublished":"2021-12-28T23:11:48+00:00","dateModified":"2021-12-29T09:08:13+00:00","author":{"@id":"https:\/\/www.serbis.es\/serbis\/blog\/#\/schema\/person\/449002ed602088d1463cc28957dee9ea"},"breadcrumb":{"@id":"https:\/\/www.serbis.es\/serbis\/blog\/aguas-residuales-acuiferos\/#breadcrumb"},"inLanguage":"es","potentialAction":[{"@type":"ReadAction","target":["https:\/\/www.serbis.es\/serbis\/blog\/aguas-residuales-acuiferos\/"]}]},{"@type":"BreadcrumbList","@id":"https:\/\/www.serbis.es\/serbis\/blog\/aguas-residuales-acuiferos\/#breadcrumb","itemListElement":[{"@type":"ListItem","position":1,"name":"Portada","item":"https:\/\/www.serbis.es\/serbis\/blog\/"},{"@type":"ListItem","position":2,"name":"Aguas residuales con aguas subterr\u00e1neas: un peligroso c\u00f3ctel"}]},{"@type":"WebSite","@id":"https:\/\/www.serbis.es\/serbis\/blog\/#website","url":"https:\/\/www.serbis.es\/serbis\/blog\/","name":"Blog de Serbis","description":"l\u00edderes en Espa\u00f1a en saneamiento de aguas con servicios de pocer\u00eda tradicional y sin zanjas","potentialAction":[{"@type":"SearchAction","target":{"@type":"EntryPoint","urlTemplate":"https:\/\/www.serbis.es\/serbis\/blog\/?s={search_term_string}"},"query-input":"required name=search_term_string"}],"inLanguage":"es"},{"@type":"Person","@id":"https:\/\/www.serbis.es\/serbis\/blog\/#\/schema\/person\/449002ed602088d1463cc28957dee9ea","name":"Serbis Pocer\u00eda","image":{"@type":"ImageObject","inLanguage":"es","@id":"https:\/\/www.serbis.es\/serbis\/blog\/#\/schema\/person\/image\/","url":"https:\/\/secure.gravatar.com\/avatar\/1b95962073fbda6a54be252a727db96a?s=96&d=mm&r=g","contentUrl":"https:\/\/secure.gravatar.com\/avatar\/1b95962073fbda6a54be252a727db96a?s=96&d=mm&r=g","caption":"Serbis Pocer\u00eda"},"description":"Empresa especializada en soluciones de alcantarillado y saneamiento de agua, con gran experiencia en el sector y conocimiento de t\u00e9cnicas tanto de pocer\u00eda tradicional como de rehabilitaci\u00f3n de tuber\u00edas sin zanjas ni necesidad de obra civil","sameAs":["https:\/\/www.linkedin.com\/company\/poceria-serbis","https:\/\/www.facebook.com\/SerbisPoceria\/","https:\/\/twitter.com\/https:\/\/twitter.com\/serbis_poceria"],"url":"https:\/\/www.serbis.es\/serbis\/blog\/author\/perio_editor\/"}]}},"_links":{"self":[{"href":"https:\/\/www.serbis.es\/serbis\/blog\/wp-json\/wp\/v2\/posts\/3083"}],"collection":[{"href":"https:\/\/www.serbis.es\/serbis\/blog\/wp-json\/wp\/v2\/posts"}],"about":[{"href":"https:\/\/www.serbis.es\/serbis\/blog\/wp-json\/wp\/v2\/types\/post"}],"author":[{"embeddable":true,"href":"https:\/\/www.serbis.es\/serbis\/blog\/wp-json\/wp\/v2\/users\/3"}],"replies":[{"embeddable":true,"href":"https:\/\/www.serbis.es\/serbis\/blog\/wp-json\/wp\/v2\/comments?post=3083"}],"version-history":[{"count":6,"href":"https:\/\/www.serbis.es\/serbis\/blog\/wp-json\/wp\/v2\/posts\/3083\/revisions"}],"predecessor-version":[{"id":3093,"href":"https:\/\/www.serbis.es\/serbis\/blog\/wp-json\/wp\/v2\/posts\/3083\/revisions\/3093"}],"wp:featuredmedia":[{"embeddable":true,"href":"https:\/\/www.serbis.es\/serbis\/blog\/wp-json\/wp\/v2\/media\/3087"}],"wp:attachment":[{"href":"https:\/\/www.serbis.es\/serbis\/blog\/wp-json\/wp\/v2\/media?parent=3083"}],"wp:term":[{"taxonomy":"category","embeddable":true,"href":"https:\/\/www.serbis.es\/serbis\/blog\/wp-json\/wp\/v2\/categories?post=3083"},{"taxonomy":"post_tag","embeddable":true,"href":"https:\/\/www.serbis.es\/serbis\/blog\/wp-json\/wp\/v2\/tags?post=3083"}],"curies":[{"name":"wp","href":"https:\/\/api.w.org\/{rel}","templated":true}]}}