{"id":3103,"date":"2022-01-20T08:27:50","date_gmt":"2022-01-20T08:27:50","guid":{"rendered":"https:\/\/www.serbis.es\/serbis\/blog\/?p=3103"},"modified":"2022-01-20T08:27:50","modified_gmt":"2022-01-20T08:27:50","slug":"saneamiento-espacios-naturales","status":"publish","type":"post","link":"https:\/\/www.serbis.es\/serbis\/blog\/saneamiento-espacios-naturales\/","title":{"rendered":"El saneamiento, clave para los espacios naturales protegidos"},"content":{"rendered":"<p>A continuaci\u00f3n incluimos un peque\u00f1o resumen de algunas de las noticias m\u00e1s importantes que se han publicado durante los \u00faltimos d\u00edas tanto en Espa\u00f1a como en el mundo hispanohablante en relaci\u00f3n con las alcantarillas, los sistemas de saneamiento de aguas residuales, las canalizaciones, las ca\u00f1er\u00edas, las tuber\u00edas, los atrancos y los atascos&#8230;<\/p>\n<h3>Aguas residuales en el r\u00edo Sella<\/h3>\n<p><img decoding=\"async\" loading=\"lazy\" class=\"size-full wp-image-3107 alignnone\" src=\"https:\/\/www.serbis.es\/serbis\/blog\/wp-content\/uploads\/sella-aguas-residuales.jpg\" alt=\"\" width=\"630\" height=\"315\" srcset=\"https:\/\/www.serbis.es\/serbis\/blog\/wp-content\/uploads\/sella-aguas-residuales.jpg 630w, https:\/\/www.serbis.es\/serbis\/blog\/wp-content\/uploads\/sella-aguas-residuales-300x150.jpg 300w, https:\/\/www.serbis.es\/serbis\/blog\/wp-content\/uploads\/sella-aguas-residuales-370x185.jpg 370w\" sizes=\"(max-width: 630px) 100vw, 630px\" \/><\/p>\n<p>El r\u00edo <strong>Sella<\/strong>, que transcurre por las provincias de <strong>Asturias y Le\u00f3n<\/strong>, es conocido por el popular descenso en canoa que se celebra cada verano. Estos d\u00edas, tambi\u00e9n se est\u00e1 hablando de \u00e9l por <strong>la rotura de un colector de aguas residuales<\/strong> situado a lo largo de su cauce, que estar\u00eda provocando <a href=\"https:\/\/www.rtpa.es\/noticias-asturias:-Aguas-fecales-al-Sella_111642449802.html\">vertidos en sus aguas<\/a>.<\/p>\n<p>En concreto, el colector est\u00e1 ubicado entre los concejos asturianos de Cangas de On\u00eds y Parres, mientras que la aver\u00eda se ha registrado <strong>a su paso por Les Roces<\/strong>. Los vertidos registrados no solo han puesto en estado de alarma a los pescadores de la zona por su posible<strong> impacto sobre la fauna marina<\/strong>, sino que tambi\u00e9n est\u00e1n provocando <strong>malos olores<\/strong> en la zona. Est\u00e1 previsto que las reparaciones comiencen a la mayor brevedad posible.<\/p>\n<h3>Nuevas inversiones en saneamiento en la Monta\u00f1a Palentina<\/h3>\n<p><img decoding=\"async\" loading=\"lazy\" class=\"size-full wp-image-3111 alignnone\" src=\"https:\/\/www.serbis.es\/serbis\/blog\/wp-content\/uploads\/saneamiento-palencia.jpg\" alt=\"\" width=\"630\" height=\"315\" srcset=\"https:\/\/www.serbis.es\/serbis\/blog\/wp-content\/uploads\/saneamiento-palencia.jpg 630w, https:\/\/www.serbis.es\/serbis\/blog\/wp-content\/uploads\/saneamiento-palencia-300x150.jpg 300w, https:\/\/www.serbis.es\/serbis\/blog\/wp-content\/uploads\/saneamiento-palencia-370x185.jpg 370w\" sizes=\"(max-width: 630px) 100vw, 630px\" \/><\/p>\n<p>Se nota que entramos en plena precampa\u00f1a electoral en <strong>Castilla y Le\u00f3n<\/strong>, porque los nuevos proyectos que requieren grandes inversiones empiezan a multiplicarse. Sin ir m\u00e1s lejos, <a href=\"https:\/\/www.diariopalentino.es\/Noticia\/Z8684FD7A-C6A6-4605-1823CDC7AF3DF785\/202201\/La-Junta-impulsa-la-depuracion-en-la-Montana-Palentina\">la Junta ha anunciado<\/a> recientemente tres nuevos proyectos en materia de saneamiento de aguas residuales y alcantarillado <strong>en la comarca de la Monta\u00f1a Palentina<\/strong>.<\/p>\n<p>En concreto, el Gobierno castellanoyleon\u00e9s invertir\u00e1 <strong>m\u00e1s de cinco millones de euros<\/strong> en la creaci\u00f3n de las <strong>infraestructuras<\/strong> que permitan depurar las aguas residuales en los municipios situados en el Espacio Monta\u00f1a Palentina. Tambi\u00e9n se realizar\u00e1n <strong>mejoras en varios emisarios<\/strong> de la zona y se modernizar\u00e1n <strong>dos estaciones depuradoras<\/strong> de aguas residuales (EDAR).<\/p>\n<h3>Cadena de robos en el alcantarillado de Valdelaguna<\/h3>\n<p><img decoding=\"async\" loading=\"lazy\" class=\"size-full wp-image-3104 alignnone\" src=\"https:\/\/www.serbis.es\/serbis\/blog\/wp-content\/uploads\/rejas-alcantarillas.jpg\" alt=\"\" width=\"630\" height=\"315\" srcset=\"https:\/\/www.serbis.es\/serbis\/blog\/wp-content\/uploads\/rejas-alcantarillas.jpg 630w, https:\/\/www.serbis.es\/serbis\/blog\/wp-content\/uploads\/rejas-alcantarillas-300x150.jpg 300w, https:\/\/www.serbis.es\/serbis\/blog\/wp-content\/uploads\/rejas-alcantarillas-370x185.jpg 370w\" sizes=\"(max-width: 630px) 100vw, 630px\" \/><\/p>\n<p>En la localidad madrile\u00f1a de <strong>Valdelaguna<\/strong> llevan varios d\u00edas sufriendo robos en el sistema municipal de alcantarillado y saneamiento de aguas residuales. <a href=\"https:\/\/www.telemadrid.es\/programas\/madrid-directo\/robo-alcantarillas-Valdelaguna-ladrones-2-2414478575--20220114084911.html\">En solo cuatro noches<\/a> desaparecieron hasta <strong>60 tapas de hierro de las alcantarillas<\/strong>, cuyo valor superaba los 10.000 euros.<\/p>\n<p>Las autoridades locales desconocen qui\u00e9n puede estar detr\u00e1s de estos hurtos, aunque consideran que<strong> la subida del precio del hierro en las chatarrer\u00edas<\/strong> puede ser el motivo de las sustracciones. Para poner freno a estos actos de vandalismo, el Ayuntamiento de Valdelaguna ha solicitado a la Comunidad de Madrid <strong>la instalaci\u00f3n de c\u00e1maras de seguridad<\/strong>.<\/p>\n<h3>Un coche pierde aceite en las alcantarillas de Burgos<\/h3>\n<p><img decoding=\"async\" loading=\"lazy\" class=\"size-full wp-image-3109 alignnone\" src=\"https:\/\/www.serbis.es\/serbis\/blog\/wp-content\/uploads\/ACEITE-ALCANTARILLAS-BURGOS.jpg\" alt=\"\" width=\"630\" height=\"315\" srcset=\"https:\/\/www.serbis.es\/serbis\/blog\/wp-content\/uploads\/ACEITE-ALCANTARILLAS-BURGOS.jpg 630w, https:\/\/www.serbis.es\/serbis\/blog\/wp-content\/uploads\/ACEITE-ALCANTARILLAS-BURGOS-300x150.jpg 300w, https:\/\/www.serbis.es\/serbis\/blog\/wp-content\/uploads\/ACEITE-ALCANTARILLAS-BURGOS-370x185.jpg 370w\" sizes=\"(max-width: 630px) 100vw, 630px\" \/><\/p>\n<p>Tener <strong>un veh\u00edculo en mal estado<\/strong> puede llegar a jugar muy malas pasadas. No solo porque en cualquier momento nos puede dejar tirados en la carretera, sino porque tambi\u00e9n puede derivar en <strong>una cuantiosa multa incluso cuando lo tenemos aparcado<\/strong>. Eso es, precisamente, <a href=\"https:\/\/www.burgosconecta.es\/burgos\/denuncian-burgos-dueno-20220119143650-nt.html\">lo que le ha pasado<\/a> al propietario de un coche aparcado en una calle de Burgos.<\/p>\n<p>Esta semana, alguien avis\u00f3 a los servicios de emergencia de la ciudad de que un turismo que se encontraba estacionado estaba <strong>vertiendo aceite a una alcantarilla<\/strong>. Tras tratar de localizar al due\u00f1o del veh\u00edculo sin \u00e9xito, los agentes de la Polic\u00eda Local procedieron a interponer la correspondiente denuncia y dieron orden de que el coche <strong>fuese retirado por una gr\u00faa<\/strong>.<\/p>\n<p>&nbsp;<\/p>\n<p>*Si quieres contarnos algo puedes llamarnos al <strong>n\u00famero de tel\u00e9fono <\/strong><strong>91 610 62 53<\/strong> y si te gusta estar informado de las noticias nacionales e internacionales m\u00e1s interesantes de las industrias de la pocer\u00eda, el alcantarillado y el saneamiento de aguas fecales, visita <a href=\"https:\/\/www.serbis.es\/\" target=\"_blank\" rel=\"noopener\"><strong>Serbis.es<\/strong><\/a> y <strong>s\u00edguenos en las redes sociales<\/strong>:<\/p>\n<p><a href=\"https:\/\/www.facebook.com\/SerbisPoceria\/\" rel=\"attachment wp-att-691\" class=\"broken_link\"><img decoding=\"async\" loading=\"lazy\" class=\"size-full wp-image-691\" src=\"https:\/\/www.serbis.es\/serbis\/blog\/wp-content\/uploads\/facebook.jpg\" alt=\"facebook\" width=\"113\" height=\"111\" \/><\/a><\/p>\n<p>&nbsp;<\/p>\n<p><a href=\"https:\/\/twitter.com\/serbis_poceria\" rel=\"attachment wp-att-692\"><img decoding=\"async\" loading=\"lazy\" class=\"size-full wp-image-692\" src=\"https:\/\/www.serbis.es\/serbis\/blog\/wp-content\/uploads\/twitter.jpg\" alt=\"twitter\" width=\"113\" height=\"111\" \/><\/a><\/p>\n<p>&nbsp;<\/p>\n<p><a href=\"https:\/\/www.instagram.com\/serbis_poceria\/\" rel=\"attachment wp-att-692\" class=\"broken_link\"><img decoding=\"async\" loading=\"lazy\" class=\"alignnone wp-image-1462 size-full\" src=\"https:\/\/www.serbis.es\/serbis\/blog\/wp-content\/uploads\/instagram.jpg\" alt=\"\" width=\"113\" height=\"111\" \/><\/a><\/p>\n<p>&nbsp;<\/p>\n<p><a href=\"https:\/\/es.linkedin.com\/company\/poceria-serbis\" rel=\"attachment wp-att-693\"><img decoding=\"async\" loading=\"lazy\" class=\"size-full wp-image-693 alignleft\" src=\"https:\/\/www.serbis.es\/serbis\/blog\/wp-content\/uploads\/linkedin.jpg\" alt=\"linkedin\" width=\"113\" height=\"111\" \/><\/a><\/p>\n<p>&nbsp;<\/p>\n<p>&nbsp;<\/p>\n<p>&nbsp;<\/p>\n<p>&nbsp;<\/p>\n<p><a href=\"https:\/\/www.youtube.com\/channel\/UCSIAPGXKlWyOmHRZo9YCpBQ\" rel=\"attachment wp-att-694\"><img decoding=\"async\" loading=\"lazy\" class=\"size-full wp-image-694 alignleft\" src=\"https:\/\/www.serbis.es\/serbis\/blog\/wp-content\/uploads\/youtube.jpg\" alt=\"youtube\" width=\"113\" height=\"111\" \/><\/a><\/p>\n<p>&nbsp;<\/p>\n<p>&nbsp;<\/p>\n<p>&nbsp;<\/p>\n<p>&nbsp;<\/p>\n<p><a href=\"https:\/\/vimeo.com\/user9248661\" rel=\"attachment wp-att-696\"><img decoding=\"async\" loading=\"lazy\" class=\"size-full wp-image-696 alignleft\" src=\"https:\/\/www.serbis.es\/serbis\/blog\/wp-content\/uploads\/vimeo.jpg\" alt=\"vimeo\" width=\"113\" height=\"111\" \/><\/a><\/p>\n<p>&nbsp;<\/p>\n<p>&nbsp;<\/p>\n<p>&nbsp;<\/p>\n<p>&nbsp;<\/p>\n<p><a href=\"https:\/\/www.flickr.com\/photos\/155074596@N06\/\" rel=\"attachment wp-att-698\"><img decoding=\"async\" loading=\"lazy\" class=\"size-full wp-image-698 alignleft\" src=\"https:\/\/www.serbis.es\/serbis\/blog\/wp-content\/uploads\/flickr.jpg\" alt=\"flickr\" width=\"113\" height=\"111\" \/><\/a><\/p>\n<p>&nbsp;<\/p>\n<p>&nbsp;<\/p>\n<p>&nbsp;<\/p>\n<p>&nbsp;<\/p>\n<p><a href=\"https:\/\/www.pinterest.es\/pin\/133348838938250902\/\" rel=\"attachment wp-att-697\"><img decoding=\"async\" loading=\"lazy\" class=\"size-full wp-image-697 alignleft\" src=\"https:\/\/www.serbis.es\/serbis\/blog\/wp-content\/uploads\/pinterest.jpg\" alt=\"pinterest\" width=\"113\" height=\"111\" \/><\/a><\/p>\n<p>&nbsp;<\/p>\n","protected":false},"excerpt":{"rendered":"<p>A continuaci\u00f3n incluimos un peque\u00f1o resumen de algunas de las noticias m\u00e1s importantes que se han publicado durante los \u00faltimos d\u00edas tanto en Espa\u00f1a como en el mundo hispanohablante en relaci\u00f3n con las alcantarillas, los sistemas de saneamiento de aguas residuales, las canalizaciones, las ca\u00f1er\u00edas, las tuber\u00edas, los atrancos y los atascos&#8230; Aguas residuales en [&hellip;]<\/p>\n","protected":false},"author":3,"featured_media":3107,"comment_status":"open","ping_status":"open","sticky":false,"template":"","format":"standard","meta":{"_mi_skip_tracking":false,"_monsterinsights_sitenote_active":false,"_monsterinsights_sitenote_note":"","_monsterinsights_sitenote_category":0},"categories":[17,5,2,32],"tags":[111,22,435,203,40,439,154],"yoast_head":"<!-- This site is optimized with the Yoast SEO plugin v20.10 - https:\/\/yoast.com\/wordpress\/plugins\/seo\/ -->\n<title>El saneamiento, clave para los espacios naturales protegidos - Blog de Serbis<\/title>\n<meta name=\"robots\" content=\"index, follow, max-snippet:-1, max-image-preview:large, max-video-preview:-1\" \/>\n<link rel=\"canonical\" href=\"https:\/\/www.serbis.es\/serbis\/blog\/saneamiento-espacios-naturales\/\" \/>\n<meta property=\"og:locale\" content=\"es_ES\" \/>\n<meta property=\"og:type\" content=\"article\" \/>\n<meta property=\"og:title\" content=\"El saneamiento, clave para los espacios naturales protegidos - Blog de Serbis\" \/>\n<meta property=\"og:description\" content=\"A continuaci\u00f3n incluimos un peque\u00f1o resumen de algunas de las noticias m\u00e1s importantes que se han publicado durante los \u00faltimos d\u00edas tanto en Espa\u00f1a como en el mundo hispanohablante en relaci\u00f3n con las alcantarillas, los sistemas de saneamiento de aguas residuales, las canalizaciones, las ca\u00f1er\u00edas, las tuber\u00edas, los atrancos y los atascos&#8230; Aguas residuales en [&hellip;]\" \/>\n<meta property=\"og:url\" content=\"https:\/\/www.serbis.es\/serbis\/blog\/saneamiento-espacios-naturales\/\" \/>\n<meta property=\"og:site_name\" content=\"Blog de Serbis\" \/>\n<meta property=\"article:author\" content=\"https:\/\/www.facebook.com\/SerbisPoceria\/\" \/>\n<meta property=\"article:published_time\" content=\"2022-01-20T08:27:50+00:00\" \/>\n<meta property=\"og:image\" content=\"https:\/\/www.serbis.es\/serbis\/blog\/wp-content\/uploads\/sella-aguas-residuales.jpg\" \/>\n\t<meta property=\"og:image:width\" content=\"630\" \/>\n\t<meta property=\"og:image:height\" content=\"315\" \/>\n\t<meta property=\"og:image:type\" content=\"image\/jpeg\" \/>\n<meta name=\"author\" content=\"Serbis Pocer\u00eda\" \/>\n<meta name=\"twitter:label1\" content=\"Escrito por\" \/>\n\t<meta name=\"twitter:data1\" content=\"Serbis Pocer\u00eda\" \/>\n\t<meta name=\"twitter:label2\" content=\"Tiempo de lectura\" \/>\n\t<meta name=\"twitter:data2\" content=\"3 minutos\" \/>\n<script type=\"application\/ld+json\" class=\"yoast-schema-graph\">{\"@context\":\"https:\/\/schema.org\",\"@graph\":[{\"@type\":\"WebPage\",\"@id\":\"https:\/\/www.serbis.es\/serbis\/blog\/saneamiento-espacios-naturales\/\",\"url\":\"https:\/\/www.serbis.es\/serbis\/blog\/saneamiento-espacios-naturales\/\",\"name\":\"El saneamiento, clave para los espacios naturales protegidos - Blog de Serbis\",\"isPartOf\":{\"@id\":\"https:\/\/www.serbis.es\/serbis\/blog\/#website\"},\"datePublished\":\"2022-01-20T08:27:50+00:00\",\"dateModified\":\"2022-01-20T08:27:50+00:00\",\"author\":{\"@id\":\"https:\/\/www.serbis.es\/serbis\/blog\/#\/schema\/person\/449002ed602088d1463cc28957dee9ea\"},\"breadcrumb\":{\"@id\":\"https:\/\/www.serbis.es\/serbis\/blog\/saneamiento-espacios-naturales\/#breadcrumb\"},\"inLanguage\":\"es\",\"potentialAction\":[{\"@type\":\"ReadAction\",\"target\":[\"https:\/\/www.serbis.es\/serbis\/blog\/saneamiento-espacios-naturales\/\"]}]},{\"@type\":\"BreadcrumbList\",\"@id\":\"https:\/\/www.serbis.es\/serbis\/blog\/saneamiento-espacios-naturales\/#breadcrumb\",\"itemListElement\":[{\"@type\":\"ListItem\",\"position\":1,\"name\":\"Portada\",\"item\":\"https:\/\/www.serbis.es\/serbis\/blog\/\"},{\"@type\":\"ListItem\",\"position\":2,\"name\":\"El saneamiento, clave para los espacios naturales protegidos\"}]},{\"@type\":\"WebSite\",\"@id\":\"https:\/\/www.serbis.es\/serbis\/blog\/#website\",\"url\":\"https:\/\/www.serbis.es\/serbis\/blog\/\",\"name\":\"Blog de Serbis\",\"description\":\"l\u00edderes en Espa\u00f1a en saneamiento de aguas con servicios de pocer\u00eda tradicional y sin zanjas\",\"potentialAction\":[{\"@type\":\"SearchAction\",\"target\":{\"@type\":\"EntryPoint\",\"urlTemplate\":\"https:\/\/www.serbis.es\/serbis\/blog\/?s={search_term_string}\"},\"query-input\":\"required name=search_term_string\"}],\"inLanguage\":\"es\"},{\"@type\":\"Person\",\"@id\":\"https:\/\/www.serbis.es\/serbis\/blog\/#\/schema\/person\/449002ed602088d1463cc28957dee9ea\",\"name\":\"Serbis Pocer\u00eda\",\"image\":{\"@type\":\"ImageObject\",\"inLanguage\":\"es\",\"@id\":\"https:\/\/www.serbis.es\/serbis\/blog\/#\/schema\/person\/image\/\",\"url\":\"https:\/\/secure.gravatar.com\/avatar\/1b95962073fbda6a54be252a727db96a?s=96&d=mm&r=g\",\"contentUrl\":\"https:\/\/secure.gravatar.com\/avatar\/1b95962073fbda6a54be252a727db96a?s=96&d=mm&r=g\",\"caption\":\"Serbis Pocer\u00eda\"},\"description\":\"Empresa especializada en soluciones de alcantarillado y saneamiento de agua, con gran experiencia en el sector y conocimiento de t\u00e9cnicas tanto de pocer\u00eda tradicional como de rehabilitaci\u00f3n de tuber\u00edas sin zanjas ni necesidad de obra civil\",\"sameAs\":[\"https:\/\/www.linkedin.com\/company\/poceria-serbis\",\"https:\/\/www.facebook.com\/SerbisPoceria\/\",\"https:\/\/twitter.com\/https:\/\/twitter.com\/serbis_poceria\"],\"url\":\"https:\/\/www.serbis.es\/serbis\/blog\/author\/perio_editor\/\"}]}<\/script>\n<!-- \/ Yoast SEO plugin. -->","yoast_head_json":{"title":"El saneamiento, clave para los espacios naturales protegidos - Blog de Serbis","robots":{"index":"index","follow":"follow","max-snippet":"max-snippet:-1","max-image-preview":"max-image-preview:large","max-video-preview":"max-video-preview:-1"},"canonical":"https:\/\/www.serbis.es\/serbis\/blog\/saneamiento-espacios-naturales\/","og_locale":"es_ES","og_type":"article","og_title":"El saneamiento, clave para los espacios naturales protegidos - Blog de Serbis","og_description":"A continuaci\u00f3n incluimos un peque\u00f1o resumen de algunas de las noticias m\u00e1s importantes que se han publicado durante los \u00faltimos d\u00edas tanto en Espa\u00f1a como en el mundo hispanohablante en relaci\u00f3n con las alcantarillas, los sistemas de saneamiento de aguas residuales, las canalizaciones, las ca\u00f1er\u00edas, las tuber\u00edas, los atrancos y los atascos&#8230; Aguas residuales en [&hellip;]","og_url":"https:\/\/www.serbis.es\/serbis\/blog\/saneamiento-espacios-naturales\/","og_site_name":"Blog de Serbis","article_author":"https:\/\/www.facebook.com\/SerbisPoceria\/","article_published_time":"2022-01-20T08:27:50+00:00","og_image":[{"width":630,"height":315,"url":"https:\/\/www.serbis.es\/serbis\/blog\/wp-content\/uploads\/sella-aguas-residuales.jpg","type":"image\/jpeg"}],"author":"Serbis Pocer\u00eda","twitter_misc":{"Escrito por":"Serbis Pocer\u00eda","Tiempo de lectura":"3 minutos"},"schema":{"@context":"https:\/\/schema.org","@graph":[{"@type":"WebPage","@id":"https:\/\/www.serbis.es\/serbis\/blog\/saneamiento-espacios-naturales\/","url":"https:\/\/www.serbis.es\/serbis\/blog\/saneamiento-espacios-naturales\/","name":"El saneamiento, clave para los espacios naturales protegidos - Blog de Serbis","isPartOf":{"@id":"https:\/\/www.serbis.es\/serbis\/blog\/#website"},"datePublished":"2022-01-20T08:27:50+00:00","dateModified":"2022-01-20T08:27:50+00:00","author":{"@id":"https:\/\/www.serbis.es\/serbis\/blog\/#\/schema\/person\/449002ed602088d1463cc28957dee9ea"},"breadcrumb":{"@id":"https:\/\/www.serbis.es\/serbis\/blog\/saneamiento-espacios-naturales\/#breadcrumb"},"inLanguage":"es","potentialAction":[{"@type":"ReadAction","target":["https:\/\/www.serbis.es\/serbis\/blog\/saneamiento-espacios-naturales\/"]}]},{"@type":"BreadcrumbList","@id":"https:\/\/www.serbis.es\/serbis\/blog\/saneamiento-espacios-naturales\/#breadcrumb","itemListElement":[{"@type":"ListItem","position":1,"name":"Portada","item":"https:\/\/www.serbis.es\/serbis\/blog\/"},{"@type":"ListItem","position":2,"name":"El saneamiento, clave para los espacios naturales protegidos"}]},{"@type":"WebSite","@id":"https:\/\/www.serbis.es\/serbis\/blog\/#website","url":"https:\/\/www.serbis.es\/serbis\/blog\/","name":"Blog de Serbis","description":"l\u00edderes en Espa\u00f1a en saneamiento de aguas con servicios de pocer\u00eda tradicional y sin zanjas","potentialAction":[{"@type":"SearchAction","target":{"@type":"EntryPoint","urlTemplate":"https:\/\/www.serbis.es\/serbis\/blog\/?s={search_term_string}"},"query-input":"required name=search_term_string"}],"inLanguage":"es"},{"@type":"Person","@id":"https:\/\/www.serbis.es\/serbis\/blog\/#\/schema\/person\/449002ed602088d1463cc28957dee9ea","name":"Serbis Pocer\u00eda","image":{"@type":"ImageObject","inLanguage":"es","@id":"https:\/\/www.serbis.es\/serbis\/blog\/#\/schema\/person\/image\/","url":"https:\/\/secure.gravatar.com\/avatar\/1b95962073fbda6a54be252a727db96a?s=96&d=mm&r=g","contentUrl":"https:\/\/secure.gravatar.com\/avatar\/1b95962073fbda6a54be252a727db96a?s=96&d=mm&r=g","caption":"Serbis Pocer\u00eda"},"description":"Empresa especializada en soluciones de alcantarillado y saneamiento de agua, con gran experiencia en el sector y conocimiento de t\u00e9cnicas tanto de pocer\u00eda tradicional como de rehabilitaci\u00f3n de tuber\u00edas sin zanjas ni necesidad de obra civil","sameAs":["https:\/\/www.linkedin.com\/company\/poceria-serbis","https:\/\/www.facebook.com\/SerbisPoceria\/","https:\/\/twitter.com\/https:\/\/twitter.com\/serbis_poceria"],"url":"https:\/\/www.serbis.es\/serbis\/blog\/author\/perio_editor\/"}]}},"_links":{"self":[{"href":"https:\/\/www.serbis.es\/serbis\/blog\/wp-json\/wp\/v2\/posts\/3103"}],"collection":[{"href":"https:\/\/www.serbis.es\/serbis\/blog\/wp-json\/wp\/v2\/posts"}],"about":[{"href":"https:\/\/www.serbis.es\/serbis\/blog\/wp-json\/wp\/v2\/types\/post"}],"author":[{"embeddable":true,"href":"https:\/\/www.serbis.es\/serbis\/blog\/wp-json\/wp\/v2\/users\/3"}],"replies":[{"embeddable":true,"href":"https:\/\/www.serbis.es\/serbis\/blog\/wp-json\/wp\/v2\/comments?post=3103"}],"version-history":[{"count":4,"href":"https:\/\/www.serbis.es\/serbis\/blog\/wp-json\/wp\/v2\/posts\/3103\/revisions"}],"predecessor-version":[{"id":3112,"href":"https:\/\/www.serbis.es\/serbis\/blog\/wp-json\/wp\/v2\/posts\/3103\/revisions\/3112"}],"wp:featuredmedia":[{"embeddable":true,"href":"https:\/\/www.serbis.es\/serbis\/blog\/wp-json\/wp\/v2\/media\/3107"}],"wp:attachment":[{"href":"https:\/\/www.serbis.es\/serbis\/blog\/wp-json\/wp\/v2\/media?parent=3103"}],"wp:term":[{"taxonomy":"category","embeddable":true,"href":"https:\/\/www.serbis.es\/serbis\/blog\/wp-json\/wp\/v2\/categories?post=3103"},{"taxonomy":"post_tag","embeddable":true,"href":"https:\/\/www.serbis.es\/serbis\/blog\/wp-json\/wp\/v2\/tags?post=3103"}],"curies":[{"name":"wp","href":"https:\/\/api.w.org\/{rel}","templated":true}]}}