{"id":3134,"date":"2022-02-09T19:48:24","date_gmt":"2022-02-09T19:48:24","guid":{"rendered":"https:\/\/www.serbis.es\/serbis\/blog\/?p=3134"},"modified":"2022-02-09T19:48:24","modified_gmt":"2022-02-09T19:48:24","slug":"saneamiento-costa","status":"publish","type":"post","link":"https:\/\/www.serbis.es\/serbis\/blog\/saneamiento-costa\/","title":{"rendered":"El saneamiento, clave para proteger la costa espa\u00f1ola"},"content":{"rendered":"<p>A continuaci\u00f3n incluimos un peque\u00f1o resumen de algunas de las noticias m\u00e1s importantes que se han publicado durante los \u00faltimos d\u00edas tanto en Espa\u00f1a como en el mundo hispanohablante en relaci\u00f3n con las alcantarillas, los sistemas de saneamiento de aguas residuales, las canalizaciones, las ca\u00f1er\u00edas, las tuber\u00edas, los atrancos y los atascos&#8230;<\/p>\n<h3>Las R\u00edas Baixas se benefician de los avances en saneamiento<\/h3>\n<p><img decoding=\"async\" loading=\"lazy\" class=\"size-full wp-image-3137 alignnone\" src=\"https:\/\/www.serbis.es\/serbis\/blog\/wp-content\/uploads\/saneamiento-rias-baixas.jpg\" alt=\"\" width=\"630\" height=\"315\" srcset=\"https:\/\/www.serbis.es\/serbis\/blog\/wp-content\/uploads\/saneamiento-rias-baixas.jpg 630w, https:\/\/www.serbis.es\/serbis\/blog\/wp-content\/uploads\/saneamiento-rias-baixas-300x150.jpg 300w, https:\/\/www.serbis.es\/serbis\/blog\/wp-content\/uploads\/saneamiento-rias-baixas-370x185.jpg 370w\" sizes=\"(max-width: 630px) 100vw, 630px\" \/><\/p>\n<p>Las <strong>R\u00edas Baixas<\/strong> son un enclave natural privilegiado que merece la pena proteger. Por esta raz\u00f3n, la <strong>Xunta de Galicia<\/strong> lleva a\u00f1os aumentando las inversiones en saneamiento de aguas residuales en la zona, con el objetivo de que las aguas que desembocan en esta parte de la costa de Pontevedra est\u00e9n <strong>limpias de residuos y contaminaci\u00f3n<\/strong>.<\/p>\n<p>Este esfuerzo empieza a dar resultados, ya que <a href=\"https:\/\/www.lavozdegalicia.es\/noticia\/galicia\/2022\/02\/08\/xunta-calcula-90-nucleos-urbanos-depuran-bien-agua-va-rias\/0003_202202G8P10991.htm\">las \u00faltimas cifras publicadas por el Gobierno gallego<\/a> indican que<strong> el 90% de las aglomeraciones urbanas<\/strong> de la regi\u00f3n cumple con la normativa europea sobre depuraci\u00f3n de aguas residuales. En el caso de las r\u00edas gallegas, las cifras son bastante mejores que las registradas hace 10 a\u00f1os, ya que <strong>solo quedan 14 zonas<\/strong> en las que se vierten aguas no depuradas o tratadas de manera deficiente.<\/p>\n<h3>Investigan si Baleares desvi\u00f3 101 millones para saneamiento a otros fines<\/h3>\n<p><img decoding=\"async\" loading=\"lazy\" class=\"size-full wp-image-3141 alignnone\" src=\"https:\/\/www.serbis.es\/serbis\/blog\/wp-content\/uploads\/bahia-palma-mallorca.jpg\" alt=\"\" width=\"630\" height=\"315\" srcset=\"https:\/\/www.serbis.es\/serbis\/blog\/wp-content\/uploads\/bahia-palma-mallorca.jpg 630w, https:\/\/www.serbis.es\/serbis\/blog\/wp-content\/uploads\/bahia-palma-mallorca-300x150.jpg 300w, https:\/\/www.serbis.es\/serbis\/blog\/wp-content\/uploads\/bahia-palma-mallorca-370x185.jpg 370w\" sizes=\"(max-width: 630px) 100vw, 630px\" \/><\/p>\n<p>La Bah\u00eda de Palma de Mallorca lleva d\u00e9cadas sufriendo <strong>vertidos incontrolados de aguas residuales mal depuradas y con una elevada carga contaminante<\/strong> que han puesto en riesgo la salud de su h\u00e1bitat marino. As\u00ed lo asegura la Fiscal\u00eda, que ha denunciado que el Gobierno de las Islas Baleares utiliz\u00f3 hasta<strong> 101 millones de euros recaudados mediante el canon de saneamiento<\/strong> de aguas residuales para fines que nada ten\u00edan que ver con el saneamiento.<\/p>\n<p>Hablamos del <strong>Caso Emaya<\/strong>, que estos d\u00edas <a href=\"https:\/\/www.mallorcadiario.com\/vertidos-fecales-palma-instruccion-101-millones-canon-otros-fines\" class=\"broken_link\">inicia su recta final en un juzgado de Palma<\/a>. La fiscal\u00eda apunta directamente al Ejecutivo balear, que tendr\u00e1 que justificar por qu\u00e9 pr\u00e1cticamente la mitad (el 48%) de lo recaudado mediante el canon de saneamiento <strong>entre los a\u00f1os 2001 y 2015<\/strong> se destin\u00f3 a fines distintos a los establecidos en la propia norma. Ser\u00e1 ahora la justicia la que tendr\u00e1 que determinar la verarcidad de unos hechos que habr\u00edan servido para mitigar<strong> la grav\u00edsima situaci\u00f3n que actualmente sufre la Bah\u00eda de Palma<\/strong>.<\/p>\n<h3>Las toallitas h\u00famedas amenazan a la Bah\u00eda de C\u00e1diz<\/h3>\n<p><img decoding=\"async\" loading=\"lazy\" class=\"size-full wp-image-3139 alignnone\" src=\"https:\/\/www.serbis.es\/serbis\/blog\/wp-content\/uploads\/toallitas-cadiz.jpg\" alt=\"\" width=\"630\" height=\"315\" srcset=\"https:\/\/www.serbis.es\/serbis\/blog\/wp-content\/uploads\/toallitas-cadiz.jpg 630w, https:\/\/www.serbis.es\/serbis\/blog\/wp-content\/uploads\/toallitas-cadiz-300x150.jpg 300w, https:\/\/www.serbis.es\/serbis\/blog\/wp-content\/uploads\/toallitas-cadiz-370x185.jpg 370w\" sizes=\"(max-width: 630px) 100vw, 630px\" \/><\/p>\n<p>Las autoridades locales de <strong>Puerto Real<\/strong>, municipio situado en el extremo norte de la <strong>Bah\u00eda de C\u00e1diz<\/strong>, han lamentado durante los \u00faltimos d\u00edas la amenaza que suponen las toallitas h\u00famedas para las redes de saneamiento de aguas residuales. En concreto, han recordado que <strong>arrojar este tipo de residuos al inodoro<\/strong> supone una pr\u00e1ctica tan habitual como peligrosa.<\/p>\n<p><a href=\"https:\/\/www.portaldecadiz.com\/provinciacadiz\/67655-retiran-decenas-de-kilos-de-toallitas-humedas-de-las-alcantarillas-del-rio-san-pedro\" class=\"broken_link\">Durante las \u00faltimas semanas<\/a> se han retirado <strong>decenas de kilos de estas toallitas h\u00famedas no biodegradables<\/strong> de los sistemas de alcantarillado del municipio. Concretamente,<strong> en la barriada del R\u00edo San Pedro<\/strong>. Tal como han explicado desde el ayuntamiento, estas toallitas <strong>se deshilachan y trenzan a su paso por las estaciones de bombeo y los filtros de retenci\u00f3n<\/strong>, atascando y atrancando los elementos de la red de saneamiento, y lo que es peor, contaminando el mar.<\/p>\n<h3>Una espa\u00f1ola fabrica tapas de alcantarilla recicladas<\/h3>\n<p><img decoding=\"async\" loading=\"lazy\" class=\"size-full wp-image-3135 alignnone\" src=\"https:\/\/www.serbis.es\/serbis\/blog\/wp-content\/uploads\/alcantarillas-recicladas-galicia.jpg\" alt=\"\" width=\"630\" height=\"315\" srcset=\"https:\/\/www.serbis.es\/serbis\/blog\/wp-content\/uploads\/alcantarillas-recicladas-galicia.jpg 630w, https:\/\/www.serbis.es\/serbis\/blog\/wp-content\/uploads\/alcantarillas-recicladas-galicia-300x150.jpg 300w, https:\/\/www.serbis.es\/serbis\/blog\/wp-content\/uploads\/alcantarillas-recicladas-galicia-370x185.jpg 370w\" sizes=\"(max-width: 630px) 100vw, 630px\" \/><\/p>\n<p>La gallega <strong>Gema Neira<\/strong> est\u00e1 decidida a redecorar las ciudades espa\u00f1olas con <strong>mobiliario reciclado<\/strong>. Y eso tambi\u00e9n incluye las tapas de registro de las redes de alcantarillado, que <a href=\"https:\/\/www.atlantico.net\/articulo\/sociedad\/alcantarillas-decorar\/20220206012611891889.html\">esta emprendedora es capaz de fabricar<\/a> mediante <strong>la reutilizaci\u00f3n de 40 kilos de basura<\/strong>. De hecho, la funci\u00f3n de estas tapas de alcantarilla no es solo decorativa, ya que son <strong>capaces de soportar hasta 40 toneladas de peso<\/strong>.<\/p>\n<p>Pero Neira no solo fabrica alcantarillas recicladas, sino tambi\u00e9n <strong>bancos, sumideros, papeleras o jardineras<\/strong>. Sus creaciones ya pueden verse en distintos puntos de la ciudad de A Coru\u00f1a y pr\u00f3ximamente llegar\u00e1n a muchas otras zonas, ya que hay ayuntamientos de toda <strong>Galicia<\/strong> interesados en probar sus tapas de registro, as\u00ed como los gobiernos regionales de <strong>Madrid, Valencia o Extremadura<\/strong>.<\/p>\n<p>&nbsp;<\/p>\n<p>*Si quieres contarnos algo puedes llamarnos al <strong>n\u00famero de tel\u00e9fono <\/strong><strong>91 610 62 53<\/strong> y si te gusta estar informado de las noticias nacionales e internacionales m\u00e1s interesantes de las industrias de la pocer\u00eda, el alcantarillado y el saneamiento de aguas fecales, visita <a href=\"https:\/\/www.serbis.es\/\" target=\"_blank\" rel=\"noopener\"><strong>Serbis.es<\/strong><\/a> y <strong>s\u00edguenos en las redes sociales<\/strong>:<\/p>\n<p><a href=\"https:\/\/www.facebook.com\/SerbisPoceria\/\" rel=\"attachment wp-att-691\" class=\"broken_link\"><img decoding=\"async\" loading=\"lazy\" class=\"size-full wp-image-691\" src=\"https:\/\/www.serbis.es\/serbis\/blog\/wp-content\/uploads\/facebook.jpg\" alt=\"facebook\" width=\"113\" height=\"111\" \/><\/a><\/p>\n<p>&nbsp;<\/p>\n<p><a href=\"https:\/\/twitter.com\/serbis_poceria\" rel=\"attachment wp-att-692\"><img decoding=\"async\" loading=\"lazy\" class=\"size-full wp-image-692\" src=\"https:\/\/www.serbis.es\/serbis\/blog\/wp-content\/uploads\/twitter.jpg\" alt=\"twitter\" width=\"113\" height=\"111\" \/><\/a><\/p>\n<p>&nbsp;<\/p>\n<p><a href=\"https:\/\/www.instagram.com\/serbis_poceria\/\" rel=\"attachment wp-att-692\" class=\"broken_link\"><img decoding=\"async\" loading=\"lazy\" class=\"alignnone wp-image-1462 size-full\" src=\"https:\/\/www.serbis.es\/serbis\/blog\/wp-content\/uploads\/instagram.jpg\" alt=\"\" width=\"113\" height=\"111\" \/><\/a><\/p>\n<p>&nbsp;<\/p>\n<p><a href=\"https:\/\/es.linkedin.com\/company\/poceria-serbis\" rel=\"attachment wp-att-693\"><img decoding=\"async\" loading=\"lazy\" class=\"size-full wp-image-693 alignleft\" src=\"https:\/\/www.serbis.es\/serbis\/blog\/wp-content\/uploads\/linkedin.jpg\" alt=\"linkedin\" width=\"113\" height=\"111\" \/><\/a><\/p>\n<p>&nbsp;<\/p>\n<p>&nbsp;<\/p>\n<p>&nbsp;<\/p>\n<p>&nbsp;<\/p>\n<p><a href=\"https:\/\/www.youtube.com\/channel\/UCSIAPGXKlWyOmHRZo9YCpBQ\" rel=\"attachment wp-att-694\"><img decoding=\"async\" loading=\"lazy\" class=\"size-full wp-image-694 alignleft\" src=\"https:\/\/www.serbis.es\/serbis\/blog\/wp-content\/uploads\/youtube.jpg\" alt=\"youtube\" width=\"113\" height=\"111\" \/><\/a><\/p>\n<p>&nbsp;<\/p>\n<p>&nbsp;<\/p>\n<p>&nbsp;<\/p>\n<p>&nbsp;<\/p>\n<p><a href=\"https:\/\/vimeo.com\/user9248661\" rel=\"attachment wp-att-696\"><img decoding=\"async\" loading=\"lazy\" class=\"size-full wp-image-696 alignleft\" src=\"https:\/\/www.serbis.es\/serbis\/blog\/wp-content\/uploads\/vimeo.jpg\" alt=\"vimeo\" width=\"113\" height=\"111\" \/><\/a><\/p>\n<p>&nbsp;<\/p>\n<p>&nbsp;<\/p>\n<p>&nbsp;<\/p>\n<p>&nbsp;<\/p>\n<p><a href=\"https:\/\/www.flickr.com\/photos\/155074596@N06\/\" rel=\"attachment wp-att-698\"><img decoding=\"async\" loading=\"lazy\" class=\"size-full wp-image-698 alignleft\" src=\"https:\/\/www.serbis.es\/serbis\/blog\/wp-content\/uploads\/flickr.jpg\" alt=\"flickr\" width=\"113\" height=\"111\" \/><\/a><\/p>\n<p>&nbsp;<\/p>\n<p>&nbsp;<\/p>\n<p>&nbsp;<\/p>\n<p>&nbsp;<\/p>\n<p><a href=\"https:\/\/www.pinterest.es\/pin\/133348838938250902\/\" rel=\"attachment wp-att-697\"><img decoding=\"async\" loading=\"lazy\" class=\"size-full wp-image-697 alignleft\" src=\"https:\/\/www.serbis.es\/serbis\/blog\/wp-content\/uploads\/pinterest.jpg\" alt=\"pinterest\" width=\"113\" height=\"111\" \/><\/a><\/p>\n<p>&nbsp;<\/p>\n","protected":false},"excerpt":{"rendered":"<p>A continuaci\u00f3n incluimos un peque\u00f1o resumen de algunas de las noticias m\u00e1s importantes que se han publicado durante los \u00faltimos d\u00edas tanto en Espa\u00f1a como en el mundo hispanohablante en relaci\u00f3n con las alcantarillas, los sistemas de saneamiento de aguas residuales, las canalizaciones, las ca\u00f1er\u00edas, las tuber\u00edas, los atrancos y los atascos&#8230; Las R\u00edas Baixas [&hellip;]<\/p>\n","protected":false},"author":3,"featured_media":3141,"comment_status":"open","ping_status":"open","sticky":false,"template":"","format":"standard","meta":{"_mi_skip_tracking":false,"_monsterinsights_sitenote_active":false,"_monsterinsights_sitenote_note":"","_monsterinsights_sitenote_category":0},"categories":[17,2,32],"tags":[22,61,455,454,248,439,449],"yoast_head":"<!-- This site is optimized with the Yoast SEO plugin v20.10 - https:\/\/yoast.com\/wordpress\/plugins\/seo\/ -->\n<title>El saneamiento, clave para proteger la costa espa\u00f1ola - Blog de Serbis<\/title>\n<meta name=\"robots\" content=\"index, follow, max-snippet:-1, max-image-preview:large, max-video-preview:-1\" \/>\n<link rel=\"canonical\" href=\"https:\/\/www.serbis.es\/serbis\/blog\/saneamiento-costa\/\" \/>\n<meta property=\"og:locale\" content=\"es_ES\" \/>\n<meta property=\"og:type\" content=\"article\" \/>\n<meta property=\"og:title\" content=\"El saneamiento, clave para proteger la costa espa\u00f1ola - Blog de Serbis\" \/>\n<meta property=\"og:description\" content=\"A continuaci\u00f3n incluimos un peque\u00f1o resumen de algunas de las noticias m\u00e1s importantes que se han publicado durante los \u00faltimos d\u00edas tanto en Espa\u00f1a como en el mundo hispanohablante en relaci\u00f3n con las alcantarillas, los sistemas de saneamiento de aguas residuales, las canalizaciones, las ca\u00f1er\u00edas, las tuber\u00edas, los atrancos y los atascos&#8230; Las R\u00edas Baixas [&hellip;]\" \/>\n<meta property=\"og:url\" content=\"https:\/\/www.serbis.es\/serbis\/blog\/saneamiento-costa\/\" \/>\n<meta property=\"og:site_name\" content=\"Blog de Serbis\" \/>\n<meta property=\"article:author\" content=\"https:\/\/www.facebook.com\/SerbisPoceria\/\" \/>\n<meta property=\"article:published_time\" content=\"2022-02-09T19:48:24+00:00\" \/>\n<meta property=\"og:image\" content=\"https:\/\/www.serbis.es\/serbis\/blog\/wp-content\/uploads\/bahia-palma-mallorca.jpg\" \/>\n\t<meta property=\"og:image:width\" content=\"630\" \/>\n\t<meta property=\"og:image:height\" content=\"315\" \/>\n\t<meta property=\"og:image:type\" content=\"image\/jpeg\" \/>\n<meta name=\"author\" content=\"Serbis Pocer\u00eda\" \/>\n<meta name=\"twitter:label1\" content=\"Escrito por\" \/>\n\t<meta name=\"twitter:data1\" content=\"Serbis Pocer\u00eda\" \/>\n\t<meta name=\"twitter:label2\" content=\"Tiempo de lectura\" \/>\n\t<meta name=\"twitter:data2\" content=\"4 minutos\" \/>\n<script type=\"application\/ld+json\" class=\"yoast-schema-graph\">{\"@context\":\"https:\/\/schema.org\",\"@graph\":[{\"@type\":\"WebPage\",\"@id\":\"https:\/\/www.serbis.es\/serbis\/blog\/saneamiento-costa\/\",\"url\":\"https:\/\/www.serbis.es\/serbis\/blog\/saneamiento-costa\/\",\"name\":\"El saneamiento, clave para proteger la costa espa\u00f1ola - Blog de Serbis\",\"isPartOf\":{\"@id\":\"https:\/\/www.serbis.es\/serbis\/blog\/#website\"},\"datePublished\":\"2022-02-09T19:48:24+00:00\",\"dateModified\":\"2022-02-09T19:48:24+00:00\",\"author\":{\"@id\":\"https:\/\/www.serbis.es\/serbis\/blog\/#\/schema\/person\/449002ed602088d1463cc28957dee9ea\"},\"breadcrumb\":{\"@id\":\"https:\/\/www.serbis.es\/serbis\/blog\/saneamiento-costa\/#breadcrumb\"},\"inLanguage\":\"es\",\"potentialAction\":[{\"@type\":\"ReadAction\",\"target\":[\"https:\/\/www.serbis.es\/serbis\/blog\/saneamiento-costa\/\"]}]},{\"@type\":\"BreadcrumbList\",\"@id\":\"https:\/\/www.serbis.es\/serbis\/blog\/saneamiento-costa\/#breadcrumb\",\"itemListElement\":[{\"@type\":\"ListItem\",\"position\":1,\"name\":\"Portada\",\"item\":\"https:\/\/www.serbis.es\/serbis\/blog\/\"},{\"@type\":\"ListItem\",\"position\":2,\"name\":\"El saneamiento, clave para proteger la costa espa\u00f1ola\"}]},{\"@type\":\"WebSite\",\"@id\":\"https:\/\/www.serbis.es\/serbis\/blog\/#website\",\"url\":\"https:\/\/www.serbis.es\/serbis\/blog\/\",\"name\":\"Blog de Serbis\",\"description\":\"l\u00edderes en Espa\u00f1a en saneamiento de aguas con servicios de pocer\u00eda tradicional y sin zanjas\",\"potentialAction\":[{\"@type\":\"SearchAction\",\"target\":{\"@type\":\"EntryPoint\",\"urlTemplate\":\"https:\/\/www.serbis.es\/serbis\/blog\/?s={search_term_string}\"},\"query-input\":\"required name=search_term_string\"}],\"inLanguage\":\"es\"},{\"@type\":\"Person\",\"@id\":\"https:\/\/www.serbis.es\/serbis\/blog\/#\/schema\/person\/449002ed602088d1463cc28957dee9ea\",\"name\":\"Serbis Pocer\u00eda\",\"image\":{\"@type\":\"ImageObject\",\"inLanguage\":\"es\",\"@id\":\"https:\/\/www.serbis.es\/serbis\/blog\/#\/schema\/person\/image\/\",\"url\":\"https:\/\/secure.gravatar.com\/avatar\/1b95962073fbda6a54be252a727db96a?s=96&d=mm&r=g\",\"contentUrl\":\"https:\/\/secure.gravatar.com\/avatar\/1b95962073fbda6a54be252a727db96a?s=96&d=mm&r=g\",\"caption\":\"Serbis Pocer\u00eda\"},\"description\":\"Empresa especializada en soluciones de alcantarillado y saneamiento de agua, con gran experiencia en el sector y conocimiento de t\u00e9cnicas tanto de pocer\u00eda tradicional como de rehabilitaci\u00f3n de tuber\u00edas sin zanjas ni necesidad de obra civil\",\"sameAs\":[\"https:\/\/www.linkedin.com\/company\/poceria-serbis\",\"https:\/\/www.facebook.com\/SerbisPoceria\/\",\"https:\/\/twitter.com\/https:\/\/twitter.com\/serbis_poceria\"],\"url\":\"https:\/\/www.serbis.es\/serbis\/blog\/author\/perio_editor\/\"}]}<\/script>\n<!-- \/ Yoast SEO plugin. -->","yoast_head_json":{"title":"El saneamiento, clave para proteger la costa espa\u00f1ola - Blog de Serbis","robots":{"index":"index","follow":"follow","max-snippet":"max-snippet:-1","max-image-preview":"max-image-preview:large","max-video-preview":"max-video-preview:-1"},"canonical":"https:\/\/www.serbis.es\/serbis\/blog\/saneamiento-costa\/","og_locale":"es_ES","og_type":"article","og_title":"El saneamiento, clave para proteger la costa espa\u00f1ola - Blog de Serbis","og_description":"A continuaci\u00f3n incluimos un peque\u00f1o resumen de algunas de las noticias m\u00e1s importantes que se han publicado durante los \u00faltimos d\u00edas tanto en Espa\u00f1a como en el mundo hispanohablante en relaci\u00f3n con las alcantarillas, los sistemas de saneamiento de aguas residuales, las canalizaciones, las ca\u00f1er\u00edas, las tuber\u00edas, los atrancos y los atascos&#8230; Las R\u00edas Baixas [&hellip;]","og_url":"https:\/\/www.serbis.es\/serbis\/blog\/saneamiento-costa\/","og_site_name":"Blog de Serbis","article_author":"https:\/\/www.facebook.com\/SerbisPoceria\/","article_published_time":"2022-02-09T19:48:24+00:00","og_image":[{"width":630,"height":315,"url":"https:\/\/www.serbis.es\/serbis\/blog\/wp-content\/uploads\/bahia-palma-mallorca.jpg","type":"image\/jpeg"}],"author":"Serbis Pocer\u00eda","twitter_misc":{"Escrito por":"Serbis Pocer\u00eda","Tiempo de lectura":"4 minutos"},"schema":{"@context":"https:\/\/schema.org","@graph":[{"@type":"WebPage","@id":"https:\/\/www.serbis.es\/serbis\/blog\/saneamiento-costa\/","url":"https:\/\/www.serbis.es\/serbis\/blog\/saneamiento-costa\/","name":"El saneamiento, clave para proteger la costa espa\u00f1ola - Blog de Serbis","isPartOf":{"@id":"https:\/\/www.serbis.es\/serbis\/blog\/#website"},"datePublished":"2022-02-09T19:48:24+00:00","dateModified":"2022-02-09T19:48:24+00:00","author":{"@id":"https:\/\/www.serbis.es\/serbis\/blog\/#\/schema\/person\/449002ed602088d1463cc28957dee9ea"},"breadcrumb":{"@id":"https:\/\/www.serbis.es\/serbis\/blog\/saneamiento-costa\/#breadcrumb"},"inLanguage":"es","potentialAction":[{"@type":"ReadAction","target":["https:\/\/www.serbis.es\/serbis\/blog\/saneamiento-costa\/"]}]},{"@type":"BreadcrumbList","@id":"https:\/\/www.serbis.es\/serbis\/blog\/saneamiento-costa\/#breadcrumb","itemListElement":[{"@type":"ListItem","position":1,"name":"Portada","item":"https:\/\/www.serbis.es\/serbis\/blog\/"},{"@type":"ListItem","position":2,"name":"El saneamiento, clave para proteger la costa espa\u00f1ola"}]},{"@type":"WebSite","@id":"https:\/\/www.serbis.es\/serbis\/blog\/#website","url":"https:\/\/www.serbis.es\/serbis\/blog\/","name":"Blog de Serbis","description":"l\u00edderes en Espa\u00f1a en saneamiento de aguas con servicios de pocer\u00eda tradicional y sin zanjas","potentialAction":[{"@type":"SearchAction","target":{"@type":"EntryPoint","urlTemplate":"https:\/\/www.serbis.es\/serbis\/blog\/?s={search_term_string}"},"query-input":"required name=search_term_string"}],"inLanguage":"es"},{"@type":"Person","@id":"https:\/\/www.serbis.es\/serbis\/blog\/#\/schema\/person\/449002ed602088d1463cc28957dee9ea","name":"Serbis Pocer\u00eda","image":{"@type":"ImageObject","inLanguage":"es","@id":"https:\/\/www.serbis.es\/serbis\/blog\/#\/schema\/person\/image\/","url":"https:\/\/secure.gravatar.com\/avatar\/1b95962073fbda6a54be252a727db96a?s=96&d=mm&r=g","contentUrl":"https:\/\/secure.gravatar.com\/avatar\/1b95962073fbda6a54be252a727db96a?s=96&d=mm&r=g","caption":"Serbis Pocer\u00eda"},"description":"Empresa especializada en soluciones de alcantarillado y saneamiento de agua, con gran experiencia en el sector y conocimiento de t\u00e9cnicas tanto de pocer\u00eda tradicional como de rehabilitaci\u00f3n de tuber\u00edas sin zanjas ni necesidad de obra civil","sameAs":["https:\/\/www.linkedin.com\/company\/poceria-serbis","https:\/\/www.facebook.com\/SerbisPoceria\/","https:\/\/twitter.com\/https:\/\/twitter.com\/serbis_poceria"],"url":"https:\/\/www.serbis.es\/serbis\/blog\/author\/perio_editor\/"}]}},"_links":{"self":[{"href":"https:\/\/www.serbis.es\/serbis\/blog\/wp-json\/wp\/v2\/posts\/3134"}],"collection":[{"href":"https:\/\/www.serbis.es\/serbis\/blog\/wp-json\/wp\/v2\/posts"}],"about":[{"href":"https:\/\/www.serbis.es\/serbis\/blog\/wp-json\/wp\/v2\/types\/post"}],"author":[{"embeddable":true,"href":"https:\/\/www.serbis.es\/serbis\/blog\/wp-json\/wp\/v2\/users\/3"}],"replies":[{"embeddable":true,"href":"https:\/\/www.serbis.es\/serbis\/blog\/wp-json\/wp\/v2\/comments?post=3134"}],"version-history":[{"count":4,"href":"https:\/\/www.serbis.es\/serbis\/blog\/wp-json\/wp\/v2\/posts\/3134\/revisions"}],"predecessor-version":[{"id":3142,"href":"https:\/\/www.serbis.es\/serbis\/blog\/wp-json\/wp\/v2\/posts\/3134\/revisions\/3142"}],"wp:featuredmedia":[{"embeddable":true,"href":"https:\/\/www.serbis.es\/serbis\/blog\/wp-json\/wp\/v2\/media\/3141"}],"wp:attachment":[{"href":"https:\/\/www.serbis.es\/serbis\/blog\/wp-json\/wp\/v2\/media?parent=3134"}],"wp:term":[{"taxonomy":"category","embeddable":true,"href":"https:\/\/www.serbis.es\/serbis\/blog\/wp-json\/wp\/v2\/categories?post=3134"},{"taxonomy":"post_tag","embeddable":true,"href":"https:\/\/www.serbis.es\/serbis\/blog\/wp-json\/wp\/v2\/tags?post=3134"}],"curies":[{"name":"wp","href":"https:\/\/api.w.org\/{rel}","templated":true}]}}