{"id":3245,"date":"2022-04-21T11:46:32","date_gmt":"2022-04-21T11:46:32","guid":{"rendered":"https:\/\/www.serbis.es\/serbis\/blog\/?p=3245"},"modified":"2022-04-21T11:46:32","modified_gmt":"2022-04-21T11:46:32","slug":"potencial-medioambiental-aguas-residuales","status":"publish","type":"post","link":"https:\/\/www.serbis.es\/serbis\/blog\/potencial-medioambiental-aguas-residuales\/","title":{"rendered":"El importante potencial medioambiental de las aguas residuales"},"content":{"rendered":"<p>A continuaci\u00f3n incluimos un peque\u00f1o resumen de algunas de las noticias m\u00e1s importantes que se han publicado durante los \u00faltimos d\u00edas en relaci\u00f3n con la pocer\u00eda, las alcantarillas y redes de alcantarillado, los sistemas de saneamiento de aguas residuales, las canalizaciones, las ca\u00f1er\u00edas, las tuber\u00edas, los atrancos y los atascos:<\/p>\n<h3>Aguas residuales como fuentes de energ\u00eda renovable<\/h3>\n<p><img decoding=\"async\" loading=\"lazy\" class=\"size-full wp-image-3251 alignnone\" src=\"https:\/\/www.serbis.es\/serbis\/blog\/wp-content\/uploads\/agua-energia.jpg\" alt=\"\" width=\"630\" height=\"315\" srcset=\"https:\/\/www.serbis.es\/serbis\/blog\/wp-content\/uploads\/agua-energia.jpg 630w, https:\/\/www.serbis.es\/serbis\/blog\/wp-content\/uploads\/agua-energia-300x150.jpg 300w, https:\/\/www.serbis.es\/serbis\/blog\/wp-content\/uploads\/agua-energia-370x185.jpg 370w\" sizes=\"(max-width: 630px) 100vw, 630px\" \/><\/p>\n<p>Las aguas residuales no solo pueden reutilizarse en el ciclo del agua una vez tratadas, sino que tambi\u00e9n pueden actuar como una poderosa <strong>fuente de energ\u00eda no contaminante<\/strong>. Tal como explican en <a href=\"https:\/\/www.bbva.com\/es\/sostenibilidad\/cuando-las-aguas-residuales-se-convierten-en-energia-verde\/\">este art\u00edculo<\/a>, <strong>los restos org\u00e1nicos<\/strong> que se quedan en las depuradoras una vez que las aguas residuales pasan por ellas pueden utilizarse para producir energ\u00eda.<\/p>\n<p>Y citan como ejemplo el caso de una planta de recuperaci\u00f3n de recursos h\u00eddricos de EEUU que lleva casi un a\u00f1o <strong>bombeando energ\u00eda renovable producida a partir del metano<\/strong> que se obtiene por la descomposici\u00f3n de los residuos org\u00e1nicos. Hablamos de una energ\u00eda totalmente verde, que despu\u00e9s <strong>se transforma en calor y electricidad<\/strong>.<\/p>\n<h3>Redes separativas para evitar que las aguas residuales lleguen al Mar Menor<\/h3>\n<p><img decoding=\"async\" loading=\"lazy\" class=\"size-full wp-image-3248 alignnone\" src=\"https:\/\/www.serbis.es\/serbis\/blog\/wp-content\/uploads\/mar-menor-alcantarillado.jpg\" alt=\"\" width=\"630\" height=\"315\" srcset=\"https:\/\/www.serbis.es\/serbis\/blog\/wp-content\/uploads\/mar-menor-alcantarillado.jpg 630w, https:\/\/www.serbis.es\/serbis\/blog\/wp-content\/uploads\/mar-menor-alcantarillado-300x150.jpg 300w, https:\/\/www.serbis.es\/serbis\/blog\/wp-content\/uploads\/mar-menor-alcantarillado-370x185.jpg 370w\" sizes=\"(max-width: 630px) 100vw, 630px\" \/><\/p>\n<p>El <strong>Mar Menor<\/strong>, situado en la Regi\u00f3n de <strong>Murcia<\/strong>, lleva meses siendo noticia por los elevados niveles de contaminaci\u00f3n que sufren sus aguas y que ha acabado con la vida de millones de peces. Para poner freno a esta situaci\u00f3n, el Gobierno espa\u00f1ol <a href=\"https:\/\/www.laverdad.es\/murcia\/otros-municipios\/miteco-aporta-millones-20220408005610-ntvo.html\">acaba de anunciar<\/a> una inversi\u00f3n de <strong>20 millones de euros<\/strong> en la instalaci\u00f3n de <strong>redes separativas<\/strong>.<\/p>\n<p>Esto significa que las redes de <strong>alcantarillado y saneamiento de aguas residuales<\/strong> pasar\u00e1n a estar separadas de las que conducen las <strong>aguas pluviales<\/strong>. El objetivo es acabar con la contaminaci\u00f3n del Mar Menor en periodos de lluvias torrenciales, que es cuando ahora<strong> se desbordan las tuber\u00edas subterr\u00e1neas<\/strong> y las aguas residuales terminan llegando al mar.<\/p>\n<h3>Problemas en las alcantarillas de titularidad privada de Barcelona<\/h3>\n<p><img decoding=\"async\" loading=\"lazy\" class=\"size-full wp-image-3246 alignnone\" src=\"https:\/\/www.serbis.es\/serbis\/blog\/wp-content\/uploads\/alcantarillas-barcelona-1.jpg\" alt=\"\" width=\"630\" height=\"315\" srcset=\"https:\/\/www.serbis.es\/serbis\/blog\/wp-content\/uploads\/alcantarillas-barcelona-1.jpg 630w, https:\/\/www.serbis.es\/serbis\/blog\/wp-content\/uploads\/alcantarillas-barcelona-1-300x150.jpg 300w, https:\/\/www.serbis.es\/serbis\/blog\/wp-content\/uploads\/alcantarillas-barcelona-1-370x185.jpg 370w\" sizes=\"(max-width: 630px) 100vw, 630px\" \/><\/p>\n<p>Al contrario de lo que mucha gente cree, las redes municipales de alcantarillado de las grandes ciudades <strong>no son de titularidad exclusivamente p\u00fablica<\/strong>, sino que una parte se encuentra en manos de particulares. Esto puede llegar a generar problemas en forma de <strong>atascos y atrancos<\/strong>, ya que las autoridades saben cu\u00e1l es la situaci\u00f3n de las canalizaciones p\u00fablicas, pero muchas veces desconocen el estado de las que son de titularidad privada.<\/p>\n<p>En este art\u00edculo se centran en el caso de <strong>Barcelona<\/strong>, cuya red de alcantarillado consta de <strong>m\u00e1s de 3.000 kil\u00f3metros<\/strong> de colectores que transportan 900.000 metros c\u00fabicos de aguas residuales cada d\u00eda. M\u00e1s de la mitad de esas tuber\u00edas son responsabilidad del ayuntamiento de la ciudad, pero el resto est\u00e1 en manos privadas. A pesar de que las ordenanzas municipales de Barcelona indican que <strong>el mantenimiento y la reparaci\u00f3n de esos conductos son responsabilidad de las comunidades de propietarios<\/strong>, se estima que algunos de estos alba\u00f1ales <a href=\"https:\/\/www.elperiodico.com\/es\/barcelona\/alcantarillas-barcelona-suciedad-sh\/index.html\">no se han limpiado desde hace d\u00e9cadas<\/a>.<\/p>\n<p>&nbsp;<\/p>\n<p>*Si quieres contarnos algo puedes llamarnos al <strong>n\u00famero de tel\u00e9fono <\/strong><strong>91 610 62 53<\/strong> y si te gusta estar informado de las noticias nacionales e internacionales m\u00e1s interesantes de las industrias de la pocer\u00eda, el alcantarillado y el saneamiento de aguas fecales, visita <a href=\"https:\/\/www.serbis.es\/\" target=\"_blank\" rel=\"noopener\"><strong>Serbis.es<\/strong><\/a> y <strong>s\u00edguenos en las redes sociales<\/strong>:<\/p>\n<p><a href=\"https:\/\/www.facebook.com\/SerbisPoceria\/\" rel=\"attachment wp-att-691\" class=\"broken_link\"><img decoding=\"async\" loading=\"lazy\" class=\"size-full wp-image-691\" src=\"https:\/\/www.serbis.es\/serbis\/blog\/wp-content\/uploads\/facebook.jpg\" alt=\"facebook\" width=\"113\" height=\"111\" \/><\/a><\/p>\n<p>&nbsp;<\/p>\n<p><a href=\"https:\/\/twitter.com\/serbis_poceria\" rel=\"attachment wp-att-692\"><img decoding=\"async\" loading=\"lazy\" class=\"size-full wp-image-692\" src=\"https:\/\/www.serbis.es\/serbis\/blog\/wp-content\/uploads\/twitter.jpg\" alt=\"twitter\" width=\"113\" height=\"111\" \/><\/a><\/p>\n<p>&nbsp;<\/p>\n<p><a href=\"https:\/\/www.instagram.com\/serbis_poceria\/\" rel=\"attachment wp-att-692\" class=\"broken_link\"><img decoding=\"async\" loading=\"lazy\" class=\"alignnone wp-image-1462 size-full\" src=\"https:\/\/www.serbis.es\/serbis\/blog\/wp-content\/uploads\/instagram.jpg\" alt=\"\" width=\"113\" height=\"111\" \/><\/a><\/p>\n<p>&nbsp;<\/p>\n<p><a href=\"https:\/\/es.linkedin.com\/company\/poceria-serbis\" rel=\"attachment wp-att-693\"><img decoding=\"async\" loading=\"lazy\" class=\"size-full wp-image-693 alignleft\" src=\"https:\/\/www.serbis.es\/serbis\/blog\/wp-content\/uploads\/linkedin.jpg\" alt=\"linkedin\" width=\"113\" height=\"111\" \/><\/a><\/p>\n<p>&nbsp;<\/p>\n<p>&nbsp;<\/p>\n<p>&nbsp;<\/p>\n<p>&nbsp;<\/p>\n<p><a href=\"https:\/\/www.youtube.com\/channel\/UCSIAPGXKlWyOmHRZo9YCpBQ\" rel=\"attachment wp-att-694\"><img decoding=\"async\" loading=\"lazy\" class=\"size-full wp-image-694 alignleft\" src=\"https:\/\/www.serbis.es\/serbis\/blog\/wp-content\/uploads\/youtube.jpg\" alt=\"youtube\" width=\"113\" height=\"111\" \/><\/a><\/p>\n<p>&nbsp;<\/p>\n<p>&nbsp;<\/p>\n<p>&nbsp;<\/p>\n<p>&nbsp;<\/p>\n<p><a href=\"https:\/\/vimeo.com\/user9248661\" rel=\"attachment wp-att-696\"><img decoding=\"async\" loading=\"lazy\" class=\"size-full wp-image-696 alignleft\" src=\"https:\/\/www.serbis.es\/serbis\/blog\/wp-content\/uploads\/vimeo.jpg\" alt=\"vimeo\" width=\"113\" height=\"111\" \/><\/a><\/p>\n<p>&nbsp;<\/p>\n<p>&nbsp;<\/p>\n<p>&nbsp;<\/p>\n<p>&nbsp;<\/p>\n<p><a href=\"https:\/\/www.flickr.com\/photos\/155074596@N06\/\" rel=\"attachment wp-att-698\"><img decoding=\"async\" loading=\"lazy\" class=\"size-full wp-image-698 alignleft\" src=\"https:\/\/www.serbis.es\/serbis\/blog\/wp-content\/uploads\/flickr.jpg\" alt=\"flickr\" width=\"113\" height=\"111\" \/><\/a><\/p>\n<p>&nbsp;<\/p>\n<p>&nbsp;<\/p>\n<p>&nbsp;<\/p>\n<p>&nbsp;<\/p>\n<p><a href=\"https:\/\/www.pinterest.es\/pin\/133348838938250902\/\" rel=\"attachment wp-att-697\"><img decoding=\"async\" loading=\"lazy\" class=\"size-full wp-image-697 alignleft\" src=\"https:\/\/www.serbis.es\/serbis\/blog\/wp-content\/uploads\/pinterest.jpg\" alt=\"pinterest\" width=\"113\" height=\"111\" \/><\/a><\/p>\n<p>&nbsp;<\/p>\n","protected":false},"excerpt":{"rendered":"<p>A continuaci\u00f3n incluimos un peque\u00f1o resumen de algunas de las noticias m\u00e1s importantes que se han publicado durante los \u00faltimos d\u00edas en relaci\u00f3n con la pocer\u00eda, las alcantarillas y redes de alcantarillado, los sistemas de saneamiento de aguas residuales, las canalizaciones, las ca\u00f1er\u00edas, las tuber\u00edas, los atrancos y los atascos: Aguas residuales como fuentes de [&hellip;]<\/p>\n","protected":false},"author":3,"featured_media":3248,"comment_status":"open","ping_status":"open","sticky":false,"template":"","format":"standard","meta":{"_mi_skip_tracking":false,"_monsterinsights_sitenote_active":false,"_monsterinsights_sitenote_note":"","_monsterinsights_sitenote_category":0},"categories":[17,5,2,32],"tags":[75,22,61,65,60,203,40,109],"yoast_head":"<!-- This site is optimized with the Yoast SEO plugin v20.10 - https:\/\/yoast.com\/wordpress\/plugins\/seo\/ -->\n<title>El importante potencial medioambiental de las aguas residuales - Blog de Serbis<\/title>\n<meta name=\"robots\" content=\"index, follow, max-snippet:-1, max-image-preview:large, max-video-preview:-1\" \/>\n<link rel=\"canonical\" href=\"https:\/\/www.serbis.es\/serbis\/blog\/potencial-medioambiental-aguas-residuales\/\" \/>\n<meta property=\"og:locale\" content=\"es_ES\" \/>\n<meta property=\"og:type\" content=\"article\" \/>\n<meta property=\"og:title\" content=\"El importante potencial medioambiental de las aguas residuales - Blog de Serbis\" \/>\n<meta property=\"og:description\" content=\"A continuaci\u00f3n incluimos un peque\u00f1o resumen de algunas de las noticias m\u00e1s importantes que se han publicado durante los \u00faltimos d\u00edas en relaci\u00f3n con la pocer\u00eda, las alcantarillas y redes de alcantarillado, los sistemas de saneamiento de aguas residuales, las canalizaciones, las ca\u00f1er\u00edas, las tuber\u00edas, los atrancos y los atascos: Aguas residuales como fuentes de [&hellip;]\" \/>\n<meta property=\"og:url\" content=\"https:\/\/www.serbis.es\/serbis\/blog\/potencial-medioambiental-aguas-residuales\/\" \/>\n<meta property=\"og:site_name\" content=\"Blog de Serbis\" \/>\n<meta property=\"article:author\" content=\"https:\/\/www.facebook.com\/SerbisPoceria\/\" \/>\n<meta property=\"article:published_time\" content=\"2022-04-21T11:46:32+00:00\" \/>\n<meta property=\"og:image\" content=\"https:\/\/www.serbis.es\/serbis\/blog\/wp-content\/uploads\/mar-menor-alcantarillado.jpg\" \/>\n\t<meta property=\"og:image:width\" content=\"630\" \/>\n\t<meta property=\"og:image:height\" content=\"315\" \/>\n\t<meta property=\"og:image:type\" content=\"image\/jpeg\" \/>\n<meta name=\"author\" content=\"Serbis Pocer\u00eda\" \/>\n<meta name=\"twitter:label1\" content=\"Escrito por\" \/>\n\t<meta name=\"twitter:data1\" content=\"Serbis Pocer\u00eda\" \/>\n\t<meta name=\"twitter:label2\" content=\"Tiempo de lectura\" \/>\n\t<meta name=\"twitter:data2\" content=\"3 minutos\" \/>\n<script type=\"application\/ld+json\" class=\"yoast-schema-graph\">{\"@context\":\"https:\/\/schema.org\",\"@graph\":[{\"@type\":\"WebPage\",\"@id\":\"https:\/\/www.serbis.es\/serbis\/blog\/potencial-medioambiental-aguas-residuales\/\",\"url\":\"https:\/\/www.serbis.es\/serbis\/blog\/potencial-medioambiental-aguas-residuales\/\",\"name\":\"El importante potencial medioambiental de las aguas residuales - Blog de Serbis\",\"isPartOf\":{\"@id\":\"https:\/\/www.serbis.es\/serbis\/blog\/#website\"},\"datePublished\":\"2022-04-21T11:46:32+00:00\",\"dateModified\":\"2022-04-21T11:46:32+00:00\",\"author\":{\"@id\":\"https:\/\/www.serbis.es\/serbis\/blog\/#\/schema\/person\/449002ed602088d1463cc28957dee9ea\"},\"breadcrumb\":{\"@id\":\"https:\/\/www.serbis.es\/serbis\/blog\/potencial-medioambiental-aguas-residuales\/#breadcrumb\"},\"inLanguage\":\"es\",\"potentialAction\":[{\"@type\":\"ReadAction\",\"target\":[\"https:\/\/www.serbis.es\/serbis\/blog\/potencial-medioambiental-aguas-residuales\/\"]}]},{\"@type\":\"BreadcrumbList\",\"@id\":\"https:\/\/www.serbis.es\/serbis\/blog\/potencial-medioambiental-aguas-residuales\/#breadcrumb\",\"itemListElement\":[{\"@type\":\"ListItem\",\"position\":1,\"name\":\"Portada\",\"item\":\"https:\/\/www.serbis.es\/serbis\/blog\/\"},{\"@type\":\"ListItem\",\"position\":2,\"name\":\"El importante potencial medioambiental de las aguas residuales\"}]},{\"@type\":\"WebSite\",\"@id\":\"https:\/\/www.serbis.es\/serbis\/blog\/#website\",\"url\":\"https:\/\/www.serbis.es\/serbis\/blog\/\",\"name\":\"Blog de Serbis\",\"description\":\"l\u00edderes en Espa\u00f1a en saneamiento de aguas con servicios de pocer\u00eda tradicional y sin zanjas\",\"potentialAction\":[{\"@type\":\"SearchAction\",\"target\":{\"@type\":\"EntryPoint\",\"urlTemplate\":\"https:\/\/www.serbis.es\/serbis\/blog\/?s={search_term_string}\"},\"query-input\":\"required name=search_term_string\"}],\"inLanguage\":\"es\"},{\"@type\":\"Person\",\"@id\":\"https:\/\/www.serbis.es\/serbis\/blog\/#\/schema\/person\/449002ed602088d1463cc28957dee9ea\",\"name\":\"Serbis Pocer\u00eda\",\"image\":{\"@type\":\"ImageObject\",\"inLanguage\":\"es\",\"@id\":\"https:\/\/www.serbis.es\/serbis\/blog\/#\/schema\/person\/image\/\",\"url\":\"https:\/\/secure.gravatar.com\/avatar\/1b95962073fbda6a54be252a727db96a?s=96&d=mm&r=g\",\"contentUrl\":\"https:\/\/secure.gravatar.com\/avatar\/1b95962073fbda6a54be252a727db96a?s=96&d=mm&r=g\",\"caption\":\"Serbis Pocer\u00eda\"},\"description\":\"Empresa especializada en soluciones de alcantarillado y saneamiento de agua, con gran experiencia en el sector y conocimiento de t\u00e9cnicas tanto de pocer\u00eda tradicional como de rehabilitaci\u00f3n de tuber\u00edas sin zanjas ni necesidad de obra civil\",\"sameAs\":[\"https:\/\/www.linkedin.com\/company\/poceria-serbis\",\"https:\/\/www.facebook.com\/SerbisPoceria\/\",\"https:\/\/twitter.com\/https:\/\/twitter.com\/serbis_poceria\"],\"url\":\"https:\/\/www.serbis.es\/serbis\/blog\/author\/perio_editor\/\"}]}<\/script>\n<!-- \/ Yoast SEO plugin. -->","yoast_head_json":{"title":"El importante potencial medioambiental de las aguas residuales - Blog de Serbis","robots":{"index":"index","follow":"follow","max-snippet":"max-snippet:-1","max-image-preview":"max-image-preview:large","max-video-preview":"max-video-preview:-1"},"canonical":"https:\/\/www.serbis.es\/serbis\/blog\/potencial-medioambiental-aguas-residuales\/","og_locale":"es_ES","og_type":"article","og_title":"El importante potencial medioambiental de las aguas residuales - Blog de Serbis","og_description":"A continuaci\u00f3n incluimos un peque\u00f1o resumen de algunas de las noticias m\u00e1s importantes que se han publicado durante los \u00faltimos d\u00edas en relaci\u00f3n con la pocer\u00eda, las alcantarillas y redes de alcantarillado, los sistemas de saneamiento de aguas residuales, las canalizaciones, las ca\u00f1er\u00edas, las tuber\u00edas, los atrancos y los atascos: Aguas residuales como fuentes de [&hellip;]","og_url":"https:\/\/www.serbis.es\/serbis\/blog\/potencial-medioambiental-aguas-residuales\/","og_site_name":"Blog de Serbis","article_author":"https:\/\/www.facebook.com\/SerbisPoceria\/","article_published_time":"2022-04-21T11:46:32+00:00","og_image":[{"width":630,"height":315,"url":"https:\/\/www.serbis.es\/serbis\/blog\/wp-content\/uploads\/mar-menor-alcantarillado.jpg","type":"image\/jpeg"}],"author":"Serbis Pocer\u00eda","twitter_misc":{"Escrito por":"Serbis Pocer\u00eda","Tiempo de lectura":"3 minutos"},"schema":{"@context":"https:\/\/schema.org","@graph":[{"@type":"WebPage","@id":"https:\/\/www.serbis.es\/serbis\/blog\/potencial-medioambiental-aguas-residuales\/","url":"https:\/\/www.serbis.es\/serbis\/blog\/potencial-medioambiental-aguas-residuales\/","name":"El importante potencial medioambiental de las aguas residuales - Blog de Serbis","isPartOf":{"@id":"https:\/\/www.serbis.es\/serbis\/blog\/#website"},"datePublished":"2022-04-21T11:46:32+00:00","dateModified":"2022-04-21T11:46:32+00:00","author":{"@id":"https:\/\/www.serbis.es\/serbis\/blog\/#\/schema\/person\/449002ed602088d1463cc28957dee9ea"},"breadcrumb":{"@id":"https:\/\/www.serbis.es\/serbis\/blog\/potencial-medioambiental-aguas-residuales\/#breadcrumb"},"inLanguage":"es","potentialAction":[{"@type":"ReadAction","target":["https:\/\/www.serbis.es\/serbis\/blog\/potencial-medioambiental-aguas-residuales\/"]}]},{"@type":"BreadcrumbList","@id":"https:\/\/www.serbis.es\/serbis\/blog\/potencial-medioambiental-aguas-residuales\/#breadcrumb","itemListElement":[{"@type":"ListItem","position":1,"name":"Portada","item":"https:\/\/www.serbis.es\/serbis\/blog\/"},{"@type":"ListItem","position":2,"name":"El importante potencial medioambiental de las aguas residuales"}]},{"@type":"WebSite","@id":"https:\/\/www.serbis.es\/serbis\/blog\/#website","url":"https:\/\/www.serbis.es\/serbis\/blog\/","name":"Blog de Serbis","description":"l\u00edderes en Espa\u00f1a en saneamiento de aguas con servicios de pocer\u00eda tradicional y sin zanjas","potentialAction":[{"@type":"SearchAction","target":{"@type":"EntryPoint","urlTemplate":"https:\/\/www.serbis.es\/serbis\/blog\/?s={search_term_string}"},"query-input":"required name=search_term_string"}],"inLanguage":"es"},{"@type":"Person","@id":"https:\/\/www.serbis.es\/serbis\/blog\/#\/schema\/person\/449002ed602088d1463cc28957dee9ea","name":"Serbis Pocer\u00eda","image":{"@type":"ImageObject","inLanguage":"es","@id":"https:\/\/www.serbis.es\/serbis\/blog\/#\/schema\/person\/image\/","url":"https:\/\/secure.gravatar.com\/avatar\/1b95962073fbda6a54be252a727db96a?s=96&d=mm&r=g","contentUrl":"https:\/\/secure.gravatar.com\/avatar\/1b95962073fbda6a54be252a727db96a?s=96&d=mm&r=g","caption":"Serbis Pocer\u00eda"},"description":"Empresa especializada en soluciones de alcantarillado y saneamiento de agua, con gran experiencia en el sector y conocimiento de t\u00e9cnicas tanto de pocer\u00eda tradicional como de rehabilitaci\u00f3n de tuber\u00edas sin zanjas ni necesidad de obra civil","sameAs":["https:\/\/www.linkedin.com\/company\/poceria-serbis","https:\/\/www.facebook.com\/SerbisPoceria\/","https:\/\/twitter.com\/https:\/\/twitter.com\/serbis_poceria"],"url":"https:\/\/www.serbis.es\/serbis\/blog\/author\/perio_editor\/"}]}},"_links":{"self":[{"href":"https:\/\/www.serbis.es\/serbis\/blog\/wp-json\/wp\/v2\/posts\/3245"}],"collection":[{"href":"https:\/\/www.serbis.es\/serbis\/blog\/wp-json\/wp\/v2\/posts"}],"about":[{"href":"https:\/\/www.serbis.es\/serbis\/blog\/wp-json\/wp\/v2\/types\/post"}],"author":[{"embeddable":true,"href":"https:\/\/www.serbis.es\/serbis\/blog\/wp-json\/wp\/v2\/users\/3"}],"replies":[{"embeddable":true,"href":"https:\/\/www.serbis.es\/serbis\/blog\/wp-json\/wp\/v2\/comments?post=3245"}],"version-history":[{"count":3,"href":"https:\/\/www.serbis.es\/serbis\/blog\/wp-json\/wp\/v2\/posts\/3245\/revisions"}],"predecessor-version":[{"id":3252,"href":"https:\/\/www.serbis.es\/serbis\/blog\/wp-json\/wp\/v2\/posts\/3245\/revisions\/3252"}],"wp:featuredmedia":[{"embeddable":true,"href":"https:\/\/www.serbis.es\/serbis\/blog\/wp-json\/wp\/v2\/media\/3248"}],"wp:attachment":[{"href":"https:\/\/www.serbis.es\/serbis\/blog\/wp-json\/wp\/v2\/media?parent=3245"}],"wp:term":[{"taxonomy":"category","embeddable":true,"href":"https:\/\/www.serbis.es\/serbis\/blog\/wp-json\/wp\/v2\/categories?post=3245"},{"taxonomy":"post_tag","embeddable":true,"href":"https:\/\/www.serbis.es\/serbis\/blog\/wp-json\/wp\/v2\/tags?post=3245"}],"curies":[{"name":"wp","href":"https:\/\/api.w.org\/{rel}","templated":true}]}}