{"id":3434,"date":"2022-05-19T07:57:46","date_gmt":"2022-05-19T07:57:46","guid":{"rendered":"https:\/\/www.serbis.es\/serbis\/blog\/?p=3434"},"modified":"2022-05-19T07:57:48","modified_gmt":"2022-05-19T07:57:48","slug":"nuevo","status":"publish","type":"post","link":"https:\/\/www.serbis.es\/serbis\/blog\/nuevo\/","title":{"rendered":"Saneamiento de aguas residuales como sin\u00f3nimo de sostenibilidad"},"content":{"rendered":"\t\t<div data-elementor-type=\"wp-post\" data-elementor-id=\"3434\" class=\"elementor elementor-3434\">\n\t\t\t\t\t\t\t\t\t<section class=\"elementor-section elementor-top-section elementor-element elementor-element-106c4c51 elementor-section-boxed elementor-section-height-default elementor-section-height-default\" data-id=\"106c4c51\" data-element_type=\"section\" data-settings=\"{&quot;jet_parallax_layout_list&quot;:[]}\">\n\t\t\t\t\t\t<div class=\"elementor-container elementor-column-gap-default\">\n\t\t\t\t\t<div class=\"elementor-column elementor-col-100 elementor-top-column elementor-element elementor-element-2c720e54\" data-id=\"2c720e54\" data-element_type=\"column\">\n\t\t\t<div class=\"elementor-widget-wrap elementor-element-populated\">\n\t\t\t\t\t\t\t\t<div class=\"elementor-element elementor-element-226a062f elementor-widget elementor-widget-text-editor\" data-id=\"226a062f\" data-element_type=\"widget\" data-widget_type=\"text-editor.default\">\n\t\t\t\t<div class=\"elementor-widget-container\">\n\t\t\t<style>\/*! elementor - v3.14.0 - 26-06-2023 *\/\n.elementor-widget-text-editor.elementor-drop-cap-view-stacked .elementor-drop-cap{background-color:#69727d;color:#fff}.elementor-widget-text-editor.elementor-drop-cap-view-framed .elementor-drop-cap{color:#69727d;border:3px solid;background-color:transparent}.elementor-widget-text-editor:not(.elementor-drop-cap-view-default) .elementor-drop-cap{margin-top:8px}.elementor-widget-text-editor:not(.elementor-drop-cap-view-default) .elementor-drop-cap-letter{width:1em;height:1em}.elementor-widget-text-editor .elementor-drop-cap{float:left;text-align:center;line-height:1;font-size:50px}.elementor-widget-text-editor .elementor-drop-cap-letter{display:inline-block}<\/style>\t\t\t\t<p><!-- wp:paragraph --><\/p>\n<p>A continuaci\u00f3n os hacemos un resumen de algunas de las noticias m\u00e1s importantes que se han publicado durante los \u00faltimos d\u00edas en relaci\u00f3n con la pocer\u00eda, las alcantarillas y redes de alcantarillado, los sistemas de saneamiento de aguas residuales, las canalizaciones, las ca\u00f1er\u00edas, las tuber\u00edas, los atrancos y los atascos:<\/p>\n<h3>Nuevas alcantarillas junto a la playa de La Concha de San Sebasti\u00e1n<mark><\/mark><\/h3>\n<p><!-- \/wp:paragraph --><!-- wp:paragraph {\"fontSize\":\"medium\"} --><\/p>\n<p><!-- \/wp:paragraph --><!-- wp:paragraph --><\/p>\n<p><img decoding=\"async\" loading=\"lazy\" src=\"https:\/\/www.serbis.es\/serbis\/blog\/wp-content\/uploads\/alcantarillas-playa-concha.jpg\" alt=\"\" width=\"630\" height=\"315\"\/><\/p>\n<p>La <strong>Playa de La Concha<\/strong> es uno de los lugares m\u00e1s emblem\u00e1ticos de la ciudad de <strong>San Sebasti\u00e1n<\/strong>, en el Pa\u00eds Vasco. Para que este paraje siga luciendo su inmaculado aspecto, <a href=\"https:\/\/www.noticiasdegipuzkoa.eus\/gipuzkoa\/donostia\/2022\/04\/22\/donostia-aguas-sucias-mejoran-camino\/1205884.html\">estos d\u00edas se est\u00e1 llevando a cabo<\/a> <strong>la renovaci\u00f3n de las alcantarillas<\/strong> que conducen las aguas residuales del paseo de La Concha.<\/p>\n<p><!-- \/wp:paragraph --><!-- wp:paragraph --><\/p>\n<p>En concreto, la Mancomunidad del A\u00f1arbe est\u00e1 instalando canalizaciones nuevas en un tramo de <strong>250 metros de subsuelo<\/strong>. Los trabajos todav\u00eda se prolongar\u00e1n durante varias semanas m\u00e1s y cuentan con un presupuesto cercano a los <strong>575.000 euros<\/strong>. El objetivo es renovar completamente estas tuber\u00edas, que llevan las aguas residuales <strong>desde la estaci\u00f3n de bombeo de Ibaeta hasta la EDAR de Loiola<\/strong>, donde son tratadas antes de ir a parar al mar.<\/p>\n<p><!-- \/wp:paragraph --><!-- wp:embed {\"url\":\"https:\/\/bit.ly\/3Lh83mS\"} --><\/p>\n<div>\n<h3>Las aguas subterr\u00e1neas, en el origen de Madrid<\/h3>\n<p><img decoding=\"async\" loading=\"lazy\" src=\"https:\/\/www.serbis.es\/serbis\/blog\/wp-content\/uploads\/madrid-aguas-subterraneas.jpg\" alt=\"\" width=\"630\" height=\"315\"\/><\/p>\n<p>Siempre se ha dicho que <strong>la ciudad de Madrid tiene origen \u00e1rabe<\/strong>. Lo que no est\u00e1 del todo claro es si su nombre tambi\u00e9n procede de la \u00e9poca musulmana o, por el contrario, es anterior. Y tambi\u00e9n hay dudas sobre <a href=\"https:\/\/www.elespanol.com\/curiosidades\/lenguaje\/cual-es-origen-nombre-palabra-termino-madrid-significado-historia-etimologia\/671933032_0.html\">c\u00f3mo se form\u00f3 la palabra<\/a> y, sobre todo, <strong>cu\u00e1l es su significado<\/strong>.<\/p>\n<p>Por un lado est\u00e1 la teor\u00eda que vincula Madrid con <strong>el t\u00e9rmino del lat\u00edn \u00abmatrich\u00bb<\/strong> (que significa matriz). Y luego est\u00e1n quienes aseguran que Madrid procede de <strong>la palabra \u00e1rabe \u00abmayra\u00bb<\/strong>, que hace referencia a un lugar con<strong> abundancia de conducciones de agua<\/strong>. Esta teor\u00eda tambi\u00e9n tiene en cuenta que los primeros habitantes de lo que hoy es Madrid hicieron numerosas <strong>canalizaciones para regar sus huertos<\/strong> con aguas subterr\u00e1neas.<\/p>\n<h3>El peligro de las alcantarillas sin tapa de registro<\/h3>\n<p><img decoding=\"async\" loading=\"lazy\" src=\"https:\/\/www.serbis.es\/serbis\/blog\/wp-content\/uploads\/alcantarillas-tapas-registro.jpg\" alt=\"\" width=\"630\" height=\"315\"\/><\/p>\n<p>Pr\u00e1cticamente cada semana nos topamos con la noticia de que <strong>un v\u00e1ndalo ha robado las tapas de registro<\/strong> de las alcantarillas de alg\u00fan municipio espa\u00f1ol. M\u00e1s all\u00e1 del coste econ\u00f3mico que implica reponer estos elementos de las redes de alcantarillado, este tipo de acciones pueden suponer <strong>un serio peligro para las personas<\/strong>.<\/p>\n<p>El \u00faltimo ejemplo lo hemos visto en <strong>Argentina<\/strong>, concretamente en la ciudad de La Plata. All\u00ed, <a href=\"https:\/\/infocielo.com\/alcantarilla\/la-plata-un-nino-una-alcantarilla-y-un-accidente-evitable-n737849\">dos ni\u00f1os han sufrido estos d\u00edas sendos accidentes<\/a> que podr\u00edan haber tenido un desenlace muy tr\u00e1gico. El primero de esos ni\u00f1os se <strong>cay\u00f3 por una alcantarilla<\/strong> que carec\u00eda de tapa de registro cuando jugaba al bal\u00f3n y solo sufri\u00f3 heridas. El segundo, por su parte, se cay\u00f3 <strong>por un pozo ciego<\/strong> que tampoco ten\u00eda su correspondiente tapa y sufri\u00f3 asfixia por inmersi\u00f3n, aunque por suerte ha podido recuperarse.<\/p>\n<h3>El cup\u00f3n de la ONCE rinde homenaje a las aguas residuales<mark><\/mark><\/h3>\n<\/div>\n<div><p><img decoding=\"async\" loading=\"lazy\" class=\"size-full wp-image-3457 alignnone\" src=\"https:\/\/www.serbis.es\/serbis\/blog\/wp-content\/uploads\/cupon-aguas-residuales-murcia.jpg\" alt=\"\" width=\"630\" height=\"315\" srcset=\"https:\/\/www.serbis.es\/serbis\/blog\/wp-content\/uploads\/cupon-aguas-residuales-murcia.jpg 630w, https:\/\/www.serbis.es\/serbis\/blog\/wp-content\/uploads\/cupon-aguas-residuales-murcia-300x150.jpg 300w, https:\/\/www.serbis.es\/serbis\/blog\/wp-content\/uploads\/cupon-aguas-residuales-murcia-370x185.jpg 370w\" sizes=\"(max-width: 630px) 100vw, 630px\" \/>El cup\u00f3n de la ONCE del pr\u00f3ximo s\u00e1bado, d\u00eda 21 de mayo, estar\u00e1 dedicado a la <strong>Regi\u00f3n de Murcia<\/strong> y m\u00e1s espec\u00edficamente a su apuesta por la <strong>depuraci\u00f3n y reutilizaci\u00f3n de las aguas residuales<\/strong>. El cup\u00f3n forma parte de la colecci\u00f3n <strong>Ser Sostenibles<\/strong>, lanzada por la ONCE para concienciar a la poblaci\u00f3n sobre la importancia de la eficiencia y la econom\u00eda circular.<\/p>\n<p>En la colecci\u00f3n Ser Sostenibles participar\u00e1n las 17 comunidades espa\u00f1olas, destacando en cada caso los aspectos relacionados con la sostenibilidad medioambiental por los que m\u00e1s est\u00e1 apostando cada regi\u00f3n. En el caso de Murcia, actualmente cuenta con <strong>99 depuradoras de aguas residuales que dan servicio a m\u00e1s del 99% de su poblaci\u00f3n<\/strong>, siendo una de las tres autonom\u00edas espa\u00f1olas que cumple con la Directiva de Aguas Residuales Urbanas de la UE.<\/p><p><br \/><\/p>\n<\/div>\n<p><!-- \/wp:embed --><!-- wp:paragraph --><\/p>\n<p>*Si quieres contarnos algo puedes llamarnos al <strong>n\u00famero de tel\u00e9fono 91 610 62 53<\/strong> y si te gusta estar informado de las noticias nacionales e internacionales m\u00e1s interesantes de las industrias de la pocer\u00eda, el alcantarillado y el saneamiento de aguas fecales, visita <a href=\"https:\/\/www.serbis.es\/\" target=\"_blank\" rel=\"noreferrer noopener\"><strong>Serbis.es<\/strong><\/a> y <strong>s\u00edguenos en las redes sociales<\/strong>:<\/p>\n<p><!-- \/wp:paragraph --><!-- wp:image {\"id\":691,\"linkDestination\":\"custom\"} --><\/p>\n<figure><a href=\"https:\/\/www.facebook.com\/SerbisPoceria\/\" class=\"broken_link\"><img decoding=\"async\" src=\"https:\/\/www.serbis.es\/serbis\/blog\/wp-content\/uploads\/facebook.jpg\" alt=\"facebook\"\/><\/a><\/figure>\n<p><!-- \/wp:image --><!-- wp:image {\"id\":692,\"linkDestination\":\"custom\"} --><\/p>\n<figure><a href=\"https:\/\/twitter.com\/serbis_poceria\"><img decoding=\"async\" src=\"https:\/\/www.serbis.es\/serbis\/blog\/wp-content\/uploads\/twitter.jpg\" alt=\"twitter\"\/><\/a><\/figure>\n<p><!-- \/wp:image --><!-- wp:image {\"id\":1462,\"linkDestination\":\"custom\"} --><\/p>\n<figure><a href=\"https:\/\/www.instagram.com\/serbis_poceria\/\" class=\"broken_link\"><img decoding=\"async\" src=\"https:\/\/www.serbis.es\/serbis\/blog\/wp-content\/uploads\/instagram.jpg\" alt=\"\"\/><\/a><\/figure>\n<p><!-- \/wp:image --><!-- wp:image {\"id\":693,\"linkDestination\":\"custom\"} --><\/p>\n<figure><a href=\"https:\/\/es.linkedin.com\/company\/poceria-serbis\"><img decoding=\"async\" src=\"https:\/\/www.serbis.es\/serbis\/blog\/wp-content\/uploads\/linkedin.jpg\" alt=\"linkedin\"\/><\/a><\/figure>\n<p><!-- \/wp:image --><!-- wp:image {\"id\":694,\"linkDestination\":\"custom\"} --><\/p>\n<figure><a href=\"https:\/\/www.youtube.com\/channel\/UCSIAPGXKlWyOmHRZo9YCpBQ\"><img decoding=\"async\" src=\"https:\/\/www.serbis.es\/serbis\/blog\/wp-content\/uploads\/youtube.jpg\" alt=\"youtube\"\/><\/a><\/figure>\n<p><!-- \/wp:image --><!-- wp:image {\"id\":696,\"linkDestination\":\"custom\"} --><\/p>\n<figure><a href=\"https:\/\/vimeo.com\/user9248661\"><img decoding=\"async\" src=\"https:\/\/www.serbis.es\/serbis\/blog\/wp-content\/uploads\/vimeo.jpg\" alt=\"vimeo\"\/><\/a><\/figure>\n<p><!-- \/wp:image --><!-- wp:image {\"id\":698,\"linkDestination\":\"custom\"} --><\/p>\n<figure><a href=\"https:\/\/www.flickr.com\/photos\/155074596@N06\/\"><img decoding=\"async\" src=\"https:\/\/www.serbis.es\/serbis\/blog\/wp-content\/uploads\/flickr.jpg\" alt=\"flickr\"\/><\/a><\/figure>\n<p><!-- \/wp:image --><!-- wp:image {\"id\":697,\"linkDestination\":\"custom\"} --><\/p>\n<figure><a href=\"https:\/\/www.pinterest.es\/pin\/133348838938250902\/\"><img decoding=\"async\" src=\"https:\/\/www.serbis.es\/serbis\/blog\/wp-content\/uploads\/pinterest.jpg\" alt=\"pinterest\"\/><\/a><\/figure>\n<p><!-- \/wp:image --><\/p>\t\t\t\t\t\t<\/div>\n\t\t\t\t<\/div>\n\t\t\t\t\t<\/div>\n\t\t<\/div>\n\t\t\t\t\t\t\t<\/div>\n\t\t<\/section>\n\t\t\t\t\t\t\t<\/div>\n\t\t","protected":false},"excerpt":{"rendered":"<p>A continuaci\u00f3n os hacemos un resumen de algunas de las noticias m\u00e1s importantes que se han publicado durante los \u00faltimos d\u00edas en relaci\u00f3n con la pocer\u00eda, las alcantarillas y redes de alcantarillado, los sistemas de saneamiento de aguas residuales, las canalizaciones, las ca\u00f1er\u00edas, las tuber\u00edas, los atrancos y los atascos: Nuevas alcantarillas junto a la [&hellip;]<\/p>\n","protected":false},"author":3,"featured_media":3440,"comment_status":"open","ping_status":"open","sticky":false,"template":"","format":"standard","meta":{"_mi_skip_tracking":false,"_monsterinsights_sitenote_active":false,"_monsterinsights_sitenote_note":"","_monsterinsights_sitenote_category":0},"categories":[17,5,2,32],"tags":[111,75,22,61,59,40],"yoast_head":"<!-- This site is optimized with the Yoast SEO plugin v20.10 - https:\/\/yoast.com\/wordpress\/plugins\/seo\/ -->\n<title>Saneamiento de aguas residuales como sin\u00f3nimo de sostenibilidad - Blog de Serbis<\/title>\n<meta name=\"description\" content=\"Noticias sobre saneamiento de aguas residuales, alcantarillado y alcantarillas\" \/>\n<meta name=\"robots\" content=\"index, follow, max-snippet:-1, max-image-preview:large, max-video-preview:-1\" \/>\n<link rel=\"canonical\" href=\"https:\/\/www.serbis.es\/serbis\/blog\/nuevo\/\" \/>\n<meta property=\"og:locale\" content=\"es_ES\" \/>\n<meta property=\"og:type\" content=\"article\" \/>\n<meta property=\"og:title\" content=\"Saneamiento de aguas residuales como sin\u00f3nimo de sostenibilidad - Blog de Serbis\" \/>\n<meta property=\"og:description\" content=\"Noticias sobre saneamiento de aguas residuales, alcantarillado y alcantarillas\" \/>\n<meta property=\"og:url\" content=\"https:\/\/www.serbis.es\/serbis\/blog\/nuevo\/\" \/>\n<meta property=\"og:site_name\" content=\"Blog de Serbis\" \/>\n<meta property=\"article:author\" content=\"https:\/\/www.facebook.com\/SerbisPoceria\/\" \/>\n<meta property=\"article:published_time\" content=\"2022-05-19T07:57:46+00:00\" \/>\n<meta property=\"article:modified_time\" content=\"2022-05-19T07:57:48+00:00\" \/>\n<meta property=\"og:image\" content=\"https:\/\/www.serbis.es\/serbis\/blog\/wp-content\/uploads\/madrid-aguas-subterraneas.jpg\" \/>\n\t<meta property=\"og:image:width\" content=\"630\" \/>\n\t<meta property=\"og:image:height\" content=\"315\" \/>\n\t<meta property=\"og:image:type\" content=\"image\/jpeg\" \/>\n<meta name=\"author\" content=\"Serbis Pocer\u00eda\" \/>\n<meta name=\"twitter:label1\" content=\"Escrito por\" \/>\n\t<meta name=\"twitter:data1\" content=\"Serbis Pocer\u00eda\" \/>\n\t<meta name=\"twitter:label2\" content=\"Tiempo de lectura\" \/>\n\t<meta name=\"twitter:data2\" content=\"6 minutos\" \/>\n<script type=\"application\/ld+json\" class=\"yoast-schema-graph\">{\"@context\":\"https:\/\/schema.org\",\"@graph\":[{\"@type\":\"WebPage\",\"@id\":\"https:\/\/www.serbis.es\/serbis\/blog\/nuevo\/\",\"url\":\"https:\/\/www.serbis.es\/serbis\/blog\/nuevo\/\",\"name\":\"Saneamiento de aguas residuales como sin\u00f3nimo de sostenibilidad - Blog de Serbis\",\"isPartOf\":{\"@id\":\"https:\/\/www.serbis.es\/serbis\/blog\/#website\"},\"datePublished\":\"2022-05-19T07:57:46+00:00\",\"dateModified\":\"2022-05-19T07:57:48+00:00\",\"author\":{\"@id\":\"https:\/\/www.serbis.es\/serbis\/blog\/#\/schema\/person\/449002ed602088d1463cc28957dee9ea\"},\"description\":\"Noticias sobre saneamiento de aguas residuales, alcantarillado y alcantarillas\",\"breadcrumb\":{\"@id\":\"https:\/\/www.serbis.es\/serbis\/blog\/nuevo\/#breadcrumb\"},\"inLanguage\":\"es\",\"potentialAction\":[{\"@type\":\"ReadAction\",\"target\":[\"https:\/\/www.serbis.es\/serbis\/blog\/nuevo\/\"]}]},{\"@type\":\"BreadcrumbList\",\"@id\":\"https:\/\/www.serbis.es\/serbis\/blog\/nuevo\/#breadcrumb\",\"itemListElement\":[{\"@type\":\"ListItem\",\"position\":1,\"name\":\"Portada\",\"item\":\"https:\/\/www.serbis.es\/serbis\/blog\/\"},{\"@type\":\"ListItem\",\"position\":2,\"name\":\"Saneamiento de aguas residuales como sin\u00f3nimo de sostenibilidad\"}]},{\"@type\":\"WebSite\",\"@id\":\"https:\/\/www.serbis.es\/serbis\/blog\/#website\",\"url\":\"https:\/\/www.serbis.es\/serbis\/blog\/\",\"name\":\"Blog de Serbis\",\"description\":\"l\u00edderes en Espa\u00f1a en saneamiento de aguas con servicios de pocer\u00eda tradicional y sin zanjas\",\"potentialAction\":[{\"@type\":\"SearchAction\",\"target\":{\"@type\":\"EntryPoint\",\"urlTemplate\":\"https:\/\/www.serbis.es\/serbis\/blog\/?s={search_term_string}\"},\"query-input\":\"required name=search_term_string\"}],\"inLanguage\":\"es\"},{\"@type\":\"Person\",\"@id\":\"https:\/\/www.serbis.es\/serbis\/blog\/#\/schema\/person\/449002ed602088d1463cc28957dee9ea\",\"name\":\"Serbis Pocer\u00eda\",\"image\":{\"@type\":\"ImageObject\",\"inLanguage\":\"es\",\"@id\":\"https:\/\/www.serbis.es\/serbis\/blog\/#\/schema\/person\/image\/\",\"url\":\"https:\/\/secure.gravatar.com\/avatar\/1b95962073fbda6a54be252a727db96a?s=96&d=mm&r=g\",\"contentUrl\":\"https:\/\/secure.gravatar.com\/avatar\/1b95962073fbda6a54be252a727db96a?s=96&d=mm&r=g\",\"caption\":\"Serbis Pocer\u00eda\"},\"description\":\"Empresa especializada en soluciones de alcantarillado y saneamiento de agua, con gran experiencia en el sector y conocimiento de t\u00e9cnicas tanto de pocer\u00eda tradicional como de rehabilitaci\u00f3n de tuber\u00edas sin zanjas ni necesidad de obra civil\",\"sameAs\":[\"https:\/\/www.linkedin.com\/company\/poceria-serbis\",\"https:\/\/www.facebook.com\/SerbisPoceria\/\",\"https:\/\/twitter.com\/https:\/\/twitter.com\/serbis_poceria\"],\"url\":\"https:\/\/www.serbis.es\/serbis\/blog\/author\/perio_editor\/\"}]}<\/script>\n<!-- \/ Yoast SEO plugin. -->","yoast_head_json":{"title":"Saneamiento de aguas residuales como sin\u00f3nimo de sostenibilidad - Blog de Serbis","description":"Noticias sobre saneamiento de aguas residuales, alcantarillado y alcantarillas","robots":{"index":"index","follow":"follow","max-snippet":"max-snippet:-1","max-image-preview":"max-image-preview:large","max-video-preview":"max-video-preview:-1"},"canonical":"https:\/\/www.serbis.es\/serbis\/blog\/nuevo\/","og_locale":"es_ES","og_type":"article","og_title":"Saneamiento de aguas residuales como sin\u00f3nimo de sostenibilidad - Blog de Serbis","og_description":"Noticias sobre saneamiento de aguas residuales, alcantarillado y alcantarillas","og_url":"https:\/\/www.serbis.es\/serbis\/blog\/nuevo\/","og_site_name":"Blog de Serbis","article_author":"https:\/\/www.facebook.com\/SerbisPoceria\/","article_published_time":"2022-05-19T07:57:46+00:00","article_modified_time":"2022-05-19T07:57:48+00:00","og_image":[{"width":630,"height":315,"url":"https:\/\/www.serbis.es\/serbis\/blog\/wp-content\/uploads\/madrid-aguas-subterraneas.jpg","type":"image\/jpeg"}],"author":"Serbis Pocer\u00eda","twitter_misc":{"Escrito por":"Serbis Pocer\u00eda","Tiempo de lectura":"6 minutos"},"schema":{"@context":"https:\/\/schema.org","@graph":[{"@type":"WebPage","@id":"https:\/\/www.serbis.es\/serbis\/blog\/nuevo\/","url":"https:\/\/www.serbis.es\/serbis\/blog\/nuevo\/","name":"Saneamiento de aguas residuales como sin\u00f3nimo de sostenibilidad - Blog de Serbis","isPartOf":{"@id":"https:\/\/www.serbis.es\/serbis\/blog\/#website"},"datePublished":"2022-05-19T07:57:46+00:00","dateModified":"2022-05-19T07:57:48+00:00","author":{"@id":"https:\/\/www.serbis.es\/serbis\/blog\/#\/schema\/person\/449002ed602088d1463cc28957dee9ea"},"description":"Noticias sobre saneamiento de aguas residuales, alcantarillado y alcantarillas","breadcrumb":{"@id":"https:\/\/www.serbis.es\/serbis\/blog\/nuevo\/#breadcrumb"},"inLanguage":"es","potentialAction":[{"@type":"ReadAction","target":["https:\/\/www.serbis.es\/serbis\/blog\/nuevo\/"]}]},{"@type":"BreadcrumbList","@id":"https:\/\/www.serbis.es\/serbis\/blog\/nuevo\/#breadcrumb","itemListElement":[{"@type":"ListItem","position":1,"name":"Portada","item":"https:\/\/www.serbis.es\/serbis\/blog\/"},{"@type":"ListItem","position":2,"name":"Saneamiento de aguas residuales como sin\u00f3nimo de sostenibilidad"}]},{"@type":"WebSite","@id":"https:\/\/www.serbis.es\/serbis\/blog\/#website","url":"https:\/\/www.serbis.es\/serbis\/blog\/","name":"Blog de Serbis","description":"l\u00edderes en Espa\u00f1a en saneamiento de aguas con servicios de pocer\u00eda tradicional y sin zanjas","potentialAction":[{"@type":"SearchAction","target":{"@type":"EntryPoint","urlTemplate":"https:\/\/www.serbis.es\/serbis\/blog\/?s={search_term_string}"},"query-input":"required name=search_term_string"}],"inLanguage":"es"},{"@type":"Person","@id":"https:\/\/www.serbis.es\/serbis\/blog\/#\/schema\/person\/449002ed602088d1463cc28957dee9ea","name":"Serbis Pocer\u00eda","image":{"@type":"ImageObject","inLanguage":"es","@id":"https:\/\/www.serbis.es\/serbis\/blog\/#\/schema\/person\/image\/","url":"https:\/\/secure.gravatar.com\/avatar\/1b95962073fbda6a54be252a727db96a?s=96&d=mm&r=g","contentUrl":"https:\/\/secure.gravatar.com\/avatar\/1b95962073fbda6a54be252a727db96a?s=96&d=mm&r=g","caption":"Serbis Pocer\u00eda"},"description":"Empresa especializada en soluciones de alcantarillado y saneamiento de agua, con gran experiencia en el sector y conocimiento de t\u00e9cnicas tanto de pocer\u00eda tradicional como de rehabilitaci\u00f3n de tuber\u00edas sin zanjas ni necesidad de obra civil","sameAs":["https:\/\/www.linkedin.com\/company\/poceria-serbis","https:\/\/www.facebook.com\/SerbisPoceria\/","https:\/\/twitter.com\/https:\/\/twitter.com\/serbis_poceria"],"url":"https:\/\/www.serbis.es\/serbis\/blog\/author\/perio_editor\/"}]}},"_links":{"self":[{"href":"https:\/\/www.serbis.es\/serbis\/blog\/wp-json\/wp\/v2\/posts\/3434"}],"collection":[{"href":"https:\/\/www.serbis.es\/serbis\/blog\/wp-json\/wp\/v2\/posts"}],"about":[{"href":"https:\/\/www.serbis.es\/serbis\/blog\/wp-json\/wp\/v2\/types\/post"}],"author":[{"embeddable":true,"href":"https:\/\/www.serbis.es\/serbis\/blog\/wp-json\/wp\/v2\/users\/3"}],"replies":[{"embeddable":true,"href":"https:\/\/www.serbis.es\/serbis\/blog\/wp-json\/wp\/v2\/comments?post=3434"}],"version-history":[{"count":25,"href":"https:\/\/www.serbis.es\/serbis\/blog\/wp-json\/wp\/v2\/posts\/3434\/revisions"}],"predecessor-version":[{"id":3467,"href":"https:\/\/www.serbis.es\/serbis\/blog\/wp-json\/wp\/v2\/posts\/3434\/revisions\/3467"}],"wp:featuredmedia":[{"embeddable":true,"href":"https:\/\/www.serbis.es\/serbis\/blog\/wp-json\/wp\/v2\/media\/3440"}],"wp:attachment":[{"href":"https:\/\/www.serbis.es\/serbis\/blog\/wp-json\/wp\/v2\/media?parent=3434"}],"wp:term":[{"taxonomy":"category","embeddable":true,"href":"https:\/\/www.serbis.es\/serbis\/blog\/wp-json\/wp\/v2\/categories?post=3434"},{"taxonomy":"post_tag","embeddable":true,"href":"https:\/\/www.serbis.es\/serbis\/blog\/wp-json\/wp\/v2\/tags?post=3434"}],"curies":[{"name":"wp","href":"https:\/\/api.w.org\/{rel}","templated":true}]}}