{"id":4244,"date":"2022-11-17T08:33:33","date_gmt":"2022-11-17T08:33:33","guid":{"rendered":"https:\/\/www.serbis.es\/serbis\/blog\/?p=4244"},"modified":"2022-11-17T08:36:47","modified_gmt":"2022-11-17T08:36:47","slug":"nuevo-post-3","status":"publish","type":"post","link":"https:\/\/www.serbis.es\/serbis\/blog\/nuevo-post-3\/","title":{"rendered":"El mundo reclama reutilizaci\u00f3n y una gesti\u00f3n sostenible de las aguas residuales"},"content":{"rendered":"\t\t<div data-elementor-type=\"wp-post\" data-elementor-id=\"4244\" class=\"elementor elementor-4244\">\n\t\t\t\t\t\t\t\t\t<section class=\"elementor-section elementor-top-section elementor-element elementor-element-36906e73 elementor-section-boxed elementor-section-height-default elementor-section-height-default\" data-id=\"36906e73\" data-element_type=\"section\" data-settings=\"{&quot;jet_parallax_layout_list&quot;:[]}\">\n\t\t\t\t\t\t<div class=\"elementor-container elementor-column-gap-default\">\n\t\t\t\t\t<div class=\"elementor-column elementor-col-100 elementor-top-column elementor-element elementor-element-31639275\" data-id=\"31639275\" data-element_type=\"column\">\n\t\t\t<div class=\"elementor-widget-wrap elementor-element-populated\">\n\t\t\t\t\t\t\t\t<div class=\"elementor-element elementor-element-24041127 elementor-widget elementor-widget-text-editor\" data-id=\"24041127\" data-element_type=\"widget\" data-widget_type=\"text-editor.default\">\n\t\t\t\t<div class=\"elementor-widget-container\">\n\t\t\t<style>\/*! elementor - v3.14.0 - 26-06-2023 *\/\n.elementor-widget-text-editor.elementor-drop-cap-view-stacked .elementor-drop-cap{background-color:#69727d;color:#fff}.elementor-widget-text-editor.elementor-drop-cap-view-framed .elementor-drop-cap{color:#69727d;border:3px solid;background-color:transparent}.elementor-widget-text-editor:not(.elementor-drop-cap-view-default) .elementor-drop-cap{margin-top:8px}.elementor-widget-text-editor:not(.elementor-drop-cap-view-default) .elementor-drop-cap-letter{width:1em;height:1em}.elementor-widget-text-editor .elementor-drop-cap{float:left;text-align:center;line-height:1;font-size:50px}.elementor-widget-text-editor .elementor-drop-cap-letter{display:inline-block}<\/style>\t\t\t\t<p><!-- wp:paragraph --><\/p>\n<p>La Conferencia de las Naciones Unidas por el Clima demanda avances en sostenibilidad de aguas residuales y se dan nuevos pasos en reutilizaci\u00f3n.<\/p>\n<h4>La COP27 aboga por una gesti\u00f3n sostenible de las aguas residuales<\/h4>\n<p><img decoding=\"async\" loading=\"lazy\" class=\"size-full wp-image-4260 alignnone\" src=\"https:\/\/www.serbis.es\/serbis\/blog\/wp-content\/uploads\/cop27-aguas-residuales.jpg\" alt=\"\" width=\"630\" height=\"315\" srcset=\"https:\/\/www.serbis.es\/serbis\/blog\/wp-content\/uploads\/cop27-aguas-residuales.jpg 630w, https:\/\/www.serbis.es\/serbis\/blog\/wp-content\/uploads\/cop27-aguas-residuales-300x150.jpg 300w, https:\/\/www.serbis.es\/serbis\/blog\/wp-content\/uploads\/cop27-aguas-residuales-370x185.jpg 370w\" sizes=\"(max-width: 630px) 100vw, 630px\" \/><\/p>\n<p>Estos d\u00edas se est\u00e1 celebrando en Sharm el-Sheij (Egipto) la edici\u00f3n n\u00famero 27 de la <strong>Conferencia de las Naciones Unidas sobre el Cambio Clim\u00e1tico<\/strong>, popularmente conocida como COP27. Entre otras medidas, esta gran reuni\u00f3n para abordar los problemas del planeta ha lanzado <a href=\"https:\/\/diario16.com\/la-cop27-lanza-la-iniciativa-aware-para-abordar-la-seguridad-hidrica-en-la-adaptacion-al-cambio-climatico\/\">una iniciativa en materia de agua potable y aguas residuales<\/a> denominada <strong>AWARe<\/strong>.<\/p>\n<p>El objetivo de esta iniciativa es <strong>garantizar la seguridad h\u00eddrica<\/strong> en todo el mundo en el actual contexto de cambio clim\u00e1tico. Entre otras medidas, AWARe aboga por una <strong>gesti\u00f3n sostenible de las aguas residuales<\/strong> y por el impulso de pol\u00edticas y estrategias de saneamiento que apunten en esa misma direcci\u00f3n. Del mismo modo, la iniciativa apuesta por una mejora de los <strong>sistemas de alerta temprana para fen\u00f3menos meteorol\u00f3gicos extremos<\/strong> y pretende contribuir al \u00e9xito de la pr\u00f3xima Conferencia de las Naciones Unidas sobre el Agua, prevista para 2023.<\/p>\n<p><!-- \/wp:paragraph --><!-- wp:paragraph --><\/p>\n<h4>Hidr\u00f3geno verde y reutilizaci\u00f3n de las aguas residuales<\/h4>\n<p><img decoding=\"async\" loading=\"lazy\" class=\"size-full wp-image-4246 alignnone\" src=\"https:\/\/www.serbis.es\/serbis\/blog\/wp-content\/uploads\/hidrogeno-aguas-residuales.jpg\" alt=\"\" width=\"630\" height=\"315\" srcset=\"https:\/\/www.serbis.es\/serbis\/blog\/wp-content\/uploads\/hidrogeno-aguas-residuales.jpg 630w, https:\/\/www.serbis.es\/serbis\/blog\/wp-content\/uploads\/hidrogeno-aguas-residuales-300x150.jpg 300w, https:\/\/www.serbis.es\/serbis\/blog\/wp-content\/uploads\/hidrogeno-aguas-residuales-370x185.jpg 370w\" sizes=\"(max-width: 630px) 100vw, 630px\" \/><\/p>\n<p>En los \u00faltimos tiempos se ha hablado mucho de la importancia de potenciar el hidr\u00f3geno verde como una <strong>fuente de energ\u00eda limpia y alternativa<\/strong> a los combustibles f\u00f3siles. Su papel <a href=\"https:\/\/www.bnamericas.com\/es\/noticias\/hidrogeno-verde-podria-impulsar-desalinizacion-y-tratamiento-de-aguas-residuales\">est\u00e1 llamado a ser clave<\/a> en la transici\u00f3n hacia un modelo energ\u00e9tico libre de emisiones contaminantes. Y al parecer, su futuro tambi\u00e9n depender\u00e1 de <strong>los avances en reutilizaci\u00f3n de aguas residuales<\/strong>.<\/p>\n<p>El principal m\u00e9todo para el obtenci\u00f3n de hidr\u00f3geno verde es la <strong>electr\u00f3lisis<\/strong>, que necesita el uso de<strong> 15 kilos de agua para producir uno de hidr\u00f3geno<\/strong>. Para que sea renovable, ese hidr\u00f3geno deber\u00eda obtenerse con agua reutilizada o desalinizada. No solo porque se evitar\u00eda el uso de agua limpia (un recurso escaso), sino tambi\u00e9n porque las aguas residuales generan un gas que <strong>podr\u00eda evitar el uso de biometano<\/strong>. Eso s\u00ed, habr\u00e1 que mejorar en eficiencia, ya que actualmente <strong>este sistema necesita 35 kilos de agua para producir uno de hidr\u00f3geno<\/strong>, m\u00e1s del doble de lo que necesita la electr\u00f3lisis tradicional.<\/p>\n<div class=\"xdj266r x11i5rnm xat24cr x1mh8g0r x1vvkbs x126k92a\">\n<h4 dir=\"auto\">Andaluc\u00eda espera \u00abcerrar el c\u00edrculo de la depuraci\u00f3n\u00bb<\/h4>\n<div dir=\"auto\"><img decoding=\"async\" loading=\"lazy\" class=\"size-full wp-image-4267 alignnone\" src=\"https:\/\/www.serbis.es\/serbis\/blog\/wp-content\/uploads\/aguas-residuales-andalucia.jpg\" alt=\"\" width=\"630\" height=\"315\" srcset=\"https:\/\/www.serbis.es\/serbis\/blog\/wp-content\/uploads\/aguas-residuales-andalucia.jpg 630w, https:\/\/www.serbis.es\/serbis\/blog\/wp-content\/uploads\/aguas-residuales-andalucia-300x150.jpg 300w, https:\/\/www.serbis.es\/serbis\/blog\/wp-content\/uploads\/aguas-residuales-andalucia-370x185.jpg 370w\" sizes=\"(max-width: 630px) 100vw, 630px\" \/><\/div>\n<\/div>\n<div class=\"x11i5rnm xat24cr x1mh8g0r x1vvkbs xtlvy1s x126k92a\">\n<div dir=\"auto\">La Junta de Andaluc\u00eda quiere situarse a la vanguardia de Espa\u00f1a en materia de <strong>regeneraci\u00f3n de aguas residuales<\/strong>. As\u00ed lo ha afirmado <a href=\"https:\/\/www.aguasresiduales.info\/revista\/noticias\/la-junta-destina-11me-para-cerrar-el-circulo-de-la-jZCg6\">esta semana<\/a> su consejera de Agricultura, Pesca, Agua y Desarrollo Rural, Carmen Crespo, quien ha declarado su intenci\u00f3n de<strong> \u00abcerrar el c\u00edrculo sobre la depuraci\u00f3n\u00bb<\/strong>.<\/div>\n<\/div>\n<div class=\"x11i5rnm xat24cr x1mh8g0r x1vvkbs xtlvy1s x126k92a\">\n<div dir=\"auto\">\u00a0<\/div>\n<div dir=\"auto\">En concreto, la regi\u00f3n andaluza pretende alcanzar los <strong>120 hect\u00f3metros c\u00fabicos de aguas residuales regeneradas<\/strong> en el conjunto de la comunidad aut\u00f3noma a lo largo de la presente legislatura. Esas aguas, tal como ha a\u00f1adido la consejera, se pondr\u00e1n <strong>a disposici\u00f3n de los regantes andaluces<\/strong>, reduciendo as\u00ed el estr\u00e9s h\u00eddrico de la regi\u00f3n.<\/div>\n<\/div>\n<h4>Profesores de Le\u00f3n alertan de que las alcantarillas desembocan en el mar<\/h4>\n<p><img decoding=\"async\" loading=\"lazy\" class=\"size-full wp-image-4256 alignnone\" src=\"https:\/\/www.serbis.es\/serbis\/blog\/wp-content\/uploads\/leon-alcantarillas-basura.jpg\" alt=\"\" width=\"630\" height=\"315\" srcset=\"https:\/\/www.serbis.es\/serbis\/blog\/wp-content\/uploads\/leon-alcantarillas-basura.jpg 630w, https:\/\/www.serbis.es\/serbis\/blog\/wp-content\/uploads\/leon-alcantarillas-basura-300x150.jpg 300w, https:\/\/www.serbis.es\/serbis\/blog\/wp-content\/uploads\/leon-alcantarillas-basura-370x185.jpg 370w\" sizes=\"(max-width: 630px) 100vw, 630px\" \/><br \/><br \/>En Le\u00f3n, el Centro de Formaci\u00f3n del Profesorado e Innovaci\u00f3n Educativa (CFIE) <a href=\"https:\/\/www.ahoraleon.com\/gran-parte-lo-acaba-las-alcantarillas-puede-llegar-mar\/\">ha puesto en marcha un interesante curso<\/a> que, entre otras iniciativas, ha derivado en<strong> el pintado de varias alcantarillas de la ciudad<\/strong>. El objetivo es concienciar a la poblaci\u00f3n sobre la importancia de<strong> no tirar basura en la calle<\/strong>, ya que esos residuos acaban en las alcantarillas y, en \u00faltima instancia,<strong> contaminando los mares<\/strong>.<br \/><br \/>Estos profesores han decorado las alcantarillas de Le\u00f3n con <strong>siluetas de cangrejos, peces, pulpos, tortugas, caballitos de mar y otros animales marinos<\/strong>. Para ello, han recurrido a t\u00e9cnicas art\u00edsticas tan variadas como la fotograf\u00eda, el collage, el grafiti y el muralismo. La iniciativa no solo se ha desarrollado en el CFIE, sino tambi\u00e9n <strong>en diferentes colegios de la ciudad<\/strong> en los que los asistentes al curso trabajan como docentes. El objetivo: <strong>implicar tambi\u00e9n a los alumnos<\/strong> en un programa que nos recuerda que el \u00fanico sitio al que deber\u00edamos arrojar nuestra basura es a los contenedores.<br \/><br \/><\/p>\n<p><!-- \/wp:paragraph --><\/p>\n<p><!-- \/wp:paragraph --><\/p>\n<p>*Si quieres contarnos algo puedes llamarnos al <strong>n\u00famero de tel\u00e9fono 91 610 62 53<\/strong> y si te gusta estar informado de las noticias nacionales e internacionales m\u00e1s interesantes de las industrias de la pocer\u00eda, el alcantarillado y el saneamiento de aguas fecales, visita <a href=\"https:\/\/www.serbis.es\/\" target=\"_blank\" rel=\"noreferrer noopener\"><strong>Serbis.es<\/strong><\/a> y <strong>s\u00edguenos en las redes sociales<\/strong>:<\/p>\n<p><!-- \/wp:paragraph --><\/p>\n<p><!-- wp:image {\"id\":691,\"linkDestination\":\"custom\"} --><\/p>\n<figure><a href=\"https:\/\/www.facebook.com\/SerbisPoceria\/\" class=\"broken_link\"><img decoding=\"async\" src=\"https:\/\/www.serbis.es\/serbis\/blog\/wp-content\/uploads\/facebook.jpg\" alt=\"facebook\" \/><\/a><\/figure>\n<p><!-- \/wp:image --><\/p>\n<p><!-- wp:image {\"id\":692,\"linkDestination\":\"custom\"} --><\/p>\n<figure><a href=\"https:\/\/twitter.com\/serbis_poceria\"><img decoding=\"async\" src=\"https:\/\/www.serbis.es\/serbis\/blog\/wp-content\/uploads\/twitter.jpg\" alt=\"twitter\" \/><\/a><\/figure>\n<p><!-- \/wp:image --><\/p>\n<p><!-- wp:image {\"id\":1462,\"linkDestination\":\"custom\"} --><\/p>\n<figure><a href=\"https:\/\/www.instagram.com\/serbis_poceria\/\" class=\"broken_link\"><img decoding=\"async\" src=\"https:\/\/www.serbis.es\/serbis\/blog\/wp-content\/uploads\/instagram.jpg\" alt=\"\" \/><\/a><\/figure>\n<p><!-- \/wp:image --><\/p>\n<p><!-- wp:image {\"id\":693,\"linkDestination\":\"custom\"} --><\/p>\n<figure><a href=\"https:\/\/es.linkedin.com\/company\/poceria-serbis\"><img decoding=\"async\" src=\"https:\/\/www.serbis.es\/serbis\/blog\/wp-content\/uploads\/linkedin.jpg\" alt=\"linkedin\" \/><\/a><\/figure>\n<p><!-- \/wp:image --><\/p>\n<p><!-- wp:image {\"id\":694,\"linkDestination\":\"custom\"} --><\/p>\n<figure><a href=\"https:\/\/www.youtube.com\/channel\/UCSIAPGXKlWyOmHRZo9YCpBQ\"><img decoding=\"async\" src=\"https:\/\/www.serbis.es\/serbis\/blog\/wp-content\/uploads\/youtube.jpg\" alt=\"youtube\" \/><\/a><\/figure>\n<p><!-- \/wp:image --><\/p>\n<p><!-- wp:image {\"id\":696,\"linkDestination\":\"custom\"} --><\/p>\n<figure><a href=\"https:\/\/vimeo.com\/user9248661\"><img decoding=\"async\" src=\"https:\/\/www.serbis.es\/serbis\/blog\/wp-content\/uploads\/vimeo.jpg\" alt=\"vimeo\" \/><\/a><\/figure>\n<p><!-- \/wp:image --><\/p>\n<p><!-- wp:image {\"id\":698,\"linkDestination\":\"custom\"} --><\/p>\n<figure><a href=\"https:\/\/www.flickr.com\/photos\/155074596@N06\/\"><img decoding=\"async\" src=\"https:\/\/www.serbis.es\/serbis\/blog\/wp-content\/uploads\/flickr.jpg\" alt=\"flickr\" \/><\/a><\/figure>\n<p><!-- \/wp:image --><\/p>\n<p><!-- wp:image {\"id\":697,\"linkDestination\":\"custom\"} --><\/p>\n<figure><a href=\"https:\/\/www.pinterest.es\/pin\/133348838938250902\/\"><img decoding=\"async\" src=\"https:\/\/www.serbis.es\/serbis\/blog\/wp-content\/uploads\/pinterest.jpg\" alt=\"pinterest\" \/><\/a><\/figure>\n<p><!-- \/wp:paragraph --><\/p>\n<p><!-- \/wp:paragraph --><\/p>\t\t\t\t\t\t<\/div>\n\t\t\t\t<\/div>\n\t\t\t\t\t<\/div>\n\t\t<\/div>\n\t\t\t\t\t\t\t<\/div>\n\t\t<\/section>\n\t\t\t\t\t\t\t<\/div>\n\t\t","protected":false},"excerpt":{"rendered":"<p>La Conferencia de las Naciones Unidas por el Clima demanda avances en sostenibilidad de aguas residuales y se dan nuevos pasos en reutilizaci\u00f3n.<\/p>\n","protected":false},"author":3,"featured_media":4267,"comment_status":"open","ping_status":"open","sticky":false,"template":"","format":"standard","meta":{"_mi_skip_tracking":false,"_monsterinsights_sitenote_active":false,"_monsterinsights_sitenote_note":"","_monsterinsights_sitenote_category":0},"categories":[17,5,2,32],"tags":[111,75,22,61,59,36,40],"yoast_head":"<!-- This site is optimized with the Yoast SEO plugin v20.10 - https:\/\/yoast.com\/wordpress\/plugins\/seo\/ -->\n<title>El mundo reclama reutilizaci\u00f3n y una gesti\u00f3n sostenible de las aguas residuales - Blog de Serbis<\/title>\n<meta name=\"description\" content=\"La Conferencia de las Naciones Unidas por el Clima demanda avances en sostenibilidad de aguas residuales y se dan nuevos pasos en reutilizaci\u00f3n.\" \/>\n<meta name=\"robots\" content=\"index, follow, max-snippet:-1, max-image-preview:large, max-video-preview:-1\" \/>\n<link rel=\"canonical\" href=\"https:\/\/www.serbis.es\/serbis\/blog\/nuevo-post-3\/\" \/>\n<meta property=\"og:locale\" content=\"es_ES\" \/>\n<meta property=\"og:type\" content=\"article\" \/>\n<meta property=\"og:title\" content=\"El mundo reclama reutilizaci\u00f3n y una gesti\u00f3n sostenible de las aguas residuales - Blog de Serbis\" \/>\n<meta property=\"og:description\" content=\"La Conferencia de las Naciones Unidas por el Clima demanda avances en sostenibilidad de aguas residuales y se dan nuevos pasos en reutilizaci\u00f3n.\" \/>\n<meta property=\"og:url\" content=\"https:\/\/www.serbis.es\/serbis\/blog\/nuevo-post-3\/\" \/>\n<meta property=\"og:site_name\" content=\"Blog de Serbis\" \/>\n<meta property=\"article:author\" content=\"https:\/\/www.facebook.com\/SerbisPoceria\/\" \/>\n<meta property=\"article:published_time\" content=\"2022-11-17T08:33:33+00:00\" \/>\n<meta property=\"article:modified_time\" content=\"2022-11-17T08:36:47+00:00\" \/>\n<meta property=\"og:image\" content=\"https:\/\/www.serbis.es\/serbis\/blog\/wp-content\/uploads\/aguas-residuales-andalucia.jpg\" \/>\n\t<meta property=\"og:image:width\" content=\"630\" \/>\n\t<meta property=\"og:image:height\" content=\"315\" \/>\n\t<meta property=\"og:image:type\" content=\"image\/jpeg\" \/>\n<meta name=\"author\" content=\"Serbis Pocer\u00eda\" \/>\n<meta name=\"twitter:label1\" content=\"Escrito por\" \/>\n\t<meta name=\"twitter:data1\" content=\"Serbis Pocer\u00eda\" \/>\n\t<meta name=\"twitter:label2\" content=\"Tiempo de lectura\" \/>\n\t<meta name=\"twitter:data2\" content=\"6 minutos\" \/>\n<script type=\"application\/ld+json\" class=\"yoast-schema-graph\">{\"@context\":\"https:\/\/schema.org\",\"@graph\":[{\"@type\":\"WebPage\",\"@id\":\"https:\/\/www.serbis.es\/serbis\/blog\/nuevo-post-3\/\",\"url\":\"https:\/\/www.serbis.es\/serbis\/blog\/nuevo-post-3\/\",\"name\":\"El mundo reclama reutilizaci\u00f3n y una gesti\u00f3n sostenible de las aguas residuales - Blog de Serbis\",\"isPartOf\":{\"@id\":\"https:\/\/www.serbis.es\/serbis\/blog\/#website\"},\"datePublished\":\"2022-11-17T08:33:33+00:00\",\"dateModified\":\"2022-11-17T08:36:47+00:00\",\"author\":{\"@id\":\"https:\/\/www.serbis.es\/serbis\/blog\/#\/schema\/person\/449002ed602088d1463cc28957dee9ea\"},\"description\":\"La Conferencia de las Naciones Unidas por el Clima demanda avances en sostenibilidad de aguas residuales y se dan nuevos pasos en reutilizaci\u00f3n.\",\"breadcrumb\":{\"@id\":\"https:\/\/www.serbis.es\/serbis\/blog\/nuevo-post-3\/#breadcrumb\"},\"inLanguage\":\"es\",\"potentialAction\":[{\"@type\":\"ReadAction\",\"target\":[\"https:\/\/www.serbis.es\/serbis\/blog\/nuevo-post-3\/\"]}]},{\"@type\":\"BreadcrumbList\",\"@id\":\"https:\/\/www.serbis.es\/serbis\/blog\/nuevo-post-3\/#breadcrumb\",\"itemListElement\":[{\"@type\":\"ListItem\",\"position\":1,\"name\":\"Portada\",\"item\":\"https:\/\/www.serbis.es\/serbis\/blog\/\"},{\"@type\":\"ListItem\",\"position\":2,\"name\":\"El mundo reclama reutilizaci\u00f3n y una gesti\u00f3n sostenible de las aguas residuales\"}]},{\"@type\":\"WebSite\",\"@id\":\"https:\/\/www.serbis.es\/serbis\/blog\/#website\",\"url\":\"https:\/\/www.serbis.es\/serbis\/blog\/\",\"name\":\"Blog de Serbis\",\"description\":\"l\u00edderes en Espa\u00f1a en saneamiento de aguas con servicios de pocer\u00eda tradicional y sin zanjas\",\"potentialAction\":[{\"@type\":\"SearchAction\",\"target\":{\"@type\":\"EntryPoint\",\"urlTemplate\":\"https:\/\/www.serbis.es\/serbis\/blog\/?s={search_term_string}\"},\"query-input\":\"required name=search_term_string\"}],\"inLanguage\":\"es\"},{\"@type\":\"Person\",\"@id\":\"https:\/\/www.serbis.es\/serbis\/blog\/#\/schema\/person\/449002ed602088d1463cc28957dee9ea\",\"name\":\"Serbis Pocer\u00eda\",\"image\":{\"@type\":\"ImageObject\",\"inLanguage\":\"es\",\"@id\":\"https:\/\/www.serbis.es\/serbis\/blog\/#\/schema\/person\/image\/\",\"url\":\"https:\/\/secure.gravatar.com\/avatar\/1b95962073fbda6a54be252a727db96a?s=96&d=mm&r=g\",\"contentUrl\":\"https:\/\/secure.gravatar.com\/avatar\/1b95962073fbda6a54be252a727db96a?s=96&d=mm&r=g\",\"caption\":\"Serbis Pocer\u00eda\"},\"description\":\"Empresa especializada en soluciones de alcantarillado y saneamiento de agua, con gran experiencia en el sector y conocimiento de t\u00e9cnicas tanto de pocer\u00eda tradicional como de rehabilitaci\u00f3n de tuber\u00edas sin zanjas ni necesidad de obra civil\",\"sameAs\":[\"https:\/\/www.linkedin.com\/company\/poceria-serbis\",\"https:\/\/www.facebook.com\/SerbisPoceria\/\",\"https:\/\/twitter.com\/https:\/\/twitter.com\/serbis_poceria\"],\"url\":\"https:\/\/www.serbis.es\/serbis\/blog\/author\/perio_editor\/\"}]}<\/script>\n<!-- \/ Yoast SEO plugin. -->","yoast_head_json":{"title":"El mundo reclama reutilizaci\u00f3n y una gesti\u00f3n sostenible de las aguas residuales - Blog de Serbis","description":"La Conferencia de las Naciones Unidas por el Clima demanda avances en sostenibilidad de aguas residuales y se dan nuevos pasos en reutilizaci\u00f3n.","robots":{"index":"index","follow":"follow","max-snippet":"max-snippet:-1","max-image-preview":"max-image-preview:large","max-video-preview":"max-video-preview:-1"},"canonical":"https:\/\/www.serbis.es\/serbis\/blog\/nuevo-post-3\/","og_locale":"es_ES","og_type":"article","og_title":"El mundo reclama reutilizaci\u00f3n y una gesti\u00f3n sostenible de las aguas residuales - Blog de Serbis","og_description":"La Conferencia de las Naciones Unidas por el Clima demanda avances en sostenibilidad de aguas residuales y se dan nuevos pasos en reutilizaci\u00f3n.","og_url":"https:\/\/www.serbis.es\/serbis\/blog\/nuevo-post-3\/","og_site_name":"Blog de Serbis","article_author":"https:\/\/www.facebook.com\/SerbisPoceria\/","article_published_time":"2022-11-17T08:33:33+00:00","article_modified_time":"2022-11-17T08:36:47+00:00","og_image":[{"width":630,"height":315,"url":"https:\/\/www.serbis.es\/serbis\/blog\/wp-content\/uploads\/aguas-residuales-andalucia.jpg","type":"image\/jpeg"}],"author":"Serbis Pocer\u00eda","twitter_misc":{"Escrito por":"Serbis Pocer\u00eda","Tiempo de lectura":"6 minutos"},"schema":{"@context":"https:\/\/schema.org","@graph":[{"@type":"WebPage","@id":"https:\/\/www.serbis.es\/serbis\/blog\/nuevo-post-3\/","url":"https:\/\/www.serbis.es\/serbis\/blog\/nuevo-post-3\/","name":"El mundo reclama reutilizaci\u00f3n y una gesti\u00f3n sostenible de las aguas residuales - Blog de Serbis","isPartOf":{"@id":"https:\/\/www.serbis.es\/serbis\/blog\/#website"},"datePublished":"2022-11-17T08:33:33+00:00","dateModified":"2022-11-17T08:36:47+00:00","author":{"@id":"https:\/\/www.serbis.es\/serbis\/blog\/#\/schema\/person\/449002ed602088d1463cc28957dee9ea"},"description":"La Conferencia de las Naciones Unidas por el Clima demanda avances en sostenibilidad de aguas residuales y se dan nuevos pasos en reutilizaci\u00f3n.","breadcrumb":{"@id":"https:\/\/www.serbis.es\/serbis\/blog\/nuevo-post-3\/#breadcrumb"},"inLanguage":"es","potentialAction":[{"@type":"ReadAction","target":["https:\/\/www.serbis.es\/serbis\/blog\/nuevo-post-3\/"]}]},{"@type":"BreadcrumbList","@id":"https:\/\/www.serbis.es\/serbis\/blog\/nuevo-post-3\/#breadcrumb","itemListElement":[{"@type":"ListItem","position":1,"name":"Portada","item":"https:\/\/www.serbis.es\/serbis\/blog\/"},{"@type":"ListItem","position":2,"name":"El mundo reclama reutilizaci\u00f3n y una gesti\u00f3n sostenible de las aguas residuales"}]},{"@type":"WebSite","@id":"https:\/\/www.serbis.es\/serbis\/blog\/#website","url":"https:\/\/www.serbis.es\/serbis\/blog\/","name":"Blog de Serbis","description":"l\u00edderes en Espa\u00f1a en saneamiento de aguas con servicios de pocer\u00eda tradicional y sin zanjas","potentialAction":[{"@type":"SearchAction","target":{"@type":"EntryPoint","urlTemplate":"https:\/\/www.serbis.es\/serbis\/blog\/?s={search_term_string}"},"query-input":"required name=search_term_string"}],"inLanguage":"es"},{"@type":"Person","@id":"https:\/\/www.serbis.es\/serbis\/blog\/#\/schema\/person\/449002ed602088d1463cc28957dee9ea","name":"Serbis Pocer\u00eda","image":{"@type":"ImageObject","inLanguage":"es","@id":"https:\/\/www.serbis.es\/serbis\/blog\/#\/schema\/person\/image\/","url":"https:\/\/secure.gravatar.com\/avatar\/1b95962073fbda6a54be252a727db96a?s=96&d=mm&r=g","contentUrl":"https:\/\/secure.gravatar.com\/avatar\/1b95962073fbda6a54be252a727db96a?s=96&d=mm&r=g","caption":"Serbis Pocer\u00eda"},"description":"Empresa especializada en soluciones de alcantarillado y saneamiento de agua, con gran experiencia en el sector y conocimiento de t\u00e9cnicas tanto de pocer\u00eda tradicional como de rehabilitaci\u00f3n de tuber\u00edas sin zanjas ni necesidad de obra civil","sameAs":["https:\/\/www.linkedin.com\/company\/poceria-serbis","https:\/\/www.facebook.com\/SerbisPoceria\/","https:\/\/twitter.com\/https:\/\/twitter.com\/serbis_poceria"],"url":"https:\/\/www.serbis.es\/serbis\/blog\/author\/perio_editor\/"}]}},"_links":{"self":[{"href":"https:\/\/www.serbis.es\/serbis\/blog\/wp-json\/wp\/v2\/posts\/4244"}],"collection":[{"href":"https:\/\/www.serbis.es\/serbis\/blog\/wp-json\/wp\/v2\/posts"}],"about":[{"href":"https:\/\/www.serbis.es\/serbis\/blog\/wp-json\/wp\/v2\/types\/post"}],"author":[{"embeddable":true,"href":"https:\/\/www.serbis.es\/serbis\/blog\/wp-json\/wp\/v2\/users\/3"}],"replies":[{"embeddable":true,"href":"https:\/\/www.serbis.es\/serbis\/blog\/wp-json\/wp\/v2\/comments?post=4244"}],"version-history":[{"count":28,"href":"https:\/\/www.serbis.es\/serbis\/blog\/wp-json\/wp\/v2\/posts\/4244\/revisions"}],"predecessor-version":[{"id":4281,"href":"https:\/\/www.serbis.es\/serbis\/blog\/wp-json\/wp\/v2\/posts\/4244\/revisions\/4281"}],"wp:featuredmedia":[{"embeddable":true,"href":"https:\/\/www.serbis.es\/serbis\/blog\/wp-json\/wp\/v2\/media\/4267"}],"wp:attachment":[{"href":"https:\/\/www.serbis.es\/serbis\/blog\/wp-json\/wp\/v2\/media?parent=4244"}],"wp:term":[{"taxonomy":"category","embeddable":true,"href":"https:\/\/www.serbis.es\/serbis\/blog\/wp-json\/wp\/v2\/categories?post=4244"},{"taxonomy":"post_tag","embeddable":true,"href":"https:\/\/www.serbis.es\/serbis\/blog\/wp-json\/wp\/v2\/tags?post=4244"}],"curies":[{"name":"wp","href":"https:\/\/api.w.org\/{rel}","templated":true}]}}