{"id":485,"date":"2016-06-09T08:40:05","date_gmt":"2016-06-09T08:40:05","guid":{"rendered":"http:\/\/www.serbis.es\/serbis\/blog\/?p=485"},"modified":"2017-12-21T12:52:29","modified_gmt":"2017-12-21T12:52:29","slug":"ifat-munich-2016","status":"publish","type":"post","link":"https:\/\/www.serbis.es\/serbis\/blog\/ifat-munich-2016\/","title":{"rendered":"IFAT 2016 de Munich: la tecnolog\u00eda que viene"},"content":{"rendered":"<p>Un a\u00f1o m\u00e1s, los profesionales de <strong>Serbis<\/strong> hemos tenido la oportunidad de asistir a la prestigiosa feria <a href=\"http:\/\/www.ifat.de\/index-2.html\" target=\"_blank\"><strong>IFAT 2016 de Munich<\/strong><\/a>, la cita m\u00e1s importante del mundo en el \u00e1mbito del alcantarillado y el saneamiento de agua. En esta edici\u00f3n, celebrada<strong> entre el 30 de mayo y el 3 de junio<\/strong>, el sal\u00f3n congreg\u00f3 a <strong>m\u00e1s de 3.500 compa\u00f1\u00edas<\/strong> procedentes de medio centenar de pa\u00edses (por desgracia, la presencia espa\u00f1ola ha sido, un a\u00f1o m\u00e1s, pr\u00e1cticamente inexistente).<\/p>\n<p>En el recinto ferial <strong>New Munich Trade Fair Centre<\/strong> hemos podido conocer de primera mano la \u00faltima tecnolog\u00eda del sector, al que siguen llegando los modernos sistemas basados en el uso de las<strong> tres dimensiones<\/strong> y la <strong>geolocalizaci\u00f3n<\/strong>. Por ejemplo, hemos visto alg\u00fan que otro software capaz de dise\u00f1ar im\u00e1genes en <strong>3D<\/strong> de la red de alcantarillado e incluso de elaborar un croquis de la instalaci\u00f3n mediante el uso de herramientas <strong>GPS<\/strong>, lo que proporciona una localizaci\u00f3n pr\u00e1cticamente exacta.<\/p>\n<p><img decoding=\"async\" loading=\"lazy\" class=\"aligncenter wp-image-487 size-full\" src=\"http:\/\/www.serbis.es\/serbis\/blog\/wp-content\/uploads\/IFAT-MUNCHEN-2016.jpg\" alt=\"IFAT-MUNCHEN-2016\" width=\"600\" height=\"338\" srcset=\"https:\/\/www.serbis.es\/serbis\/blog\/wp-content\/uploads\/IFAT-MUNCHEN-2016.jpg 600w, https:\/\/www.serbis.es\/serbis\/blog\/wp-content\/uploads\/IFAT-MUNCHEN-2016-300x169.jpg 300w, https:\/\/www.serbis.es\/serbis\/blog\/wp-content\/uploads\/IFAT-MUNCHEN-2016-370x208.jpg 370w\" sizes=\"(max-width: 600px) 100vw, 600px\" \/><\/p>\n<p>Tambi\u00e9n se han dejado ver por Munich los nuevos<strong> sistemas para rehabilitar bajantes y tuber\u00edas<\/strong> <a href=\"http:\/\/www.serbis.es\/serbis\/blog\/manga-continua-poceria-sin-zanjas\/\" target=\"_blank\">sin necesidad de hacer obras ni zanjas<\/a>, as\u00ed como los <strong>esc\u00e1neres<\/strong> que sirven para localizar las instalaciones subterr\u00e1neas (de luz, gas o agua) cuando no hay m\u00e1s remedio que recurrir a la obra civil. Gracias a estas herramientas, los profesionales de la pocer\u00eda podemos saber con total exactitud qu\u00e9 hay debajo del suelo<strong> antes de empezar a picar<\/strong>, lo que puede evitar alg\u00fan que otro destrozo.<\/p>\n<p>Una de las tecnolog\u00edas que m\u00e1s nos ha llamado la atenci\u00f3n corresponde a la empresa <a href=\"http:\/\/www.wisecon.dk\/?lang=es\" target=\"_blank\">Wisecon<\/a>, de Dinamarca. Al parecer, las <strong>plagas de ratas<\/strong> son muy habituales en ese pa\u00eds, por lo que a esta compa\u00f1\u00eda se le ha ocurrido desarrollar una especie de <strong>cepos que se instalan en las tuber\u00edas<\/strong> y acaban sin piedad con los roedores que pasan por all\u00ed. Tras detectarlos mediante <strong>sensores de temperatura y movimiento<\/strong>, env\u00edan una se\u00f1al por GPS con el lugar exacto en el que se ha ejecutado al animal.<\/p>\n<p><img decoding=\"async\" loading=\"lazy\" class=\"aligncenter size-full wp-image-488\" src=\"http:\/\/www.serbis.es\/serbis\/blog\/wp-content\/uploads\/wisetrap-ratas.jpg\" alt=\"wisetrap-ratas\" width=\"600\" height=\"350\" srcset=\"https:\/\/www.serbis.es\/serbis\/blog\/wp-content\/uploads\/wisetrap-ratas.jpg 600w, https:\/\/www.serbis.es\/serbis\/blog\/wp-content\/uploads\/wisetrap-ratas-300x175.jpg 300w, https:\/\/www.serbis.es\/serbis\/blog\/wp-content\/uploads\/wisetrap-ratas-370x216.jpg 370w\" sizes=\"(max-width: 600px) 100vw, 600px\" \/><\/p>\n<p>Adem\u00e1s, hemos visto lo \u00faltimo en<strong> c\u00e1maras de inspecci\u00f3n de alcantarillas<\/strong> (algunas simulaban el aspecto de un periscopio) e incluso herramientas capaces de cortar una v\u00eda de agua en menos de 30 segundos. Tal como explica <strong>Miguel \u00c1ngel G\u00f3mez<\/strong>, director Comercial de Serbis, \u201cestas tecnolog\u00edas desembarcar\u00e1n en Espa\u00f1a en los pr\u00f3ximos meses y desde nuestra compa\u00f1\u00eda apostaremos por su aplicaci\u00f3n en las redes de alcantarillado, porque estamos convencidos de que<strong> es fundamental tener los sistemas de canalizaci\u00f3n en buen estado<\/strong>\u201d.<\/p>\n<p>Otro punto a favor de estas modernas tecnolog\u00edas es que <strong>simplifican el trabajo<\/strong> de las empresas de pocer\u00eda y lo hacen m\u00e1s econ\u00f3mico, lo que termina repercutiendo positivamente en<strong> el precio final<\/strong> que deben afrontar los usuarios. Pero, por encima de todo, \u201cestas herramientas <strong>minimizan el riesgo de accidente de los trabajadores<\/strong>, algo que para Serbis es fundamental, porque no hay ning\u00fan trabajo que merezca poner en peligro la vida de una persona\u201d, indica G\u00f3mez.<\/p>\n<p><img decoding=\"async\" loading=\"lazy\" class=\"aligncenter size-full wp-image-489\" src=\"http:\/\/www.serbis.es\/serbis\/blog\/wp-content\/uploads\/robots-serbis.jpg\" alt=\"robots-serbis\" width=\"600\" height=\"133\" srcset=\"https:\/\/www.serbis.es\/serbis\/blog\/wp-content\/uploads\/robots-serbis.jpg 600w, https:\/\/www.serbis.es\/serbis\/blog\/wp-content\/uploads\/robots-serbis-300x67.jpg 300w, https:\/\/www.serbis.es\/serbis\/blog\/wp-content\/uploads\/robots-serbis-370x82.jpg 370w\" sizes=\"(max-width: 600px) 100vw, 600px\" \/><\/p>\n<p>Si quieres contarnos algo puedes llamarnos al <strong>n\u00famero de tel\u00e9fono <\/strong><strong>91 610 62 53<\/strong> y si te gusta estar informado de las noticias nacionales e internacionales m\u00e1s interesantes de las industrias de la pocer\u00eda, el alcantarillado y el saneamiento de aguas fecales, visita <a href=\"https:\/\/www.serbis.es\/\" target=\"_blank\"><strong>Serbis.es<\/strong><\/a> y <strong>s\u00edguenos en las redes sociales<\/strong>:<\/p>\n<p><a href=\"https:\/\/www.facebook.com\/SerbisPoceria\/\" rel=\"attachment wp-att-691\" class=\"broken_link\"><img decoding=\"async\" loading=\"lazy\" class=\"size-full wp-image-691\" src=\"https:\/\/www.serbis.es\/serbis\/blog\/wp-content\/uploads\/facebook.jpg\" alt=\"facebook\" width=\"113\" height=\"111\" \/><\/a><\/p>\n<p>&nbsp;<\/p>\n<p><a href=\"https:\/\/twitter.com\/serbis_poceria\" rel=\"attachment wp-att-692\"><img decoding=\"async\" loading=\"lazy\" class=\"size-full wp-image-692\" src=\"https:\/\/www.serbis.es\/serbis\/blog\/wp-content\/uploads\/twitter.jpg\" alt=\"twitter\" width=\"113\" height=\"111\" \/><\/a><\/p>\n<p>&nbsp;<\/p>\n<p><a href=\"https:\/\/es.linkedin.com\/company\/poceria-serbis\" rel=\"attachment wp-att-693\"><img decoding=\"async\" loading=\"lazy\" class=\"size-full wp-image-693 alignleft\" src=\"https:\/\/www.serbis.es\/serbis\/blog\/wp-content\/uploads\/linkedin.jpg\" alt=\"linkedin\" width=\"113\" height=\"111\" \/><\/a><\/p>\n<p>&nbsp;<\/p>\n<p>&nbsp;<\/p>\n<p>&nbsp;<\/p>\n<p>&nbsp;<\/p>\n<p><a href=\"https:\/\/www.youtube.com\/channel\/UCSIAPGXKlWyOmHRZo9YCpBQ\" rel=\"attachment wp-att-694\"><img decoding=\"async\" loading=\"lazy\" class=\"size-full wp-image-694 alignleft\" src=\"https:\/\/www.serbis.es\/serbis\/blog\/wp-content\/uploads\/youtube.jpg\" alt=\"youtube\" width=\"113\" height=\"111\" \/><\/a><\/p>\n<p>&nbsp;<\/p>\n<p>&nbsp;<\/p>\n<p>&nbsp;<\/p>\n<p>&nbsp;<\/p>\n<p><a href=\"https:\/\/vimeo.com\/user9248661\" rel=\"attachment wp-att-696\"><img decoding=\"async\" loading=\"lazy\" class=\"size-full wp-image-696 alignleft\" src=\"https:\/\/www.serbis.es\/serbis\/blog\/wp-content\/uploads\/vimeo.jpg\" alt=\"vimeo\" width=\"113\" height=\"111\" \/><\/a><\/p>\n<p>&nbsp;<\/p>\n<p>&nbsp;<\/p>\n<p>&nbsp;<\/p>\n<p>&nbsp;<\/p>\n<p><a href=\"https:\/\/www.flickr.com\/photos\/155074596@N06\/\" rel=\"attachment wp-att-698\"><img decoding=\"async\" loading=\"lazy\" class=\"size-full wp-image-698 alignleft\" src=\"https:\/\/www.serbis.es\/serbis\/blog\/wp-content\/uploads\/flickr.jpg\" alt=\"flickr\" width=\"113\" height=\"111\" \/><\/a><\/p>\n<p>&nbsp;<\/p>\n<p>&nbsp;<\/p>\n<p>&nbsp;<\/p>\n<p>&nbsp;<\/p>\n<p><a href=\"https:\/\/www.pinterest.es\/pin\/133348838938250902\/\" rel=\"attachment wp-att-697\"><img decoding=\"async\" loading=\"lazy\" class=\"size-full wp-image-697 alignleft\" src=\"https:\/\/www.serbis.es\/serbis\/blog\/wp-content\/uploads\/pinterest.jpg\" alt=\"pinterest\" width=\"113\" height=\"111\" \/><\/a><\/p>\n<p>&nbsp;<\/p>\n","protected":false},"excerpt":{"rendered":"<p>Un a\u00f1o m\u00e1s, los profesionales de Serbis hemos tenido la oportunidad de asistir a la prestigiosa feria IFAT 2016 de Munich, la cita m\u00e1s importante del mundo en el \u00e1mbito del alcantarillado y el saneamiento de agua. En esta edici\u00f3n, celebrada entre el 30 de mayo y el 3 de junio, el sal\u00f3n congreg\u00f3 a [&hellip;]<\/p>\n","protected":false},"author":3,"featured_media":486,"comment_status":"open","ping_status":"open","sticky":false,"template":"","format":"standard","meta":{"_mi_skip_tracking":false,"_monsterinsights_sitenote_active":false,"_monsterinsights_sitenote_note":"","_monsterinsights_sitenote_category":0},"categories":[29,4,5,2,32,19],"tags":[22,69,71,70,45,36,44,40,72,47],"yoast_head":"<!-- This site is optimized with the Yoast SEO plugin v20.10 - https:\/\/yoast.com\/wordpress\/plugins\/seo\/ -->\n<title>IFAT 2016 de Munich: la tecnolog\u00eda que viene - Blog de Serbis<\/title>\n<meta name=\"robots\" content=\"index, follow, max-snippet:-1, max-image-preview:large, max-video-preview:-1\" \/>\n<link rel=\"canonical\" href=\"https:\/\/www.serbis.es\/serbis\/blog\/ifat-munich-2016\/\" \/>\n<meta property=\"og:locale\" content=\"es_ES\" \/>\n<meta property=\"og:type\" content=\"article\" \/>\n<meta property=\"og:title\" content=\"IFAT 2016 de Munich: la tecnolog\u00eda que viene - Blog de Serbis\" \/>\n<meta property=\"og:description\" content=\"Un a\u00f1o m\u00e1s, los profesionales de Serbis hemos tenido la oportunidad de asistir a la prestigiosa feria IFAT 2016 de Munich, la cita m\u00e1s importante del mundo en el \u00e1mbito del alcantarillado y el saneamiento de agua. En esta edici\u00f3n, celebrada entre el 30 de mayo y el 3 de junio, el sal\u00f3n congreg\u00f3 a [&hellip;]\" \/>\n<meta property=\"og:url\" content=\"https:\/\/www.serbis.es\/serbis\/blog\/ifat-munich-2016\/\" \/>\n<meta property=\"og:site_name\" content=\"Blog de Serbis\" \/>\n<meta property=\"article:author\" content=\"https:\/\/www.facebook.com\/SerbisPoceria\/\" \/>\n<meta property=\"article:published_time\" content=\"2016-06-09T08:40:05+00:00\" \/>\n<meta property=\"article:modified_time\" content=\"2017-12-21T12:52:29+00:00\" \/>\n<meta property=\"og:image\" content=\"https:\/\/www.serbis.es\/serbis\/blog\/wp-content\/uploads\/IFAT-MUNCHEN.jpg\" \/>\n\t<meta property=\"og:image:width\" content=\"600\" \/>\n\t<meta property=\"og:image:height\" content=\"300\" \/>\n\t<meta property=\"og:image:type\" content=\"image\/jpeg\" \/>\n<meta name=\"author\" content=\"Serbis Pocer\u00eda\" \/>\n<meta name=\"twitter:label1\" content=\"Escrito por\" \/>\n\t<meta name=\"twitter:data1\" content=\"Serbis Pocer\u00eda\" \/>\n\t<meta name=\"twitter:label2\" content=\"Tiempo de lectura\" \/>\n\t<meta name=\"twitter:data2\" content=\"3 minutos\" \/>\n<script type=\"application\/ld+json\" class=\"yoast-schema-graph\">{\"@context\":\"https:\/\/schema.org\",\"@graph\":[{\"@type\":\"WebPage\",\"@id\":\"https:\/\/www.serbis.es\/serbis\/blog\/ifat-munich-2016\/\",\"url\":\"https:\/\/www.serbis.es\/serbis\/blog\/ifat-munich-2016\/\",\"name\":\"IFAT 2016 de Munich: la tecnolog\u00eda que viene - Blog de Serbis\",\"isPartOf\":{\"@id\":\"https:\/\/www.serbis.es\/serbis\/blog\/#website\"},\"datePublished\":\"2016-06-09T08:40:05+00:00\",\"dateModified\":\"2017-12-21T12:52:29+00:00\",\"author\":{\"@id\":\"https:\/\/www.serbis.es\/serbis\/blog\/#\/schema\/person\/449002ed602088d1463cc28957dee9ea\"},\"breadcrumb\":{\"@id\":\"https:\/\/www.serbis.es\/serbis\/blog\/ifat-munich-2016\/#breadcrumb\"},\"inLanguage\":\"es\",\"potentialAction\":[{\"@type\":\"ReadAction\",\"target\":[\"https:\/\/www.serbis.es\/serbis\/blog\/ifat-munich-2016\/\"]}]},{\"@type\":\"BreadcrumbList\",\"@id\":\"https:\/\/www.serbis.es\/serbis\/blog\/ifat-munich-2016\/#breadcrumb\",\"itemListElement\":[{\"@type\":\"ListItem\",\"position\":1,\"name\":\"Portada\",\"item\":\"https:\/\/www.serbis.es\/serbis\/blog\/\"},{\"@type\":\"ListItem\",\"position\":2,\"name\":\"IFAT 2016 de Munich: la tecnolog\u00eda que viene\"}]},{\"@type\":\"WebSite\",\"@id\":\"https:\/\/www.serbis.es\/serbis\/blog\/#website\",\"url\":\"https:\/\/www.serbis.es\/serbis\/blog\/\",\"name\":\"Blog de Serbis\",\"description\":\"l\u00edderes en Espa\u00f1a en saneamiento de aguas con servicios de pocer\u00eda tradicional y sin zanjas\",\"potentialAction\":[{\"@type\":\"SearchAction\",\"target\":{\"@type\":\"EntryPoint\",\"urlTemplate\":\"https:\/\/www.serbis.es\/serbis\/blog\/?s={search_term_string}\"},\"query-input\":\"required name=search_term_string\"}],\"inLanguage\":\"es\"},{\"@type\":\"Person\",\"@id\":\"https:\/\/www.serbis.es\/serbis\/blog\/#\/schema\/person\/449002ed602088d1463cc28957dee9ea\",\"name\":\"Serbis Pocer\u00eda\",\"image\":{\"@type\":\"ImageObject\",\"inLanguage\":\"es\",\"@id\":\"https:\/\/www.serbis.es\/serbis\/blog\/#\/schema\/person\/image\/\",\"url\":\"https:\/\/secure.gravatar.com\/avatar\/1b95962073fbda6a54be252a727db96a?s=96&d=mm&r=g\",\"contentUrl\":\"https:\/\/secure.gravatar.com\/avatar\/1b95962073fbda6a54be252a727db96a?s=96&d=mm&r=g\",\"caption\":\"Serbis Pocer\u00eda\"},\"description\":\"Empresa especializada en soluciones de alcantarillado y saneamiento de agua, con gran experiencia en el sector y conocimiento de t\u00e9cnicas tanto de pocer\u00eda tradicional como de rehabilitaci\u00f3n de tuber\u00edas sin zanjas ni necesidad de obra civil\",\"sameAs\":[\"https:\/\/www.linkedin.com\/company\/poceria-serbis\",\"https:\/\/www.facebook.com\/SerbisPoceria\/\",\"https:\/\/twitter.com\/https:\/\/twitter.com\/serbis_poceria\"],\"url\":\"https:\/\/www.serbis.es\/serbis\/blog\/author\/perio_editor\/\"}]}<\/script>\n<!-- \/ Yoast SEO plugin. -->","yoast_head_json":{"title":"IFAT 2016 de Munich: la tecnolog\u00eda que viene - Blog de Serbis","robots":{"index":"index","follow":"follow","max-snippet":"max-snippet:-1","max-image-preview":"max-image-preview:large","max-video-preview":"max-video-preview:-1"},"canonical":"https:\/\/www.serbis.es\/serbis\/blog\/ifat-munich-2016\/","og_locale":"es_ES","og_type":"article","og_title":"IFAT 2016 de Munich: la tecnolog\u00eda que viene - Blog de Serbis","og_description":"Un a\u00f1o m\u00e1s, los profesionales de Serbis hemos tenido la oportunidad de asistir a la prestigiosa feria IFAT 2016 de Munich, la cita m\u00e1s importante del mundo en el \u00e1mbito del alcantarillado y el saneamiento de agua. En esta edici\u00f3n, celebrada entre el 30 de mayo y el 3 de junio, el sal\u00f3n congreg\u00f3 a [&hellip;]","og_url":"https:\/\/www.serbis.es\/serbis\/blog\/ifat-munich-2016\/","og_site_name":"Blog de Serbis","article_author":"https:\/\/www.facebook.com\/SerbisPoceria\/","article_published_time":"2016-06-09T08:40:05+00:00","article_modified_time":"2017-12-21T12:52:29+00:00","og_image":[{"width":600,"height":300,"url":"https:\/\/www.serbis.es\/serbis\/blog\/wp-content\/uploads\/IFAT-MUNCHEN.jpg","type":"image\/jpeg"}],"author":"Serbis Pocer\u00eda","twitter_misc":{"Escrito por":"Serbis Pocer\u00eda","Tiempo de lectura":"3 minutos"},"schema":{"@context":"https:\/\/schema.org","@graph":[{"@type":"WebPage","@id":"https:\/\/www.serbis.es\/serbis\/blog\/ifat-munich-2016\/","url":"https:\/\/www.serbis.es\/serbis\/blog\/ifat-munich-2016\/","name":"IFAT 2016 de Munich: la tecnolog\u00eda que viene - Blog de Serbis","isPartOf":{"@id":"https:\/\/www.serbis.es\/serbis\/blog\/#website"},"datePublished":"2016-06-09T08:40:05+00:00","dateModified":"2017-12-21T12:52:29+00:00","author":{"@id":"https:\/\/www.serbis.es\/serbis\/blog\/#\/schema\/person\/449002ed602088d1463cc28957dee9ea"},"breadcrumb":{"@id":"https:\/\/www.serbis.es\/serbis\/blog\/ifat-munich-2016\/#breadcrumb"},"inLanguage":"es","potentialAction":[{"@type":"ReadAction","target":["https:\/\/www.serbis.es\/serbis\/blog\/ifat-munich-2016\/"]}]},{"@type":"BreadcrumbList","@id":"https:\/\/www.serbis.es\/serbis\/blog\/ifat-munich-2016\/#breadcrumb","itemListElement":[{"@type":"ListItem","position":1,"name":"Portada","item":"https:\/\/www.serbis.es\/serbis\/blog\/"},{"@type":"ListItem","position":2,"name":"IFAT 2016 de Munich: la tecnolog\u00eda que viene"}]},{"@type":"WebSite","@id":"https:\/\/www.serbis.es\/serbis\/blog\/#website","url":"https:\/\/www.serbis.es\/serbis\/blog\/","name":"Blog de Serbis","description":"l\u00edderes en Espa\u00f1a en saneamiento de aguas con servicios de pocer\u00eda tradicional y sin zanjas","potentialAction":[{"@type":"SearchAction","target":{"@type":"EntryPoint","urlTemplate":"https:\/\/www.serbis.es\/serbis\/blog\/?s={search_term_string}"},"query-input":"required name=search_term_string"}],"inLanguage":"es"},{"@type":"Person","@id":"https:\/\/www.serbis.es\/serbis\/blog\/#\/schema\/person\/449002ed602088d1463cc28957dee9ea","name":"Serbis Pocer\u00eda","image":{"@type":"ImageObject","inLanguage":"es","@id":"https:\/\/www.serbis.es\/serbis\/blog\/#\/schema\/person\/image\/","url":"https:\/\/secure.gravatar.com\/avatar\/1b95962073fbda6a54be252a727db96a?s=96&d=mm&r=g","contentUrl":"https:\/\/secure.gravatar.com\/avatar\/1b95962073fbda6a54be252a727db96a?s=96&d=mm&r=g","caption":"Serbis Pocer\u00eda"},"description":"Empresa especializada en soluciones de alcantarillado y saneamiento de agua, con gran experiencia en el sector y conocimiento de t\u00e9cnicas tanto de pocer\u00eda tradicional como de rehabilitaci\u00f3n de tuber\u00edas sin zanjas ni necesidad de obra civil","sameAs":["https:\/\/www.linkedin.com\/company\/poceria-serbis","https:\/\/www.facebook.com\/SerbisPoceria\/","https:\/\/twitter.com\/https:\/\/twitter.com\/serbis_poceria"],"url":"https:\/\/www.serbis.es\/serbis\/blog\/author\/perio_editor\/"}]}},"_links":{"self":[{"href":"https:\/\/www.serbis.es\/serbis\/blog\/wp-json\/wp\/v2\/posts\/485"}],"collection":[{"href":"https:\/\/www.serbis.es\/serbis\/blog\/wp-json\/wp\/v2\/posts"}],"about":[{"href":"https:\/\/www.serbis.es\/serbis\/blog\/wp-json\/wp\/v2\/types\/post"}],"author":[{"embeddable":true,"href":"https:\/\/www.serbis.es\/serbis\/blog\/wp-json\/wp\/v2\/users\/3"}],"replies":[{"embeddable":true,"href":"https:\/\/www.serbis.es\/serbis\/blog\/wp-json\/wp\/v2\/comments?post=485"}],"version-history":[{"count":2,"href":"https:\/\/www.serbis.es\/serbis\/blog\/wp-json\/wp\/v2\/posts\/485\/revisions"}],"predecessor-version":[{"id":853,"href":"https:\/\/www.serbis.es\/serbis\/blog\/wp-json\/wp\/v2\/posts\/485\/revisions\/853"}],"wp:featuredmedia":[{"embeddable":true,"href":"https:\/\/www.serbis.es\/serbis\/blog\/wp-json\/wp\/v2\/media\/486"}],"wp:attachment":[{"href":"https:\/\/www.serbis.es\/serbis\/blog\/wp-json\/wp\/v2\/media?parent=485"}],"wp:term":[{"taxonomy":"category","embeddable":true,"href":"https:\/\/www.serbis.es\/serbis\/blog\/wp-json\/wp\/v2\/categories?post=485"},{"taxonomy":"post_tag","embeddable":true,"href":"https:\/\/www.serbis.es\/serbis\/blog\/wp-json\/wp\/v2\/tags?post=485"}],"curies":[{"name":"wp","href":"https:\/\/api.w.org\/{rel}","templated":true}]}}