{"id":5775,"date":"2023-11-23T13:38:03","date_gmt":"2023-11-23T13:38:03","guid":{"rendered":"https:\/\/www.serbis.es\/serbis\/blog\/?p=5775"},"modified":"2023-11-23T13:38:04","modified_gmt":"2023-11-23T13:38:04","slug":"entre-la-reutilizacion-y-la-digitalizacion-del-saneamiento","status":"publish","type":"post","link":"https:\/\/www.serbis.es\/serbis\/blog\/entre-la-reutilizacion-y-la-digitalizacion-del-saneamiento\/","title":{"rendered":"Entre la reutilizaci\u00f3n y la digitalizaci\u00f3n del saneamiento"},"content":{"rendered":"\t\t<div data-elementor-type=\"wp-post\" data-elementor-id=\"5775\" class=\"elementor elementor-5775\">\n\t\t\t\t\t\t\t\t\t<section class=\"elementor-section elementor-top-section elementor-element elementor-element-25a1d17e elementor-section-boxed elementor-section-height-default elementor-section-height-default\" data-id=\"25a1d17e\" data-element_type=\"section\" data-settings=\"{&quot;jet_parallax_layout_list&quot;:[]}\">\n\t\t\t\t\t\t<div class=\"elementor-container elementor-column-gap-default\">\n\t\t\t\t\t<div class=\"elementor-column elementor-col-100 elementor-top-column elementor-element elementor-element-11fd0cdb\" data-id=\"11fd0cdb\" data-element_type=\"column\">\n\t\t\t<div class=\"elementor-widget-wrap elementor-element-populated\">\n\t\t\t\t\t\t\t\t<div class=\"elementor-element elementor-element-5e30e966 elementor-widget elementor-widget-text-editor\" data-id=\"5e30e966\" data-element_type=\"widget\" data-widget_type=\"text-editor.default\">\n\t\t\t\t<div class=\"elementor-widget-container\">\n\t\t\t<style>\/*! elementor - v3.14.0 - 26-06-2023 *\/\n.elementor-widget-text-editor.elementor-drop-cap-view-stacked .elementor-drop-cap{background-color:#69727d;color:#fff}.elementor-widget-text-editor.elementor-drop-cap-view-framed .elementor-drop-cap{color:#69727d;border:3px solid;background-color:transparent}.elementor-widget-text-editor:not(.elementor-drop-cap-view-default) .elementor-drop-cap{margin-top:8px}.elementor-widget-text-editor:not(.elementor-drop-cap-view-default) .elementor-drop-cap-letter{width:1em;height:1em}.elementor-widget-text-editor .elementor-drop-cap{float:left;text-align:center;line-height:1;font-size:50px}.elementor-widget-text-editor .elementor-drop-cap-letter{display:inline-block}<\/style>\t\t\t\t<!-- wp:paragraph -->\n<p>Nuestro pa\u00eds sigue dando pasos en materia de reutilizaci\u00f3n de las aguas residuales, para reducir es estr\u00e9s h\u00eddrico, y de digitalizaci\u00f3n de las instalaciones de saneamiento, para mejorar la calidad de las aguas tratadas&#8230;<\/p>\n<h3>Espa\u00f1a avanza en reutilizaci\u00f3n de aguas residuales<\/h3>\n<p><img decoding=\"async\" loading=\"lazy\" class=\"alignnone size-full wp-image-5777\" src=\"https:\/\/www.serbis.es\/serbis\/blog\/wp-content\/uploads\/reutilizacion-agua.jpg\" alt=\"\" width=\"630\" height=\"315\" srcset=\"https:\/\/www.serbis.es\/serbis\/blog\/wp-content\/uploads\/reutilizacion-agua.jpg 630w, https:\/\/www.serbis.es\/serbis\/blog\/wp-content\/uploads\/reutilizacion-agua-300x150.jpg 300w, https:\/\/www.serbis.es\/serbis\/blog\/wp-content\/uploads\/reutilizacion-agua-370x185.jpg 370w\" sizes=\"(max-width: 630px) 100vw, 630px\" \/><\/p>\n<p>El pasado 19 de noviembre se celebr\u00f3 el <strong>D\u00eda Mundial del Retrete<\/strong>, una jornada que pone el \u00e9nfasis en la necesidad de seguir avanzando en <strong>saneamiento de aguas residuales y alcantarillado<\/strong>. <a href=\"https:\/\/www.elconfidencial.com\/medioambiente\/agua\/2023-11-19\/dia-mundial-saneamiento-aguas-residuales-bra_3774271\/\">En el caso de Espa\u00f1a<\/a>, los principales esfuerzos se est\u00e1n realizando en el \u00e1mbito de <strong>la reutilizaci\u00f3n de las aguas residuales<\/strong>, con el objetivo de maximizar los usos de un recurso vital y cada vez m\u00e1s escaso.<\/p>\n<p>En concreto, a lo largo y ancho de toda la geograf\u00eda espa\u00f1ola hay actualmente en marcha <strong>m\u00faltiples proyectos para desarrollar nuevas infraestructuras<\/strong> que permitan dotar de una segunda vida a las aguas fecales que arrojamos por los sumideros. Por ejemplo, provincias como <strong>Alicante y Murcia<\/strong> est\u00e1n desarrollando diferentes iniciativas para reutilizar las aguas sucias y, en consecuencia, <strong>reducir su huella h\u00eddrica.<\/strong><\/p>\n<h3>La digitalizaci\u00f3n del saneamiento sigue su curso<\/h3>\n<p><img decoding=\"async\" loading=\"lazy\" class=\"alignnone size-full wp-image-5802\" src=\"https:\/\/www.serbis.es\/serbis\/blog\/wp-content\/uploads\/digitalizacion-aguas-residuales.webp\" alt=\"\" width=\"800\" height=\"541\" srcset=\"https:\/\/www.serbis.es\/serbis\/blog\/wp-content\/uploads\/digitalizacion-aguas-residuales.webp 800w, https:\/\/www.serbis.es\/serbis\/blog\/wp-content\/uploads\/digitalizacion-aguas-residuales-300x203.webp 300w, https:\/\/www.serbis.es\/serbis\/blog\/wp-content\/uploads\/digitalizacion-aguas-residuales-768x519.webp 768w, https:\/\/www.serbis.es\/serbis\/blog\/wp-content\/uploads\/digitalizacion-aguas-residuales-370x250.webp 370w\" sizes=\"(max-width: 800px) 100vw, 800px\" \/><\/p>\n<p>El sector del saneamiento de aguas residuales no es ajeno a la ola de<strong> disrupci\u00f3n tecnol\u00f3gica<\/strong> que afecta a todos los sectores y actividades econ\u00f3micas. De hecho, ya es posible afirmar que <strong>las estaciones depuradoras de aguas residuales (EDAR)<\/strong> presentan en la actualidad <a href=\"https:\/\/www.iagua.es\/blogs\/luis-larrea-urcola\/evolucion-digitalizacion-ambito-tratamiento-aguas-residuales\" class=\"broken_link\">un funcionamiento radicalmente distinto<\/a> al de hace unos a\u00f1os por el uso de la tecnolog\u00eda.<\/p>\n<p>En concreto, las estrictas normas que se han ido introduciendo durante los \u00faltimos tiempos sobre <strong>calidad de las aguas tratadas<\/strong> en las estaciones depuradoras han hecho que estas instalaciones introduzcan herramientas de automatizaci\u00f3n y control cada vez m\u00e1s sofisticadas. De cara al futuro, esta <strong>digitalizaci\u00f3n del saneamiento<\/strong> se intensificar\u00e1, incorpor\u00e1ndose nuevas tecnolog\u00edas tanto en las remodelaciones de las EDAR existentes como en la construcci\u00f3n de otras nuevas.<\/p>\n<h3>Bill Gates se cuela en las alcantarillas de Bruselas<\/h3>\n<p><img decoding=\"async\" loading=\"lazy\" class=\"alignnone size-full wp-image-5794\" src=\"https:\/\/www.serbis.es\/serbis\/blog\/wp-content\/uploads\/bill-gates-alcantarillas.jpg\" alt=\"\" width=\"630\" height=\"315\" srcset=\"https:\/\/www.serbis.es\/serbis\/blog\/wp-content\/uploads\/bill-gates-alcantarillas.jpg 630w, https:\/\/www.serbis.es\/serbis\/blog\/wp-content\/uploads\/bill-gates-alcantarillas-300x150.jpg 300w, https:\/\/www.serbis.es\/serbis\/blog\/wp-content\/uploads\/bill-gates-alcantarillas-370x185.jpg 370w\" sizes=\"(max-width: 630px) 100vw, 630px\" \/><\/p>\n<p>Habitualmente, las alcantarillas de las grandes ciudades europeas son transitadas \u00fanicamente por operarios municipales, <strong>profesionales de la pocer\u00eda<\/strong> como los que formamos el equipo de Serbis y alg\u00fan que otro animal, fundamentalmente roedores. En raras ocasiones <strong>un empresario del sector tecnol\u00f3gico<\/strong> se introduce en los sistemas de alcantarillado, pero <a href=\"https:\/\/www.xataka.com\/medicina-y-salud\/bill-gates-se-esta-metiendo-alcantarillas-bruselas-ensenando-heces-conferencias-tiene-buenos-motivos\">esta semana se ha producido una excepci\u00f3n<\/a> con motivo del<strong> D\u00eda Mundial del Retrete<\/strong>.<\/p>\n<p>El multimillonario fundador de Microsoft,<strong> Bill Gates<\/strong>, dentro de su intensa actividad filantr\u00f3pica, se ha colado en la red de canalizaciones de aguas residuales de la ciudad de <strong>Bruselas<\/strong> con el objetivo de conocer la capital de B\u00e9lgica de una manera poco habitual. Pero tambi\u00e9n lo ha hecho para reclamar que <strong>los lugares m\u00e1s pobres del mundo puedan disfrutar de sistemas de saneamiento de aguas residuales<\/strong> modernos y evitar as\u00ed millones de muertes por c\u00f3lera, fiebre tifoidea, difteria o par\u00e1sitos intestinales.<\/p>\n<h3>Alcantarillado artesanal en una barriada de Ceuta<\/h3>\n<p><img decoding=\"async\" loading=\"lazy\" class=\"alignnone size-full wp-image-5787\" src=\"https:\/\/www.serbis.es\/serbis\/blog\/wp-content\/uploads\/alcantarillas-ceuta-1.jpg\" alt=\"\" width=\"630\" height=\"315\" srcset=\"https:\/\/www.serbis.es\/serbis\/blog\/wp-content\/uploads\/alcantarillas-ceuta-1.jpg 630w, https:\/\/www.serbis.es\/serbis\/blog\/wp-content\/uploads\/alcantarillas-ceuta-1-300x150.jpg 300w, https:\/\/www.serbis.es\/serbis\/blog\/wp-content\/uploads\/alcantarillas-ceuta-1-370x185.jpg 370w\" sizes=\"(max-width: 630px) 100vw, 630px\" \/><\/p>\n<p>Los vecinos de la barriada ceut\u00ed de <strong>Arcos Quebrados<\/strong> llevan mucho tiempo esperando que el Gobierno de la ciudad aut\u00f3noma se acuerde de ellos y acometa la construcci\u00f3n de un sistema de <strong>saneamiento de aguas residuales y alcantarillado<\/strong>. Sin embargo, estas ansiadas infraestructuras <a href=\"https:\/\/elpueblodeceuta.es\/art\/88030\/la-barriada-ceuti-donde-se-fabricaron-su-propio-alcantarillado\" class=\"broken_link\">nunca terminan de llegar<\/a>.<\/p>\n<p>Es por eso que estos mismos vecinos decidieron actuar por su cuenta y riesgo hace varios a\u00f1os, <strong>creando una peculiar red de alcantarillas artesanales<\/strong>. Haciendo uso de varios tubos, construyeron una serie de canalizaciones por las que todav\u00eda fluyen sus <strong>aguas residuales y tambi\u00e9n las fluviales<\/strong>. Y no s\u00f3lo eso, pues fueron ellos mismos quienes tambi\u00e9n asumieron el asfaltado de sus calles ante la situaci\u00f3n de abandono que aseguran padecer.<\/p>\n<p>\u00a0<\/p>\n<!-- \/wp:paragraph --><!-- \/wp:paragraph --><!-- \/wp:paragraph -->\n<p>*Si quieres contarnos algo puedes llamarnos al <strong>n\u00famero de tel\u00e9fono 91 610 62 53<\/strong> y si te gusta estar informado de las noticias nacionales e internacionales m\u00e1s interesantes de las industrias de la pocer\u00eda, el alcantarillado y el saneamiento de aguas fecales, visita <a href=\"https:\/\/www.serbis.es\/\" target=\"_blank\" rel=\"noreferrer noopener\"><strong>Serbis.es<\/strong><\/a> y <strong>s\u00edguenos en las redes sociales<\/strong>:<\/p>\n<p><!-- \/wp:paragraph --><\/p>\n<p><!-- wp:image {\"id\":691,\"linkDestination\":\"custom\"} --><\/p>\n<figure><a href=\"https:\/\/www.facebook.com\/SerbisPoceria\/\" class=\"broken_link\"><img decoding=\"async\" src=\"https:\/\/www.serbis.es\/serbis\/blog\/wp-content\/uploads\/facebook.jpg\" alt=\"facebook\" \/><\/a><\/figure>\n<p><!-- \/wp:image --><\/p>\n<p><!-- wp:image {\"id\":692,\"linkDestination\":\"custom\"} --><\/p>\n<figure><a href=\"https:\/\/twitter.com\/serbis_poceria\"><img decoding=\"async\" src=\"https:\/\/www.serbis.es\/serbis\/blog\/wp-content\/uploads\/twitter.jpg\" alt=\"twitter\" \/><\/a><\/figure>\n<p><!-- \/wp:image --><\/p>\n<p><!-- wp:image {\"id\":1462,\"linkDestination\":\"custom\"} --><\/p>\n<figure><a href=\"https:\/\/www.instagram.com\/serbis_poceria\/\" class=\"broken_link\"><img decoding=\"async\" src=\"https:\/\/www.serbis.es\/serbis\/blog\/wp-content\/uploads\/instagram.jpg\" alt=\"\" \/><\/a><\/figure>\n<p><!-- \/wp:image --><\/p>\n<p><!-- wp:image {\"id\":693,\"linkDestination\":\"custom\"} --><\/p>\n<figure><a href=\"https:\/\/es.linkedin.com\/company\/poceria-serbis\"><img decoding=\"async\" src=\"https:\/\/www.serbis.es\/serbis\/blog\/wp-content\/uploads\/linkedin.jpg\" alt=\"linkedin\" \/><\/a><\/figure>\n<p><!-- \/wp:image --><\/p>\n<p><!-- wp:image {\"id\":694,\"linkDestination\":\"custom\"} --><\/p>\n<figure><a href=\"https:\/\/www.youtube.com\/channel\/UCSIAPGXKlWyOmHRZo9YCpBQ\"><img decoding=\"async\" src=\"https:\/\/www.serbis.es\/serbis\/blog\/wp-content\/uploads\/youtube.jpg\" alt=\"youtube\" \/><\/a><\/figure>\n<p><!-- \/wp:image --><\/p>\n<p><!-- wp:image {\"id\":696,\"linkDestination\":\"custom\"} --><\/p>\n<figure><a href=\"https:\/\/vimeo.com\/user9248661\"><img decoding=\"async\" src=\"https:\/\/www.serbis.es\/serbis\/blog\/wp-content\/uploads\/vimeo.jpg\" alt=\"vimeo\" \/><\/a><\/figure>\n<p><!-- \/wp:image --><\/p>\n<p><!-- wp:image {\"id\":698,\"linkDestination\":\"custom\"} --><\/p>\n<figure><a href=\"https:\/\/www.flickr.com\/photos\/155074596@N06\/\"><img decoding=\"async\" src=\"https:\/\/www.serbis.es\/serbis\/blog\/wp-content\/uploads\/flickr.jpg\" alt=\"flickr\" \/><\/a><\/figure>\n<p><!-- \/wp:image --><\/p>\n<p><!-- wp:image {\"id\":697,\"linkDestination\":\"custom\"} --><\/p>\n<figure><a href=\"https:\/\/www.pinterest.es\/pin\/133348838938250902\/\"><img decoding=\"async\" src=\"https:\/\/www.serbis.es\/serbis\/blog\/wp-content\/uploads\/pinterest.jpg\" alt=\"pinterest\" \/><\/a><\/figure>\n<p><!-- \/wp:paragraph --><\/p>\n<p><!-- \/wp:paragraph --><\/p>\n<p>\u00a0<\/p>\n<!-- \/wp:paragraph -->\t\t\t\t\t\t<\/div>\n\t\t\t\t<\/div>\n\t\t\t\t\t<\/div>\n\t\t<\/div>\n\t\t\t\t\t\t\t<\/div>\n\t\t<\/section>\n\t\t\t\t\t\t\t<\/div>\n\t\t","protected":false},"excerpt":{"rendered":"<p>Espa\u00f1a avanza en reutilizaci\u00f3n de las aguas residuales, para reducir es estr\u00e9s h\u00eddrico, y de digitalizaci\u00f3n de las instalaciones de saneamiento, para mejorar la calidad de las aguas tratadas<\/p>\n","protected":false},"author":3,"featured_media":5802,"comment_status":"open","ping_status":"open","sticky":false,"template":"","format":"standard","meta":{"_mi_skip_tracking":false,"_monsterinsights_sitenote_active":false,"_monsterinsights_sitenote_note":"","_monsterinsights_sitenote_category":0},"categories":[17,2,32],"tags":[75,22,61,59,40,109],"yoast_head":"<!-- This site is optimized with the Yoast SEO plugin v20.10 - https:\/\/yoast.com\/wordpress\/plugins\/seo\/ -->\n<title>Entre la reutilizaci\u00f3n y la digitalizaci\u00f3n del saneamiento - Blog de Serbis<\/title>\n<meta name=\"description\" content=\"Espa\u00f1a avanza en reutilizaci\u00f3n de las aguas residuales, para reducir es estr\u00e9s h\u00eddrico, y de digitalizaci\u00f3n de las instalaciones de saneamiento, para mejorar la calidad de las aguas tratadas\" \/>\n<meta name=\"robots\" content=\"index, follow, max-snippet:-1, max-image-preview:large, max-video-preview:-1\" \/>\n<link rel=\"canonical\" href=\"https:\/\/www.serbis.es\/serbis\/blog\/entre-la-reutilizacion-y-la-digitalizacion-del-saneamiento\/\" \/>\n<meta property=\"og:locale\" content=\"es_ES\" \/>\n<meta property=\"og:type\" content=\"article\" \/>\n<meta property=\"og:title\" content=\"Entre la reutilizaci\u00f3n y la digitalizaci\u00f3n del saneamiento - Blog de Serbis\" \/>\n<meta property=\"og:description\" content=\"Espa\u00f1a avanza en reutilizaci\u00f3n de las aguas residuales, para reducir es estr\u00e9s h\u00eddrico, y de digitalizaci\u00f3n de las instalaciones de saneamiento, para mejorar la calidad de las aguas tratadas\" \/>\n<meta property=\"og:url\" content=\"https:\/\/www.serbis.es\/serbis\/blog\/entre-la-reutilizacion-y-la-digitalizacion-del-saneamiento\/\" \/>\n<meta property=\"og:site_name\" content=\"Blog de Serbis\" \/>\n<meta property=\"article:author\" content=\"https:\/\/www.facebook.com\/SerbisPoceria\/\" \/>\n<meta property=\"article:published_time\" content=\"2023-11-23T13:38:03+00:00\" \/>\n<meta property=\"article:modified_time\" content=\"2023-11-23T13:38:04+00:00\" \/>\n<meta property=\"og:image\" content=\"https:\/\/www.serbis.es\/serbis\/blog\/wp-content\/uploads\/digitalizacion-aguas-residuales.webp\" \/>\n\t<meta property=\"og:image:width\" content=\"800\" \/>\n\t<meta property=\"og:image:height\" content=\"541\" \/>\n\t<meta property=\"og:image:type\" content=\"image\/webp\" \/>\n<meta name=\"author\" content=\"Serbis Pocer\u00eda\" \/>\n<meta name=\"twitter:label1\" content=\"Escrito por\" \/>\n\t<meta name=\"twitter:data1\" content=\"Serbis Pocer\u00eda\" \/>\n\t<meta name=\"twitter:label2\" content=\"Tiempo de lectura\" \/>\n\t<meta name=\"twitter:data2\" content=\"6 minutos\" \/>\n<script type=\"application\/ld+json\" class=\"yoast-schema-graph\">{\"@context\":\"https:\/\/schema.org\",\"@graph\":[{\"@type\":\"WebPage\",\"@id\":\"https:\/\/www.serbis.es\/serbis\/blog\/entre-la-reutilizacion-y-la-digitalizacion-del-saneamiento\/\",\"url\":\"https:\/\/www.serbis.es\/serbis\/blog\/entre-la-reutilizacion-y-la-digitalizacion-del-saneamiento\/\",\"name\":\"Entre la reutilizaci\u00f3n y la digitalizaci\u00f3n del saneamiento - Blog de Serbis\",\"isPartOf\":{\"@id\":\"https:\/\/www.serbis.es\/serbis\/blog\/#website\"},\"datePublished\":\"2023-11-23T13:38:03+00:00\",\"dateModified\":\"2023-11-23T13:38:04+00:00\",\"author\":{\"@id\":\"https:\/\/www.serbis.es\/serbis\/blog\/#\/schema\/person\/449002ed602088d1463cc28957dee9ea\"},\"description\":\"Espa\u00f1a avanza en reutilizaci\u00f3n de las aguas residuales, para reducir es estr\u00e9s h\u00eddrico, y de digitalizaci\u00f3n de las instalaciones de saneamiento, para mejorar la calidad de las aguas tratadas\",\"breadcrumb\":{\"@id\":\"https:\/\/www.serbis.es\/serbis\/blog\/entre-la-reutilizacion-y-la-digitalizacion-del-saneamiento\/#breadcrumb\"},\"inLanguage\":\"es\",\"potentialAction\":[{\"@type\":\"ReadAction\",\"target\":[\"https:\/\/www.serbis.es\/serbis\/blog\/entre-la-reutilizacion-y-la-digitalizacion-del-saneamiento\/\"]}]},{\"@type\":\"BreadcrumbList\",\"@id\":\"https:\/\/www.serbis.es\/serbis\/blog\/entre-la-reutilizacion-y-la-digitalizacion-del-saneamiento\/#breadcrumb\",\"itemListElement\":[{\"@type\":\"ListItem\",\"position\":1,\"name\":\"Portada\",\"item\":\"https:\/\/www.serbis.es\/serbis\/blog\/\"},{\"@type\":\"ListItem\",\"position\":2,\"name\":\"Entre la reutilizaci\u00f3n y la digitalizaci\u00f3n del saneamiento\"}]},{\"@type\":\"WebSite\",\"@id\":\"https:\/\/www.serbis.es\/serbis\/blog\/#website\",\"url\":\"https:\/\/www.serbis.es\/serbis\/blog\/\",\"name\":\"Blog de Serbis\",\"description\":\"l\u00edderes en Espa\u00f1a en saneamiento de aguas con servicios de pocer\u00eda tradicional y sin zanjas\",\"potentialAction\":[{\"@type\":\"SearchAction\",\"target\":{\"@type\":\"EntryPoint\",\"urlTemplate\":\"https:\/\/www.serbis.es\/serbis\/blog\/?s={search_term_string}\"},\"query-input\":\"required name=search_term_string\"}],\"inLanguage\":\"es\"},{\"@type\":\"Person\",\"@id\":\"https:\/\/www.serbis.es\/serbis\/blog\/#\/schema\/person\/449002ed602088d1463cc28957dee9ea\",\"name\":\"Serbis Pocer\u00eda\",\"image\":{\"@type\":\"ImageObject\",\"inLanguage\":\"es\",\"@id\":\"https:\/\/www.serbis.es\/serbis\/blog\/#\/schema\/person\/image\/\",\"url\":\"https:\/\/secure.gravatar.com\/avatar\/1b95962073fbda6a54be252a727db96a?s=96&d=mm&r=g\",\"contentUrl\":\"https:\/\/secure.gravatar.com\/avatar\/1b95962073fbda6a54be252a727db96a?s=96&d=mm&r=g\",\"caption\":\"Serbis Pocer\u00eda\"},\"description\":\"Empresa especializada en soluciones de alcantarillado y saneamiento de agua, con gran experiencia en el sector y conocimiento de t\u00e9cnicas tanto de pocer\u00eda tradicional como de rehabilitaci\u00f3n de tuber\u00edas sin zanjas ni necesidad de obra civil\",\"sameAs\":[\"https:\/\/www.linkedin.com\/company\/poceria-serbis\",\"https:\/\/www.facebook.com\/SerbisPoceria\/\",\"https:\/\/twitter.com\/https:\/\/twitter.com\/serbis_poceria\"],\"url\":\"https:\/\/www.serbis.es\/serbis\/blog\/author\/perio_editor\/\"}]}<\/script>\n<!-- \/ Yoast SEO plugin. -->","yoast_head_json":{"title":"Entre la reutilizaci\u00f3n y la digitalizaci\u00f3n del saneamiento - Blog de Serbis","description":"Espa\u00f1a avanza en reutilizaci\u00f3n de las aguas residuales, para reducir es estr\u00e9s h\u00eddrico, y de digitalizaci\u00f3n de las instalaciones de saneamiento, para mejorar la calidad de las aguas tratadas","robots":{"index":"index","follow":"follow","max-snippet":"max-snippet:-1","max-image-preview":"max-image-preview:large","max-video-preview":"max-video-preview:-1"},"canonical":"https:\/\/www.serbis.es\/serbis\/blog\/entre-la-reutilizacion-y-la-digitalizacion-del-saneamiento\/","og_locale":"es_ES","og_type":"article","og_title":"Entre la reutilizaci\u00f3n y la digitalizaci\u00f3n del saneamiento - Blog de Serbis","og_description":"Espa\u00f1a avanza en reutilizaci\u00f3n de las aguas residuales, para reducir es estr\u00e9s h\u00eddrico, y de digitalizaci\u00f3n de las instalaciones de saneamiento, para mejorar la calidad de las aguas tratadas","og_url":"https:\/\/www.serbis.es\/serbis\/blog\/entre-la-reutilizacion-y-la-digitalizacion-del-saneamiento\/","og_site_name":"Blog de Serbis","article_author":"https:\/\/www.facebook.com\/SerbisPoceria\/","article_published_time":"2023-11-23T13:38:03+00:00","article_modified_time":"2023-11-23T13:38:04+00:00","og_image":[{"width":800,"height":541,"url":"https:\/\/www.serbis.es\/serbis\/blog\/wp-content\/uploads\/digitalizacion-aguas-residuales.webp","type":"image\/webp"}],"author":"Serbis Pocer\u00eda","twitter_misc":{"Escrito por":"Serbis Pocer\u00eda","Tiempo de lectura":"6 minutos"},"schema":{"@context":"https:\/\/schema.org","@graph":[{"@type":"WebPage","@id":"https:\/\/www.serbis.es\/serbis\/blog\/entre-la-reutilizacion-y-la-digitalizacion-del-saneamiento\/","url":"https:\/\/www.serbis.es\/serbis\/blog\/entre-la-reutilizacion-y-la-digitalizacion-del-saneamiento\/","name":"Entre la reutilizaci\u00f3n y la digitalizaci\u00f3n del saneamiento - Blog de Serbis","isPartOf":{"@id":"https:\/\/www.serbis.es\/serbis\/blog\/#website"},"datePublished":"2023-11-23T13:38:03+00:00","dateModified":"2023-11-23T13:38:04+00:00","author":{"@id":"https:\/\/www.serbis.es\/serbis\/blog\/#\/schema\/person\/449002ed602088d1463cc28957dee9ea"},"description":"Espa\u00f1a avanza en reutilizaci\u00f3n de las aguas residuales, para reducir es estr\u00e9s h\u00eddrico, y de digitalizaci\u00f3n de las instalaciones de saneamiento, para mejorar la calidad de las aguas tratadas","breadcrumb":{"@id":"https:\/\/www.serbis.es\/serbis\/blog\/entre-la-reutilizacion-y-la-digitalizacion-del-saneamiento\/#breadcrumb"},"inLanguage":"es","potentialAction":[{"@type":"ReadAction","target":["https:\/\/www.serbis.es\/serbis\/blog\/entre-la-reutilizacion-y-la-digitalizacion-del-saneamiento\/"]}]},{"@type":"BreadcrumbList","@id":"https:\/\/www.serbis.es\/serbis\/blog\/entre-la-reutilizacion-y-la-digitalizacion-del-saneamiento\/#breadcrumb","itemListElement":[{"@type":"ListItem","position":1,"name":"Portada","item":"https:\/\/www.serbis.es\/serbis\/blog\/"},{"@type":"ListItem","position":2,"name":"Entre la reutilizaci\u00f3n y la digitalizaci\u00f3n del saneamiento"}]},{"@type":"WebSite","@id":"https:\/\/www.serbis.es\/serbis\/blog\/#website","url":"https:\/\/www.serbis.es\/serbis\/blog\/","name":"Blog de Serbis","description":"l\u00edderes en Espa\u00f1a en saneamiento de aguas con servicios de pocer\u00eda tradicional y sin zanjas","potentialAction":[{"@type":"SearchAction","target":{"@type":"EntryPoint","urlTemplate":"https:\/\/www.serbis.es\/serbis\/blog\/?s={search_term_string}"},"query-input":"required name=search_term_string"}],"inLanguage":"es"},{"@type":"Person","@id":"https:\/\/www.serbis.es\/serbis\/blog\/#\/schema\/person\/449002ed602088d1463cc28957dee9ea","name":"Serbis Pocer\u00eda","image":{"@type":"ImageObject","inLanguage":"es","@id":"https:\/\/www.serbis.es\/serbis\/blog\/#\/schema\/person\/image\/","url":"https:\/\/secure.gravatar.com\/avatar\/1b95962073fbda6a54be252a727db96a?s=96&d=mm&r=g","contentUrl":"https:\/\/secure.gravatar.com\/avatar\/1b95962073fbda6a54be252a727db96a?s=96&d=mm&r=g","caption":"Serbis Pocer\u00eda"},"description":"Empresa especializada en soluciones de alcantarillado y saneamiento de agua, con gran experiencia en el sector y conocimiento de t\u00e9cnicas tanto de pocer\u00eda tradicional como de rehabilitaci\u00f3n de tuber\u00edas sin zanjas ni necesidad de obra civil","sameAs":["https:\/\/www.linkedin.com\/company\/poceria-serbis","https:\/\/www.facebook.com\/SerbisPoceria\/","https:\/\/twitter.com\/https:\/\/twitter.com\/serbis_poceria"],"url":"https:\/\/www.serbis.es\/serbis\/blog\/author\/perio_editor\/"}]}},"_links":{"self":[{"href":"https:\/\/www.serbis.es\/serbis\/blog\/wp-json\/wp\/v2\/posts\/5775"}],"collection":[{"href":"https:\/\/www.serbis.es\/serbis\/blog\/wp-json\/wp\/v2\/posts"}],"about":[{"href":"https:\/\/www.serbis.es\/serbis\/blog\/wp-json\/wp\/v2\/types\/post"}],"author":[{"embeddable":true,"href":"https:\/\/www.serbis.es\/serbis\/blog\/wp-json\/wp\/v2\/users\/3"}],"replies":[{"embeddable":true,"href":"https:\/\/www.serbis.es\/serbis\/blog\/wp-json\/wp\/v2\/comments?post=5775"}],"version-history":[{"count":29,"href":"https:\/\/www.serbis.es\/serbis\/blog\/wp-json\/wp\/v2\/posts\/5775\/revisions"}],"predecessor-version":[{"id":5812,"href":"https:\/\/www.serbis.es\/serbis\/blog\/wp-json\/wp\/v2\/posts\/5775\/revisions\/5812"}],"wp:featuredmedia":[{"embeddable":true,"href":"https:\/\/www.serbis.es\/serbis\/blog\/wp-json\/wp\/v2\/media\/5802"}],"wp:attachment":[{"href":"https:\/\/www.serbis.es\/serbis\/blog\/wp-json\/wp\/v2\/media?parent=5775"}],"wp:term":[{"taxonomy":"category","embeddable":true,"href":"https:\/\/www.serbis.es\/serbis\/blog\/wp-json\/wp\/v2\/categories?post=5775"},{"taxonomy":"post_tag","embeddable":true,"href":"https:\/\/www.serbis.es\/serbis\/blog\/wp-json\/wp\/v2\/tags?post=5775"}],"curies":[{"name":"wp","href":"https:\/\/api.w.org\/{rel}","templated":true}]}}