{"id":5850,"date":"2023-12-07T09:37:04","date_gmt":"2023-12-07T09:37:04","guid":{"rendered":"https:\/\/www.serbis.es\/serbis\/blog\/?p=5850"},"modified":"2023-12-07T09:37:05","modified_gmt":"2023-12-07T09:37:05","slug":"hora-de-llevar-el-saneamiento-a-pueblos-islas-y-fabricas","status":"publish","type":"post","link":"https:\/\/www.serbis.es\/serbis\/blog\/hora-de-llevar-el-saneamiento-a-pueblos-islas-y-fabricas\/","title":{"rendered":"Hora de llevar el saneamiento a pueblos, islas y f\u00e1bricas"},"content":{"rendered":"\t\t<div data-elementor-type=\"wp-post\" data-elementor-id=\"5850\" class=\"elementor elementor-5850\">\n\t\t\t\t\t\t\t\t\t<section class=\"elementor-section elementor-top-section elementor-element elementor-element-5be78133 elementor-section-boxed elementor-section-height-default elementor-section-height-default\" data-id=\"5be78133\" data-element_type=\"section\" data-settings=\"{&quot;jet_parallax_layout_list&quot;:[]}\">\n\t\t\t\t\t\t<div class=\"elementor-container elementor-column-gap-default\">\n\t\t\t\t\t<div class=\"elementor-column elementor-col-100 elementor-top-column elementor-element elementor-element-52827972\" data-id=\"52827972\" data-element_type=\"column\">\n\t\t\t<div class=\"elementor-widget-wrap elementor-element-populated\">\n\t\t\t\t\t\t\t\t<div class=\"elementor-element elementor-element-3697481d elementor-widget elementor-widget-text-editor\" data-id=\"3697481d\" data-element_type=\"widget\" data-widget_type=\"text-editor.default\">\n\t\t\t\t<div class=\"elementor-widget-container\">\n\t\t\t<style>\/*! elementor - v3.14.0 - 26-06-2023 *\/\n.elementor-widget-text-editor.elementor-drop-cap-view-stacked .elementor-drop-cap{background-color:#69727d;color:#fff}.elementor-widget-text-editor.elementor-drop-cap-view-framed .elementor-drop-cap{color:#69727d;border:3px solid;background-color:transparent}.elementor-widget-text-editor:not(.elementor-drop-cap-view-default) .elementor-drop-cap{margin-top:8px}.elementor-widget-text-editor:not(.elementor-drop-cap-view-default) .elementor-drop-cap-letter{width:1em;height:1em}.elementor-widget-text-editor .elementor-drop-cap{float:left;text-align:center;line-height:1;font-size:50px}.elementor-widget-text-editor .elementor-drop-cap-letter{display:inline-block}<\/style>\t\t\t\t<!-- wp:paragraph -->\n<p>El saneamiento de aguas residuales todav\u00eda no existe en centenares de pueblos espa\u00f1oles, as\u00ed como en peque\u00f1as islas e incluso la industria textil&#8230;<\/p>\n<h4>Todav\u00eda hay pueblos espa\u00f1oles que no depuran sus aguas<\/h4>\n<p><img decoding=\"async\" loading=\"lazy\" class=\"alignnone size-full wp-image-5852\" src=\"https:\/\/www.serbis.es\/serbis\/blog\/wp-content\/uploads\/depuracion-leon.jpg\" alt=\"\" width=\"630\" height=\"315\" srcset=\"https:\/\/www.serbis.es\/serbis\/blog\/wp-content\/uploads\/depuracion-leon.jpg 630w, https:\/\/www.serbis.es\/serbis\/blog\/wp-content\/uploads\/depuracion-leon-300x150.jpg 300w, https:\/\/www.serbis.es\/serbis\/blog\/wp-content\/uploads\/depuracion-leon-370x185.jpg 370w\" sizes=\"(max-width: 630px) 100vw, 630px\" \/><\/p>\n<p>Tendemos a pensar que el acceso a los <strong>sistemas de depuraci\u00f3n de aguas residuales<\/strong> es ya universal en Espa\u00f1a. Sin embargo, todav\u00eda hay numerosas localidades que no tienen acceso a servicios de este tipo. El \u00faltimo ejemplo lo hemos encontrado en la provincia de <strong>Le\u00f3n<\/strong>, que arroja unas cifras bastante representativas de la situaci\u00f3n en el conjunto de Espa\u00f1a.<\/p>\n<p>En concreto, todav\u00eda hay <strong>231 n\u00facleos de poblaci\u00f3n<\/strong> leoneses que no tienen acceso a ning\u00fan sistema de depuraci\u00f3n de aguas residuales, seg\u00fan la \u00faltima <a href=\"https:\/\/www.diariodeleon.es\/articulo\/provincia\/231-pueblos-provincia-carecen-sistemas-depuracion-aguas-residuales\/202312030233232400978.html\">&#8216;Encuesta de Infraestructuras y Equipamientos Locales&#8217;<\/a> de la Diputaci\u00f3n de Le\u00f3n. Tambi\u00e9n es alarmante el hecho de que<strong> solo 711 estaciones estaciones depuradoras de aguas residuales (EDAR) funcionan correctamente de las 1.345 existentes<\/strong>. Por el contrario, otras 711 funcionan con problemas y 147 directamente no se utilizan.<\/p>\n<h4>Proyecto pionero para reciclar aguas residuales del sector textil<\/h4>\n<p><img decoding=\"async\" loading=\"lazy\" class=\"alignnone wp-image-5866 size-full\" src=\"https:\/\/www.serbis.es\/serbis\/blog\/wp-content\/uploads\/aguas-residuales-textil.jpg\" alt=\"\" width=\"630\" height=\"315\" srcset=\"https:\/\/www.serbis.es\/serbis\/blog\/wp-content\/uploads\/aguas-residuales-textil.jpg 630w, https:\/\/www.serbis.es\/serbis\/blog\/wp-content\/uploads\/aguas-residuales-textil-300x150.jpg 300w, https:\/\/www.serbis.es\/serbis\/blog\/wp-content\/uploads\/aguas-residuales-textil-370x185.jpg 370w\" sizes=\"(max-width: 630px) 100vw, 630px\" \/><\/p>\n<p>La industria textil no s\u00f3lo es una de las m\u00e1s contaminantes del mundo por la gran cantidad de residuos que genera, sino tambi\u00e9n por su <strong>elevado consumo de energ\u00eda, productos qu\u00edmicos y agua<\/strong>. De hecho, las aguas empleadas en la elaboraci\u00f3n de la ropa no suelen poder reutilizarse por la elevada carga de <strong>part\u00edculas contaminantes<\/strong> que incorporan.<\/p>\n<p>Afortunadamente, esta situaci\u00f3n podr\u00eda cambiar durante los pr\u00f3ximos a\u00f1os. Entre otras razones, porque un centro tecnol\u00f3gico espa\u00f1ol, Aitex, <a href=\"https:\/\/www.retema.es\/actualidad\/aitex-valida-el-reciclaje-de-aguas-residuales-de-la-industria-textil\" class=\"broken_link\">ha realizado un estudio<\/a> que valida la posibilidad de <strong>reciclar las aguas residuales procedentes de las estaciones depuradoras<\/strong> del sector textil. En concreto, este proyecto introduce una <strong>depuraci\u00f3n previa<\/strong> que optimiza el proceso de depuraci\u00f3n de las aguas.<\/p>\n<h4>Canarias declara de inter\u00e9s regional el saneamiento de La Graciosa<\/h4>\n<p><img decoding=\"async\" loading=\"lazy\" class=\"alignnone size-full wp-image-5861\" src=\"https:\/\/www.serbis.es\/serbis\/blog\/wp-content\/uploads\/saneamiento-isla-graciosa.jpg\" alt=\"\" width=\"630\" height=\"315\" srcset=\"https:\/\/www.serbis.es\/serbis\/blog\/wp-content\/uploads\/saneamiento-isla-graciosa.jpg 630w, https:\/\/www.serbis.es\/serbis\/blog\/wp-content\/uploads\/saneamiento-isla-graciosa-300x150.jpg 300w, https:\/\/www.serbis.es\/serbis\/blog\/wp-content\/uploads\/saneamiento-isla-graciosa-370x185.jpg 370w\" sizes=\"(max-width: 630px) 100vw, 630px\" \/><\/p>\n<p>La isla de <strong>La Graciosa<\/strong> siempre ha sido considerada como la octava de las maravillosas <strong>Islas Canarias<\/strong>. Sin embargo, tanto el abastecimiento de agua potable como el <strong>saneamiento de aguas residuales<\/strong> <a href=\"https:\/\/tiempodecanarias.com\/noticia\/politica\/el-gobierno-declara-de-interes-regional-el-abastecimiento-de-agua-y-saneamiento-de-la-graciosa\">dista mucho de ser maravilloso<\/a> en esta peque\u00f1a isla en la que actualmente residen <strong>menos de 800 personas<\/strong>.<\/p>\n<p>Es por ello que el Gobierno de Canarias ha decidido declarar <strong>de inter\u00e9s regional tanto el abastecimiento como el saneamiento<\/strong> de La Graciosa. El objetivo es evitar el peligro medioambiental derivado de la evacuaci\u00f3n incontrolada de aguas fecales, que deber\u00eda solucionarse con la entrada en funcionamiento de <strong>una nueva estaci\u00f3n depuradora de aguas residuales<\/strong> (EDAR), cuya construcci\u00f3n permanece paralizada desde el a\u00f1o 2018.<\/p>\n<p>\u00a0<\/p>\n<!-- \/wp:paragraph --><!-- \/wp:paragraph --><!-- \/wp:paragraph --><!-- \/wp:paragraph --><!-- \/wp:paragraph -->\n<p>*Si quieres contarnos algo puedes llamarnos al <strong>n\u00famero de tel\u00e9fono 91 610 62 53<\/strong> y si te gusta estar informado de las noticias nacionales e internacionales m\u00e1s interesantes de las industrias de la pocer\u00eda, el alcantarillado y el saneamiento de aguas fecales, visita <a href=\"https:\/\/www.serbis.es\/\" target=\"_blank\" rel=\"noreferrer noopener\"><strong>Serbis.es<\/strong><\/a> y <strong>s\u00edguenos en las redes sociales<\/strong>:<\/p>\n<p><!-- \/wp:paragraph --><\/p>\n<p><!-- wp:image {\"id\":691,\"linkDestination\":\"custom\"} --><\/p>\n<figure><a href=\"https:\/\/www.facebook.com\/SerbisPoceria\/\" class=\"broken_link\"><img decoding=\"async\" src=\"https:\/\/www.serbis.es\/serbis\/blog\/wp-content\/uploads\/facebook.jpg\" alt=\"facebook\" \/><\/a><\/figure>\n<p><!-- \/wp:image --><\/p>\n<p><!-- wp:image {\"id\":692,\"linkDestination\":\"custom\"} --><\/p>\n<figure><a href=\"https:\/\/twitter.com\/serbis_poceria\"><img decoding=\"async\" src=\"https:\/\/www.serbis.es\/serbis\/blog\/wp-content\/uploads\/twitter.jpg\" alt=\"twitter\" \/><\/a><\/figure>\n<p><!-- \/wp:image --><\/p>\n<p><!-- wp:image {\"id\":1462,\"linkDestination\":\"custom\"} --><\/p>\n<figure><a href=\"https:\/\/www.instagram.com\/serbis_poceria\/\" class=\"broken_link\"><img decoding=\"async\" src=\"https:\/\/www.serbis.es\/serbis\/blog\/wp-content\/uploads\/instagram.jpg\" alt=\"\" \/><\/a><\/figure>\n<p><!-- \/wp:image --><\/p>\n<p><!-- wp:image {\"id\":693,\"linkDestination\":\"custom\"} --><\/p>\n<figure><a href=\"https:\/\/es.linkedin.com\/company\/poceria-serbis\"><img decoding=\"async\" src=\"https:\/\/www.serbis.es\/serbis\/blog\/wp-content\/uploads\/linkedin.jpg\" alt=\"linkedin\" \/><\/a><\/figure>\n<p><!-- \/wp:image --><\/p>\n<p><!-- wp:image {\"id\":694,\"linkDestination\":\"custom\"} --><\/p>\n<figure><a href=\"https:\/\/www.youtube.com\/channel\/UCSIAPGXKlWyOmHRZo9YCpBQ\"><img decoding=\"async\" src=\"https:\/\/www.serbis.es\/serbis\/blog\/wp-content\/uploads\/youtube.jpg\" alt=\"youtube\" \/><\/a><\/figure>\n<p><!-- \/wp:image --><\/p>\n<p><!-- wp:image {\"id\":696,\"linkDestination\":\"custom\"} --><\/p>\n<figure><a href=\"https:\/\/vimeo.com\/user9248661\"><img decoding=\"async\" src=\"https:\/\/www.serbis.es\/serbis\/blog\/wp-content\/uploads\/vimeo.jpg\" alt=\"vimeo\" \/><\/a><\/figure>\n<p><!-- \/wp:image --><\/p>\n<p><!-- wp:image {\"id\":698,\"linkDestination\":\"custom\"} --><\/p>\n<figure><a href=\"https:\/\/www.flickr.com\/photos\/155074596@N06\/\"><img decoding=\"async\" src=\"https:\/\/www.serbis.es\/serbis\/blog\/wp-content\/uploads\/flickr.jpg\" alt=\"flickr\" \/><\/a><\/figure>\n<p><!-- \/wp:image --><\/p>\n<p><!-- wp:image {\"id\":697,\"linkDestination\":\"custom\"} --><\/p>\n<figure><a href=\"https:\/\/www.pinterest.es\/pin\/133348838938250902\/\"><img decoding=\"async\" src=\"https:\/\/www.serbis.es\/serbis\/blog\/wp-content\/uploads\/pinterest.jpg\" alt=\"pinterest\" \/><\/a><\/figure>\n<p><!-- \/wp:paragraph --><\/p>\n<p><!-- \/wp:paragraph --><\/p>\n<p>\u00a0<\/p>\n<!-- \/wp:paragraph -->\t\t\t\t\t\t<\/div>\n\t\t\t\t<\/div>\n\t\t\t\t\t<\/div>\n\t\t<\/div>\n\t\t\t\t\t\t\t<\/div>\n\t\t<\/section>\n\t\t\t\t\t\t\t<\/div>\n\t\t","protected":false},"excerpt":{"rendered":"<p>El saneamiento de aguas residuales todav\u00eda no existe en centenares de pueblos espa\u00f1oles, as\u00ed como en peque\u00f1as islas e incluso la industria textil<\/p>\n","protected":false},"author":3,"featured_media":5861,"comment_status":"open","ping_status":"open","sticky":false,"template":"","format":"standard","meta":{"_mi_skip_tracking":false,"_monsterinsights_sitenote_active":false,"_monsterinsights_sitenote_note":"","_monsterinsights_sitenote_category":0},"categories":[17,2,32],"tags":[75,22,61,59,40,109],"yoast_head":"<!-- This site is optimized with the Yoast SEO plugin v20.10 - https:\/\/yoast.com\/wordpress\/plugins\/seo\/ -->\n<title>Hora de llevar el saneamiento a pueblos, islas y f\u00e1bricas - Blog de Serbis<\/title>\n<meta name=\"description\" content=\"El saneamiento de aguas residuales todav\u00eda no existe en centenares de pueblos espa\u00f1oles, as\u00ed como en peque\u00f1as islas e incluso la industria textil\" \/>\n<meta name=\"robots\" content=\"index, follow, max-snippet:-1, max-image-preview:large, max-video-preview:-1\" \/>\n<link rel=\"canonical\" href=\"https:\/\/www.serbis.es\/serbis\/blog\/hora-de-llevar-el-saneamiento-a-pueblos-islas-y-fabricas\/\" \/>\n<meta property=\"og:locale\" content=\"es_ES\" \/>\n<meta property=\"og:type\" content=\"article\" \/>\n<meta property=\"og:title\" content=\"Hora de llevar el saneamiento a pueblos, islas y f\u00e1bricas - Blog de Serbis\" \/>\n<meta property=\"og:description\" content=\"El saneamiento de aguas residuales todav\u00eda no existe en centenares de pueblos espa\u00f1oles, as\u00ed como en peque\u00f1as islas e incluso la industria textil\" \/>\n<meta property=\"og:url\" content=\"https:\/\/www.serbis.es\/serbis\/blog\/hora-de-llevar-el-saneamiento-a-pueblos-islas-y-fabricas\/\" \/>\n<meta property=\"og:site_name\" content=\"Blog de Serbis\" \/>\n<meta property=\"article:author\" content=\"https:\/\/www.facebook.com\/SerbisPoceria\/\" \/>\n<meta property=\"article:published_time\" content=\"2023-12-07T09:37:04+00:00\" \/>\n<meta property=\"article:modified_time\" content=\"2023-12-07T09:37:05+00:00\" \/>\n<meta property=\"og:image\" content=\"https:\/\/www.serbis.es\/serbis\/blog\/wp-content\/uploads\/saneamiento-isla-graciosa.jpg\" \/>\n\t<meta property=\"og:image:width\" content=\"630\" \/>\n\t<meta property=\"og:image:height\" content=\"315\" \/>\n\t<meta property=\"og:image:type\" content=\"image\/jpeg\" \/>\n<meta name=\"author\" content=\"Serbis Pocer\u00eda\" \/>\n<meta name=\"twitter:label1\" content=\"Escrito por\" \/>\n\t<meta name=\"twitter:data1\" content=\"Serbis Pocer\u00eda\" \/>\n\t<meta name=\"twitter:label2\" content=\"Tiempo de lectura\" \/>\n\t<meta name=\"twitter:data2\" content=\"5 minutos\" \/>\n<script type=\"application\/ld+json\" class=\"yoast-schema-graph\">{\"@context\":\"https:\/\/schema.org\",\"@graph\":[{\"@type\":\"WebPage\",\"@id\":\"https:\/\/www.serbis.es\/serbis\/blog\/hora-de-llevar-el-saneamiento-a-pueblos-islas-y-fabricas\/\",\"url\":\"https:\/\/www.serbis.es\/serbis\/blog\/hora-de-llevar-el-saneamiento-a-pueblos-islas-y-fabricas\/\",\"name\":\"Hora de llevar el saneamiento a pueblos, islas y f\u00e1bricas - Blog de Serbis\",\"isPartOf\":{\"@id\":\"https:\/\/www.serbis.es\/serbis\/blog\/#website\"},\"datePublished\":\"2023-12-07T09:37:04+00:00\",\"dateModified\":\"2023-12-07T09:37:05+00:00\",\"author\":{\"@id\":\"https:\/\/www.serbis.es\/serbis\/blog\/#\/schema\/person\/449002ed602088d1463cc28957dee9ea\"},\"description\":\"El saneamiento de aguas residuales todav\u00eda no existe en centenares de pueblos espa\u00f1oles, as\u00ed como en peque\u00f1as islas e incluso la industria textil\",\"breadcrumb\":{\"@id\":\"https:\/\/www.serbis.es\/serbis\/blog\/hora-de-llevar-el-saneamiento-a-pueblos-islas-y-fabricas\/#breadcrumb\"},\"inLanguage\":\"es\",\"potentialAction\":[{\"@type\":\"ReadAction\",\"target\":[\"https:\/\/www.serbis.es\/serbis\/blog\/hora-de-llevar-el-saneamiento-a-pueblos-islas-y-fabricas\/\"]}]},{\"@type\":\"BreadcrumbList\",\"@id\":\"https:\/\/www.serbis.es\/serbis\/blog\/hora-de-llevar-el-saneamiento-a-pueblos-islas-y-fabricas\/#breadcrumb\",\"itemListElement\":[{\"@type\":\"ListItem\",\"position\":1,\"name\":\"Portada\",\"item\":\"https:\/\/www.serbis.es\/serbis\/blog\/\"},{\"@type\":\"ListItem\",\"position\":2,\"name\":\"Hora de llevar el saneamiento a pueblos, islas y f\u00e1bricas\"}]},{\"@type\":\"WebSite\",\"@id\":\"https:\/\/www.serbis.es\/serbis\/blog\/#website\",\"url\":\"https:\/\/www.serbis.es\/serbis\/blog\/\",\"name\":\"Blog de Serbis\",\"description\":\"l\u00edderes en Espa\u00f1a en saneamiento de aguas con servicios de pocer\u00eda tradicional y sin zanjas\",\"potentialAction\":[{\"@type\":\"SearchAction\",\"target\":{\"@type\":\"EntryPoint\",\"urlTemplate\":\"https:\/\/www.serbis.es\/serbis\/blog\/?s={search_term_string}\"},\"query-input\":\"required name=search_term_string\"}],\"inLanguage\":\"es\"},{\"@type\":\"Person\",\"@id\":\"https:\/\/www.serbis.es\/serbis\/blog\/#\/schema\/person\/449002ed602088d1463cc28957dee9ea\",\"name\":\"Serbis Pocer\u00eda\",\"image\":{\"@type\":\"ImageObject\",\"inLanguage\":\"es\",\"@id\":\"https:\/\/www.serbis.es\/serbis\/blog\/#\/schema\/person\/image\/\",\"url\":\"https:\/\/secure.gravatar.com\/avatar\/1b95962073fbda6a54be252a727db96a?s=96&d=mm&r=g\",\"contentUrl\":\"https:\/\/secure.gravatar.com\/avatar\/1b95962073fbda6a54be252a727db96a?s=96&d=mm&r=g\",\"caption\":\"Serbis Pocer\u00eda\"},\"description\":\"Empresa especializada en soluciones de alcantarillado y saneamiento de agua, con gran experiencia en el sector y conocimiento de t\u00e9cnicas tanto de pocer\u00eda tradicional como de rehabilitaci\u00f3n de tuber\u00edas sin zanjas ni necesidad de obra civil\",\"sameAs\":[\"https:\/\/www.linkedin.com\/company\/poceria-serbis\",\"https:\/\/www.facebook.com\/SerbisPoceria\/\",\"https:\/\/twitter.com\/https:\/\/twitter.com\/serbis_poceria\"],\"url\":\"https:\/\/www.serbis.es\/serbis\/blog\/author\/perio_editor\/\"}]}<\/script>\n<!-- \/ Yoast SEO plugin. -->","yoast_head_json":{"title":"Hora de llevar el saneamiento a pueblos, islas y f\u00e1bricas - Blog de Serbis","description":"El saneamiento de aguas residuales todav\u00eda no existe en centenares de pueblos espa\u00f1oles, as\u00ed como en peque\u00f1as islas e incluso la industria textil","robots":{"index":"index","follow":"follow","max-snippet":"max-snippet:-1","max-image-preview":"max-image-preview:large","max-video-preview":"max-video-preview:-1"},"canonical":"https:\/\/www.serbis.es\/serbis\/blog\/hora-de-llevar-el-saneamiento-a-pueblos-islas-y-fabricas\/","og_locale":"es_ES","og_type":"article","og_title":"Hora de llevar el saneamiento a pueblos, islas y f\u00e1bricas - Blog de Serbis","og_description":"El saneamiento de aguas residuales todav\u00eda no existe en centenares de pueblos espa\u00f1oles, as\u00ed como en peque\u00f1as islas e incluso la industria textil","og_url":"https:\/\/www.serbis.es\/serbis\/blog\/hora-de-llevar-el-saneamiento-a-pueblos-islas-y-fabricas\/","og_site_name":"Blog de Serbis","article_author":"https:\/\/www.facebook.com\/SerbisPoceria\/","article_published_time":"2023-12-07T09:37:04+00:00","article_modified_time":"2023-12-07T09:37:05+00:00","og_image":[{"width":630,"height":315,"url":"https:\/\/www.serbis.es\/serbis\/blog\/wp-content\/uploads\/saneamiento-isla-graciosa.jpg","type":"image\/jpeg"}],"author":"Serbis Pocer\u00eda","twitter_misc":{"Escrito por":"Serbis Pocer\u00eda","Tiempo de lectura":"5 minutos"},"schema":{"@context":"https:\/\/schema.org","@graph":[{"@type":"WebPage","@id":"https:\/\/www.serbis.es\/serbis\/blog\/hora-de-llevar-el-saneamiento-a-pueblos-islas-y-fabricas\/","url":"https:\/\/www.serbis.es\/serbis\/blog\/hora-de-llevar-el-saneamiento-a-pueblos-islas-y-fabricas\/","name":"Hora de llevar el saneamiento a pueblos, islas y f\u00e1bricas - Blog de Serbis","isPartOf":{"@id":"https:\/\/www.serbis.es\/serbis\/blog\/#website"},"datePublished":"2023-12-07T09:37:04+00:00","dateModified":"2023-12-07T09:37:05+00:00","author":{"@id":"https:\/\/www.serbis.es\/serbis\/blog\/#\/schema\/person\/449002ed602088d1463cc28957dee9ea"},"description":"El saneamiento de aguas residuales todav\u00eda no existe en centenares de pueblos espa\u00f1oles, as\u00ed como en peque\u00f1as islas e incluso la industria textil","breadcrumb":{"@id":"https:\/\/www.serbis.es\/serbis\/blog\/hora-de-llevar-el-saneamiento-a-pueblos-islas-y-fabricas\/#breadcrumb"},"inLanguage":"es","potentialAction":[{"@type":"ReadAction","target":["https:\/\/www.serbis.es\/serbis\/blog\/hora-de-llevar-el-saneamiento-a-pueblos-islas-y-fabricas\/"]}]},{"@type":"BreadcrumbList","@id":"https:\/\/www.serbis.es\/serbis\/blog\/hora-de-llevar-el-saneamiento-a-pueblos-islas-y-fabricas\/#breadcrumb","itemListElement":[{"@type":"ListItem","position":1,"name":"Portada","item":"https:\/\/www.serbis.es\/serbis\/blog\/"},{"@type":"ListItem","position":2,"name":"Hora de llevar el saneamiento a pueblos, islas y f\u00e1bricas"}]},{"@type":"WebSite","@id":"https:\/\/www.serbis.es\/serbis\/blog\/#website","url":"https:\/\/www.serbis.es\/serbis\/blog\/","name":"Blog de Serbis","description":"l\u00edderes en Espa\u00f1a en saneamiento de aguas con servicios de pocer\u00eda tradicional y sin zanjas","potentialAction":[{"@type":"SearchAction","target":{"@type":"EntryPoint","urlTemplate":"https:\/\/www.serbis.es\/serbis\/blog\/?s={search_term_string}"},"query-input":"required name=search_term_string"}],"inLanguage":"es"},{"@type":"Person","@id":"https:\/\/www.serbis.es\/serbis\/blog\/#\/schema\/person\/449002ed602088d1463cc28957dee9ea","name":"Serbis Pocer\u00eda","image":{"@type":"ImageObject","inLanguage":"es","@id":"https:\/\/www.serbis.es\/serbis\/blog\/#\/schema\/person\/image\/","url":"https:\/\/secure.gravatar.com\/avatar\/1b95962073fbda6a54be252a727db96a?s=96&d=mm&r=g","contentUrl":"https:\/\/secure.gravatar.com\/avatar\/1b95962073fbda6a54be252a727db96a?s=96&d=mm&r=g","caption":"Serbis Pocer\u00eda"},"description":"Empresa especializada en soluciones de alcantarillado y saneamiento de agua, con gran experiencia en el sector y conocimiento de t\u00e9cnicas tanto de pocer\u00eda tradicional como de rehabilitaci\u00f3n de tuber\u00edas sin zanjas ni necesidad de obra civil","sameAs":["https:\/\/www.linkedin.com\/company\/poceria-serbis","https:\/\/www.facebook.com\/SerbisPoceria\/","https:\/\/twitter.com\/https:\/\/twitter.com\/serbis_poceria"],"url":"https:\/\/www.serbis.es\/serbis\/blog\/author\/perio_editor\/"}]}},"_links":{"self":[{"href":"https:\/\/www.serbis.es\/serbis\/blog\/wp-json\/wp\/v2\/posts\/5850"}],"collection":[{"href":"https:\/\/www.serbis.es\/serbis\/blog\/wp-json\/wp\/v2\/posts"}],"about":[{"href":"https:\/\/www.serbis.es\/serbis\/blog\/wp-json\/wp\/v2\/types\/post"}],"author":[{"embeddable":true,"href":"https:\/\/www.serbis.es\/serbis\/blog\/wp-json\/wp\/v2\/users\/3"}],"replies":[{"embeddable":true,"href":"https:\/\/www.serbis.es\/serbis\/blog\/wp-json\/wp\/v2\/comments?post=5850"}],"version-history":[{"count":18,"href":"https:\/\/www.serbis.es\/serbis\/blog\/wp-json\/wp\/v2\/posts\/5850\/revisions"}],"predecessor-version":[{"id":5877,"href":"https:\/\/www.serbis.es\/serbis\/blog\/wp-json\/wp\/v2\/posts\/5850\/revisions\/5877"}],"wp:featuredmedia":[{"embeddable":true,"href":"https:\/\/www.serbis.es\/serbis\/blog\/wp-json\/wp\/v2\/media\/5861"}],"wp:attachment":[{"href":"https:\/\/www.serbis.es\/serbis\/blog\/wp-json\/wp\/v2\/media?parent=5850"}],"wp:term":[{"taxonomy":"category","embeddable":true,"href":"https:\/\/www.serbis.es\/serbis\/blog\/wp-json\/wp\/v2\/categories?post=5850"},{"taxonomy":"post_tag","embeddable":true,"href":"https:\/\/www.serbis.es\/serbis\/blog\/wp-json\/wp\/v2\/tags?post=5850"}],"curies":[{"name":"wp","href":"https:\/\/api.w.org\/{rel}","templated":true}]}}