{"id":6063,"date":"2024-03-01T11:09:18","date_gmt":"2024-03-01T11:09:18","guid":{"rendered":"https:\/\/www.serbis.es\/serbis\/blog\/?p=6063"},"modified":"2024-03-01T11:10:58","modified_gmt":"2024-03-01T11:10:58","slug":"hablamos-de-aguas-residuales-y-energia-sostenible-en-valencia","status":"publish","type":"post","link":"https:\/\/www.serbis.es\/serbis\/blog\/hablamos-de-aguas-residuales-y-energia-sostenible-en-valencia\/","title":{"rendered":"Hablamos de aguas residuales y energ\u00eda sostenible en Valencia"},"content":{"rendered":"\t\t<div data-elementor-type=\"wp-post\" data-elementor-id=\"6063\" class=\"elementor elementor-6063\">\n\t\t\t\t\t\t\t\t\t<section class=\"elementor-section elementor-top-section elementor-element elementor-element-2c94bef elementor-section-boxed elementor-section-height-default elementor-section-height-default\" data-id=\"2c94bef\" data-element_type=\"section\" data-settings=\"{&quot;jet_parallax_layout_list&quot;:[]}\">\n\t\t\t\t\t\t<div class=\"elementor-container elementor-column-gap-default\">\n\t\t\t\t\t<div class=\"elementor-column elementor-col-100 elementor-top-column elementor-element elementor-element-0af202e\" data-id=\"0af202e\" data-element_type=\"column\">\n\t\t\t<div class=\"elementor-widget-wrap elementor-element-populated\">\n\t\t\t\t\t\t\t\t<div class=\"elementor-element elementor-element-24e2290 elementor-widget elementor-widget-text-editor\" data-id=\"24e2290\" data-element_type=\"widget\" data-widget_type=\"text-editor.default\">\n\t\t\t\t<div class=\"elementor-widget-container\">\n\t\t\t<style>\/*! elementor - v3.14.0 - 26-06-2023 *\/\n.elementor-widget-text-editor.elementor-drop-cap-view-stacked .elementor-drop-cap{background-color:#69727d;color:#fff}.elementor-widget-text-editor.elementor-drop-cap-view-framed .elementor-drop-cap{color:#69727d;border:3px solid;background-color:transparent}.elementor-widget-text-editor:not(.elementor-drop-cap-view-default) .elementor-drop-cap{margin-top:8px}.elementor-widget-text-editor:not(.elementor-drop-cap-view-default) .elementor-drop-cap-letter{width:1em;height:1em}.elementor-widget-text-editor .elementor-drop-cap{float:left;text-align:center;line-height:1;font-size:50px}.elementor-widget-text-editor .elementor-drop-cap-letter{display:inline-block}<\/style>\t\t\t\t<p>Esta semana se ha celebrado en <strong>Valencia<\/strong> un interesante foro impulsado por la <strong>Asociaci\u00f3n Nacional de Empresas de Rehabilitaci\u00f3n y Reforma (ANERR)<\/strong>. El encuentro se ha desarrollado en el marco de <strong>Cevisama<\/strong>, una de las ferias del sector de la cer\u00e1mica de mayor relevancia a nivel internacional. En la cita ha participado, entre otros representantes del mundo corporativo, <strong>el director gerente de Serbis Pocer\u00eda, Pedro Gallego<\/strong>.<\/p><p>Durante el apartado dedicado a repasar diferentes casos de \u00e9xito empresariales, <strong>Pedro ha explicado el funcionamiento de Therm-Liner,<\/strong> la tecnolog\u00eda de origen alem\u00e1n de la que Serbis Pocer\u00eda es instalador oficial en Espa\u00f1a y Portugal. En concreto, nuestro director gerente ha explicado a los asistentes al foro la <strong>gran oportunidad en t\u00e9rminos de econom\u00eda circular<\/strong> que ofrece una tecnolog\u00eda capaz de transformar las aguas residuales de las alcantarillas en energ\u00eda barata y sostenible.<\/p><h4>Tambi\u00e9n en Murcia<\/h4><p>La participaci\u00f3n de Serbis Pocer\u00eda en el citado foro celebrado en Valencia llega un mes despu\u00e9s de <a href=\"https:\/\/www.serbis.es\/serbis\/blog\/nuevo-post-4\/\">nuestra asistencia<\/a> al primer <strong>Congreso de Rehabilitaci\u00f3n y Construcci\u00f3n de Vivienda de la Regi\u00f3n de Murcia<\/strong>. Aquel evento, tambi\u00e9n impulsado por ANEER, repas\u00f3 la importancia de las ayudas p\u00fablicas existentes en los \u00e1mbitos de la construcci\u00f3n y la rehabilitaci\u00f3n de viviendas de la mano de colegios profesionales, asociaciones y agentes vinculados al sector.<\/p><p>La participaci\u00f3n de Serbis en ambos congresos tiene como principal objetivo dar a conocer la <strong>tecnolog\u00eda de aprovechamiento energ\u00e9tico<\/strong> de aguas residuales <a href=\"https:\/\/serbis.es\/therm-liner\/\">Therm-Liner<\/a>. No en vano, consideramos que se trata de una herramienta muy eficaz para la <strong>climatizaci\u00f3n de edificios con energ\u00eda no contaminante<\/strong>, al aprovechar la temperatura de las aguas residuales de las alcantarillas para calentar los sistemas de calefacci\u00f3n durante los meses de invierno y los de aire acondicionado en verano.<\/p><p>\u00a0<\/p><p>*Si quieres contarnos algo puedes llamarnos al <strong>n\u00famero de tel\u00e9fono 91 610 62 53<\/strong> y si te gusta estar informado de las noticias nacionales e internacionales m\u00e1s interesantes de las industrias de la pocer\u00eda, el alcantarillado y el saneamiento de aguas fecales, visita <a href=\"https:\/\/www.serbis.es\/\" target=\"_blank\" rel=\"noreferrer noopener\"><strong>Serbis.es<\/strong><\/a> y <strong>s\u00edguenos en las redes sociales<\/strong>:<\/p><p><!-- \/wp:paragraph --><\/p><p><!-- wp:image {\"id\":691,\"linkDestination\":\"custom\"} --><\/p><figure><a href=\"https:\/\/www.facebook.com\/SerbisPoceria\/\" class=\"broken_link\"><img decoding=\"async\" src=\"https:\/\/www.serbis.es\/serbis\/blog\/wp-content\/uploads\/facebook.jpg\" alt=\"facebook\" \/><\/a><\/figure><p><!-- \/wp:image --><\/p><p><!-- wp:image {\"id\":692,\"linkDestination\":\"custom\"} --><\/p><figure><a href=\"https:\/\/twitter.com\/serbis_poceria\"><img decoding=\"async\" src=\"https:\/\/www.serbis.es\/serbis\/blog\/wp-content\/uploads\/twitter.jpg\" alt=\"twitter\" \/><\/a><\/figure><p><!-- \/wp:image --><\/p><p><!-- wp:image {\"id\":1462,\"linkDestination\":\"custom\"} --><\/p><figure><a href=\"https:\/\/www.instagram.com\/serbis_poceria\/\" class=\"broken_link\"><img decoding=\"async\" src=\"https:\/\/www.serbis.es\/serbis\/blog\/wp-content\/uploads\/instagram.jpg\" alt=\"\" \/><\/a><\/figure><p><!-- \/wp:image --><\/p><p><!-- wp:image {\"id\":693,\"linkDestination\":\"custom\"} --><\/p><figure><a href=\"https:\/\/es.linkedin.com\/company\/poceria-serbis\"><img decoding=\"async\" src=\"https:\/\/www.serbis.es\/serbis\/blog\/wp-content\/uploads\/linkedin.jpg\" alt=\"linkedin\" \/><\/a><\/figure><p><!-- \/wp:image --><\/p><p><!-- wp:image {\"id\":694,\"linkDestination\":\"custom\"} --><\/p><figure><a href=\"https:\/\/www.youtube.com\/channel\/UCSIAPGXKlWyOmHRZo9YCpBQ\"><img decoding=\"async\" src=\"https:\/\/www.serbis.es\/serbis\/blog\/wp-content\/uploads\/youtube.jpg\" alt=\"youtube\" \/><\/a><\/figure><p><!-- \/wp:image --><\/p><p><!-- wp:image {\"id\":696,\"linkDestination\":\"custom\"} --><\/p><figure><a href=\"https:\/\/vimeo.com\/user9248661\"><img decoding=\"async\" src=\"https:\/\/www.serbis.es\/serbis\/blog\/wp-content\/uploads\/vimeo.jpg\" alt=\"vimeo\" \/><\/a><\/figure><p><!-- \/wp:image --><\/p><p><!-- wp:image {\"id\":698,\"linkDestination\":\"custom\"} --><\/p><figure><a href=\"https:\/\/www.flickr.com\/photos\/155074596@N06\/\"><img decoding=\"async\" src=\"https:\/\/www.serbis.es\/serbis\/blog\/wp-content\/uploads\/flickr.jpg\" alt=\"flickr\" \/><\/a><\/figure><p><!-- \/wp:image --><\/p><p><!-- wp:image {\"id\":697,\"linkDestination\":\"custom\"} --><\/p><figure><a href=\"https:\/\/www.pinterest.es\/pin\/133348838938250902\/\"><img decoding=\"async\" src=\"https:\/\/www.serbis.es\/serbis\/blog\/wp-content\/uploads\/pinterest.jpg\" alt=\"pinterest\" \/><\/a><\/figure><p><!-- \/wp:paragraph --><\/p><p><!-- \/wp:paragraph --><\/p><p>\u00a0<\/p><p><!-- \/wp:paragraph --><\/p>\t\t\t\t\t\t<\/div>\n\t\t\t\t<\/div>\n\t\t\t\t\t<\/div>\n\t\t<\/div>\n\t\t\t\t\t\t\t<\/div>\n\t\t<\/section>\n\t\t\t\t\t\t\t<\/div>\n\t\t","protected":false},"excerpt":{"rendered":"<p>Esta semana se ha celebrado en Valencia un interesante foro impulsado por la Asociaci\u00f3n Nacional de Empresas de Rehabilitaci\u00f3n y Reforma (ANERR). El encuentro se ha desarrollado en el marco de Cevisama, una de las ferias del sector de la cer\u00e1mica de mayor relevancia a nivel internacional. En la cita ha participado, entre otros representantes [&hellip;]<\/p>\n","protected":false},"author":3,"featured_media":6069,"comment_status":"open","ping_status":"open","sticky":false,"template":"","format":"standard","meta":{"_mi_skip_tracking":false,"_monsterinsights_sitenote_active":false,"_monsterinsights_sitenote_note":"","_monsterinsights_sitenote_category":0},"categories":[17,2,32],"tags":[75,22,61,40],"yoast_head":"<!-- This site is optimized with the Yoast SEO plugin v20.10 - https:\/\/yoast.com\/wordpress\/plugins\/seo\/ -->\n<title>Hablamos de aguas residuales y energ\u00eda sostenible en Valencia - Blog de Serbis<\/title>\n<meta name=\"description\" content=\"Serbis Pocer\u00eda habla sobre aguas residuales y energ\u00eda en un foro organizado en la feria Cevisama de Valencia\" \/>\n<meta name=\"robots\" content=\"index, follow, max-snippet:-1, max-image-preview:large, max-video-preview:-1\" \/>\n<link rel=\"canonical\" href=\"https:\/\/www.serbis.es\/serbis\/blog\/hablamos-de-aguas-residuales-y-energia-sostenible-en-valencia\/\" \/>\n<meta property=\"og:locale\" content=\"es_ES\" \/>\n<meta property=\"og:type\" content=\"article\" \/>\n<meta property=\"og:title\" content=\"Hablamos de aguas residuales y energ\u00eda sostenible en Valencia - Blog de Serbis\" \/>\n<meta property=\"og:description\" content=\"Serbis Pocer\u00eda habla sobre aguas residuales y energ\u00eda en un foro organizado en la feria Cevisama de Valencia\" \/>\n<meta property=\"og:url\" content=\"https:\/\/www.serbis.es\/serbis\/blog\/hablamos-de-aguas-residuales-y-energia-sostenible-en-valencia\/\" \/>\n<meta property=\"og:site_name\" content=\"Blog de Serbis\" \/>\n<meta property=\"article:author\" content=\"https:\/\/www.facebook.com\/SerbisPoceria\/\" \/>\n<meta property=\"article:published_time\" content=\"2024-03-01T11:09:18+00:00\" \/>\n<meta property=\"article:modified_time\" content=\"2024-03-01T11:10:58+00:00\" \/>\n<meta property=\"og:image\" content=\"https:\/\/www.serbis.es\/serbis\/blog\/wp-content\/uploads\/pedro-valencia.jpg\" \/>\n\t<meta property=\"og:image:width\" content=\"630\" \/>\n\t<meta property=\"og:image:height\" content=\"315\" \/>\n\t<meta property=\"og:image:type\" content=\"image\/jpeg\" \/>\n<meta name=\"author\" content=\"Serbis Pocer\u00eda\" \/>\n<meta name=\"twitter:label1\" content=\"Escrito por\" \/>\n\t<meta name=\"twitter:data1\" content=\"Serbis Pocer\u00eda\" \/>\n\t<meta name=\"twitter:label2\" content=\"Tiempo de lectura\" \/>\n\t<meta name=\"twitter:data2\" content=\"4 minutos\" \/>\n<script type=\"application\/ld+json\" class=\"yoast-schema-graph\">{\"@context\":\"https:\/\/schema.org\",\"@graph\":[{\"@type\":\"WebPage\",\"@id\":\"https:\/\/www.serbis.es\/serbis\/blog\/hablamos-de-aguas-residuales-y-energia-sostenible-en-valencia\/\",\"url\":\"https:\/\/www.serbis.es\/serbis\/blog\/hablamos-de-aguas-residuales-y-energia-sostenible-en-valencia\/\",\"name\":\"Hablamos de aguas residuales y energ\u00eda sostenible en Valencia - Blog de Serbis\",\"isPartOf\":{\"@id\":\"https:\/\/www.serbis.es\/serbis\/blog\/#website\"},\"datePublished\":\"2024-03-01T11:09:18+00:00\",\"dateModified\":\"2024-03-01T11:10:58+00:00\",\"author\":{\"@id\":\"https:\/\/www.serbis.es\/serbis\/blog\/#\/schema\/person\/449002ed602088d1463cc28957dee9ea\"},\"description\":\"Serbis Pocer\u00eda habla sobre aguas residuales y energ\u00eda en un foro organizado en la feria Cevisama de Valencia\",\"breadcrumb\":{\"@id\":\"https:\/\/www.serbis.es\/serbis\/blog\/hablamos-de-aguas-residuales-y-energia-sostenible-en-valencia\/#breadcrumb\"},\"inLanguage\":\"es\",\"potentialAction\":[{\"@type\":\"ReadAction\",\"target\":[\"https:\/\/www.serbis.es\/serbis\/blog\/hablamos-de-aguas-residuales-y-energia-sostenible-en-valencia\/\"]}]},{\"@type\":\"BreadcrumbList\",\"@id\":\"https:\/\/www.serbis.es\/serbis\/blog\/hablamos-de-aguas-residuales-y-energia-sostenible-en-valencia\/#breadcrumb\",\"itemListElement\":[{\"@type\":\"ListItem\",\"position\":1,\"name\":\"Portada\",\"item\":\"https:\/\/www.serbis.es\/serbis\/blog\/\"},{\"@type\":\"ListItem\",\"position\":2,\"name\":\"Hablamos de aguas residuales y energ\u00eda sostenible en Valencia\"}]},{\"@type\":\"WebSite\",\"@id\":\"https:\/\/www.serbis.es\/serbis\/blog\/#website\",\"url\":\"https:\/\/www.serbis.es\/serbis\/blog\/\",\"name\":\"Blog de Serbis\",\"description\":\"l\u00edderes en Espa\u00f1a en saneamiento de aguas con servicios de pocer\u00eda tradicional y sin zanjas\",\"potentialAction\":[{\"@type\":\"SearchAction\",\"target\":{\"@type\":\"EntryPoint\",\"urlTemplate\":\"https:\/\/www.serbis.es\/serbis\/blog\/?s={search_term_string}\"},\"query-input\":\"required name=search_term_string\"}],\"inLanguage\":\"es\"},{\"@type\":\"Person\",\"@id\":\"https:\/\/www.serbis.es\/serbis\/blog\/#\/schema\/person\/449002ed602088d1463cc28957dee9ea\",\"name\":\"Serbis Pocer\u00eda\",\"image\":{\"@type\":\"ImageObject\",\"inLanguage\":\"es\",\"@id\":\"https:\/\/www.serbis.es\/serbis\/blog\/#\/schema\/person\/image\/\",\"url\":\"https:\/\/secure.gravatar.com\/avatar\/1b95962073fbda6a54be252a727db96a?s=96&d=mm&r=g\",\"contentUrl\":\"https:\/\/secure.gravatar.com\/avatar\/1b95962073fbda6a54be252a727db96a?s=96&d=mm&r=g\",\"caption\":\"Serbis Pocer\u00eda\"},\"description\":\"Empresa especializada en soluciones de alcantarillado y saneamiento de agua, con gran experiencia en el sector y conocimiento de t\u00e9cnicas tanto de pocer\u00eda tradicional como de rehabilitaci\u00f3n de tuber\u00edas sin zanjas ni necesidad de obra civil\",\"sameAs\":[\"https:\/\/www.linkedin.com\/company\/poceria-serbis\",\"https:\/\/www.facebook.com\/SerbisPoceria\/\",\"https:\/\/twitter.com\/https:\/\/twitter.com\/serbis_poceria\"],\"url\":\"https:\/\/www.serbis.es\/serbis\/blog\/author\/perio_editor\/\"}]}<\/script>\n<!-- \/ Yoast SEO plugin. -->","yoast_head_json":{"title":"Hablamos de aguas residuales y energ\u00eda sostenible en Valencia - Blog de Serbis","description":"Serbis Pocer\u00eda habla sobre aguas residuales y energ\u00eda en un foro organizado en la feria Cevisama de Valencia","robots":{"index":"index","follow":"follow","max-snippet":"max-snippet:-1","max-image-preview":"max-image-preview:large","max-video-preview":"max-video-preview:-1"},"canonical":"https:\/\/www.serbis.es\/serbis\/blog\/hablamos-de-aguas-residuales-y-energia-sostenible-en-valencia\/","og_locale":"es_ES","og_type":"article","og_title":"Hablamos de aguas residuales y energ\u00eda sostenible en Valencia - Blog de Serbis","og_description":"Serbis Pocer\u00eda habla sobre aguas residuales y energ\u00eda en un foro organizado en la feria Cevisama de Valencia","og_url":"https:\/\/www.serbis.es\/serbis\/blog\/hablamos-de-aguas-residuales-y-energia-sostenible-en-valencia\/","og_site_name":"Blog de Serbis","article_author":"https:\/\/www.facebook.com\/SerbisPoceria\/","article_published_time":"2024-03-01T11:09:18+00:00","article_modified_time":"2024-03-01T11:10:58+00:00","og_image":[{"width":630,"height":315,"url":"https:\/\/www.serbis.es\/serbis\/blog\/wp-content\/uploads\/pedro-valencia.jpg","type":"image\/jpeg"}],"author":"Serbis Pocer\u00eda","twitter_misc":{"Escrito por":"Serbis Pocer\u00eda","Tiempo de lectura":"4 minutos"},"schema":{"@context":"https:\/\/schema.org","@graph":[{"@type":"WebPage","@id":"https:\/\/www.serbis.es\/serbis\/blog\/hablamos-de-aguas-residuales-y-energia-sostenible-en-valencia\/","url":"https:\/\/www.serbis.es\/serbis\/blog\/hablamos-de-aguas-residuales-y-energia-sostenible-en-valencia\/","name":"Hablamos de aguas residuales y energ\u00eda sostenible en Valencia - Blog de Serbis","isPartOf":{"@id":"https:\/\/www.serbis.es\/serbis\/blog\/#website"},"datePublished":"2024-03-01T11:09:18+00:00","dateModified":"2024-03-01T11:10:58+00:00","author":{"@id":"https:\/\/www.serbis.es\/serbis\/blog\/#\/schema\/person\/449002ed602088d1463cc28957dee9ea"},"description":"Serbis Pocer\u00eda habla sobre aguas residuales y energ\u00eda en un foro organizado en la feria Cevisama de Valencia","breadcrumb":{"@id":"https:\/\/www.serbis.es\/serbis\/blog\/hablamos-de-aguas-residuales-y-energia-sostenible-en-valencia\/#breadcrumb"},"inLanguage":"es","potentialAction":[{"@type":"ReadAction","target":["https:\/\/www.serbis.es\/serbis\/blog\/hablamos-de-aguas-residuales-y-energia-sostenible-en-valencia\/"]}]},{"@type":"BreadcrumbList","@id":"https:\/\/www.serbis.es\/serbis\/blog\/hablamos-de-aguas-residuales-y-energia-sostenible-en-valencia\/#breadcrumb","itemListElement":[{"@type":"ListItem","position":1,"name":"Portada","item":"https:\/\/www.serbis.es\/serbis\/blog\/"},{"@type":"ListItem","position":2,"name":"Hablamos de aguas residuales y energ\u00eda sostenible en Valencia"}]},{"@type":"WebSite","@id":"https:\/\/www.serbis.es\/serbis\/blog\/#website","url":"https:\/\/www.serbis.es\/serbis\/blog\/","name":"Blog de Serbis","description":"l\u00edderes en Espa\u00f1a en saneamiento de aguas con servicios de pocer\u00eda tradicional y sin zanjas","potentialAction":[{"@type":"SearchAction","target":{"@type":"EntryPoint","urlTemplate":"https:\/\/www.serbis.es\/serbis\/blog\/?s={search_term_string}"},"query-input":"required name=search_term_string"}],"inLanguage":"es"},{"@type":"Person","@id":"https:\/\/www.serbis.es\/serbis\/blog\/#\/schema\/person\/449002ed602088d1463cc28957dee9ea","name":"Serbis Pocer\u00eda","image":{"@type":"ImageObject","inLanguage":"es","@id":"https:\/\/www.serbis.es\/serbis\/blog\/#\/schema\/person\/image\/","url":"https:\/\/secure.gravatar.com\/avatar\/1b95962073fbda6a54be252a727db96a?s=96&d=mm&r=g","contentUrl":"https:\/\/secure.gravatar.com\/avatar\/1b95962073fbda6a54be252a727db96a?s=96&d=mm&r=g","caption":"Serbis Pocer\u00eda"},"description":"Empresa especializada en soluciones de alcantarillado y saneamiento de agua, con gran experiencia en el sector y conocimiento de t\u00e9cnicas tanto de pocer\u00eda tradicional como de rehabilitaci\u00f3n de tuber\u00edas sin zanjas ni necesidad de obra civil","sameAs":["https:\/\/www.linkedin.com\/company\/poceria-serbis","https:\/\/www.facebook.com\/SerbisPoceria\/","https:\/\/twitter.com\/https:\/\/twitter.com\/serbis_poceria"],"url":"https:\/\/www.serbis.es\/serbis\/blog\/author\/perio_editor\/"}]}},"_links":{"self":[{"href":"https:\/\/www.serbis.es\/serbis\/blog\/wp-json\/wp\/v2\/posts\/6063"}],"collection":[{"href":"https:\/\/www.serbis.es\/serbis\/blog\/wp-json\/wp\/v2\/posts"}],"about":[{"href":"https:\/\/www.serbis.es\/serbis\/blog\/wp-json\/wp\/v2\/types\/post"}],"author":[{"embeddable":true,"href":"https:\/\/www.serbis.es\/serbis\/blog\/wp-json\/wp\/v2\/users\/3"}],"replies":[{"embeddable":true,"href":"https:\/\/www.serbis.es\/serbis\/blog\/wp-json\/wp\/v2\/comments?post=6063"}],"version-history":[{"count":9,"href":"https:\/\/www.serbis.es\/serbis\/blog\/wp-json\/wp\/v2\/posts\/6063\/revisions"}],"predecessor-version":[{"id":6074,"href":"https:\/\/www.serbis.es\/serbis\/blog\/wp-json\/wp\/v2\/posts\/6063\/revisions\/6074"}],"wp:featuredmedia":[{"embeddable":true,"href":"https:\/\/www.serbis.es\/serbis\/blog\/wp-json\/wp\/v2\/media\/6069"}],"wp:attachment":[{"href":"https:\/\/www.serbis.es\/serbis\/blog\/wp-json\/wp\/v2\/media?parent=6063"}],"wp:term":[{"taxonomy":"category","embeddable":true,"href":"https:\/\/www.serbis.es\/serbis\/blog\/wp-json\/wp\/v2\/categories?post=6063"},{"taxonomy":"post_tag","embeddable":true,"href":"https:\/\/www.serbis.es\/serbis\/blog\/wp-json\/wp\/v2\/tags?post=6063"}],"curies":[{"name":"wp","href":"https:\/\/api.w.org\/{rel}","templated":true}]}}