{"id":6091,"date":"2024-05-31T11:19:52","date_gmt":"2024-05-31T11:19:52","guid":{"rendered":"https:\/\/www.serbis.es\/serbis\/blog\/?p=6091"},"modified":"2024-05-31T11:52:05","modified_gmt":"2024-05-31T11:52:05","slug":"una-poceria-comprometida-con-el-medio-ambiente","status":"publish","type":"post","link":"https:\/\/www.serbis.es\/serbis\/blog\/una-poceria-comprometida-con-el-medio-ambiente\/","title":{"rendered":"Una pocer\u00eda comprometida con el medio ambiente"},"content":{"rendered":"\t\t<div data-elementor-type=\"wp-post\" data-elementor-id=\"6091\" class=\"elementor elementor-6091\">\n\t\t\t\t\t\t\t\t\t<section class=\"elementor-section elementor-top-section elementor-element elementor-element-4e62462 elementor-section-boxed elementor-section-height-default elementor-section-height-default\" data-id=\"4e62462\" data-element_type=\"section\" data-settings=\"{&quot;jet_parallax_layout_list&quot;:[]}\">\n\t\t\t\t\t\t<div class=\"elementor-container elementor-column-gap-default\">\n\t\t\t\t\t<div class=\"elementor-column elementor-col-100 elementor-top-column elementor-element elementor-element-bd7ee3f\" data-id=\"bd7ee3f\" data-element_type=\"column\">\n\t\t\t<div class=\"elementor-widget-wrap elementor-element-populated\">\n\t\t\t\t\t\t\t\t<div class=\"elementor-element elementor-element-9ba0714 elementor-widget elementor-widget-text-editor\" data-id=\"9ba0714\" data-element_type=\"widget\" data-widget_type=\"text-editor.default\">\n\t\t\t\t<div class=\"elementor-widget-container\">\n\t\t\t<style>\/*! elementor - v3.14.0 - 26-06-2023 *\/\n.elementor-widget-text-editor.elementor-drop-cap-view-stacked .elementor-drop-cap{background-color:#69727d;color:#fff}.elementor-widget-text-editor.elementor-drop-cap-view-framed .elementor-drop-cap{color:#69727d;border:3px solid;background-color:transparent}.elementor-widget-text-editor:not(.elementor-drop-cap-view-default) .elementor-drop-cap{margin-top:8px}.elementor-widget-text-editor:not(.elementor-drop-cap-view-default) .elementor-drop-cap-letter{width:1em;height:1em}.elementor-widget-text-editor .elementor-drop-cap{float:left;text-align:center;line-height:1;font-size:50px}.elementor-widget-text-editor .elementor-drop-cap-letter{display:inline-block}<\/style>\t\t\t\t<p>En una sociedad cada vez m\u00e1s comprometida con la necesidad de proteger el medio ambiente, el sector de la pocer\u00eda se enfrenta al desaf\u00edo de <b>adaptar sus pr\u00e1cticas y procedimientos para ser m\u00e1s respetuosa con el entorno<\/b>. La innovaci\u00f3n y el compromiso con la sostenibilidad est\u00e1n abriendo nuevas v\u00edas para que el sector, tradicionalmente asociado a procesos invasivos y contaminantes, contribuya a la preservaci\u00f3n del ecosistema.<\/p><p>A continuaci\u00f3n incluimos algunos de los cambios que estamos adoptando las empresas de pocer\u00eda para conservar el planeta:<\/p><h4>Menos obras gracias a la pocer\u00eda sin zanjas<\/h4><p><img decoding=\"async\" loading=\"lazy\" class=\"alignnone size-full wp-image-6093\" src=\"https:\/\/www.serbis.es\/serbis\/blog\/wp-content\/uploads\/sin-zanjas.jpg\" alt=\"\" width=\"630\" height=\"315\" srcset=\"https:\/\/www.serbis.es\/serbis\/blog\/wp-content\/uploads\/sin-zanjas.jpg 630w, https:\/\/www.serbis.es\/serbis\/blog\/wp-content\/uploads\/sin-zanjas-300x150.jpg 300w, https:\/\/www.serbis.es\/serbis\/blog\/wp-content\/uploads\/sin-zanjas-370x185.jpg 370w\" sizes=\"(max-width: 630px) 100vw, 630px\" \/><\/p><p>Uno de los avances m\u00e1s significativos en este \u00e1mbito es la incorporaci\u00f3n de <strong>tecnolog\u00edas de pocer\u00eda sin zanjas<\/strong>, que permiten realizar trabajos de reparaci\u00f3n y mantenimiento de las ca\u00f1er\u00edas sin necesidad de obras.<\/p><p>En Serbis Pocer\u00eda <a href=\"https:\/\/www.serbis.es\/serbis\/blog\/manga-continua-poceria-sin-zanjas\/\">somos especialistas en la aplicaci\u00f3n de esta t\u00e9cnica<\/a> (conocida como manga continua o encamisado reversible), que reduce dr\u00e1sticamente el impacto medioambiental, <strong>minimizando la emisi\u00f3n de polvo y gases contaminantes, as\u00ed como la perturbaci\u00f3n del suelo y la vegetaci\u00f3n<\/strong>. La pocer\u00eda sin zanjas incluye tambi\u00e9n <a href=\"https:\/\/serbis.es\/servicio-inspeccion-camaras-tv\/\">el uso de c\u00e1maras de televisi\u00f3n robotizadas<\/a> y herramientas especializadas para inspeccionar y reparar las redes de alcantarillado desde el interior, <strong>evitando la necesidad de hacer excavaciones<\/strong>.<\/p><p><img decoding=\"async\" loading=\"lazy\" class=\"alignnone size-full wp-image-6094\" src=\"https:\/\/www.serbis.es\/serbis\/blog\/wp-content\/uploads\/camara-1.jpg\" alt=\"\" width=\"630\" height=\"315\" srcset=\"https:\/\/www.serbis.es\/serbis\/blog\/wp-content\/uploads\/camara-1.jpg 630w, https:\/\/www.serbis.es\/serbis\/blog\/wp-content\/uploads\/camara-1-300x150.jpg 300w, https:\/\/www.serbis.es\/serbis\/blog\/wp-content\/uploads\/camara-1-370x185.jpg 370w\" sizes=\"(max-width: 630px) 100vw, 630px\" \/><\/p><h4>Uso de materiales sostenibles y reciclables<\/h4><p>Otro aspecto crucial para la sostenibilidad de la actividad de los poceros es el uso de materiales ecol\u00f3gicos y reciclables. La sustituci\u00f3n de tuber\u00edas por <strong>productos fabricados con materiales reciclados<\/strong> no s\u00f3lo disminuye la huella de carbono, sino que tambi\u00e9n reduce la necesidad de extraer recursos naturales.<\/p><p>Asimismo, la incorporaci\u00f3n de <strong>biopl\u00e1sticos y otros materiales biodegradables<\/strong> durante la fabricaci\u00f3n de los equipos de pocer\u00eda est\u00e1 ganando terreno, ofreciendo una alternativa m\u00e1s sostenible a los materiales pl\u00e1sticos convencionales.<\/p><h4>Gesti\u00f3n responsable de los residuos<\/h4><p>La gesti\u00f3n de los residuos es una de las principales preocupaciones de las empresas de pocer\u00eda, debido al importante volumen de <strong>escombros y desechos que se generan<\/strong> durante las operaciones en las alcantarillas.<\/p><p><img decoding=\"async\" loading=\"lazy\" class=\"alignnone size-full wp-image-6095\" src=\"https:\/\/www.serbis.es\/serbis\/blog\/wp-content\/uploads\/residuos.jpg\" alt=\"\" width=\"630\" height=\"315\" srcset=\"https:\/\/www.serbis.es\/serbis\/blog\/wp-content\/uploads\/residuos.jpg 630w, https:\/\/www.serbis.es\/serbis\/blog\/wp-content\/uploads\/residuos-300x150.jpg 300w, https:\/\/www.serbis.es\/serbis\/blog\/wp-content\/uploads\/residuos-370x185.jpg 370w\" sizes=\"(max-width: 630px) 100vw, 630px\" \/><\/p><p>Es por eso que en Serbis Pocer\u00eda estamos adoptando pr\u00e1cticas de gesti\u00f3n de residuos cada vez m\u00e1s estrictas y contamos con la autorizaci\u00f3n de las autoridades para la absorci\u00f3n y el vaciado de <a href=\"https:\/\/serbis.es\/servicio-pozos-fosas-septicas\/\">los residuos depositados en fosas s\u00e9pticas y pozos negros<\/a>, que <strong>posteriormente trasladamos a las Estaciones Depuradoras de Aguas Residuales (EDAR)<\/strong>. Esas aguas son posteriormente reutilizadas para riegos de parques y jardines o usos industriales, cerrando as\u00ed el ciclo del agua <strong>de una manera eficiente y sostenible<\/strong>.<\/p><h4>Eficiencia energ\u00e9tica y reducci\u00f3n de emisiones<\/h4><p>La incorporaci\u00f3n de equipos y tecnolog\u00edas m\u00e1s eficientes desde un punto de vista energ\u00e9tico y el impulso de fuentes de energ\u00eda renovables son tambi\u00e9n fundamentales para reducir la huella ecol\u00f3gica de la pocer\u00eda.<\/p><p><img decoding=\"async\" loading=\"lazy\" class=\"alignnone size-full wp-image-6096\" src=\"https:\/\/www.serbis.es\/serbis\/blog\/wp-content\/uploads\/therm.jpg\" alt=\"\" width=\"630\" height=\"315\" srcset=\"https:\/\/www.serbis.es\/serbis\/blog\/wp-content\/uploads\/therm.jpg 630w, https:\/\/www.serbis.es\/serbis\/blog\/wp-content\/uploads\/therm-300x150.jpg 300w, https:\/\/www.serbis.es\/serbis\/blog\/wp-content\/uploads\/therm-370x185.jpg 370w\" sizes=\"(max-width: 630px) 100vw, 630px\" \/><\/p><p>Es por eso que estamos impulsando <strong>la utilizaci\u00f3n de las aguas residuales como fuentes de energ\u00eda limpia y sostenible<\/strong> a trav\u00e9s del sistema <a href=\"https:\/\/serbis.es\/therm-liner\/\">Therm-Liner<\/a>, y por lo que tambi\u00e9n optimizamos nuestros procesos log\u00edsticos, <strong>reduciendo el n\u00famero de desplazamientos y el consumo de combustible<\/strong>. Todo ello contribuye significativamente a la reducci\u00f3n de emisiones de gases de efecto invernadero.<\/p><h4>Concienciaci\u00f3n y formaci\u00f3n medioambiental<\/h4><p>No menos importante es la concienciaci\u00f3n y formaci\u00f3n de los poceros en pr\u00e1cticas m\u00e1s sostenibles. En este sentido, en Serbis Pocer\u00eda nos esforzamos por<strong> formar a nuestros profesionales<\/strong> sobre la importancia de las pr\u00e1cticas sostenibles y el impacto de su trabajo en el medio ambiente.<\/p><p><img decoding=\"async\" loading=\"lazy\" class=\"alignnone size-full wp-image-6097\" src=\"https:\/\/www.serbis.es\/serbis\/blog\/wp-content\/uploads\/concienciacion.jpg\" alt=\"\" width=\"630\" height=\"315\" srcset=\"https:\/\/www.serbis.es\/serbis\/blog\/wp-content\/uploads\/concienciacion.jpg 630w, https:\/\/www.serbis.es\/serbis\/blog\/wp-content\/uploads\/concienciacion-300x150.jpg 300w, https:\/\/www.serbis.es\/serbis\/blog\/wp-content\/uploads\/concienciacion-370x185.jpg 370w\" sizes=\"(max-width: 630px) 100vw, 630px\" \/><\/p><p>En resumen, el sector de la pocer\u00eda est\u00e1 experimentando una transformaci\u00f3n necesaria y positiva hacia la sostenibilidad. A trav\u00e9s de la adopci\u00f3n de tecnolog\u00edas limpias, el uso de materiales sostenibles, una gesti\u00f3n responsable de los residuos, la eficiencia energ\u00e9tica, el fomento de las energ\u00edas renovables y la formaci\u00f3n medioambiental, empresas como Serbis Pocer\u00eda demuestran que <strong>es posible llevar a cabo nuestro trabajo de una manera respetuosa con el medio ambiente<\/strong>.<\/p><p>Esta revoluci\u00f3n no solo beneficia a nuestro entorno natural, sino que tambi\u00e9n <strong>refuerza la reputaci\u00f3n de nuestro sector<\/strong>, demostrando que el progreso y la protecci\u00f3n medioambiental pueden ir de la mano.<\/p>\t\t\t\t\t\t<\/div>\n\t\t\t\t<\/div>\n\t\t\t\t\t<\/div>\n\t\t<\/div>\n\t\t\t\t\t\t\t<\/div>\n\t\t<\/section>\n\t\t\t\t\t\t\t<\/div>\n\t\t","protected":false},"excerpt":{"rendered":"<p>En una sociedad cada vez m\u00e1s comprometida con la necesidad de proteger el medio ambiente, el sector de la pocer\u00eda se enfrenta al desaf\u00edo de adaptar sus pr\u00e1cticas y procedimientos para ser m\u00e1s respetuosa con el entorno. La innovaci\u00f3n y el compromiso con la sostenibilidad est\u00e1n abriendo nuevas v\u00edas para que el sector, tradicionalmente asociado a procesos invasivos y contaminantes, contribuya a la preservaci\u00f3n del ecosistema.<\/p>\n","protected":false},"author":3,"featured_media":6095,"comment_status":"open","ping_status":"open","sticky":false,"template":"","format":"standard","meta":{"_mi_skip_tracking":false,"_monsterinsights_sitenote_active":false,"_monsterinsights_sitenote_note":"","_monsterinsights_sitenote_category":0},"categories":[17,5,2,32],"tags":[75,22,61,36,40],"yoast_head":"<!-- This site is optimized with the Yoast SEO plugin v20.10 - https:\/\/yoast.com\/wordpress\/plugins\/seo\/ -->\n<title>Una pocer\u00eda comprometida con el medio ambiente - Blog de Serbis<\/title>\n<meta name=\"description\" content=\"En una sociedad cada vez m\u00e1s comprometida con la necesidad de proteger el medio ambiente, el sector de la pocer\u00eda se enfrenta al desaf\u00edo de adaptar sus pr\u00e1cticas y procedimientos para ser m\u00e1s respetuosa con el entorno. La innovaci\u00f3n y el compromiso con la sostenibilidad est\u00e1n abriendo nuevas v\u00edas para que el sector, tradicionalmente asociado a procesos invasivos y contaminantes, contribuya a la preservaci\u00f3n del ecosistema.\" \/>\n<meta name=\"robots\" content=\"index, follow, max-snippet:-1, max-image-preview:large, max-video-preview:-1\" \/>\n<link rel=\"canonical\" href=\"https:\/\/www.serbis.es\/serbis\/blog\/una-poceria-comprometida-con-el-medio-ambiente\/\" \/>\n<meta property=\"og:locale\" content=\"es_ES\" \/>\n<meta property=\"og:type\" content=\"article\" \/>\n<meta property=\"og:title\" content=\"Una pocer\u00eda comprometida con el medio ambiente - Blog de Serbis\" \/>\n<meta property=\"og:description\" content=\"En una sociedad cada vez m\u00e1s comprometida con la necesidad de proteger el medio ambiente, el sector de la pocer\u00eda se enfrenta al desaf\u00edo de adaptar sus pr\u00e1cticas y procedimientos para ser m\u00e1s respetuosa con el entorno. La innovaci\u00f3n y el compromiso con la sostenibilidad est\u00e1n abriendo nuevas v\u00edas para que el sector, tradicionalmente asociado a procesos invasivos y contaminantes, contribuya a la preservaci\u00f3n del ecosistema.\" \/>\n<meta property=\"og:url\" content=\"https:\/\/www.serbis.es\/serbis\/blog\/una-poceria-comprometida-con-el-medio-ambiente\/\" \/>\n<meta property=\"og:site_name\" content=\"Blog de Serbis\" \/>\n<meta property=\"article:author\" content=\"https:\/\/www.facebook.com\/SerbisPoceria\/\" \/>\n<meta property=\"article:published_time\" content=\"2024-05-31T11:19:52+00:00\" \/>\n<meta property=\"article:modified_time\" content=\"2024-05-31T11:52:05+00:00\" \/>\n<meta property=\"og:image\" content=\"https:\/\/www.serbis.es\/serbis\/blog\/wp-content\/uploads\/residuos.jpg\" \/>\n\t<meta property=\"og:image:width\" content=\"630\" \/>\n\t<meta property=\"og:image:height\" content=\"315\" \/>\n\t<meta property=\"og:image:type\" content=\"image\/jpeg\" \/>\n<meta name=\"author\" content=\"Serbis Pocer\u00eda\" \/>\n<meta name=\"twitter:label1\" content=\"Escrito por\" \/>\n\t<meta name=\"twitter:data1\" content=\"Serbis Pocer\u00eda\" \/>\n\t<meta name=\"twitter:label2\" content=\"Tiempo de lectura\" \/>\n\t<meta name=\"twitter:data2\" content=\"4 minutos\" \/>\n<script type=\"application\/ld+json\" class=\"yoast-schema-graph\">{\"@context\":\"https:\/\/schema.org\",\"@graph\":[{\"@type\":\"WebPage\",\"@id\":\"https:\/\/www.serbis.es\/serbis\/blog\/una-poceria-comprometida-con-el-medio-ambiente\/\",\"url\":\"https:\/\/www.serbis.es\/serbis\/blog\/una-poceria-comprometida-con-el-medio-ambiente\/\",\"name\":\"Una pocer\u00eda comprometida con el medio ambiente - Blog de Serbis\",\"isPartOf\":{\"@id\":\"https:\/\/www.serbis.es\/serbis\/blog\/#website\"},\"datePublished\":\"2024-05-31T11:19:52+00:00\",\"dateModified\":\"2024-05-31T11:52:05+00:00\",\"author\":{\"@id\":\"https:\/\/www.serbis.es\/serbis\/blog\/#\/schema\/person\/449002ed602088d1463cc28957dee9ea\"},\"description\":\"En una sociedad cada vez m\u00e1s comprometida con la necesidad de proteger el medio ambiente, el sector de la pocer\u00eda se enfrenta al desaf\u00edo de adaptar sus pr\u00e1cticas y procedimientos para ser m\u00e1s respetuosa con el entorno. La innovaci\u00f3n y el compromiso con la sostenibilidad est\u00e1n abriendo nuevas v\u00edas para que el sector, tradicionalmente asociado a procesos invasivos y contaminantes, contribuya a la preservaci\u00f3n del ecosistema.\",\"breadcrumb\":{\"@id\":\"https:\/\/www.serbis.es\/serbis\/blog\/una-poceria-comprometida-con-el-medio-ambiente\/#breadcrumb\"},\"inLanguage\":\"es\",\"potentialAction\":[{\"@type\":\"ReadAction\",\"target\":[\"https:\/\/www.serbis.es\/serbis\/blog\/una-poceria-comprometida-con-el-medio-ambiente\/\"]}]},{\"@type\":\"BreadcrumbList\",\"@id\":\"https:\/\/www.serbis.es\/serbis\/blog\/una-poceria-comprometida-con-el-medio-ambiente\/#breadcrumb\",\"itemListElement\":[{\"@type\":\"ListItem\",\"position\":1,\"name\":\"Portada\",\"item\":\"https:\/\/www.serbis.es\/serbis\/blog\/\"},{\"@type\":\"ListItem\",\"position\":2,\"name\":\"Una pocer\u00eda comprometida con el medio ambiente\"}]},{\"@type\":\"WebSite\",\"@id\":\"https:\/\/www.serbis.es\/serbis\/blog\/#website\",\"url\":\"https:\/\/www.serbis.es\/serbis\/blog\/\",\"name\":\"Blog de Serbis\",\"description\":\"l\u00edderes en Espa\u00f1a en saneamiento de aguas con servicios de pocer\u00eda tradicional y sin zanjas\",\"potentialAction\":[{\"@type\":\"SearchAction\",\"target\":{\"@type\":\"EntryPoint\",\"urlTemplate\":\"https:\/\/www.serbis.es\/serbis\/blog\/?s={search_term_string}\"},\"query-input\":\"required name=search_term_string\"}],\"inLanguage\":\"es\"},{\"@type\":\"Person\",\"@id\":\"https:\/\/www.serbis.es\/serbis\/blog\/#\/schema\/person\/449002ed602088d1463cc28957dee9ea\",\"name\":\"Serbis Pocer\u00eda\",\"image\":{\"@type\":\"ImageObject\",\"inLanguage\":\"es\",\"@id\":\"https:\/\/www.serbis.es\/serbis\/blog\/#\/schema\/person\/image\/\",\"url\":\"https:\/\/secure.gravatar.com\/avatar\/1b95962073fbda6a54be252a727db96a?s=96&d=mm&r=g\",\"contentUrl\":\"https:\/\/secure.gravatar.com\/avatar\/1b95962073fbda6a54be252a727db96a?s=96&d=mm&r=g\",\"caption\":\"Serbis Pocer\u00eda\"},\"description\":\"Empresa especializada en soluciones de alcantarillado y saneamiento de agua, con gran experiencia en el sector y conocimiento de t\u00e9cnicas tanto de pocer\u00eda tradicional como de rehabilitaci\u00f3n de tuber\u00edas sin zanjas ni necesidad de obra civil\",\"sameAs\":[\"https:\/\/www.linkedin.com\/company\/poceria-serbis\",\"https:\/\/www.facebook.com\/SerbisPoceria\/\",\"https:\/\/twitter.com\/https:\/\/twitter.com\/serbis_poceria\"],\"url\":\"https:\/\/www.serbis.es\/serbis\/blog\/author\/perio_editor\/\"}]}<\/script>\n<!-- \/ Yoast SEO plugin. -->","yoast_head_json":{"title":"Una pocer\u00eda comprometida con el medio ambiente - Blog de Serbis","description":"En una sociedad cada vez m\u00e1s comprometida con la necesidad de proteger el medio ambiente, el sector de la pocer\u00eda se enfrenta al desaf\u00edo de adaptar sus pr\u00e1cticas y procedimientos para ser m\u00e1s respetuosa con el entorno. La innovaci\u00f3n y el compromiso con la sostenibilidad est\u00e1n abriendo nuevas v\u00edas para que el sector, tradicionalmente asociado a procesos invasivos y contaminantes, contribuya a la preservaci\u00f3n del ecosistema.","robots":{"index":"index","follow":"follow","max-snippet":"max-snippet:-1","max-image-preview":"max-image-preview:large","max-video-preview":"max-video-preview:-1"},"canonical":"https:\/\/www.serbis.es\/serbis\/blog\/una-poceria-comprometida-con-el-medio-ambiente\/","og_locale":"es_ES","og_type":"article","og_title":"Una pocer\u00eda comprometida con el medio ambiente - Blog de Serbis","og_description":"En una sociedad cada vez m\u00e1s comprometida con la necesidad de proteger el medio ambiente, el sector de la pocer\u00eda se enfrenta al desaf\u00edo de adaptar sus pr\u00e1cticas y procedimientos para ser m\u00e1s respetuosa con el entorno. La innovaci\u00f3n y el compromiso con la sostenibilidad est\u00e1n abriendo nuevas v\u00edas para que el sector, tradicionalmente asociado a procesos invasivos y contaminantes, contribuya a la preservaci\u00f3n del ecosistema.","og_url":"https:\/\/www.serbis.es\/serbis\/blog\/una-poceria-comprometida-con-el-medio-ambiente\/","og_site_name":"Blog de Serbis","article_author":"https:\/\/www.facebook.com\/SerbisPoceria\/","article_published_time":"2024-05-31T11:19:52+00:00","article_modified_time":"2024-05-31T11:52:05+00:00","og_image":[{"width":630,"height":315,"url":"https:\/\/www.serbis.es\/serbis\/blog\/wp-content\/uploads\/residuos.jpg","type":"image\/jpeg"}],"author":"Serbis Pocer\u00eda","twitter_misc":{"Escrito por":"Serbis Pocer\u00eda","Tiempo de lectura":"4 minutos"},"schema":{"@context":"https:\/\/schema.org","@graph":[{"@type":"WebPage","@id":"https:\/\/www.serbis.es\/serbis\/blog\/una-poceria-comprometida-con-el-medio-ambiente\/","url":"https:\/\/www.serbis.es\/serbis\/blog\/una-poceria-comprometida-con-el-medio-ambiente\/","name":"Una pocer\u00eda comprometida con el medio ambiente - Blog de Serbis","isPartOf":{"@id":"https:\/\/www.serbis.es\/serbis\/blog\/#website"},"datePublished":"2024-05-31T11:19:52+00:00","dateModified":"2024-05-31T11:52:05+00:00","author":{"@id":"https:\/\/www.serbis.es\/serbis\/blog\/#\/schema\/person\/449002ed602088d1463cc28957dee9ea"},"description":"En una sociedad cada vez m\u00e1s comprometida con la necesidad de proteger el medio ambiente, el sector de la pocer\u00eda se enfrenta al desaf\u00edo de adaptar sus pr\u00e1cticas y procedimientos para ser m\u00e1s respetuosa con el entorno. La innovaci\u00f3n y el compromiso con la sostenibilidad est\u00e1n abriendo nuevas v\u00edas para que el sector, tradicionalmente asociado a procesos invasivos y contaminantes, contribuya a la preservaci\u00f3n del ecosistema.","breadcrumb":{"@id":"https:\/\/www.serbis.es\/serbis\/blog\/una-poceria-comprometida-con-el-medio-ambiente\/#breadcrumb"},"inLanguage":"es","potentialAction":[{"@type":"ReadAction","target":["https:\/\/www.serbis.es\/serbis\/blog\/una-poceria-comprometida-con-el-medio-ambiente\/"]}]},{"@type":"BreadcrumbList","@id":"https:\/\/www.serbis.es\/serbis\/blog\/una-poceria-comprometida-con-el-medio-ambiente\/#breadcrumb","itemListElement":[{"@type":"ListItem","position":1,"name":"Portada","item":"https:\/\/www.serbis.es\/serbis\/blog\/"},{"@type":"ListItem","position":2,"name":"Una pocer\u00eda comprometida con el medio ambiente"}]},{"@type":"WebSite","@id":"https:\/\/www.serbis.es\/serbis\/blog\/#website","url":"https:\/\/www.serbis.es\/serbis\/blog\/","name":"Blog de Serbis","description":"l\u00edderes en Espa\u00f1a en saneamiento de aguas con servicios de pocer\u00eda tradicional y sin zanjas","potentialAction":[{"@type":"SearchAction","target":{"@type":"EntryPoint","urlTemplate":"https:\/\/www.serbis.es\/serbis\/blog\/?s={search_term_string}"},"query-input":"required name=search_term_string"}],"inLanguage":"es"},{"@type":"Person","@id":"https:\/\/www.serbis.es\/serbis\/blog\/#\/schema\/person\/449002ed602088d1463cc28957dee9ea","name":"Serbis Pocer\u00eda","image":{"@type":"ImageObject","inLanguage":"es","@id":"https:\/\/www.serbis.es\/serbis\/blog\/#\/schema\/person\/image\/","url":"https:\/\/secure.gravatar.com\/avatar\/1b95962073fbda6a54be252a727db96a?s=96&d=mm&r=g","contentUrl":"https:\/\/secure.gravatar.com\/avatar\/1b95962073fbda6a54be252a727db96a?s=96&d=mm&r=g","caption":"Serbis Pocer\u00eda"},"description":"Empresa especializada en soluciones de alcantarillado y saneamiento de agua, con gran experiencia en el sector y conocimiento de t\u00e9cnicas tanto de pocer\u00eda tradicional como de rehabilitaci\u00f3n de tuber\u00edas sin zanjas ni necesidad de obra civil","sameAs":["https:\/\/www.linkedin.com\/company\/poceria-serbis","https:\/\/www.facebook.com\/SerbisPoceria\/","https:\/\/twitter.com\/https:\/\/twitter.com\/serbis_poceria"],"url":"https:\/\/www.serbis.es\/serbis\/blog\/author\/perio_editor\/"}]}},"_links":{"self":[{"href":"https:\/\/www.serbis.es\/serbis\/blog\/wp-json\/wp\/v2\/posts\/6091"}],"collection":[{"href":"https:\/\/www.serbis.es\/serbis\/blog\/wp-json\/wp\/v2\/posts"}],"about":[{"href":"https:\/\/www.serbis.es\/serbis\/blog\/wp-json\/wp\/v2\/types\/post"}],"author":[{"embeddable":true,"href":"https:\/\/www.serbis.es\/serbis\/blog\/wp-json\/wp\/v2\/users\/3"}],"replies":[{"embeddable":true,"href":"https:\/\/www.serbis.es\/serbis\/blog\/wp-json\/wp\/v2\/comments?post=6091"}],"version-history":[{"count":17,"href":"https:\/\/www.serbis.es\/serbis\/blog\/wp-json\/wp\/v2\/posts\/6091\/revisions"}],"predecessor-version":[{"id":6114,"href":"https:\/\/www.serbis.es\/serbis\/blog\/wp-json\/wp\/v2\/posts\/6091\/revisions\/6114"}],"wp:featuredmedia":[{"embeddable":true,"href":"https:\/\/www.serbis.es\/serbis\/blog\/wp-json\/wp\/v2\/media\/6095"}],"wp:attachment":[{"href":"https:\/\/www.serbis.es\/serbis\/blog\/wp-json\/wp\/v2\/media?parent=6091"}],"wp:term":[{"taxonomy":"category","embeddable":true,"href":"https:\/\/www.serbis.es\/serbis\/blog\/wp-json\/wp\/v2\/categories?post=6091"},{"taxonomy":"post_tag","embeddable":true,"href":"https:\/\/www.serbis.es\/serbis\/blog\/wp-json\/wp\/v2\/tags?post=6091"}],"curies":[{"name":"wp","href":"https:\/\/api.w.org\/{rel}","templated":true}]}}