{"id":6248,"date":"2026-01-28T13:23:45","date_gmt":"2026-01-28T13:23:45","guid":{"rendered":"https:\/\/www.serbis.es\/serbis\/blog\/?p=6248"},"modified":"2026-01-28T13:25:29","modified_gmt":"2026-01-28T13:25:29","slug":"poceros-una-profesion-que-merece-ser-dignificada","status":"publish","type":"post","link":"https:\/\/www.serbis.es\/serbis\/blog\/poceros-una-profesion-que-merece-ser-dignificada\/","title":{"rendered":"Por la dignificaci\u00f3n del trabajo de los poceros"},"content":{"rendered":"\t\t<div data-elementor-type=\"wp-post\" data-elementor-id=\"6248\" class=\"elementor elementor-6248\">\n\t\t\t\t\t\t\t\t\t<section class=\"elementor-section elementor-top-section elementor-element elementor-element-46253b5a elementor-section-boxed elementor-section-height-default elementor-section-height-default\" data-id=\"46253b5a\" data-element_type=\"section\" data-settings=\"{&quot;jet_parallax_layout_list&quot;:[]}\">\n\t\t\t\t\t\t<div class=\"elementor-container elementor-column-gap-default\">\n\t\t\t\t\t<div class=\"elementor-column elementor-col-100 elementor-top-column elementor-element elementor-element-63828b12\" data-id=\"63828b12\" data-element_type=\"column\">\n\t\t\t<div class=\"elementor-widget-wrap elementor-element-populated\">\n\t\t\t\t\t\t\t\t<div class=\"elementor-element elementor-element-5d66dc8b elementor-widget elementor-widget-text-editor\" data-id=\"5d66dc8b\" data-element_type=\"widget\" data-widget_type=\"text-editor.default\">\n\t\t\t\t<div class=\"elementor-widget-container\">\n\t\t\t<style>\/*! elementor - v3.14.0 - 26-06-2023 *\/\n.elementor-widget-text-editor.elementor-drop-cap-view-stacked .elementor-drop-cap{background-color:#69727d;color:#fff}.elementor-widget-text-editor.elementor-drop-cap-view-framed .elementor-drop-cap{color:#69727d;border:3px solid;background-color:transparent}.elementor-widget-text-editor:not(.elementor-drop-cap-view-default) .elementor-drop-cap{margin-top:8px}.elementor-widget-text-editor:not(.elementor-drop-cap-view-default) .elementor-drop-cap-letter{width:1em;height:1em}.elementor-widget-text-editor .elementor-drop-cap{float:left;text-align:center;line-height:1;font-size:50px}.elementor-widget-text-editor .elementor-drop-cap-letter{display:inline-block}<\/style>\t\t\t\t<!-- wp:paragraph -->\n<p>Serbis Pocer\u00eda ha participado una vez m\u00e1s en la secci\u00f3n &#8216;Espa\u00f1a Calidad&#8217; del programa de televisi\u00f3n &#8216;Se buscan locos por la cordura&#8217;, actualmente retransmitido por Estutele TV. En \u00e9l, nuestro director general, <strong>Pedro Gallego, ha reiterado la importancia de dignificar la profesi\u00f3n de los poceros.<\/strong><\/p>\n<p>Pedro, que lleva 33 a\u00f1os trabajando en este sector, considera que la sociedad sigue sin darle a los poceros el reconocimiento que merecen, posiblemente por una cuesti\u00f3n de desconocimiento y falta de inter\u00e9s medi\u00e1tico. Sin embargo, en Serbis consideramos que <strong>el trabajo de los poceros es important\u00edsimo y tan desconocido como esencial, ya que sin una red de alcantarillado no podr\u00edamos crecer como sociedad<\/strong>. Y as\u00ed lo vimos, por ejemplo, con las inundaciones que se produjeron durante la DANA que a finales de 2024 azot\u00f3 a varios municipios de Valencia.<\/p>\n<p><iframe loading=\"lazy\" title=\"YouTube video player\" src=\"https:\/\/www.youtube.com\/embed\/xA1X8uVlAGY?si=xHdhkZPfD0k_1IC2\" width=\"560\" height=\"315\" frameborder=\"0\" allowfullscreen=\"allowfullscreen\"><\/iframe><\/p>\n<p>Cuando no se da a nuestro trabajo la importancia que tiene sentimos tristeza, porque <strong>cada vez que alguien se mete en una alcantarilla se mueve en condiciones extremas y realiza una labor esencial<\/strong>. Al fin y al cabo, las alcantarillas tienen que estar limpias y operativas para que no colapsen. La gesti\u00f3n de todas las aguas residuales que producimos es fundamental, para el presente y el futuro, tanto en t\u00e9rminos de salud como a nivel medioambiental.<\/p>\n<h4>Todos cuidamos de todos<\/h4>\n<p>La de los poceros <strong>es una labor que necesita mucho compa\u00f1erismo y trabajo en equipo<\/strong>. Ah\u00ed abajo nadie es m\u00e1s que nadie. Todos necesitamos de todos y nos cuidamos entre nosotros porque nos enfrentamos a muchos riesgos: derrumbamientos, filtraciones severas, gases\u2026<\/p>\n<p>En m\u00e1s de una ocasi\u00f3n llegamos a temer por nuestras vidas. El riesgo es extremadamente alto y muchas veces se pasa miedo, ya que nos movemos en sitios donde no es posible moverse y existe el peligro de quedarse atrapados. <strong>Tenemos muchas medidas de seguridad, pero trabajar a entre 10 y 15 metros de profundidad entra\u00f1a riesgos<\/strong>. Por eso, es una profesi\u00f3n que merece ser dignificada y tenerse en cuenta, en lugar de ser vilipendiada.<\/p>\n<p>Ese peligro justifica la inversi\u00f3n, a veces elevada, que hay que realizar. Al fin y al cabo, es un trabajo que cuanto mejor est\u00e1 hecho m\u00e1s va a durar. Por eso, <strong>es importante contratar este tipo de obras a profesionales cualificados<\/strong>. Nosotros en Serbis trabajamos con grandes compa\u00f1\u00edas, comunidades de propietarios o clientes institucionales. Esos usuarios buscan soluciones definitivas y por eso aprecian la labor que hacemos.<\/p>\n<h4>Cualificaci\u00f3n y experiencia<\/h4>\n<p>Pedro tambi\u00e9n explic\u00f3 en este programa que todos los profesionales de Serbis trabajan en plantilla y cuentan con contrato indefinido, porque<strong> la del pocero es una profesi\u00f3n que requiere de una formaci\u00f3n y cualificaci\u00f3n, algo que tarda en adquirirse aproximadamente dos a\u00f1os<\/strong>. La experiencia nos ayuda a saber c\u00f3mo trabajar, qu\u00e9 hacer en cada momento o c\u00f3mo cuidar de nuestros compa\u00f1eros.<\/p>\n<p>En realidad, <strong>nunca terminamos de aprender<\/strong>. Hasta que un compa\u00f1ero se convierte en un oficial en el que otro pocero pueda confiar pasa un tiempo, aunque obviamente hay una parte que depende de cada persona, ya que hay quien tiene la capacidad de aprender m\u00e1s r\u00e1pido.<\/p>\n<h4>Implicaci\u00f3n e innovaci\u00f3n<\/h4>\n<p>La larga trayectoria de Serbis nos avala. No en vano, llevamos operando desde 2009, as\u00ed que nos acercamos a los de 17 a\u00f1os de existencia. Tambi\u00e9n nos avalan nuestros profesionales, quienes <strong>nada m\u00e1s producirse la mencionada DANA de Valencia decidieron desplazarse a las zonas afectadas<\/strong> de manera instant\u00e1nea y totalmente desinteresada.\u00a0<\/p>\n<p>Para que el trabajo que desarrollamos cada vez sea mejor,<strong> intentamos estar siempre a la vanguardia tecnol\u00f3gica<\/strong>. Por eso, visitamos ferias nacionales e internacionales en las que aprendemos y conocemos las nuevas tecnolog\u00edas del sector.<\/p>\n<p>Actualmente contamos con <strong>equipos de reparaci\u00f3n para encamisado reversible o robots para realizar chequeos de la red de alcantarillado<\/strong>. Al fin y al cabo, hay muchas zonas a las que no se puede acceder f\u00edsicamente por falta de espacio y estas tecnolog\u00edas nos suministran mucha informaci\u00f3n y nos facilitan el trabajo. Tambi\u00e9n tenemos <strong>detectores de gases cada vez m\u00e1s sofisticados.<\/strong>\u00a0<\/p>\n<p>Ahora estamos trabajando en un proyecto muy innovador y esperanzador que es <strong>el aprovechamiento energ\u00e9tico de las aguas residuales a trav\u00e9s del sistema Therm-Liner<\/strong>. Para nosotros es como cerrar el c\u00edrculo, ya que nos permite extraer energ\u00eda t\u00e9rmica de las alcantarillas para despu\u00e9s reutilizarla en un edificio o cualquier otro tipo de superficie, algo fundamental para la transici\u00f3n ecol\u00f3gica en la que nos encontramos inmersos como sociedad.<\/p>\n<h4>Una mirada hacia el futuro<\/h4>\n<p>Pedro tambi\u00e9n quiso hacer un pron\u00f3stico respecto a la situaci\u00f3n de Serbis dentro de cinco a\u00f1os. En su opini\u00f3n, nuestra empresa disfrutar\u00e1 de la estabilidad de la que ya goza y <strong>posiblemente se encuentre trabajando no s\u00f3lo en Espa\u00f1a sino tambi\u00e9n en el \u00e1mbito internacional, en pa\u00edses del norte de \u00c1frica o Latinoam\u00e9rica<\/strong>.<\/p>\n<p>Y es que en Serbis tenemos la intenci\u00f3n de llegar a todos los lugares en los que podamos ser \u00fatiles. Amamos nuestro trabajo, porque<strong> cuando terminamos una obra proporcionamos algo de felicidad a nuestros clientes<\/strong>. Y cuando vemos que hay lugares de \u00c1frica cuyos habitantes no pueden disfrutar actualmente de una red de alcantarillado en condiciones consideramos que podemos contribuir a llevar tambi\u00e9n algo de felicidad a esas personas.<\/p>\n<!-- \/wp:paragraph -->\t\t\t\t\t\t<\/div>\n\t\t\t\t<\/div>\n\t\t\t\t\t<\/div>\n\t\t<\/div>\n\t\t\t\t\t\t\t<\/div>\n\t\t<\/section>\n\t\t\t\t\t\t\t<\/div>\n\t\t","protected":false},"excerpt":{"rendered":"<p>Participamos en el programa &#8216;Se buscan locos por la cordura&#8217;, de Estutele TV, para hablar de la importancia de dignificar el trabajo que realizamos los poceros. Tambi\u00e9n hablamos de la trayectoria de Serbis y sus profesionales, de la labor que hicimos en Valencia durante los meses posteriores a la DANA, de los riesgos de nuestro trabajo o de las mejoras que nos han proporcionado las nuevas tecnolog\u00edas del sector<\/p>\n","protected":false},"author":3,"featured_media":6250,"comment_status":"open","ping_status":"open","sticky":false,"template":"","format":"standard","meta":{"_mi_skip_tracking":false,"_monsterinsights_sitenote_active":false,"_monsterinsights_sitenote_note":"","_monsterinsights_sitenote_category":0},"categories":[17,5,2,32],"tags":[75,22,61,36,40],"yoast_head":"<!-- This site is optimized with the Yoast SEO plugin v20.10 - https:\/\/yoast.com\/wordpress\/plugins\/seo\/ -->\n<title>Por la dignificaci\u00f3n del trabajo de los poceros - Blog de Serbis<\/title>\n<meta name=\"description\" content=\"Participamos en el programa &#039;Se buscan locos por la cordura&#039;, de Estutele TV, para hablar de la importancia de dignificar el trabajo que realizamos los poceros. Tambi\u00e9n hablamos de la trayectoria de Serbis y sus profesionales, de la labor que hicimos en Valencia durante los meses posteriores a la DANA, de los riesgos de nuestro trabajo o de las mejoras que nos han proporcionado las nuevas tecnolog\u00edas del sector\" \/>\n<meta name=\"robots\" content=\"index, follow, max-snippet:-1, max-image-preview:large, max-video-preview:-1\" \/>\n<link rel=\"canonical\" href=\"https:\/\/www.serbis.es\/serbis\/blog\/poceros-una-profesion-que-merece-ser-dignificada\/\" \/>\n<meta property=\"og:locale\" content=\"es_ES\" \/>\n<meta property=\"og:type\" content=\"article\" \/>\n<meta property=\"og:title\" content=\"Por la dignificaci\u00f3n del trabajo de los poceros - Blog de Serbis\" \/>\n<meta property=\"og:description\" content=\"Participamos en el programa &#039;Se buscan locos por la cordura&#039;, de Estutele TV, para hablar de la importancia de dignificar el trabajo que realizamos los poceros. Tambi\u00e9n hablamos de la trayectoria de Serbis y sus profesionales, de la labor que hicimos en Valencia durante los meses posteriores a la DANA, de los riesgos de nuestro trabajo o de las mejoras que nos han proporcionado las nuevas tecnolog\u00edas del sector\" \/>\n<meta property=\"og:url\" content=\"https:\/\/www.serbis.es\/serbis\/blog\/poceros-una-profesion-que-merece-ser-dignificada\/\" \/>\n<meta property=\"og:site_name\" content=\"Blog de Serbis\" \/>\n<meta property=\"article:author\" content=\"https:\/\/www.facebook.com\/SerbisPoceria\/\" \/>\n<meta property=\"article:published_time\" content=\"2026-01-28T13:23:45+00:00\" \/>\n<meta property=\"article:modified_time\" content=\"2026-01-28T13:25:29+00:00\" \/>\n<meta property=\"og:image\" content=\"https:\/\/www.serbis.es\/serbis\/blog\/wp-content\/uploads\/serbisok.jpg\" \/>\n\t<meta property=\"og:image:width\" content=\"630\" \/>\n\t<meta property=\"og:image:height\" content=\"315\" \/>\n\t<meta property=\"og:image:type\" content=\"image\/jpeg\" \/>\n<meta name=\"author\" content=\"Serbis Pocer\u00eda\" \/>\n<meta name=\"twitter:label1\" content=\"Escrito por\" \/>\n\t<meta name=\"twitter:data1\" content=\"Serbis Pocer\u00eda\" \/>\n\t<meta name=\"twitter:label2\" content=\"Tiempo de lectura\" \/>\n\t<meta name=\"twitter:data2\" content=\"4 minutos\" \/>\n<script type=\"application\/ld+json\" class=\"yoast-schema-graph\">{\"@context\":\"https:\/\/schema.org\",\"@graph\":[{\"@type\":\"WebPage\",\"@id\":\"https:\/\/www.serbis.es\/serbis\/blog\/poceros-una-profesion-que-merece-ser-dignificada\/\",\"url\":\"https:\/\/www.serbis.es\/serbis\/blog\/poceros-una-profesion-que-merece-ser-dignificada\/\",\"name\":\"Por la dignificaci\u00f3n del trabajo de los poceros - Blog de Serbis\",\"isPartOf\":{\"@id\":\"https:\/\/www.serbis.es\/serbis\/blog\/#website\"},\"datePublished\":\"2026-01-28T13:23:45+00:00\",\"dateModified\":\"2026-01-28T13:25:29+00:00\",\"author\":{\"@id\":\"https:\/\/www.serbis.es\/serbis\/blog\/#\/schema\/person\/449002ed602088d1463cc28957dee9ea\"},\"description\":\"Participamos en el programa 'Se buscan locos por la cordura', de Estutele TV, para hablar de la importancia de dignificar el trabajo que realizamos los poceros. Tambi\u00e9n hablamos de la trayectoria de Serbis y sus profesionales, de la labor que hicimos en Valencia durante los meses posteriores a la DANA, de los riesgos de nuestro trabajo o de las mejoras que nos han proporcionado las nuevas tecnolog\u00edas del sector\",\"breadcrumb\":{\"@id\":\"https:\/\/www.serbis.es\/serbis\/blog\/poceros-una-profesion-que-merece-ser-dignificada\/#breadcrumb\"},\"inLanguage\":\"es\",\"potentialAction\":[{\"@type\":\"ReadAction\",\"target\":[\"https:\/\/www.serbis.es\/serbis\/blog\/poceros-una-profesion-que-merece-ser-dignificada\/\"]}]},{\"@type\":\"BreadcrumbList\",\"@id\":\"https:\/\/www.serbis.es\/serbis\/blog\/poceros-una-profesion-que-merece-ser-dignificada\/#breadcrumb\",\"itemListElement\":[{\"@type\":\"ListItem\",\"position\":1,\"name\":\"Portada\",\"item\":\"https:\/\/www.serbis.es\/serbis\/blog\/\"},{\"@type\":\"ListItem\",\"position\":2,\"name\":\"Por la dignificaci\u00f3n del trabajo de los poceros\"}]},{\"@type\":\"WebSite\",\"@id\":\"https:\/\/www.serbis.es\/serbis\/blog\/#website\",\"url\":\"https:\/\/www.serbis.es\/serbis\/blog\/\",\"name\":\"Blog de Serbis\",\"description\":\"l\u00edderes en Espa\u00f1a en saneamiento de aguas con servicios de pocer\u00eda tradicional y sin zanjas\",\"potentialAction\":[{\"@type\":\"SearchAction\",\"target\":{\"@type\":\"EntryPoint\",\"urlTemplate\":\"https:\/\/www.serbis.es\/serbis\/blog\/?s={search_term_string}\"},\"query-input\":\"required name=search_term_string\"}],\"inLanguage\":\"es\"},{\"@type\":\"Person\",\"@id\":\"https:\/\/www.serbis.es\/serbis\/blog\/#\/schema\/person\/449002ed602088d1463cc28957dee9ea\",\"name\":\"Serbis Pocer\u00eda\",\"image\":{\"@type\":\"ImageObject\",\"inLanguage\":\"es\",\"@id\":\"https:\/\/www.serbis.es\/serbis\/blog\/#\/schema\/person\/image\/\",\"url\":\"https:\/\/secure.gravatar.com\/avatar\/1b95962073fbda6a54be252a727db96a?s=96&d=mm&r=g\",\"contentUrl\":\"https:\/\/secure.gravatar.com\/avatar\/1b95962073fbda6a54be252a727db96a?s=96&d=mm&r=g\",\"caption\":\"Serbis Pocer\u00eda\"},\"description\":\"Empresa especializada en soluciones de alcantarillado y saneamiento de agua, con gran experiencia en el sector y conocimiento de t\u00e9cnicas tanto de pocer\u00eda tradicional como de rehabilitaci\u00f3n de tuber\u00edas sin zanjas ni necesidad de obra civil\",\"sameAs\":[\"https:\/\/www.linkedin.com\/company\/poceria-serbis\",\"https:\/\/www.facebook.com\/SerbisPoceria\/\",\"https:\/\/twitter.com\/https:\/\/twitter.com\/serbis_poceria\"],\"url\":\"https:\/\/www.serbis.es\/serbis\/blog\/author\/perio_editor\/\"}]}<\/script>\n<!-- \/ Yoast SEO plugin. -->","yoast_head_json":{"title":"Por la dignificaci\u00f3n del trabajo de los poceros - Blog de Serbis","description":"Participamos en el programa 'Se buscan locos por la cordura', de Estutele TV, para hablar de la importancia de dignificar el trabajo que realizamos los poceros. Tambi\u00e9n hablamos de la trayectoria de Serbis y sus profesionales, de la labor que hicimos en Valencia durante los meses posteriores a la DANA, de los riesgos de nuestro trabajo o de las mejoras que nos han proporcionado las nuevas tecnolog\u00edas del sector","robots":{"index":"index","follow":"follow","max-snippet":"max-snippet:-1","max-image-preview":"max-image-preview:large","max-video-preview":"max-video-preview:-1"},"canonical":"https:\/\/www.serbis.es\/serbis\/blog\/poceros-una-profesion-que-merece-ser-dignificada\/","og_locale":"es_ES","og_type":"article","og_title":"Por la dignificaci\u00f3n del trabajo de los poceros - Blog de Serbis","og_description":"Participamos en el programa 'Se buscan locos por la cordura', de Estutele TV, para hablar de la importancia de dignificar el trabajo que realizamos los poceros. Tambi\u00e9n hablamos de la trayectoria de Serbis y sus profesionales, de la labor que hicimos en Valencia durante los meses posteriores a la DANA, de los riesgos de nuestro trabajo o de las mejoras que nos han proporcionado las nuevas tecnolog\u00edas del sector","og_url":"https:\/\/www.serbis.es\/serbis\/blog\/poceros-una-profesion-que-merece-ser-dignificada\/","og_site_name":"Blog de Serbis","article_author":"https:\/\/www.facebook.com\/SerbisPoceria\/","article_published_time":"2026-01-28T13:23:45+00:00","article_modified_time":"2026-01-28T13:25:29+00:00","og_image":[{"width":630,"height":315,"url":"https:\/\/www.serbis.es\/serbis\/blog\/wp-content\/uploads\/serbisok.jpg","type":"image\/jpeg"}],"author":"Serbis Pocer\u00eda","twitter_misc":{"Escrito por":"Serbis Pocer\u00eda","Tiempo de lectura":"4 minutos"},"schema":{"@context":"https:\/\/schema.org","@graph":[{"@type":"WebPage","@id":"https:\/\/www.serbis.es\/serbis\/blog\/poceros-una-profesion-que-merece-ser-dignificada\/","url":"https:\/\/www.serbis.es\/serbis\/blog\/poceros-una-profesion-que-merece-ser-dignificada\/","name":"Por la dignificaci\u00f3n del trabajo de los poceros - Blog de Serbis","isPartOf":{"@id":"https:\/\/www.serbis.es\/serbis\/blog\/#website"},"datePublished":"2026-01-28T13:23:45+00:00","dateModified":"2026-01-28T13:25:29+00:00","author":{"@id":"https:\/\/www.serbis.es\/serbis\/blog\/#\/schema\/person\/449002ed602088d1463cc28957dee9ea"},"description":"Participamos en el programa 'Se buscan locos por la cordura', de Estutele TV, para hablar de la importancia de dignificar el trabajo que realizamos los poceros. Tambi\u00e9n hablamos de la trayectoria de Serbis y sus profesionales, de la labor que hicimos en Valencia durante los meses posteriores a la DANA, de los riesgos de nuestro trabajo o de las mejoras que nos han proporcionado las nuevas tecnolog\u00edas del sector","breadcrumb":{"@id":"https:\/\/www.serbis.es\/serbis\/blog\/poceros-una-profesion-que-merece-ser-dignificada\/#breadcrumb"},"inLanguage":"es","potentialAction":[{"@type":"ReadAction","target":["https:\/\/www.serbis.es\/serbis\/blog\/poceros-una-profesion-que-merece-ser-dignificada\/"]}]},{"@type":"BreadcrumbList","@id":"https:\/\/www.serbis.es\/serbis\/blog\/poceros-una-profesion-que-merece-ser-dignificada\/#breadcrumb","itemListElement":[{"@type":"ListItem","position":1,"name":"Portada","item":"https:\/\/www.serbis.es\/serbis\/blog\/"},{"@type":"ListItem","position":2,"name":"Por la dignificaci\u00f3n del trabajo de los poceros"}]},{"@type":"WebSite","@id":"https:\/\/www.serbis.es\/serbis\/blog\/#website","url":"https:\/\/www.serbis.es\/serbis\/blog\/","name":"Blog de Serbis","description":"l\u00edderes en Espa\u00f1a en saneamiento de aguas con servicios de pocer\u00eda tradicional y sin zanjas","potentialAction":[{"@type":"SearchAction","target":{"@type":"EntryPoint","urlTemplate":"https:\/\/www.serbis.es\/serbis\/blog\/?s={search_term_string}"},"query-input":"required name=search_term_string"}],"inLanguage":"es"},{"@type":"Person","@id":"https:\/\/www.serbis.es\/serbis\/blog\/#\/schema\/person\/449002ed602088d1463cc28957dee9ea","name":"Serbis Pocer\u00eda","image":{"@type":"ImageObject","inLanguage":"es","@id":"https:\/\/www.serbis.es\/serbis\/blog\/#\/schema\/person\/image\/","url":"https:\/\/secure.gravatar.com\/avatar\/1b95962073fbda6a54be252a727db96a?s=96&d=mm&r=g","contentUrl":"https:\/\/secure.gravatar.com\/avatar\/1b95962073fbda6a54be252a727db96a?s=96&d=mm&r=g","caption":"Serbis Pocer\u00eda"},"description":"Empresa especializada en soluciones de alcantarillado y saneamiento de agua, con gran experiencia en el sector y conocimiento de t\u00e9cnicas tanto de pocer\u00eda tradicional como de rehabilitaci\u00f3n de tuber\u00edas sin zanjas ni necesidad de obra civil","sameAs":["https:\/\/www.linkedin.com\/company\/poceria-serbis","https:\/\/www.facebook.com\/SerbisPoceria\/","https:\/\/twitter.com\/https:\/\/twitter.com\/serbis_poceria"],"url":"https:\/\/www.serbis.es\/serbis\/blog\/author\/perio_editor\/"}]}},"_links":{"self":[{"href":"https:\/\/www.serbis.es\/serbis\/blog\/wp-json\/wp\/v2\/posts\/6248"}],"collection":[{"href":"https:\/\/www.serbis.es\/serbis\/blog\/wp-json\/wp\/v2\/posts"}],"about":[{"href":"https:\/\/www.serbis.es\/serbis\/blog\/wp-json\/wp\/v2\/types\/post"}],"author":[{"embeddable":true,"href":"https:\/\/www.serbis.es\/serbis\/blog\/wp-json\/wp\/v2\/users\/3"}],"replies":[{"embeddable":true,"href":"https:\/\/www.serbis.es\/serbis\/blog\/wp-json\/wp\/v2\/comments?post=6248"}],"version-history":[{"count":18,"href":"https:\/\/www.serbis.es\/serbis\/blog\/wp-json\/wp\/v2\/posts\/6248\/revisions"}],"predecessor-version":[{"id":6271,"href":"https:\/\/www.serbis.es\/serbis\/blog\/wp-json\/wp\/v2\/posts\/6248\/revisions\/6271"}],"wp:featuredmedia":[{"embeddable":true,"href":"https:\/\/www.serbis.es\/serbis\/blog\/wp-json\/wp\/v2\/media\/6250"}],"wp:attachment":[{"href":"https:\/\/www.serbis.es\/serbis\/blog\/wp-json\/wp\/v2\/media?parent=6248"}],"wp:term":[{"taxonomy":"category","embeddable":true,"href":"https:\/\/www.serbis.es\/serbis\/blog\/wp-json\/wp\/v2\/categories?post=6248"},{"taxonomy":"post_tag","embeddable":true,"href":"https:\/\/www.serbis.es\/serbis\/blog\/wp-json\/wp\/v2\/tags?post=6248"}],"curies":[{"name":"wp","href":"https:\/\/api.w.org\/{rel}","templated":true}]}}